{"id":10328,"date":"2025-05-27T04:04:13","date_gmt":"2025-05-27T04:04:13","guid":{"rendered":"https:\/\/elhijodelllanero.mx\/?p=10328"},"modified":"2025-05-27T04:04:13","modified_gmt":"2025-05-27T04:04:13","slug":"lanzaran-programa-mi-colonia-a-color","status":"publish","type":"post","link":"https:\/\/elhijodelllanero.mx\/index.php\/2025\/05\/27\/lanzaran-programa-mi-colonia-a-color\/","title":{"rendered":"LANZAR\u00c1N PROGRAMA \u00abMI COLONIA A COLOR\u00bb."},"content":{"rendered":"<p><img data-recalc-dims=\"1\" loading=\"lazy\" decoding=\"async\" class=\"alignnone size-medium wp-image-10329\" src=\"https:\/\/i0.wp.com\/elhijodelllanero.mx\/wp-content\/uploads\/2025\/05\/IMG-20250526-WA0012.jpg?resize=300%2C200&#038;ssl=1\" alt=\"\" width=\"300\" height=\"200\" srcset=\"https:\/\/i0.wp.com\/elhijodelllanero.mx\/wp-content\/uploads\/2025\/05\/IMG-20250526-WA0012.jpg?resize=300%2C200&amp;ssl=1 300w, https:\/\/i0.wp.com\/elhijodelllanero.mx\/wp-content\/uploads\/2025\/05\/IMG-20250526-WA0012.jpg?resize=1024%2C684&amp;ssl=1 1024w, https:\/\/i0.wp.com\/elhijodelllanero.mx\/wp-content\/uploads\/2025\/05\/IMG-20250526-WA0012.jpg?resize=768%2C513&amp;ssl=1 768w, https:\/\/i0.wp.com\/elhijodelllanero.mx\/wp-content\/uploads\/2025\/05\/IMG-20250526-WA0012.jpg?resize=629%2C420&amp;ssl=1 629w, https:\/\/i0.wp.com\/elhijodelllanero.mx\/wp-content\/uploads\/2025\/05\/IMG-20250526-WA0012.jpg?resize=696%2C465&amp;ssl=1 696w, https:\/\/i0.wp.com\/elhijodelllanero.mx\/wp-content\/uploads\/2025\/05\/IMG-20250526-WA0012.jpg?resize=1068%2C713&amp;ssl=1 1068w, https:\/\/i0.wp.com\/elhijodelllanero.mx\/wp-content\/uploads\/2025\/05\/IMG-20250526-WA0012.jpg?w=1280&amp;ssl=1 1280w\" sizes=\"auto, (max-width: 300px) 100vw, 300px\" \/>Celaya,Gto.27 de mayo del 2025.-Con la finalidad de pintar las fachadas de casas o edificios en barrios y colonias, iniciar\u00e1 el programa \u201cMi Colonia a Color\u201d.<br \/>\nEl director de Desarrollo Social inform\u00f3 que para este proyecto se contempla una inversi\u00f3n concurrente entre estado y municipio de 1.4 millones de pesos.<br \/>\nTambi\u00e9n explic\u00f3 que actualmente est\u00e1n en proceso de integraci\u00f3n del padr\u00f3n de beneficiarios para arrancar el programa, por lo que a\u00f1adi\u00f3 que el alcance ser\u00e1 de 21 mil metros cuadrados de fachadas pintadas en colonias y barrios del municipio.<\/p>\n","protected":false},"excerpt":{"rendered":"<p>Celaya,Gto.27 de mayo del 2025.-Con la finalidad de pintar las fachadas de casas o edificios en barrios y colonias, iniciar\u00e1 el programa \u201cMi Colonia a Color\u201d. El director de Desarrollo Social inform\u00f3 que para este proyecto se contempla una inversi\u00f3n concurrente entre estado y municipio de 1.4 millones de pesos. Tambi\u00e9n explic\u00f3 que actualmente est\u00e1n [&hellip;]<\/p>\n","protected":false},"author":3,"featured_media":0,"comment_status":"open","ping_status":"closed","sticky":false,"template":"","format":"standard","meta":{"_jetpack_newsletter_access":"","_jetpack_dont_email_post_to_subs":false,"_jetpack_newsletter_tier_id":0,"_jetpack_memberships_contains_paywalled_content":false,"_jetpack_memberships_contains_paid_content":false,"footnotes":""},"categories":[74],"tags":[],"class_list":{"0":"post-10328","1":"post","2":"type-post","3":"status-publish","4":"format-standard","6":"category-celaya"},"yoast_head":"<!-- This site is optimized with the Yoast SEO plugin v27.3 - https:\/\/yoast.com\/product\/yoast-seo-wordpress\/ -->\n<title>LANZAR\u00c1N PROGRAMA &quot;MI COLONIA A COLOR&quot;. - El Hijo del llanero solititito<\/title>\n<meta name=\"robots\" content=\"index, follow, max-snippet:-1, max-image-preview:large, max-video-preview:-1\" \/>\n<link rel=\"canonical\" href=\"https:\/\/elhijodelllanero.mx\/index.php\/2025\/05\/27\/lanzaran-programa-mi-colonia-a-color\/\" \/>\n<meta property=\"og:locale\" content=\"es_ES\" \/>\n<meta property=\"og:type\" content=\"article\" \/>\n<meta property=\"og:title\" content=\"LANZAR\u00c1N PROGRAMA &quot;MI COLONIA A COLOR&quot;. - El Hijo del llanero solititito\" \/>\n<meta property=\"og:description\" content=\"Celaya,Gto.27 de mayo del 2025.-Con la finalidad de pintar las fachadas de casas o edificios en barrios y colonias, iniciar\u00e1 el programa \u201cMi Colonia a Color\u201d. El director de Desarrollo Social inform\u00f3 que para este proyecto se contempla una inversi\u00f3n concurrente entre estado y municipio de 1.4 millones de pesos. Tambi\u00e9n explic\u00f3 que actualmente est\u00e1n [&hellip;]\" \/>\n<meta property=\"og:url\" content=\"https:\/\/elhijodelllanero.mx\/index.php\/2025\/05\/27\/lanzaran-programa-mi-colonia-a-color\/\" \/>\n<meta property=\"og:site_name\" content=\"El Hijo del llanero solititito\" \/>\n<meta property=\"article:published_time\" content=\"2025-05-27T04:04:13+00:00\" \/>\n<meta property=\"og:image\" content=\"https:\/\/elhijodelllanero.mx\/wp-content\/uploads\/2025\/05\/IMG-20250526-WA0012-300x200.jpg\" \/>\n<meta name=\"author\" content=\"Mar\u00eda de la Paz Rodarte Ram\u00edrez\" \/>\n<meta name=\"twitter:card\" content=\"summary_large_image\" \/>\n<meta name=\"twitter:label1\" content=\"Escrito por\" \/>\n\t<meta name=\"twitter:data1\" content=\"Mar\u00eda de la Paz Rodarte Ram\u00edrez\" \/>\n\t<meta name=\"twitter:label2\" content=\"Tiempo de lectura\" \/>\n\t<meta name=\"twitter:data2\" content=\"1 minuto\" \/>\n<script type=\"application\/ld+json\" class=\"yoast-schema-graph\">{\"@context\":\"https:\\\/\\\/schema.org\",\"@graph\":[{\"@type\":\"Article\",\"@id\":\"https:\\\/\\\/elhijodelllanero.mx\\\/index.php\\\/2025\\\/05\\\/27\\\/lanzaran-programa-mi-colonia-a-color\\\/#article\",\"isPartOf\":{\"@id\":\"https:\\\/\\\/elhijodelllanero.mx\\\/index.php\\\/2025\\\/05\\\/27\\\/lanzaran-programa-mi-colonia-a-color\\\/\"},\"author\":{\"name\":\"Mar\u00eda de la Paz Rodarte Ram\u00edrez\",\"@id\":\"https:\\\/\\\/elhijodelllanero.mx\\\/#\\\/schema\\\/person\\\/c7f8c86c55c1eab44ae2b93a9628245f\"},\"headline\":\"LANZAR\u00c1N PROGRAMA \u00abMI COLONIA A COLOR\u00bb.\",\"datePublished\":\"2025-05-27T04:04:13+00:00\",\"mainEntityOfPage\":{\"@id\":\"https:\\\/\\\/elhijodelllanero.mx\\\/index.php\\\/2025\\\/05\\\/27\\\/lanzaran-programa-mi-colonia-a-color\\\/\"},\"wordCount\":101,\"commentCount\":0,\"image\":{\"@id\":\"https:\\\/\\\/elhijodelllanero.mx\\\/index.php\\\/2025\\\/05\\\/27\\\/lanzaran-programa-mi-colonia-a-color\\\/#primaryimage\"},\"thumbnailUrl\":\"https:\\\/\\\/elhijodelllanero.mx\\\/wp-content\\\/uploads\\\/2025\\\/05\\\/IMG-20250526-WA0012-300x200.jpg\",\"articleSection\":[\"CELAYA\"],\"inLanguage\":\"es\",\"potentialAction\":[{\"@type\":\"CommentAction\",\"name\":\"Comment\",\"target\":[\"https:\\\/\\\/elhijodelllanero.mx\\\/index.php\\\/2025\\\/05\\\/27\\\/lanzaran-programa-mi-colonia-a-color\\\/#respond\"]}]},{\"@type\":\"WebPage\",\"@id\":\"https:\\\/\\\/elhijodelllanero.mx\\\/index.php\\\/2025\\\/05\\\/27\\\/lanzaran-programa-mi-colonia-a-color\\\/\",\"url\":\"https:\\\/\\\/elhijodelllanero.mx\\\/index.php\\\/2025\\\/05\\\/27\\\/lanzaran-programa-mi-colonia-a-color\\\/\",\"name\":\"LANZAR\u00c1N PROGRAMA \\\"MI COLONIA A COLOR\\\". - El Hijo del llanero solititito\",\"isPartOf\":{\"@id\":\"https:\\\/\\\/elhijodelllanero.mx\\\/#website\"},\"primaryImageOfPage\":{\"@id\":\"https:\\\/\\\/elhijodelllanero.mx\\\/index.php\\\/2025\\\/05\\\/27\\\/lanzaran-programa-mi-colonia-a-color\\\/#primaryimage\"},\"image\":{\"@id\":\"https:\\\/\\\/elhijodelllanero.mx\\\/index.php\\\/2025\\\/05\\\/27\\\/lanzaran-programa-mi-colonia-a-color\\\/#primaryimage\"},\"thumbnailUrl\":\"https:\\\/\\\/elhijodelllanero.mx\\\/wp-content\\\/uploads\\\/2025\\\/05\\\/IMG-20250526-WA0012-300x200.jpg\",\"datePublished\":\"2025-05-27T04:04:13+00:00\",\"author\":{\"@id\":\"https:\\\/\\\/elhijodelllanero.mx\\\/#\\\/schema\\\/person\\\/c7f8c86c55c1eab44ae2b93a9628245f\"},\"breadcrumb\":{\"@id\":\"https:\\\/\\\/elhijodelllanero.mx\\\/index.php\\\/2025\\\/05\\\/27\\\/lanzaran-programa-mi-colonia-a-color\\\/#breadcrumb\"},\"inLanguage\":\"es\",\"potentialAction\":[{\"@type\":\"ReadAction\",\"target\":[\"https:\\\/\\\/elhijodelllanero.mx\\\/index.php\\\/2025\\\/05\\\/27\\\/lanzaran-programa-mi-colonia-a-color\\\/\"]}]},{\"@type\":\"ImageObject\",\"inLanguage\":\"es\",\"@id\":\"https:\\\/\\\/elhijodelllanero.mx\\\/index.php\\\/2025\\\/05\\\/27\\\/lanzaran-programa-mi-colonia-a-color\\\/#primaryimage\",\"url\":\"https:\\\/\\\/i0.wp.com\\\/elhijodelllanero.mx\\\/wp-content\\\/uploads\\\/2025\\\/05\\\/IMG-20250526-WA0012.jpg?fit=1280%2C855&ssl=1\",\"contentUrl\":\"https:\\\/\\\/i0.wp.com\\\/elhijodelllanero.mx\\\/wp-content\\\/uploads\\\/2025\\\/05\\\/IMG-20250526-WA0012.jpg?fit=1280%2C855&ssl=1\",\"width\":1280,\"height\":855},{\"@type\":\"BreadcrumbList\",\"@id\":\"https:\\\/\\\/elhijodelllanero.mx\\\/index.php\\\/2025\\\/05\\\/27\\\/lanzaran-programa-mi-colonia-a-color\\\/#breadcrumb\",\"itemListElement\":[{\"@type\":\"ListItem\",\"position\":1,\"name\":\"Portada\",\"item\":\"https:\\\/\\\/elhijodelllanero.mx\\\/\"},{\"@type\":\"ListItem\",\"position\":2,\"name\":\"LANZAR\u00c1N PROGRAMA \u00abMI COLONIA A COLOR\u00bb.\"}]},{\"@type\":\"WebSite\",\"@id\":\"https:\\\/\\\/elhijodelllanero.mx\\\/#website\",\"url\":\"https:\\\/\\\/elhijodelllanero.mx\\\/\",\"name\":\"El Hijo del llanero solititito\",\"description\":\"\",\"potentialAction\":[{\"@type\":\"SearchAction\",\"target\":{\"@type\":\"EntryPoint\",\"urlTemplate\":\"https:\\\/\\\/elhijodelllanero.mx\\\/?s={search_term_string}\"},\"query-input\":{\"@type\":\"PropertyValueSpecification\",\"valueRequired\":true,\"valueName\":\"search_term_string\"}}],\"inLanguage\":\"es\"},{\"@type\":\"Person\",\"@id\":\"https:\\\/\\\/elhijodelllanero.mx\\\/#\\\/schema\\\/person\\\/c7f8c86c55c1eab44ae2b93a9628245f\",\"name\":\"Mar\u00eda de la Paz Rodarte Ram\u00edrez\",\"image\":{\"@type\":\"ImageObject\",\"inLanguage\":\"es\",\"@id\":\"https:\\\/\\\/secure.gravatar.com\\\/avatar\\\/1f38f8518b09a266af73da2bce78d69e7d1275299970134ed62f572e0487e1d0?s=96&d=mm&r=g\",\"url\":\"https:\\\/\\\/secure.gravatar.com\\\/avatar\\\/1f38f8518b09a266af73da2bce78d69e7d1275299970134ed62f572e0487e1d0?s=96&d=mm&r=g\",\"contentUrl\":\"https:\\\/\\\/secure.gravatar.com\\\/avatar\\\/1f38f8518b09a266af73da2bce78d69e7d1275299970134ed62f572e0487e1d0?s=96&d=mm&r=g\",\"caption\":\"Mar\u00eda de la Paz Rodarte Ram\u00edrez\"},\"sameAs\":[\"https:\\\/\\\/www.elhijodelllanero.mx\"],\"url\":\"https:\\\/\\\/elhijodelllanero.mx\\\/index.php\\\/author\\\/maricuas\\\/\"}]}<\/script>\n<!-- \/ Yoast SEO plugin. -->","yoast_head_json":{"title":"LANZAR\u00c1N PROGRAMA \"MI COLONIA A COLOR\". - El Hijo del llanero solititito","robots":{"index":"index","follow":"follow","max-snippet":"max-snippet:-1","max-image-preview":"max-image-preview:large","max-video-preview":"max-video-preview:-1"},"canonical":"https:\/\/elhijodelllanero.mx\/index.php\/2025\/05\/27\/lanzaran-programa-mi-colonia-a-color\/","og_locale":"es_ES","og_type":"article","og_title":"LANZAR\u00c1N PROGRAMA \"MI COLONIA A COLOR\". - El Hijo del llanero solititito","og_description":"Celaya,Gto.27 de mayo del 2025.-Con la finalidad de pintar las fachadas de casas o edificios en barrios y colonias, iniciar\u00e1 el programa \u201cMi Colonia a Color\u201d. El director de Desarrollo Social inform\u00f3 que para este proyecto se contempla una inversi\u00f3n concurrente entre estado y municipio de 1.4 millones de pesos. Tambi\u00e9n explic\u00f3 que actualmente est\u00e1n [&hellip;]","og_url":"https:\/\/elhijodelllanero.mx\/index.php\/2025\/05\/27\/lanzaran-programa-mi-colonia-a-color\/","og_site_name":"El Hijo del llanero solititito","article_published_time":"2025-05-27T04:04:13+00:00","og_image":[{"url":"https:\/\/elhijodelllanero.mx\/wp-content\/uploads\/2025\/05\/IMG-20250526-WA0012-300x200.jpg","type":"","width":"","height":""}],"author":"Mar\u00eda de la Paz Rodarte Ram\u00edrez","twitter_card":"summary_large_image","twitter_misc":{"Escrito por":"Mar\u00eda de la Paz Rodarte Ram\u00edrez","Tiempo de lectura":"1 minuto"},"schema":{"@context":"https:\/\/schema.org","@graph":[{"@type":"Article","@id":"https:\/\/elhijodelllanero.mx\/index.php\/2025\/05\/27\/lanzaran-programa-mi-colonia-a-color\/#article","isPartOf":{"@id":"https:\/\/elhijodelllanero.mx\/index.php\/2025\/05\/27\/lanzaran-programa-mi-colonia-a-color\/"},"author":{"name":"Mar\u00eda de la Paz Rodarte Ram\u00edrez","@id":"https:\/\/elhijodelllanero.mx\/#\/schema\/person\/c7f8c86c55c1eab44ae2b93a9628245f"},"headline":"LANZAR\u00c1N PROGRAMA \u00abMI COLONIA A COLOR\u00bb.","datePublished":"2025-05-27T04:04:13+00:00","mainEntityOfPage":{"@id":"https:\/\/elhijodelllanero.mx\/index.php\/2025\/05\/27\/lanzaran-programa-mi-colonia-a-color\/"},"wordCount":101,"commentCount":0,"image":{"@id":"https:\/\/elhijodelllanero.mx\/index.php\/2025\/05\/27\/lanzaran-programa-mi-colonia-a-color\/#primaryimage"},"thumbnailUrl":"https:\/\/elhijodelllanero.mx\/wp-content\/uploads\/2025\/05\/IMG-20250526-WA0012-300x200.jpg","articleSection":["CELAYA"],"inLanguage":"es","potentialAction":[{"@type":"CommentAction","name":"Comment","target":["https:\/\/elhijodelllanero.mx\/index.php\/2025\/05\/27\/lanzaran-programa-mi-colonia-a-color\/#respond"]}]},{"@type":"WebPage","@id":"https:\/\/elhijodelllanero.mx\/index.php\/2025\/05\/27\/lanzaran-programa-mi-colonia-a-color\/","url":"https:\/\/elhijodelllanero.mx\/index.php\/2025\/05\/27\/lanzaran-programa-mi-colonia-a-color\/","name":"LANZAR\u00c1N PROGRAMA \"MI COLONIA A COLOR\". - El Hijo del llanero solititito","isPartOf":{"@id":"https:\/\/elhijodelllanero.mx\/#website"},"primaryImageOfPage":{"@id":"https:\/\/elhijodelllanero.mx\/index.php\/2025\/05\/27\/lanzaran-programa-mi-colonia-a-color\/#primaryimage"},"image":{"@id":"https:\/\/elhijodelllanero.mx\/index.php\/2025\/05\/27\/lanzaran-programa-mi-colonia-a-color\/#primaryimage"},"thumbnailUrl":"https:\/\/elhijodelllanero.mx\/wp-content\/uploads\/2025\/05\/IMG-20250526-WA0012-300x200.jpg","datePublished":"2025-05-27T04:04:13+00:00","author":{"@id":"https:\/\/elhijodelllanero.mx\/#\/schema\/person\/c7f8c86c55c1eab44ae2b93a9628245f"},"breadcrumb":{"@id":"https:\/\/elhijodelllanero.mx\/index.php\/2025\/05\/27\/lanzaran-programa-mi-colonia-a-color\/#breadcrumb"},"inLanguage":"es","potentialAction":[{"@type":"ReadAction","target":["https:\/\/elhijodelllanero.mx\/index.php\/2025\/05\/27\/lanzaran-programa-mi-colonia-a-color\/"]}]},{"@type":"ImageObject","inLanguage":"es","@id":"https:\/\/elhijodelllanero.mx\/index.php\/2025\/05\/27\/lanzaran-programa-mi-colonia-a-color\/#primaryimage","url":"https:\/\/i0.wp.com\/elhijodelllanero.mx\/wp-content\/uploads\/2025\/05\/IMG-20250526-WA0012.jpg?fit=1280%2C855&ssl=1","contentUrl":"https:\/\/i0.wp.com\/elhijodelllanero.mx\/wp-content\/uploads\/2025\/05\/IMG-20250526-WA0012.jpg?fit=1280%2C855&ssl=1","width":1280,"height":855},{"@type":"BreadcrumbList","@id":"https:\/\/elhijodelllanero.mx\/index.php\/2025\/05\/27\/lanzaran-programa-mi-colonia-a-color\/#breadcrumb","itemListElement":[{"@type":"ListItem","position":1,"name":"Portada","item":"https:\/\/elhijodelllanero.mx\/"},{"@type":"ListItem","position":2,"name":"LANZAR\u00c1N PROGRAMA \u00abMI COLONIA A COLOR\u00bb."}]},{"@type":"WebSite","@id":"https:\/\/elhijodelllanero.mx\/#website","url":"https:\/\/elhijodelllanero.mx\/","name":"El Hijo del llanero solititito","description":"","potentialAction":[{"@type":"SearchAction","target":{"@type":"EntryPoint","urlTemplate":"https:\/\/elhijodelllanero.mx\/?s={search_term_string}"},"query-input":{"@type":"PropertyValueSpecification","valueRequired":true,"valueName":"search_term_string"}}],"inLanguage":"es"},{"@type":"Person","@id":"https:\/\/elhijodelllanero.mx\/#\/schema\/person\/c7f8c86c55c1eab44ae2b93a9628245f","name":"Mar\u00eda de la Paz Rodarte Ram\u00edrez","image":{"@type":"ImageObject","inLanguage":"es","@id":"https:\/\/secure.gravatar.com\/avatar\/1f38f8518b09a266af73da2bce78d69e7d1275299970134ed62f572e0487e1d0?s=96&d=mm&r=g","url":"https:\/\/secure.gravatar.com\/avatar\/1f38f8518b09a266af73da2bce78d69e7d1275299970134ed62f572e0487e1d0?s=96&d=mm&r=g","contentUrl":"https:\/\/secure.gravatar.com\/avatar\/1f38f8518b09a266af73da2bce78d69e7d1275299970134ed62f572e0487e1d0?s=96&d=mm&r=g","caption":"Mar\u00eda de la Paz Rodarte Ram\u00edrez"},"sameAs":["https:\/\/www.elhijodelllanero.mx"],"url":"https:\/\/elhijodelllanero.mx\/index.php\/author\/maricuas\/"}]}},"jetpack_featured_media_url":"","jetpack-related-posts":[],"jetpack_sharing_enabled":true,"_links":{"self":[{"href":"https:\/\/elhijodelllanero.mx\/index.php\/wp-json\/wp\/v2\/posts\/10328","targetHints":{"allow":["GET"]}}],"collection":[{"href":"https:\/\/elhijodelllanero.mx\/index.php\/wp-json\/wp\/v2\/posts"}],"about":[{"href":"https:\/\/elhijodelllanero.mx\/index.php\/wp-json\/wp\/v2\/types\/post"}],"author":[{"embeddable":true,"href":"https:\/\/elhijodelllanero.mx\/index.php\/wp-json\/wp\/v2\/users\/3"}],"replies":[{"embeddable":true,"href":"https:\/\/elhijodelllanero.mx\/index.php\/wp-json\/wp\/v2\/comments?post=10328"}],"version-history":[{"count":1,"href":"https:\/\/elhijodelllanero.mx\/index.php\/wp-json\/wp\/v2\/posts\/10328\/revisions"}],"predecessor-version":[{"id":10330,"href":"https:\/\/elhijodelllanero.mx\/index.php\/wp-json\/wp\/v2\/posts\/10328\/revisions\/10330"}],"wp:attachment":[{"href":"https:\/\/elhijodelllanero.mx\/index.php\/wp-json\/wp\/v2\/media?parent=10328"}],"wp:term":[{"taxonomy":"category","embeddable":true,"href":"https:\/\/elhijodelllanero.mx\/index.php\/wp-json\/wp\/v2\/categories?post=10328"},{"taxonomy":"post_tag","embeddable":true,"href":"https:\/\/elhijodelllanero.mx\/index.php\/wp-json\/wp\/v2\/tags?post=10328"}],"curies":[{"name":"wp","href":"https:\/\/api.w.org\/{rel}","templated":true}]}}