{"id":10337,"date":"2025-05-27T20:09:30","date_gmt":"2025-05-27T20:09:30","guid":{"rendered":"https:\/\/elhijodelllanero.mx\/?p=10337"},"modified":"2025-05-27T20:09:30","modified_gmt":"2025-05-27T20:09:30","slug":"el-poder-del-pueblo-eligiendo-al-nuevo-poder-judicial-del-puebloerc","status":"publish","type":"post","link":"https:\/\/elhijodelllanero.mx\/index.php\/2025\/05\/27\/el-poder-del-pueblo-eligiendo-al-nuevo-poder-judicial-del-puebloerc\/","title":{"rendered":"EL PODER DEL PUEBLO ELIGIENDO AL NUEVO PODER JUDICIAL DEL PUEBLO:ERC"},"content":{"rendered":"<p><img data-recalc-dims=\"1\" loading=\"lazy\" decoding=\"async\" class=\"alignnone size-medium wp-image-10341\" src=\"https:\/\/i0.wp.com\/elhijodelllanero.mx\/wp-content\/uploads\/2025\/05\/IMG-20250527-WA0003-1.jpg?resize=300%2C225&#038;ssl=1\" alt=\"\" width=\"300\" height=\"225\" srcset=\"https:\/\/i0.wp.com\/elhijodelllanero.mx\/wp-content\/uploads\/2025\/05\/IMG-20250527-WA0003-1-scaled.jpg?resize=300%2C225&amp;ssl=1 300w, https:\/\/i0.wp.com\/elhijodelllanero.mx\/wp-content\/uploads\/2025\/05\/IMG-20250527-WA0003-1-scaled.jpg?resize=1024%2C768&amp;ssl=1 1024w, https:\/\/i0.wp.com\/elhijodelllanero.mx\/wp-content\/uploads\/2025\/05\/IMG-20250527-WA0003-1-scaled.jpg?resize=768%2C576&amp;ssl=1 768w, https:\/\/i0.wp.com\/elhijodelllanero.mx\/wp-content\/uploads\/2025\/05\/IMG-20250527-WA0003-1-scaled.jpg?resize=1536%2C1152&amp;ssl=1 1536w, https:\/\/i0.wp.com\/elhijodelllanero.mx\/wp-content\/uploads\/2025\/05\/IMG-20250527-WA0003-1-scaled.jpg?resize=2048%2C1536&amp;ssl=1 2048w, https:\/\/i0.wp.com\/elhijodelllanero.mx\/wp-content\/uploads\/2025\/05\/IMG-20250527-WA0003-1-scaled.jpg?resize=560%2C420&amp;ssl=1 560w, https:\/\/i0.wp.com\/elhijodelllanero.mx\/wp-content\/uploads\/2025\/05\/IMG-20250527-WA0003-1-scaled.jpg?resize=80%2C60&amp;ssl=1 80w, https:\/\/i0.wp.com\/elhijodelllanero.mx\/wp-content\/uploads\/2025\/05\/IMG-20250527-WA0003-1-scaled.jpg?resize=696%2C522&amp;ssl=1 696w, https:\/\/i0.wp.com\/elhijodelllanero.mx\/wp-content\/uploads\/2025\/05\/IMG-20250527-WA0003-1-scaled.jpg?resize=1068%2C801&amp;ssl=1 1068w, https:\/\/i0.wp.com\/elhijodelllanero.mx\/wp-content\/uploads\/2025\/05\/IMG-20250527-WA0003-1-scaled.jpg?resize=1920%2C1440&amp;ssl=1 1920w, https:\/\/i0.wp.com\/elhijodelllanero.mx\/wp-content\/uploads\/2025\/05\/IMG-20250527-WA0003-1-scaled.jpg?w=1392&amp;ssl=1 1392w\" sizes=\"auto, (max-width: 300px) 100vw, 300px\" \/><\/p>\n<p>Villagr\u00e1n,Gto. 27 de mayo del 2025.-El Senador Emmanuel Reyes Carmona invit\u00f3 a la ciudadan\u00eda a participar en el pr\u00f3ximo proceso electoral que se realizar\u00e1 este domingo 1 de junio y donde dijo, el pueblo mexicano tendr\u00e1 en sus manos transformar el rumbo de la justicia en el pa\u00eds.<\/p>\n<p>Coment\u00f3 que si bien el proceso electoral sin precedente que se llevar\u00e1 a cabo para elegir al nuevo Poder Judicial ha resultado un tanto complejo, por el n\u00famero de candidaturas que participan, la ciudadan\u00eda puede informarse a trav\u00e9s de la plataforma habilitada por el INE, y donde puede consultar las candidaturas registradas para cada cargo, as\u00ed como su formaci\u00f3n y trayectoria, el sitio es: https:\/\/ine.mx\/conoceles-practica-y-ubica\/<\/p>\n<p>Por su parte, dijo que realiz\u00f3 12 asambleas regionales en distintos municipios de la entidad, en las que pudo informar y orientar de forma directa sobre el proceso, los cargos que se elegir\u00e1n y la forma en que deber\u00e1 emitirse el voto, promocionando la participaci\u00f3n ciudadana.<\/p>\n<p>El legislador guanajuatense explic\u00f3 adem\u00e1s que por ejemplo, en el Estado de Guanajuato, que corresponde al XVI circuito judicial, fue dividido en dos distritos judiciales, donde se elegir\u00e1n juezas y jueces, magistradas y magistrados para las materias; mixta, laboral, penal, civil y administrativa. Por un lado, el que corresponde al I, donde participan 19 candidaturas a juezas y jueces de distrito (boleta amarilla) y 21 para magistradas y magistrados de circuito (boleta rosa), de los cuales solo se elegir\u00e1n 7 y 6 cargos respectivamente. Mientras tanto, para el Distrito Judicial II, se enlistaron 17 candidaturas a juezas y jueces y 14 para magistraturas. De las cuales se elegir\u00e1n 7 y 7 cargos respectivamente.<\/p>\n<p>Agreg\u00f3 que tambi\u00e9n las y los guanajuatenses podr\u00e1n elegir a las personas que estar\u00e1n al frente de la Sala Regional del Tribunal Electoral del Poder Judicial de la Federaci\u00f3n (boleta salm\u00f3n), que corresponde a la circunscripci\u00f3n n\u00famero 2, que agrupa a los estados de Guanajuato, Nuevo Le\u00f3n, Tamaulipas, Coahuila, San Luis Potos\u00ed, Zacatecas y Aguascalientes. Pues de entre 10 mujeres que participan, solo 2 resultar\u00e1n nominadas. Para el caso de los hombres, 9 hombres aparecen en la boleta y solo 1 ser\u00e1 elegido.<\/p>\n<p>Para la Sala Superior del Tribunal Electoral del Poder Judicial de la Federaci\u00f3n, 19 personas cumplieron con los requisitos de elegibilidad y hoy aparecen en la boleta azul. De ah\u00ed solo elegiremos a 2, un hombre y una mujer, para cubrir las vacancias de dicho \u00f3rgano.<\/p>\n<p>En el caso del nuevo \u00f3rgano, el Tribunal de Disciplina Judicial (boleta verde menta) de entre 38 candidaturas podremos seleccionar 3 mujeres y 2 hombres magistrados, para garantizar una instituci\u00f3n que vigile una verdadera impartici\u00f3n de justicia pronta y expedida por parte de las y los juzgadores que resuelven electos de esta jornada electoral y que ocupar\u00e1n su cargo a partir de septiembre de este a\u00f1o.<\/p>\n<p>Finalmente, dijo que, de entre 84 personas que aspiran a ocupar un cargo en la Suprema Corte de Justicia de la Naci\u00f3n (boleta morada) solo podremos votar por 9, 5 mujeres y 4 hombres.<\/p>\n","protected":false},"excerpt":{"rendered":"<p>Villagr\u00e1n,Gto. 27 de mayo del 2025.-El Senador Emmanuel Reyes Carmona invit\u00f3 a la ciudadan\u00eda a participar en el pr\u00f3ximo proceso electoral que se realizar\u00e1 este domingo 1 de junio y donde dijo, el pueblo mexicano tendr\u00e1 en sus manos transformar el rumbo de la justicia en el pa\u00eds. Coment\u00f3 que si bien el proceso electoral [&hellip;]<\/p>\n","protected":false},"author":3,"featured_media":0,"comment_status":"open","ping_status":"closed","sticky":false,"template":"","format":"standard","meta":{"_jetpack_newsletter_access":"","_jetpack_dont_email_post_to_subs":false,"_jetpack_newsletter_tier_id":0,"_jetpack_memberships_contains_paywalled_content":false,"_jetpack_memberships_contains_paid_content":false,"footnotes":""},"categories":[76,85],"tags":[],"class_list":{"0":"post-10337","1":"post","2":"type-post","3":"status-publish","4":"format-standard","6":"category-municipios","7":"category-villagran"},"yoast_head":"<!-- This site is optimized with the Yoast SEO plugin v27.3 - https:\/\/yoast.com\/product\/yoast-seo-wordpress\/ -->\n<title>EL PODER DEL PUEBLO ELIGIENDO AL NUEVO PODER JUDICIAL DEL PUEBLO:ERC - El Hijo del llanero solititito<\/title>\n<meta name=\"robots\" content=\"index, follow, max-snippet:-1, max-image-preview:large, max-video-preview:-1\" \/>\n<link rel=\"canonical\" href=\"https:\/\/elhijodelllanero.mx\/index.php\/2025\/05\/27\/el-poder-del-pueblo-eligiendo-al-nuevo-poder-judicial-del-puebloerc\/\" \/>\n<meta property=\"og:locale\" content=\"es_ES\" \/>\n<meta property=\"og:type\" content=\"article\" \/>\n<meta property=\"og:title\" content=\"EL PODER DEL PUEBLO ELIGIENDO AL NUEVO PODER JUDICIAL DEL PUEBLO:ERC - El Hijo del llanero solititito\" \/>\n<meta property=\"og:description\" content=\"Villagr\u00e1n,Gto. 27 de mayo del 2025.-El Senador Emmanuel Reyes Carmona invit\u00f3 a la ciudadan\u00eda a participar en el pr\u00f3ximo proceso electoral que se realizar\u00e1 este domingo 1 de junio y donde dijo, el pueblo mexicano tendr\u00e1 en sus manos transformar el rumbo de la justicia en el pa\u00eds. Coment\u00f3 que si bien el proceso electoral [&hellip;]\" \/>\n<meta property=\"og:url\" content=\"https:\/\/elhijodelllanero.mx\/index.php\/2025\/05\/27\/el-poder-del-pueblo-eligiendo-al-nuevo-poder-judicial-del-puebloerc\/\" \/>\n<meta property=\"og:site_name\" content=\"El Hijo del llanero solititito\" \/>\n<meta property=\"article:published_time\" content=\"2025-05-27T20:09:30+00:00\" \/>\n<meta property=\"og:image\" content=\"https:\/\/elhijodelllanero.mx\/wp-content\/uploads\/2025\/05\/IMG-20250527-WA0003-1-300x225.jpg\" \/>\n<meta name=\"author\" content=\"Mar\u00eda de la Paz Rodarte Ram\u00edrez\" \/>\n<meta name=\"twitter:card\" content=\"summary_large_image\" \/>\n<meta name=\"twitter:label1\" content=\"Escrito por\" \/>\n\t<meta name=\"twitter:data1\" content=\"Mar\u00eda de la Paz Rodarte Ram\u00edrez\" \/>\n\t<meta name=\"twitter:label2\" content=\"Tiempo de lectura\" \/>\n\t<meta name=\"twitter:data2\" content=\"3 minutos\" \/>\n<script type=\"application\/ld+json\" class=\"yoast-schema-graph\">{\"@context\":\"https:\\\/\\\/schema.org\",\"@graph\":[{\"@type\":\"Article\",\"@id\":\"https:\\\/\\\/elhijodelllanero.mx\\\/index.php\\\/2025\\\/05\\\/27\\\/el-poder-del-pueblo-eligiendo-al-nuevo-poder-judicial-del-puebloerc\\\/#article\",\"isPartOf\":{\"@id\":\"https:\\\/\\\/elhijodelllanero.mx\\\/index.php\\\/2025\\\/05\\\/27\\\/el-poder-del-pueblo-eligiendo-al-nuevo-poder-judicial-del-puebloerc\\\/\"},\"author\":{\"name\":\"Mar\u00eda de la Paz Rodarte Ram\u00edrez\",\"@id\":\"https:\\\/\\\/elhijodelllanero.mx\\\/#\\\/schema\\\/person\\\/c7f8c86c55c1eab44ae2b93a9628245f\"},\"headline\":\"EL PODER DEL PUEBLO ELIGIENDO AL NUEVO PODER JUDICIAL DEL PUEBLO:ERC\",\"datePublished\":\"2025-05-27T20:09:30+00:00\",\"mainEntityOfPage\":{\"@id\":\"https:\\\/\\\/elhijodelllanero.mx\\\/index.php\\\/2025\\\/05\\\/27\\\/el-poder-del-pueblo-eligiendo-al-nuevo-poder-judicial-del-puebloerc\\\/\"},\"wordCount\":521,\"commentCount\":0,\"image\":{\"@id\":\"https:\\\/\\\/elhijodelllanero.mx\\\/index.php\\\/2025\\\/05\\\/27\\\/el-poder-del-pueblo-eligiendo-al-nuevo-poder-judicial-del-puebloerc\\\/#primaryimage\"},\"thumbnailUrl\":\"https:\\\/\\\/elhijodelllanero.mx\\\/wp-content\\\/uploads\\\/2025\\\/05\\\/IMG-20250527-WA0003-1-300x225.jpg\",\"articleSection\":[\"MUNICIPIOS\",\"Villagr\u00e1n\"],\"inLanguage\":\"es\",\"potentialAction\":[{\"@type\":\"CommentAction\",\"name\":\"Comment\",\"target\":[\"https:\\\/\\\/elhijodelllanero.mx\\\/index.php\\\/2025\\\/05\\\/27\\\/el-poder-del-pueblo-eligiendo-al-nuevo-poder-judicial-del-puebloerc\\\/#respond\"]}]},{\"@type\":\"WebPage\",\"@id\":\"https:\\\/\\\/elhijodelllanero.mx\\\/index.php\\\/2025\\\/05\\\/27\\\/el-poder-del-pueblo-eligiendo-al-nuevo-poder-judicial-del-puebloerc\\\/\",\"url\":\"https:\\\/\\\/elhijodelllanero.mx\\\/index.php\\\/2025\\\/05\\\/27\\\/el-poder-del-pueblo-eligiendo-al-nuevo-poder-judicial-del-puebloerc\\\/\",\"name\":\"EL PODER DEL PUEBLO ELIGIENDO AL NUEVO PODER JUDICIAL DEL PUEBLO:ERC - El Hijo del llanero solititito\",\"isPartOf\":{\"@id\":\"https:\\\/\\\/elhijodelllanero.mx\\\/#website\"},\"primaryImageOfPage\":{\"@id\":\"https:\\\/\\\/elhijodelllanero.mx\\\/index.php\\\/2025\\\/05\\\/27\\\/el-poder-del-pueblo-eligiendo-al-nuevo-poder-judicial-del-puebloerc\\\/#primaryimage\"},\"image\":{\"@id\":\"https:\\\/\\\/elhijodelllanero.mx\\\/index.php\\\/2025\\\/05\\\/27\\\/el-poder-del-pueblo-eligiendo-al-nuevo-poder-judicial-del-puebloerc\\\/#primaryimage\"},\"thumbnailUrl\":\"https:\\\/\\\/elhijodelllanero.mx\\\/wp-content\\\/uploads\\\/2025\\\/05\\\/IMG-20250527-WA0003-1-300x225.jpg\",\"datePublished\":\"2025-05-27T20:09:30+00:00\",\"author\":{\"@id\":\"https:\\\/\\\/elhijodelllanero.mx\\\/#\\\/schema\\\/person\\\/c7f8c86c55c1eab44ae2b93a9628245f\"},\"breadcrumb\":{\"@id\":\"https:\\\/\\\/elhijodelllanero.mx\\\/index.php\\\/2025\\\/05\\\/27\\\/el-poder-del-pueblo-eligiendo-al-nuevo-poder-judicial-del-puebloerc\\\/#breadcrumb\"},\"inLanguage\":\"es\",\"potentialAction\":[{\"@type\":\"ReadAction\",\"target\":[\"https:\\\/\\\/elhijodelllanero.mx\\\/index.php\\\/2025\\\/05\\\/27\\\/el-poder-del-pueblo-eligiendo-al-nuevo-poder-judicial-del-puebloerc\\\/\"]}]},{\"@type\":\"ImageObject\",\"inLanguage\":\"es\",\"@id\":\"https:\\\/\\\/elhijodelllanero.mx\\\/index.php\\\/2025\\\/05\\\/27\\\/el-poder-del-pueblo-eligiendo-al-nuevo-poder-judicial-del-puebloerc\\\/#primaryimage\",\"url\":\"https:\\\/\\\/i0.wp.com\\\/elhijodelllanero.mx\\\/wp-content\\\/uploads\\\/2025\\\/05\\\/IMG-20250527-WA0003-1-scaled.jpg?fit=2560%2C1920&ssl=1\",\"contentUrl\":\"https:\\\/\\\/i0.wp.com\\\/elhijodelllanero.mx\\\/wp-content\\\/uploads\\\/2025\\\/05\\\/IMG-20250527-WA0003-1-scaled.jpg?fit=2560%2C1920&ssl=1\",\"width\":2560,\"height\":1920},{\"@type\":\"BreadcrumbList\",\"@id\":\"https:\\\/\\\/elhijodelllanero.mx\\\/index.php\\\/2025\\\/05\\\/27\\\/el-poder-del-pueblo-eligiendo-al-nuevo-poder-judicial-del-puebloerc\\\/#breadcrumb\",\"itemListElement\":[{\"@type\":\"ListItem\",\"position\":1,\"name\":\"Portada\",\"item\":\"https:\\\/\\\/elhijodelllanero.mx\\\/\"},{\"@type\":\"ListItem\",\"position\":2,\"name\":\"EL PODER DEL PUEBLO ELIGIENDO AL NUEVO PODER JUDICIAL DEL PUEBLO:ERC\"}]},{\"@type\":\"WebSite\",\"@id\":\"https:\\\/\\\/elhijodelllanero.mx\\\/#website\",\"url\":\"https:\\\/\\\/elhijodelllanero.mx\\\/\",\"name\":\"El Hijo del llanero solititito\",\"description\":\"\",\"potentialAction\":[{\"@type\":\"SearchAction\",\"target\":{\"@type\":\"EntryPoint\",\"urlTemplate\":\"https:\\\/\\\/elhijodelllanero.mx\\\/?s={search_term_string}\"},\"query-input\":{\"@type\":\"PropertyValueSpecification\",\"valueRequired\":true,\"valueName\":\"search_term_string\"}}],\"inLanguage\":\"es\"},{\"@type\":\"Person\",\"@id\":\"https:\\\/\\\/elhijodelllanero.mx\\\/#\\\/schema\\\/person\\\/c7f8c86c55c1eab44ae2b93a9628245f\",\"name\":\"Mar\u00eda de la Paz Rodarte Ram\u00edrez\",\"image\":{\"@type\":\"ImageObject\",\"inLanguage\":\"es\",\"@id\":\"https:\\\/\\\/secure.gravatar.com\\\/avatar\\\/1f38f8518b09a266af73da2bce78d69e7d1275299970134ed62f572e0487e1d0?s=96&d=mm&r=g\",\"url\":\"https:\\\/\\\/secure.gravatar.com\\\/avatar\\\/1f38f8518b09a266af73da2bce78d69e7d1275299970134ed62f572e0487e1d0?s=96&d=mm&r=g\",\"contentUrl\":\"https:\\\/\\\/secure.gravatar.com\\\/avatar\\\/1f38f8518b09a266af73da2bce78d69e7d1275299970134ed62f572e0487e1d0?s=96&d=mm&r=g\",\"caption\":\"Mar\u00eda de la Paz Rodarte Ram\u00edrez\"},\"sameAs\":[\"https:\\\/\\\/www.elhijodelllanero.mx\"],\"url\":\"https:\\\/\\\/elhijodelllanero.mx\\\/index.php\\\/author\\\/maricuas\\\/\"}]}<\/script>\n<!-- \/ Yoast SEO plugin. -->","yoast_head_json":{"title":"EL PODER DEL PUEBLO ELIGIENDO AL NUEVO PODER JUDICIAL DEL PUEBLO:ERC - El Hijo del llanero solititito","robots":{"index":"index","follow":"follow","max-snippet":"max-snippet:-1","max-image-preview":"max-image-preview:large","max-video-preview":"max-video-preview:-1"},"canonical":"https:\/\/elhijodelllanero.mx\/index.php\/2025\/05\/27\/el-poder-del-pueblo-eligiendo-al-nuevo-poder-judicial-del-puebloerc\/","og_locale":"es_ES","og_type":"article","og_title":"EL PODER DEL PUEBLO ELIGIENDO AL NUEVO PODER JUDICIAL DEL PUEBLO:ERC - El Hijo del llanero solititito","og_description":"Villagr\u00e1n,Gto. 27 de mayo del 2025.-El Senador Emmanuel Reyes Carmona invit\u00f3 a la ciudadan\u00eda a participar en el pr\u00f3ximo proceso electoral que se realizar\u00e1 este domingo 1 de junio y donde dijo, el pueblo mexicano tendr\u00e1 en sus manos transformar el rumbo de la justicia en el pa\u00eds. Coment\u00f3 que si bien el proceso electoral [&hellip;]","og_url":"https:\/\/elhijodelllanero.mx\/index.php\/2025\/05\/27\/el-poder-del-pueblo-eligiendo-al-nuevo-poder-judicial-del-puebloerc\/","og_site_name":"El Hijo del llanero solititito","article_published_time":"2025-05-27T20:09:30+00:00","og_image":[{"url":"https:\/\/elhijodelllanero.mx\/wp-content\/uploads\/2025\/05\/IMG-20250527-WA0003-1-300x225.jpg","type":"","width":"","height":""}],"author":"Mar\u00eda de la Paz Rodarte Ram\u00edrez","twitter_card":"summary_large_image","twitter_misc":{"Escrito por":"Mar\u00eda de la Paz Rodarte Ram\u00edrez","Tiempo de lectura":"3 minutos"},"schema":{"@context":"https:\/\/schema.org","@graph":[{"@type":"Article","@id":"https:\/\/elhijodelllanero.mx\/index.php\/2025\/05\/27\/el-poder-del-pueblo-eligiendo-al-nuevo-poder-judicial-del-puebloerc\/#article","isPartOf":{"@id":"https:\/\/elhijodelllanero.mx\/index.php\/2025\/05\/27\/el-poder-del-pueblo-eligiendo-al-nuevo-poder-judicial-del-puebloerc\/"},"author":{"name":"Mar\u00eda de la Paz Rodarte Ram\u00edrez","@id":"https:\/\/elhijodelllanero.mx\/#\/schema\/person\/c7f8c86c55c1eab44ae2b93a9628245f"},"headline":"EL PODER DEL PUEBLO ELIGIENDO AL NUEVO PODER JUDICIAL DEL PUEBLO:ERC","datePublished":"2025-05-27T20:09:30+00:00","mainEntityOfPage":{"@id":"https:\/\/elhijodelllanero.mx\/index.php\/2025\/05\/27\/el-poder-del-pueblo-eligiendo-al-nuevo-poder-judicial-del-puebloerc\/"},"wordCount":521,"commentCount":0,"image":{"@id":"https:\/\/elhijodelllanero.mx\/index.php\/2025\/05\/27\/el-poder-del-pueblo-eligiendo-al-nuevo-poder-judicial-del-puebloerc\/#primaryimage"},"thumbnailUrl":"https:\/\/elhijodelllanero.mx\/wp-content\/uploads\/2025\/05\/IMG-20250527-WA0003-1-300x225.jpg","articleSection":["MUNICIPIOS","Villagr\u00e1n"],"inLanguage":"es","potentialAction":[{"@type":"CommentAction","name":"Comment","target":["https:\/\/elhijodelllanero.mx\/index.php\/2025\/05\/27\/el-poder-del-pueblo-eligiendo-al-nuevo-poder-judicial-del-puebloerc\/#respond"]}]},{"@type":"WebPage","@id":"https:\/\/elhijodelllanero.mx\/index.php\/2025\/05\/27\/el-poder-del-pueblo-eligiendo-al-nuevo-poder-judicial-del-puebloerc\/","url":"https:\/\/elhijodelllanero.mx\/index.php\/2025\/05\/27\/el-poder-del-pueblo-eligiendo-al-nuevo-poder-judicial-del-puebloerc\/","name":"EL PODER DEL PUEBLO ELIGIENDO AL NUEVO PODER JUDICIAL DEL PUEBLO:ERC - El Hijo del llanero solititito","isPartOf":{"@id":"https:\/\/elhijodelllanero.mx\/#website"},"primaryImageOfPage":{"@id":"https:\/\/elhijodelllanero.mx\/index.php\/2025\/05\/27\/el-poder-del-pueblo-eligiendo-al-nuevo-poder-judicial-del-puebloerc\/#primaryimage"},"image":{"@id":"https:\/\/elhijodelllanero.mx\/index.php\/2025\/05\/27\/el-poder-del-pueblo-eligiendo-al-nuevo-poder-judicial-del-puebloerc\/#primaryimage"},"thumbnailUrl":"https:\/\/elhijodelllanero.mx\/wp-content\/uploads\/2025\/05\/IMG-20250527-WA0003-1-300x225.jpg","datePublished":"2025-05-27T20:09:30+00:00","author":{"@id":"https:\/\/elhijodelllanero.mx\/#\/schema\/person\/c7f8c86c55c1eab44ae2b93a9628245f"},"breadcrumb":{"@id":"https:\/\/elhijodelllanero.mx\/index.php\/2025\/05\/27\/el-poder-del-pueblo-eligiendo-al-nuevo-poder-judicial-del-puebloerc\/#breadcrumb"},"inLanguage":"es","potentialAction":[{"@type":"ReadAction","target":["https:\/\/elhijodelllanero.mx\/index.php\/2025\/05\/27\/el-poder-del-pueblo-eligiendo-al-nuevo-poder-judicial-del-puebloerc\/"]}]},{"@type":"ImageObject","inLanguage":"es","@id":"https:\/\/elhijodelllanero.mx\/index.php\/2025\/05\/27\/el-poder-del-pueblo-eligiendo-al-nuevo-poder-judicial-del-puebloerc\/#primaryimage","url":"https:\/\/i0.wp.com\/elhijodelllanero.mx\/wp-content\/uploads\/2025\/05\/IMG-20250527-WA0003-1-scaled.jpg?fit=2560%2C1920&ssl=1","contentUrl":"https:\/\/i0.wp.com\/elhijodelllanero.mx\/wp-content\/uploads\/2025\/05\/IMG-20250527-WA0003-1-scaled.jpg?fit=2560%2C1920&ssl=1","width":2560,"height":1920},{"@type":"BreadcrumbList","@id":"https:\/\/elhijodelllanero.mx\/index.php\/2025\/05\/27\/el-poder-del-pueblo-eligiendo-al-nuevo-poder-judicial-del-puebloerc\/#breadcrumb","itemListElement":[{"@type":"ListItem","position":1,"name":"Portada","item":"https:\/\/elhijodelllanero.mx\/"},{"@type":"ListItem","position":2,"name":"EL PODER DEL PUEBLO ELIGIENDO AL NUEVO PODER JUDICIAL DEL PUEBLO:ERC"}]},{"@type":"WebSite","@id":"https:\/\/elhijodelllanero.mx\/#website","url":"https:\/\/elhijodelllanero.mx\/","name":"El Hijo del llanero solititito","description":"","potentialAction":[{"@type":"SearchAction","target":{"@type":"EntryPoint","urlTemplate":"https:\/\/elhijodelllanero.mx\/?s={search_term_string}"},"query-input":{"@type":"PropertyValueSpecification","valueRequired":true,"valueName":"search_term_string"}}],"inLanguage":"es"},{"@type":"Person","@id":"https:\/\/elhijodelllanero.mx\/#\/schema\/person\/c7f8c86c55c1eab44ae2b93a9628245f","name":"Mar\u00eda de la Paz Rodarte Ram\u00edrez","image":{"@type":"ImageObject","inLanguage":"es","@id":"https:\/\/secure.gravatar.com\/avatar\/1f38f8518b09a266af73da2bce78d69e7d1275299970134ed62f572e0487e1d0?s=96&d=mm&r=g","url":"https:\/\/secure.gravatar.com\/avatar\/1f38f8518b09a266af73da2bce78d69e7d1275299970134ed62f572e0487e1d0?s=96&d=mm&r=g","contentUrl":"https:\/\/secure.gravatar.com\/avatar\/1f38f8518b09a266af73da2bce78d69e7d1275299970134ed62f572e0487e1d0?s=96&d=mm&r=g","caption":"Mar\u00eda de la Paz Rodarte Ram\u00edrez"},"sameAs":["https:\/\/www.elhijodelllanero.mx"],"url":"https:\/\/elhijodelllanero.mx\/index.php\/author\/maricuas\/"}]}},"jetpack_featured_media_url":"","jetpack-related-posts":[],"jetpack_sharing_enabled":true,"_links":{"self":[{"href":"https:\/\/elhijodelllanero.mx\/index.php\/wp-json\/wp\/v2\/posts\/10337","targetHints":{"allow":["GET"]}}],"collection":[{"href":"https:\/\/elhijodelllanero.mx\/index.php\/wp-json\/wp\/v2\/posts"}],"about":[{"href":"https:\/\/elhijodelllanero.mx\/index.php\/wp-json\/wp\/v2\/types\/post"}],"author":[{"embeddable":true,"href":"https:\/\/elhijodelllanero.mx\/index.php\/wp-json\/wp\/v2\/users\/3"}],"replies":[{"embeddable":true,"href":"https:\/\/elhijodelllanero.mx\/index.php\/wp-json\/wp\/v2\/comments?post=10337"}],"version-history":[{"count":1,"href":"https:\/\/elhijodelllanero.mx\/index.php\/wp-json\/wp\/v2\/posts\/10337\/revisions"}],"predecessor-version":[{"id":10342,"href":"https:\/\/elhijodelllanero.mx\/index.php\/wp-json\/wp\/v2\/posts\/10337\/revisions\/10342"}],"wp:attachment":[{"href":"https:\/\/elhijodelllanero.mx\/index.php\/wp-json\/wp\/v2\/media?parent=10337"}],"wp:term":[{"taxonomy":"category","embeddable":true,"href":"https:\/\/elhijodelllanero.mx\/index.php\/wp-json\/wp\/v2\/categories?post=10337"},{"taxonomy":"post_tag","embeddable":true,"href":"https:\/\/elhijodelllanero.mx\/index.php\/wp-json\/wp\/v2\/tags?post=10337"}],"curies":[{"name":"wp","href":"https:\/\/api.w.org\/{rel}","templated":true}]}}