{"id":10339,"date":"2025-05-27T20:08:09","date_gmt":"2025-05-27T20:08:09","guid":{"rendered":"https:\/\/elhijodelllanero.mx\/?p=10339"},"modified":"2025-05-27T20:08:09","modified_gmt":"2025-05-27T20:08:09","slug":"a-personas-de-la-tercera-edad-para-que-se-reencuentren-con-sus-familiares-en-e-u-a-2","status":"publish","type":"post","link":"https:\/\/elhijodelllanero.mx\/index.php\/2025\/05\/27\/a-personas-de-la-tercera-edad-para-que-se-reencuentren-con-sus-familiares-en-e-u-a-2\/","title":{"rendered":"A PERSONAS DE LA TERCERA EDAD PARA QUE SE REENCUENTREN CON SUS FAMILIARES EN E.U.A."},"content":{"rendered":"<p>Villagr\u00e1n, Gto. 27 de mayo del 2025.- A trav\u00e9s de la jefatura de Atenci\u00f3n al Migrante, fueron entregadas cuatro visas y ocho nuevas citas para realizar el tr\u00e1mite del documento, para personas de la tercera edad que buscan reencontrarse con sus seres queridos en los Estados Unidos de Am\u00e9rica.<\/p>\n<p>En un sencillo evento que se realiz\u00f3 en el Sal\u00f3n de Cabildos, la Presidenta acompa\u00f1ada por varios regidores y el director de atenci\u00f3n al Migrante, dijo en su mensaje que estos tr\u00e1mites son gratuitos y que tan solo deber\u00e1n cubrir los gastos de los tr\u00e1mites en la embajada.<\/p>\n<p>Dijo que a partir de hoy y durante toda su administraci\u00f3n, estos tr\u00e1mites ser\u00e1n gratuitos, no se les cobrar\u00e1 ning\u00fan dinero extra, pues tiene conocimiento en que en otras partes, se les presione para que hagan pagos de grandes cantidades para que les entreguen sus documentos.<\/p>\n<p>Tiene conocimiento en que se han dado casos, explic\u00f3, en que se les presiona de tal manera para que entreguen grandes cantidades, con la amenaza de que si no lo hacen, no les entregan la visa, cuando ya est\u00e1n casi para abordar el avi\u00f3n, \u201cpero eso no pasar\u00e1 en mi administraci\u00f3n\u201d, dijo.<\/p>\n<p>Tambi\u00e9n ofreci\u00f3 que este servicio para los villagranenses ser\u00e1 permanente en la direcci\u00f3n de Atenci\u00f3n al Migrante, y que ser\u00e1 gratuito, e incluso, cuando ser\u00e1n varios o en grupo, se buscar\u00e1 la manera de apoyarlos para que hagan sus tr\u00e1mites.<\/p>\n<p>En la ceremonia se entregaron cuatro visas para dos matrimonios oriundos de Tolentino y de Los \u00c1ngeles, y a los otros 10, se les entregaron las fichas con las fechas en que podr\u00e1n tramitar las visas de turista ante la embajada Americana.<\/p>\n<p>La presidenta Cinthia Teniente fue acompa\u00f1ada por los regidores Erika Guerrero, Yadira Guerrero, Mart\u00edn Arriaga, Jos\u00e9 Luis Medina Guapo y el director de Atenci\u00f3n al Migrante, Armando L\u00f3pez.<\/p>\n<p>Los beneficiados con sus visas que se les entregaron en el evento son: Felipe Flores Ruelas, Laura L\u00f3pez Mart\u00ednez, Crespiniano Alvarado Ca\u00f1ada y Luisa Ma. Guadalupe Gasca Rodr\u00edguez.<\/p>\n<p>Las 10 personas a las que se les entreg\u00f3 la cita son: Mar\u00eda Gregoria Ter\u00e1n Guerrero, Juanita Guevara Medina, Norma G\u00f3mez Gasca, Longinos Campos Murillo, Mar\u00eda del Rayo Tierrafr\u00eda Torres.<\/p>\n<p>Marcelina L\u00f3pez Oviedo, Rosendo Aguirre Cano, Teresa Trejo Tierrafr\u00eda, Marcela Rodr\u00edguez Serv\u00edn y Mar\u00eda Margarita L\u00f3pez \u00c1lvarez.<\/p>\n","protected":false},"excerpt":{"rendered":"<p>Villagr\u00e1n, Gto. 27 de mayo del 2025.- A trav\u00e9s de la jefatura de Atenci\u00f3n al Migrante, fueron entregadas cuatro visas y ocho nuevas citas para realizar el tr\u00e1mite del documento, para personas de la tercera edad que buscan reencontrarse con sus seres queridos en los Estados Unidos de Am\u00e9rica. En un sencillo evento que se [&hellip;]<\/p>\n","protected":false},"author":1,"featured_media":10333,"comment_status":"open","ping_status":"closed","sticky":false,"template":"","format":"standard","meta":{"_jetpack_newsletter_access":"","_jetpack_dont_email_post_to_subs":false,"_jetpack_newsletter_tier_id":0,"_jetpack_memberships_contains_paywalled_content":false,"_jetpack_memberships_contains_paid_content":false,"footnotes":""},"categories":[76,85],"tags":[],"class_list":{"0":"post-10339","1":"post","2":"type-post","3":"status-publish","4":"format-standard","5":"has-post-thumbnail","7":"category-municipios","8":"category-villagran"},"yoast_head":"<!-- This site is optimized with the Yoast SEO plugin v27.3 - https:\/\/yoast.com\/product\/yoast-seo-wordpress\/ -->\n<title>A PERSONAS DE LA TERCERA EDAD PARA QUE SE REENCUENTREN CON SUS FAMILIARES EN E.U.A. - El Hijo del llanero solititito<\/title>\n<meta name=\"robots\" content=\"index, follow, max-snippet:-1, max-image-preview:large, max-video-preview:-1\" \/>\n<link rel=\"canonical\" href=\"https:\/\/elhijodelllanero.mx\/index.php\/2025\/05\/27\/a-personas-de-la-tercera-edad-para-que-se-reencuentren-con-sus-familiares-en-e-u-a-2\/\" \/>\n<meta property=\"og:locale\" content=\"es_ES\" \/>\n<meta property=\"og:type\" content=\"article\" \/>\n<meta property=\"og:title\" content=\"A PERSONAS DE LA TERCERA EDAD PARA QUE SE REENCUENTREN CON SUS FAMILIARES EN E.U.A. - El Hijo del llanero solititito\" \/>\n<meta property=\"og:description\" content=\"Villagr\u00e1n, Gto. 27 de mayo del 2025.- A trav\u00e9s de la jefatura de Atenci\u00f3n al Migrante, fueron entregadas cuatro visas y ocho nuevas citas para realizar el tr\u00e1mite del documento, para personas de la tercera edad que buscan reencontrarse con sus seres queridos en los Estados Unidos de Am\u00e9rica. En un sencillo evento que se [&hellip;]\" \/>\n<meta property=\"og:url\" content=\"https:\/\/elhijodelllanero.mx\/index.php\/2025\/05\/27\/a-personas-de-la-tercera-edad-para-que-se-reencuentren-con-sus-familiares-en-e-u-a-2\/\" \/>\n<meta property=\"og:site_name\" content=\"El Hijo del llanero solititito\" \/>\n<meta property=\"article:published_time\" content=\"2025-05-27T20:08:09+00:00\" \/>\n<meta property=\"og:image\" content=\"https:\/\/elhijodelllanero.mx\/wp-content\/uploads\/2025\/05\/IMG-20250527-WA0002.jpg\" \/>\n\t<meta property=\"og:image:width\" content=\"1600\" \/>\n\t<meta property=\"og:image:height\" content=\"1016\" \/>\n\t<meta property=\"og:image:type\" content=\"image\/jpeg\" \/>\n<meta name=\"author\" content=\"Redaccion\" \/>\n<meta name=\"twitter:card\" content=\"summary_large_image\" \/>\n<meta name=\"twitter:label1\" content=\"Escrito por\" \/>\n\t<meta name=\"twitter:data1\" content=\"Redaccion\" \/>\n\t<meta name=\"twitter:label2\" content=\"Tiempo de lectura\" \/>\n\t<meta name=\"twitter:data2\" content=\"2 minutos\" \/>\n<script type=\"application\/ld+json\" class=\"yoast-schema-graph\">{\"@context\":\"https:\\\/\\\/schema.org\",\"@graph\":[{\"@type\":\"Article\",\"@id\":\"https:\\\/\\\/elhijodelllanero.mx\\\/index.php\\\/2025\\\/05\\\/27\\\/a-personas-de-la-tercera-edad-para-que-se-reencuentren-con-sus-familiares-en-e-u-a-2\\\/#article\",\"isPartOf\":{\"@id\":\"https:\\\/\\\/elhijodelllanero.mx\\\/index.php\\\/2025\\\/05\\\/27\\\/a-personas-de-la-tercera-edad-para-que-se-reencuentren-con-sus-familiares-en-e-u-a-2\\\/\"},\"author\":{\"name\":\"Redaccion\",\"@id\":\"https:\\\/\\\/elhijodelllanero.mx\\\/#\\\/schema\\\/person\\\/5dcfdd3db3a6f7e7906ef5d92cf7340b\"},\"headline\":\"A PERSONAS DE LA TERCERA EDAD PARA QUE SE REENCUENTREN CON SUS FAMILIARES EN E.U.A.\",\"datePublished\":\"2025-05-27T20:08:09+00:00\",\"mainEntityOfPage\":{\"@id\":\"https:\\\/\\\/elhijodelllanero.mx\\\/index.php\\\/2025\\\/05\\\/27\\\/a-personas-de-la-tercera-edad-para-que-se-reencuentren-con-sus-familiares-en-e-u-a-2\\\/\"},\"wordCount\":437,\"commentCount\":0,\"image\":{\"@id\":\"https:\\\/\\\/elhijodelllanero.mx\\\/index.php\\\/2025\\\/05\\\/27\\\/a-personas-de-la-tercera-edad-para-que-se-reencuentren-con-sus-familiares-en-e-u-a-2\\\/#primaryimage\"},\"thumbnailUrl\":\"https:\\\/\\\/i0.wp.com\\\/elhijodelllanero.mx\\\/wp-content\\\/uploads\\\/2025\\\/05\\\/IMG-20250527-WA0002.jpg?fit=1600%2C1016&ssl=1\",\"articleSection\":[\"MUNICIPIOS\",\"Villagr\u00e1n\"],\"inLanguage\":\"es\",\"potentialAction\":[{\"@type\":\"CommentAction\",\"name\":\"Comment\",\"target\":[\"https:\\\/\\\/elhijodelllanero.mx\\\/index.php\\\/2025\\\/05\\\/27\\\/a-personas-de-la-tercera-edad-para-que-se-reencuentren-con-sus-familiares-en-e-u-a-2\\\/#respond\"]}]},{\"@type\":\"WebPage\",\"@id\":\"https:\\\/\\\/elhijodelllanero.mx\\\/index.php\\\/2025\\\/05\\\/27\\\/a-personas-de-la-tercera-edad-para-que-se-reencuentren-con-sus-familiares-en-e-u-a-2\\\/\",\"url\":\"https:\\\/\\\/elhijodelllanero.mx\\\/index.php\\\/2025\\\/05\\\/27\\\/a-personas-de-la-tercera-edad-para-que-se-reencuentren-con-sus-familiares-en-e-u-a-2\\\/\",\"name\":\"A PERSONAS DE LA TERCERA EDAD PARA QUE SE REENCUENTREN CON SUS FAMILIARES EN E.U.A. - El Hijo del llanero solititito\",\"isPartOf\":{\"@id\":\"https:\\\/\\\/elhijodelllanero.mx\\\/#website\"},\"primaryImageOfPage\":{\"@id\":\"https:\\\/\\\/elhijodelllanero.mx\\\/index.php\\\/2025\\\/05\\\/27\\\/a-personas-de-la-tercera-edad-para-que-se-reencuentren-con-sus-familiares-en-e-u-a-2\\\/#primaryimage\"},\"image\":{\"@id\":\"https:\\\/\\\/elhijodelllanero.mx\\\/index.php\\\/2025\\\/05\\\/27\\\/a-personas-de-la-tercera-edad-para-que-se-reencuentren-con-sus-familiares-en-e-u-a-2\\\/#primaryimage\"},\"thumbnailUrl\":\"https:\\\/\\\/i0.wp.com\\\/elhijodelllanero.mx\\\/wp-content\\\/uploads\\\/2025\\\/05\\\/IMG-20250527-WA0002.jpg?fit=1600%2C1016&ssl=1\",\"datePublished\":\"2025-05-27T20:08:09+00:00\",\"author\":{\"@id\":\"https:\\\/\\\/elhijodelllanero.mx\\\/#\\\/schema\\\/person\\\/5dcfdd3db3a6f7e7906ef5d92cf7340b\"},\"breadcrumb\":{\"@id\":\"https:\\\/\\\/elhijodelllanero.mx\\\/index.php\\\/2025\\\/05\\\/27\\\/a-personas-de-la-tercera-edad-para-que-se-reencuentren-con-sus-familiares-en-e-u-a-2\\\/#breadcrumb\"},\"inLanguage\":\"es\",\"potentialAction\":[{\"@type\":\"ReadAction\",\"target\":[\"https:\\\/\\\/elhijodelllanero.mx\\\/index.php\\\/2025\\\/05\\\/27\\\/a-personas-de-la-tercera-edad-para-que-se-reencuentren-con-sus-familiares-en-e-u-a-2\\\/\"]}]},{\"@type\":\"ImageObject\",\"inLanguage\":\"es\",\"@id\":\"https:\\\/\\\/elhijodelllanero.mx\\\/index.php\\\/2025\\\/05\\\/27\\\/a-personas-de-la-tercera-edad-para-que-se-reencuentren-con-sus-familiares-en-e-u-a-2\\\/#primaryimage\",\"url\":\"https:\\\/\\\/i0.wp.com\\\/elhijodelllanero.mx\\\/wp-content\\\/uploads\\\/2025\\\/05\\\/IMG-20250527-WA0002.jpg?fit=1600%2C1016&ssl=1\",\"contentUrl\":\"https:\\\/\\\/i0.wp.com\\\/elhijodelllanero.mx\\\/wp-content\\\/uploads\\\/2025\\\/05\\\/IMG-20250527-WA0002.jpg?fit=1600%2C1016&ssl=1\",\"width\":1600,\"height\":1016},{\"@type\":\"BreadcrumbList\",\"@id\":\"https:\\\/\\\/elhijodelllanero.mx\\\/index.php\\\/2025\\\/05\\\/27\\\/a-personas-de-la-tercera-edad-para-que-se-reencuentren-con-sus-familiares-en-e-u-a-2\\\/#breadcrumb\",\"itemListElement\":[{\"@type\":\"ListItem\",\"position\":1,\"name\":\"Portada\",\"item\":\"https:\\\/\\\/elhijodelllanero.mx\\\/\"},{\"@type\":\"ListItem\",\"position\":2,\"name\":\"A PERSONAS DE LA TERCERA EDAD PARA QUE SE REENCUENTREN CON SUS FAMILIARES EN E.U.A.\"}]},{\"@type\":\"WebSite\",\"@id\":\"https:\\\/\\\/elhijodelllanero.mx\\\/#website\",\"url\":\"https:\\\/\\\/elhijodelllanero.mx\\\/\",\"name\":\"El Hijo del llanero solititito\",\"description\":\"\",\"potentialAction\":[{\"@type\":\"SearchAction\",\"target\":{\"@type\":\"EntryPoint\",\"urlTemplate\":\"https:\\\/\\\/elhijodelllanero.mx\\\/?s={search_term_string}\"},\"query-input\":{\"@type\":\"PropertyValueSpecification\",\"valueRequired\":true,\"valueName\":\"search_term_string\"}}],\"inLanguage\":\"es\"},{\"@type\":\"Person\",\"@id\":\"https:\\\/\\\/elhijodelllanero.mx\\\/#\\\/schema\\\/person\\\/5dcfdd3db3a6f7e7906ef5d92cf7340b\",\"name\":\"Redaccion\",\"image\":{\"@type\":\"ImageObject\",\"inLanguage\":\"es\",\"@id\":\"https:\\\/\\\/secure.gravatar.com\\\/avatar\\\/f65b913d6e7be363e7396f7fad32ab76d311fbb575fa7e623ec3ea4799f3b718?s=96&d=mm&r=g\",\"url\":\"https:\\\/\\\/secure.gravatar.com\\\/avatar\\\/f65b913d6e7be363e7396f7fad32ab76d311fbb575fa7e623ec3ea4799f3b718?s=96&d=mm&r=g\",\"contentUrl\":\"https:\\\/\\\/secure.gravatar.com\\\/avatar\\\/f65b913d6e7be363e7396f7fad32ab76d311fbb575fa7e623ec3ea4799f3b718?s=96&d=mm&r=g\",\"caption\":\"Redaccion\"},\"sameAs\":[\"https:\\\/\\\/www.elhijodelllanero.mx\"],\"url\":\"https:\\\/\\\/elhijodelllanero.mx\\\/index.php\\\/author\\\/admin_6smc8z8t\\\/\"}]}<\/script>\n<!-- \/ Yoast SEO plugin. -->","yoast_head_json":{"title":"A PERSONAS DE LA TERCERA EDAD PARA QUE SE REENCUENTREN CON SUS FAMILIARES EN E.U.A. - El Hijo del llanero solititito","robots":{"index":"index","follow":"follow","max-snippet":"max-snippet:-1","max-image-preview":"max-image-preview:large","max-video-preview":"max-video-preview:-1"},"canonical":"https:\/\/elhijodelllanero.mx\/index.php\/2025\/05\/27\/a-personas-de-la-tercera-edad-para-que-se-reencuentren-con-sus-familiares-en-e-u-a-2\/","og_locale":"es_ES","og_type":"article","og_title":"A PERSONAS DE LA TERCERA EDAD PARA QUE SE REENCUENTREN CON SUS FAMILIARES EN E.U.A. - El Hijo del llanero solititito","og_description":"Villagr\u00e1n, Gto. 27 de mayo del 2025.- A trav\u00e9s de la jefatura de Atenci\u00f3n al Migrante, fueron entregadas cuatro visas y ocho nuevas citas para realizar el tr\u00e1mite del documento, para personas de la tercera edad que buscan reencontrarse con sus seres queridos en los Estados Unidos de Am\u00e9rica. En un sencillo evento que se [&hellip;]","og_url":"https:\/\/elhijodelllanero.mx\/index.php\/2025\/05\/27\/a-personas-de-la-tercera-edad-para-que-se-reencuentren-con-sus-familiares-en-e-u-a-2\/","og_site_name":"El Hijo del llanero solititito","article_published_time":"2025-05-27T20:08:09+00:00","og_image":[{"width":1600,"height":1016,"url":"https:\/\/elhijodelllanero.mx\/wp-content\/uploads\/2025\/05\/IMG-20250527-WA0002.jpg","type":"image\/jpeg"}],"author":"Redaccion","twitter_card":"summary_large_image","twitter_misc":{"Escrito por":"Redaccion","Tiempo de lectura":"2 minutos"},"schema":{"@context":"https:\/\/schema.org","@graph":[{"@type":"Article","@id":"https:\/\/elhijodelllanero.mx\/index.php\/2025\/05\/27\/a-personas-de-la-tercera-edad-para-que-se-reencuentren-con-sus-familiares-en-e-u-a-2\/#article","isPartOf":{"@id":"https:\/\/elhijodelllanero.mx\/index.php\/2025\/05\/27\/a-personas-de-la-tercera-edad-para-que-se-reencuentren-con-sus-familiares-en-e-u-a-2\/"},"author":{"name":"Redaccion","@id":"https:\/\/elhijodelllanero.mx\/#\/schema\/person\/5dcfdd3db3a6f7e7906ef5d92cf7340b"},"headline":"A PERSONAS DE LA TERCERA EDAD PARA QUE SE REENCUENTREN CON SUS FAMILIARES EN E.U.A.","datePublished":"2025-05-27T20:08:09+00:00","mainEntityOfPage":{"@id":"https:\/\/elhijodelllanero.mx\/index.php\/2025\/05\/27\/a-personas-de-la-tercera-edad-para-que-se-reencuentren-con-sus-familiares-en-e-u-a-2\/"},"wordCount":437,"commentCount":0,"image":{"@id":"https:\/\/elhijodelllanero.mx\/index.php\/2025\/05\/27\/a-personas-de-la-tercera-edad-para-que-se-reencuentren-con-sus-familiares-en-e-u-a-2\/#primaryimage"},"thumbnailUrl":"https:\/\/i0.wp.com\/elhijodelllanero.mx\/wp-content\/uploads\/2025\/05\/IMG-20250527-WA0002.jpg?fit=1600%2C1016&ssl=1","articleSection":["MUNICIPIOS","Villagr\u00e1n"],"inLanguage":"es","potentialAction":[{"@type":"CommentAction","name":"Comment","target":["https:\/\/elhijodelllanero.mx\/index.php\/2025\/05\/27\/a-personas-de-la-tercera-edad-para-que-se-reencuentren-con-sus-familiares-en-e-u-a-2\/#respond"]}]},{"@type":"WebPage","@id":"https:\/\/elhijodelllanero.mx\/index.php\/2025\/05\/27\/a-personas-de-la-tercera-edad-para-que-se-reencuentren-con-sus-familiares-en-e-u-a-2\/","url":"https:\/\/elhijodelllanero.mx\/index.php\/2025\/05\/27\/a-personas-de-la-tercera-edad-para-que-se-reencuentren-con-sus-familiares-en-e-u-a-2\/","name":"A PERSONAS DE LA TERCERA EDAD PARA QUE SE REENCUENTREN CON SUS FAMILIARES EN E.U.A. - El Hijo del llanero solititito","isPartOf":{"@id":"https:\/\/elhijodelllanero.mx\/#website"},"primaryImageOfPage":{"@id":"https:\/\/elhijodelllanero.mx\/index.php\/2025\/05\/27\/a-personas-de-la-tercera-edad-para-que-se-reencuentren-con-sus-familiares-en-e-u-a-2\/#primaryimage"},"image":{"@id":"https:\/\/elhijodelllanero.mx\/index.php\/2025\/05\/27\/a-personas-de-la-tercera-edad-para-que-se-reencuentren-con-sus-familiares-en-e-u-a-2\/#primaryimage"},"thumbnailUrl":"https:\/\/i0.wp.com\/elhijodelllanero.mx\/wp-content\/uploads\/2025\/05\/IMG-20250527-WA0002.jpg?fit=1600%2C1016&ssl=1","datePublished":"2025-05-27T20:08:09+00:00","author":{"@id":"https:\/\/elhijodelllanero.mx\/#\/schema\/person\/5dcfdd3db3a6f7e7906ef5d92cf7340b"},"breadcrumb":{"@id":"https:\/\/elhijodelllanero.mx\/index.php\/2025\/05\/27\/a-personas-de-la-tercera-edad-para-que-se-reencuentren-con-sus-familiares-en-e-u-a-2\/#breadcrumb"},"inLanguage":"es","potentialAction":[{"@type":"ReadAction","target":["https:\/\/elhijodelllanero.mx\/index.php\/2025\/05\/27\/a-personas-de-la-tercera-edad-para-que-se-reencuentren-con-sus-familiares-en-e-u-a-2\/"]}]},{"@type":"ImageObject","inLanguage":"es","@id":"https:\/\/elhijodelllanero.mx\/index.php\/2025\/05\/27\/a-personas-de-la-tercera-edad-para-que-se-reencuentren-con-sus-familiares-en-e-u-a-2\/#primaryimage","url":"https:\/\/i0.wp.com\/elhijodelllanero.mx\/wp-content\/uploads\/2025\/05\/IMG-20250527-WA0002.jpg?fit=1600%2C1016&ssl=1","contentUrl":"https:\/\/i0.wp.com\/elhijodelllanero.mx\/wp-content\/uploads\/2025\/05\/IMG-20250527-WA0002.jpg?fit=1600%2C1016&ssl=1","width":1600,"height":1016},{"@type":"BreadcrumbList","@id":"https:\/\/elhijodelllanero.mx\/index.php\/2025\/05\/27\/a-personas-de-la-tercera-edad-para-que-se-reencuentren-con-sus-familiares-en-e-u-a-2\/#breadcrumb","itemListElement":[{"@type":"ListItem","position":1,"name":"Portada","item":"https:\/\/elhijodelllanero.mx\/"},{"@type":"ListItem","position":2,"name":"A PERSONAS DE LA TERCERA EDAD PARA QUE SE REENCUENTREN CON SUS FAMILIARES EN E.U.A."}]},{"@type":"WebSite","@id":"https:\/\/elhijodelllanero.mx\/#website","url":"https:\/\/elhijodelllanero.mx\/","name":"El Hijo del llanero solititito","description":"","potentialAction":[{"@type":"SearchAction","target":{"@type":"EntryPoint","urlTemplate":"https:\/\/elhijodelllanero.mx\/?s={search_term_string}"},"query-input":{"@type":"PropertyValueSpecification","valueRequired":true,"valueName":"search_term_string"}}],"inLanguage":"es"},{"@type":"Person","@id":"https:\/\/elhijodelllanero.mx\/#\/schema\/person\/5dcfdd3db3a6f7e7906ef5d92cf7340b","name":"Redaccion","image":{"@type":"ImageObject","inLanguage":"es","@id":"https:\/\/secure.gravatar.com\/avatar\/f65b913d6e7be363e7396f7fad32ab76d311fbb575fa7e623ec3ea4799f3b718?s=96&d=mm&r=g","url":"https:\/\/secure.gravatar.com\/avatar\/f65b913d6e7be363e7396f7fad32ab76d311fbb575fa7e623ec3ea4799f3b718?s=96&d=mm&r=g","contentUrl":"https:\/\/secure.gravatar.com\/avatar\/f65b913d6e7be363e7396f7fad32ab76d311fbb575fa7e623ec3ea4799f3b718?s=96&d=mm&r=g","caption":"Redaccion"},"sameAs":["https:\/\/www.elhijodelllanero.mx"],"url":"https:\/\/elhijodelllanero.mx\/index.php\/author\/admin_6smc8z8t\/"}]}},"jetpack_featured_media_url":"https:\/\/i0.wp.com\/elhijodelllanero.mx\/wp-content\/uploads\/2025\/05\/IMG-20250527-WA0002.jpg?fit=1600%2C1016&ssl=1","jetpack-related-posts":[],"jetpack_sharing_enabled":true,"_links":{"self":[{"href":"https:\/\/elhijodelllanero.mx\/index.php\/wp-json\/wp\/v2\/posts\/10339","targetHints":{"allow":["GET"]}}],"collection":[{"href":"https:\/\/elhijodelllanero.mx\/index.php\/wp-json\/wp\/v2\/posts"}],"about":[{"href":"https:\/\/elhijodelllanero.mx\/index.php\/wp-json\/wp\/v2\/types\/post"}],"author":[{"embeddable":true,"href":"https:\/\/elhijodelllanero.mx\/index.php\/wp-json\/wp\/v2\/users\/1"}],"replies":[{"embeddable":true,"href":"https:\/\/elhijodelllanero.mx\/index.php\/wp-json\/wp\/v2\/comments?post=10339"}],"version-history":[{"count":1,"href":"https:\/\/elhijodelllanero.mx\/index.php\/wp-json\/wp\/v2\/posts\/10339\/revisions"}],"predecessor-version":[{"id":10340,"href":"https:\/\/elhijodelllanero.mx\/index.php\/wp-json\/wp\/v2\/posts\/10339\/revisions\/10340"}],"wp:featuredmedia":[{"embeddable":true,"href":"https:\/\/elhijodelllanero.mx\/index.php\/wp-json\/wp\/v2\/media\/10333"}],"wp:attachment":[{"href":"https:\/\/elhijodelllanero.mx\/index.php\/wp-json\/wp\/v2\/media?parent=10339"}],"wp:term":[{"taxonomy":"category","embeddable":true,"href":"https:\/\/elhijodelllanero.mx\/index.php\/wp-json\/wp\/v2\/categories?post=10339"},{"taxonomy":"post_tag","embeddable":true,"href":"https:\/\/elhijodelllanero.mx\/index.php\/wp-json\/wp\/v2\/tags?post=10339"}],"curies":[{"name":"wp","href":"https:\/\/api.w.org\/{rel}","templated":true}]}}