{"id":10343,"date":"2025-05-27T20:15:37","date_gmt":"2025-05-27T20:15:37","guid":{"rendered":"https:\/\/elhijodelllanero.mx\/?p=10343"},"modified":"2025-05-27T20:15:37","modified_gmt":"2025-05-27T20:15:37","slug":"retoman-caravanas-de-promocion-para-atraer-turismo-de-otros-estados-a-celaya","status":"publish","type":"post","link":"https:\/\/elhijodelllanero.mx\/index.php\/2025\/05\/27\/retoman-caravanas-de-promocion-para-atraer-turismo-de-otros-estados-a-celaya\/","title":{"rendered":"RETOMAN CARAVANAS DE PROMOCI\u00d3N PARA ATRAER TURISMO DE OTROS ESTADOS A CELAYA."},"content":{"rendered":"<p><img data-recalc-dims=\"1\" loading=\"lazy\" decoding=\"async\" class=\"alignnone size-medium wp-image-10344\" src=\"https:\/\/i0.wp.com\/elhijodelllanero.mx\/wp-content\/uploads\/2025\/05\/IMG-20250527-WA0004.jpg?resize=300%2C200&#038;ssl=1\" alt=\"\" width=\"300\" height=\"200\" srcset=\"https:\/\/i0.wp.com\/elhijodelllanero.mx\/wp-content\/uploads\/2025\/05\/IMG-20250527-WA0004.jpg?resize=300%2C200&amp;ssl=1 300w, https:\/\/i0.wp.com\/elhijodelllanero.mx\/wp-content\/uploads\/2025\/05\/IMG-20250527-WA0004.jpg?resize=1024%2C684&amp;ssl=1 1024w, https:\/\/i0.wp.com\/elhijodelllanero.mx\/wp-content\/uploads\/2025\/05\/IMG-20250527-WA0004.jpg?resize=768%2C513&amp;ssl=1 768w, https:\/\/i0.wp.com\/elhijodelllanero.mx\/wp-content\/uploads\/2025\/05\/IMG-20250527-WA0004.jpg?resize=629%2C420&amp;ssl=1 629w, https:\/\/i0.wp.com\/elhijodelllanero.mx\/wp-content\/uploads\/2025\/05\/IMG-20250527-WA0004.jpg?resize=696%2C465&amp;ssl=1 696w, https:\/\/i0.wp.com\/elhijodelllanero.mx\/wp-content\/uploads\/2025\/05\/IMG-20250527-WA0004.jpg?resize=1068%2C713&amp;ssl=1 1068w, https:\/\/i0.wp.com\/elhijodelllanero.mx\/wp-content\/uploads\/2025\/05\/IMG-20250527-WA0004.jpg?w=1280&amp;ssl=1 1280w\" sizes=\"auto, (max-width: 300px) 100vw, 300px\" \/><\/p>\n<p>Celaya,Gto. 27 de mayo del 2025.- En San Luis Potos\u00ed, Ciudad de M\u00e9xico, Guadalajara y Aguascalientes se realizar\u00e1n los pr\u00f3ximos destinos que las caravanas de promoci\u00f3n para traer a otros lugares la cultura, tradiciones, la historia, gastronom\u00eda y ahora tambi\u00e9n las ventajas competitivas de Celaya, con el objetivo de atraer turismo y generar posibilidades de inversi\u00f3n.<\/p>\n<p>En rueda de prensa con el eje Econom\u00eda y Prosperidad, as\u00ed lo informaron este d\u00eda el director del Consejo de Turismo, Carlos Olvera, y la directora de Desarrollo Econ\u00f3mico, Analy de la Rocha, acompa\u00f1ados por el jefe de gabinete, Gustavo Paloalto.<\/p>\n<p>El director de Turismo record\u00f3 que el a\u00f1o pasado se realizaron las primeras caravanas tur\u00edsticas en ciudades como Quer\u00e9taro, Guadalajara, Aguascalientes y ahora, en este 2025, se busca continuar con esta estrategia para seguir promocionado al municipio como un lugar adecuado para el turismo.<\/p>\n<p>Durante estas caravanas se invita a participar a grupos de artesanos, productores de cajeta, cocineras tradicionales y artistas que muestran a los habitantes de otras regiones la belleza de la cultura y tradiciones de Celaya, adem\u00e1s de la promoci\u00f3n de los servicios hoteleros, restauranteros y tur\u00edsticos, por parte del Consejo de Turismo.<\/p>\n<p>En esta nueva etapa se sumar\u00e1 la direcci\u00f3n de Desarrollo Econ\u00f3mico que se encargar\u00e1 de mostrar las ventajas competitivas de Celaya, como la ubicaci\u00f3n, las v\u00edas de comunicaci\u00f3n, la mano de obra profesional y especializada, adem\u00e1s de las que se est\u00e1n generando ahora que el municipio fue incluido como uno de los Polos de Desarrollo del Bienestar, como la Puerta Log\u00edstica, el libramiento ferroviario y el tren de pasajeros, con el prop\u00f3sito de atraer posibles inversionistas.<\/p>\n<p>Las pr\u00f3ximas caravanas de promoci\u00f3n ser\u00e1 el 20, 21 y 22 de junio en San Luis Potos\u00ed; 4, 5 y 6 de julio en Ciudad de M\u00e9xico; 1, 2 y 3 de agosto en Guadalajara y los d\u00edas 5, 6 y 7 de septiembre, en Aguascalientes.<\/p>\n","protected":false},"excerpt":{"rendered":"<p>Celaya,Gto. 27 de mayo del 2025.- En San Luis Potos\u00ed, Ciudad de M\u00e9xico, Guadalajara y Aguascalientes se realizar\u00e1n los pr\u00f3ximos destinos que las caravanas de promoci\u00f3n para traer a otros lugares la cultura, tradiciones, la historia, gastronom\u00eda y ahora tambi\u00e9n las ventajas competitivas de Celaya, con el objetivo de atraer turismo y generar posibilidades de [&hellip;]<\/p>\n","protected":false},"author":3,"featured_media":0,"comment_status":"open","ping_status":"closed","sticky":false,"template":"","format":"standard","meta":{"_jetpack_newsletter_access":"","_jetpack_dont_email_post_to_subs":false,"_jetpack_newsletter_tier_id":0,"_jetpack_memberships_contains_paywalled_content":false,"_jetpack_memberships_contains_paid_content":false,"footnotes":""},"categories":[74],"tags":[],"class_list":{"0":"post-10343","1":"post","2":"type-post","3":"status-publish","4":"format-standard","6":"category-celaya"},"yoast_head":"<!-- This site is optimized with the Yoast SEO plugin v27.3 - https:\/\/yoast.com\/product\/yoast-seo-wordpress\/ -->\n<title>RETOMAN CARAVANAS DE PROMOCI\u00d3N PARA ATRAER TURISMO DE OTROS ESTADOS A CELAYA. - El Hijo del llanero solititito<\/title>\n<meta name=\"robots\" content=\"index, follow, max-snippet:-1, max-image-preview:large, max-video-preview:-1\" \/>\n<link rel=\"canonical\" href=\"https:\/\/elhijodelllanero.mx\/index.php\/2025\/05\/27\/retoman-caravanas-de-promocion-para-atraer-turismo-de-otros-estados-a-celaya\/\" \/>\n<meta property=\"og:locale\" content=\"es_ES\" \/>\n<meta property=\"og:type\" content=\"article\" \/>\n<meta property=\"og:title\" content=\"RETOMAN CARAVANAS DE PROMOCI\u00d3N PARA ATRAER TURISMO DE OTROS ESTADOS A CELAYA. - El Hijo del llanero solititito\" \/>\n<meta property=\"og:description\" content=\"Celaya,Gto. 27 de mayo del 2025.- En San Luis Potos\u00ed, Ciudad de M\u00e9xico, Guadalajara y Aguascalientes se realizar\u00e1n los pr\u00f3ximos destinos que las caravanas de promoci\u00f3n para traer a otros lugares la cultura, tradiciones, la historia, gastronom\u00eda y ahora tambi\u00e9n las ventajas competitivas de Celaya, con el objetivo de atraer turismo y generar posibilidades de [&hellip;]\" \/>\n<meta property=\"og:url\" content=\"https:\/\/elhijodelllanero.mx\/index.php\/2025\/05\/27\/retoman-caravanas-de-promocion-para-atraer-turismo-de-otros-estados-a-celaya\/\" \/>\n<meta property=\"og:site_name\" content=\"El Hijo del llanero solititito\" \/>\n<meta property=\"article:published_time\" content=\"2025-05-27T20:15:37+00:00\" \/>\n<meta property=\"og:image\" content=\"https:\/\/elhijodelllanero.mx\/wp-content\/uploads\/2025\/05\/IMG-20250527-WA0004-300x200.jpg\" \/>\n<meta name=\"author\" content=\"Mar\u00eda de la Paz Rodarte Ram\u00edrez\" \/>\n<meta name=\"twitter:card\" content=\"summary_large_image\" \/>\n<meta name=\"twitter:label1\" content=\"Escrito por\" \/>\n\t<meta name=\"twitter:data1\" content=\"Mar\u00eda de la Paz Rodarte Ram\u00edrez\" \/>\n\t<meta name=\"twitter:label2\" content=\"Tiempo de lectura\" \/>\n\t<meta name=\"twitter:data2\" content=\"2 minutos\" \/>\n<script type=\"application\/ld+json\" class=\"yoast-schema-graph\">{\"@context\":\"https:\\\/\\\/schema.org\",\"@graph\":[{\"@type\":\"Article\",\"@id\":\"https:\\\/\\\/elhijodelllanero.mx\\\/index.php\\\/2025\\\/05\\\/27\\\/retoman-caravanas-de-promocion-para-atraer-turismo-de-otros-estados-a-celaya\\\/#article\",\"isPartOf\":{\"@id\":\"https:\\\/\\\/elhijodelllanero.mx\\\/index.php\\\/2025\\\/05\\\/27\\\/retoman-caravanas-de-promocion-para-atraer-turismo-de-otros-estados-a-celaya\\\/\"},\"author\":{\"name\":\"Mar\u00eda de la Paz Rodarte Ram\u00edrez\",\"@id\":\"https:\\\/\\\/elhijodelllanero.mx\\\/#\\\/schema\\\/person\\\/c7f8c86c55c1eab44ae2b93a9628245f\"},\"headline\":\"RETOMAN CARAVANAS DE PROMOCI\u00d3N PARA ATRAER TURISMO DE OTROS ESTADOS A CELAYA.\",\"datePublished\":\"2025-05-27T20:15:37+00:00\",\"mainEntityOfPage\":{\"@id\":\"https:\\\/\\\/elhijodelllanero.mx\\\/index.php\\\/2025\\\/05\\\/27\\\/retoman-caravanas-de-promocion-para-atraer-turismo-de-otros-estados-a-celaya\\\/\"},\"wordCount\":345,\"commentCount\":0,\"image\":{\"@id\":\"https:\\\/\\\/elhijodelllanero.mx\\\/index.php\\\/2025\\\/05\\\/27\\\/retoman-caravanas-de-promocion-para-atraer-turismo-de-otros-estados-a-celaya\\\/#primaryimage\"},\"thumbnailUrl\":\"https:\\\/\\\/elhijodelllanero.mx\\\/wp-content\\\/uploads\\\/2025\\\/05\\\/IMG-20250527-WA0004-300x200.jpg\",\"articleSection\":[\"CELAYA\"],\"inLanguage\":\"es\",\"potentialAction\":[{\"@type\":\"CommentAction\",\"name\":\"Comment\",\"target\":[\"https:\\\/\\\/elhijodelllanero.mx\\\/index.php\\\/2025\\\/05\\\/27\\\/retoman-caravanas-de-promocion-para-atraer-turismo-de-otros-estados-a-celaya\\\/#respond\"]}]},{\"@type\":\"WebPage\",\"@id\":\"https:\\\/\\\/elhijodelllanero.mx\\\/index.php\\\/2025\\\/05\\\/27\\\/retoman-caravanas-de-promocion-para-atraer-turismo-de-otros-estados-a-celaya\\\/\",\"url\":\"https:\\\/\\\/elhijodelllanero.mx\\\/index.php\\\/2025\\\/05\\\/27\\\/retoman-caravanas-de-promocion-para-atraer-turismo-de-otros-estados-a-celaya\\\/\",\"name\":\"RETOMAN CARAVANAS DE PROMOCI\u00d3N PARA ATRAER TURISMO DE OTROS ESTADOS A CELAYA. - El Hijo del llanero solititito\",\"isPartOf\":{\"@id\":\"https:\\\/\\\/elhijodelllanero.mx\\\/#website\"},\"primaryImageOfPage\":{\"@id\":\"https:\\\/\\\/elhijodelllanero.mx\\\/index.php\\\/2025\\\/05\\\/27\\\/retoman-caravanas-de-promocion-para-atraer-turismo-de-otros-estados-a-celaya\\\/#primaryimage\"},\"image\":{\"@id\":\"https:\\\/\\\/elhijodelllanero.mx\\\/index.php\\\/2025\\\/05\\\/27\\\/retoman-caravanas-de-promocion-para-atraer-turismo-de-otros-estados-a-celaya\\\/#primaryimage\"},\"thumbnailUrl\":\"https:\\\/\\\/elhijodelllanero.mx\\\/wp-content\\\/uploads\\\/2025\\\/05\\\/IMG-20250527-WA0004-300x200.jpg\",\"datePublished\":\"2025-05-27T20:15:37+00:00\",\"author\":{\"@id\":\"https:\\\/\\\/elhijodelllanero.mx\\\/#\\\/schema\\\/person\\\/c7f8c86c55c1eab44ae2b93a9628245f\"},\"breadcrumb\":{\"@id\":\"https:\\\/\\\/elhijodelllanero.mx\\\/index.php\\\/2025\\\/05\\\/27\\\/retoman-caravanas-de-promocion-para-atraer-turismo-de-otros-estados-a-celaya\\\/#breadcrumb\"},\"inLanguage\":\"es\",\"potentialAction\":[{\"@type\":\"ReadAction\",\"target\":[\"https:\\\/\\\/elhijodelllanero.mx\\\/index.php\\\/2025\\\/05\\\/27\\\/retoman-caravanas-de-promocion-para-atraer-turismo-de-otros-estados-a-celaya\\\/\"]}]},{\"@type\":\"ImageObject\",\"inLanguage\":\"es\",\"@id\":\"https:\\\/\\\/elhijodelllanero.mx\\\/index.php\\\/2025\\\/05\\\/27\\\/retoman-caravanas-de-promocion-para-atraer-turismo-de-otros-estados-a-celaya\\\/#primaryimage\",\"url\":\"https:\\\/\\\/i0.wp.com\\\/elhijodelllanero.mx\\\/wp-content\\\/uploads\\\/2025\\\/05\\\/IMG-20250527-WA0004.jpg?fit=1280%2C855&ssl=1\",\"contentUrl\":\"https:\\\/\\\/i0.wp.com\\\/elhijodelllanero.mx\\\/wp-content\\\/uploads\\\/2025\\\/05\\\/IMG-20250527-WA0004.jpg?fit=1280%2C855&ssl=1\",\"width\":1280,\"height\":855},{\"@type\":\"BreadcrumbList\",\"@id\":\"https:\\\/\\\/elhijodelllanero.mx\\\/index.php\\\/2025\\\/05\\\/27\\\/retoman-caravanas-de-promocion-para-atraer-turismo-de-otros-estados-a-celaya\\\/#breadcrumb\",\"itemListElement\":[{\"@type\":\"ListItem\",\"position\":1,\"name\":\"Portada\",\"item\":\"https:\\\/\\\/elhijodelllanero.mx\\\/\"},{\"@type\":\"ListItem\",\"position\":2,\"name\":\"RETOMAN CARAVANAS DE PROMOCI\u00d3N PARA ATRAER TURISMO DE OTROS ESTADOS A CELAYA.\"}]},{\"@type\":\"WebSite\",\"@id\":\"https:\\\/\\\/elhijodelllanero.mx\\\/#website\",\"url\":\"https:\\\/\\\/elhijodelllanero.mx\\\/\",\"name\":\"El Hijo del llanero solititito\",\"description\":\"\",\"potentialAction\":[{\"@type\":\"SearchAction\",\"target\":{\"@type\":\"EntryPoint\",\"urlTemplate\":\"https:\\\/\\\/elhijodelllanero.mx\\\/?s={search_term_string}\"},\"query-input\":{\"@type\":\"PropertyValueSpecification\",\"valueRequired\":true,\"valueName\":\"search_term_string\"}}],\"inLanguage\":\"es\"},{\"@type\":\"Person\",\"@id\":\"https:\\\/\\\/elhijodelllanero.mx\\\/#\\\/schema\\\/person\\\/c7f8c86c55c1eab44ae2b93a9628245f\",\"name\":\"Mar\u00eda de la Paz Rodarte Ram\u00edrez\",\"image\":{\"@type\":\"ImageObject\",\"inLanguage\":\"es\",\"@id\":\"https:\\\/\\\/secure.gravatar.com\\\/avatar\\\/1f38f8518b09a266af73da2bce78d69e7d1275299970134ed62f572e0487e1d0?s=96&d=mm&r=g\",\"url\":\"https:\\\/\\\/secure.gravatar.com\\\/avatar\\\/1f38f8518b09a266af73da2bce78d69e7d1275299970134ed62f572e0487e1d0?s=96&d=mm&r=g\",\"contentUrl\":\"https:\\\/\\\/secure.gravatar.com\\\/avatar\\\/1f38f8518b09a266af73da2bce78d69e7d1275299970134ed62f572e0487e1d0?s=96&d=mm&r=g\",\"caption\":\"Mar\u00eda de la Paz Rodarte Ram\u00edrez\"},\"sameAs\":[\"https:\\\/\\\/www.elhijodelllanero.mx\"],\"url\":\"https:\\\/\\\/elhijodelllanero.mx\\\/index.php\\\/author\\\/maricuas\\\/\"}]}<\/script>\n<!-- \/ Yoast SEO plugin. -->","yoast_head_json":{"title":"RETOMAN CARAVANAS DE PROMOCI\u00d3N PARA ATRAER TURISMO DE OTROS ESTADOS A CELAYA. - El Hijo del llanero solititito","robots":{"index":"index","follow":"follow","max-snippet":"max-snippet:-1","max-image-preview":"max-image-preview:large","max-video-preview":"max-video-preview:-1"},"canonical":"https:\/\/elhijodelllanero.mx\/index.php\/2025\/05\/27\/retoman-caravanas-de-promocion-para-atraer-turismo-de-otros-estados-a-celaya\/","og_locale":"es_ES","og_type":"article","og_title":"RETOMAN CARAVANAS DE PROMOCI\u00d3N PARA ATRAER TURISMO DE OTROS ESTADOS A CELAYA. - El Hijo del llanero solititito","og_description":"Celaya,Gto. 27 de mayo del 2025.- En San Luis Potos\u00ed, Ciudad de M\u00e9xico, Guadalajara y Aguascalientes se realizar\u00e1n los pr\u00f3ximos destinos que las caravanas de promoci\u00f3n para traer a otros lugares la cultura, tradiciones, la historia, gastronom\u00eda y ahora tambi\u00e9n las ventajas competitivas de Celaya, con el objetivo de atraer turismo y generar posibilidades de [&hellip;]","og_url":"https:\/\/elhijodelllanero.mx\/index.php\/2025\/05\/27\/retoman-caravanas-de-promocion-para-atraer-turismo-de-otros-estados-a-celaya\/","og_site_name":"El Hijo del llanero solititito","article_published_time":"2025-05-27T20:15:37+00:00","og_image":[{"url":"https:\/\/elhijodelllanero.mx\/wp-content\/uploads\/2025\/05\/IMG-20250527-WA0004-300x200.jpg","type":"","width":"","height":""}],"author":"Mar\u00eda de la Paz Rodarte Ram\u00edrez","twitter_card":"summary_large_image","twitter_misc":{"Escrito por":"Mar\u00eda de la Paz Rodarte Ram\u00edrez","Tiempo de lectura":"2 minutos"},"schema":{"@context":"https:\/\/schema.org","@graph":[{"@type":"Article","@id":"https:\/\/elhijodelllanero.mx\/index.php\/2025\/05\/27\/retoman-caravanas-de-promocion-para-atraer-turismo-de-otros-estados-a-celaya\/#article","isPartOf":{"@id":"https:\/\/elhijodelllanero.mx\/index.php\/2025\/05\/27\/retoman-caravanas-de-promocion-para-atraer-turismo-de-otros-estados-a-celaya\/"},"author":{"name":"Mar\u00eda de la Paz Rodarte Ram\u00edrez","@id":"https:\/\/elhijodelllanero.mx\/#\/schema\/person\/c7f8c86c55c1eab44ae2b93a9628245f"},"headline":"RETOMAN CARAVANAS DE PROMOCI\u00d3N PARA ATRAER TURISMO DE OTROS ESTADOS A CELAYA.","datePublished":"2025-05-27T20:15:37+00:00","mainEntityOfPage":{"@id":"https:\/\/elhijodelllanero.mx\/index.php\/2025\/05\/27\/retoman-caravanas-de-promocion-para-atraer-turismo-de-otros-estados-a-celaya\/"},"wordCount":345,"commentCount":0,"image":{"@id":"https:\/\/elhijodelllanero.mx\/index.php\/2025\/05\/27\/retoman-caravanas-de-promocion-para-atraer-turismo-de-otros-estados-a-celaya\/#primaryimage"},"thumbnailUrl":"https:\/\/elhijodelllanero.mx\/wp-content\/uploads\/2025\/05\/IMG-20250527-WA0004-300x200.jpg","articleSection":["CELAYA"],"inLanguage":"es","potentialAction":[{"@type":"CommentAction","name":"Comment","target":["https:\/\/elhijodelllanero.mx\/index.php\/2025\/05\/27\/retoman-caravanas-de-promocion-para-atraer-turismo-de-otros-estados-a-celaya\/#respond"]}]},{"@type":"WebPage","@id":"https:\/\/elhijodelllanero.mx\/index.php\/2025\/05\/27\/retoman-caravanas-de-promocion-para-atraer-turismo-de-otros-estados-a-celaya\/","url":"https:\/\/elhijodelllanero.mx\/index.php\/2025\/05\/27\/retoman-caravanas-de-promocion-para-atraer-turismo-de-otros-estados-a-celaya\/","name":"RETOMAN CARAVANAS DE PROMOCI\u00d3N PARA ATRAER TURISMO DE OTROS ESTADOS A CELAYA. - El Hijo del llanero solititito","isPartOf":{"@id":"https:\/\/elhijodelllanero.mx\/#website"},"primaryImageOfPage":{"@id":"https:\/\/elhijodelllanero.mx\/index.php\/2025\/05\/27\/retoman-caravanas-de-promocion-para-atraer-turismo-de-otros-estados-a-celaya\/#primaryimage"},"image":{"@id":"https:\/\/elhijodelllanero.mx\/index.php\/2025\/05\/27\/retoman-caravanas-de-promocion-para-atraer-turismo-de-otros-estados-a-celaya\/#primaryimage"},"thumbnailUrl":"https:\/\/elhijodelllanero.mx\/wp-content\/uploads\/2025\/05\/IMG-20250527-WA0004-300x200.jpg","datePublished":"2025-05-27T20:15:37+00:00","author":{"@id":"https:\/\/elhijodelllanero.mx\/#\/schema\/person\/c7f8c86c55c1eab44ae2b93a9628245f"},"breadcrumb":{"@id":"https:\/\/elhijodelllanero.mx\/index.php\/2025\/05\/27\/retoman-caravanas-de-promocion-para-atraer-turismo-de-otros-estados-a-celaya\/#breadcrumb"},"inLanguage":"es","potentialAction":[{"@type":"ReadAction","target":["https:\/\/elhijodelllanero.mx\/index.php\/2025\/05\/27\/retoman-caravanas-de-promocion-para-atraer-turismo-de-otros-estados-a-celaya\/"]}]},{"@type":"ImageObject","inLanguage":"es","@id":"https:\/\/elhijodelllanero.mx\/index.php\/2025\/05\/27\/retoman-caravanas-de-promocion-para-atraer-turismo-de-otros-estados-a-celaya\/#primaryimage","url":"https:\/\/i0.wp.com\/elhijodelllanero.mx\/wp-content\/uploads\/2025\/05\/IMG-20250527-WA0004.jpg?fit=1280%2C855&ssl=1","contentUrl":"https:\/\/i0.wp.com\/elhijodelllanero.mx\/wp-content\/uploads\/2025\/05\/IMG-20250527-WA0004.jpg?fit=1280%2C855&ssl=1","width":1280,"height":855},{"@type":"BreadcrumbList","@id":"https:\/\/elhijodelllanero.mx\/index.php\/2025\/05\/27\/retoman-caravanas-de-promocion-para-atraer-turismo-de-otros-estados-a-celaya\/#breadcrumb","itemListElement":[{"@type":"ListItem","position":1,"name":"Portada","item":"https:\/\/elhijodelllanero.mx\/"},{"@type":"ListItem","position":2,"name":"RETOMAN CARAVANAS DE PROMOCI\u00d3N PARA ATRAER TURISMO DE OTROS ESTADOS A CELAYA."}]},{"@type":"WebSite","@id":"https:\/\/elhijodelllanero.mx\/#website","url":"https:\/\/elhijodelllanero.mx\/","name":"El Hijo del llanero solititito","description":"","potentialAction":[{"@type":"SearchAction","target":{"@type":"EntryPoint","urlTemplate":"https:\/\/elhijodelllanero.mx\/?s={search_term_string}"},"query-input":{"@type":"PropertyValueSpecification","valueRequired":true,"valueName":"search_term_string"}}],"inLanguage":"es"},{"@type":"Person","@id":"https:\/\/elhijodelllanero.mx\/#\/schema\/person\/c7f8c86c55c1eab44ae2b93a9628245f","name":"Mar\u00eda de la Paz Rodarte Ram\u00edrez","image":{"@type":"ImageObject","inLanguage":"es","@id":"https:\/\/secure.gravatar.com\/avatar\/1f38f8518b09a266af73da2bce78d69e7d1275299970134ed62f572e0487e1d0?s=96&d=mm&r=g","url":"https:\/\/secure.gravatar.com\/avatar\/1f38f8518b09a266af73da2bce78d69e7d1275299970134ed62f572e0487e1d0?s=96&d=mm&r=g","contentUrl":"https:\/\/secure.gravatar.com\/avatar\/1f38f8518b09a266af73da2bce78d69e7d1275299970134ed62f572e0487e1d0?s=96&d=mm&r=g","caption":"Mar\u00eda de la Paz Rodarte Ram\u00edrez"},"sameAs":["https:\/\/www.elhijodelllanero.mx"],"url":"https:\/\/elhijodelllanero.mx\/index.php\/author\/maricuas\/"}]}},"jetpack_featured_media_url":"","jetpack-related-posts":[],"jetpack_sharing_enabled":true,"_links":{"self":[{"href":"https:\/\/elhijodelllanero.mx\/index.php\/wp-json\/wp\/v2\/posts\/10343","targetHints":{"allow":["GET"]}}],"collection":[{"href":"https:\/\/elhijodelllanero.mx\/index.php\/wp-json\/wp\/v2\/posts"}],"about":[{"href":"https:\/\/elhijodelllanero.mx\/index.php\/wp-json\/wp\/v2\/types\/post"}],"author":[{"embeddable":true,"href":"https:\/\/elhijodelllanero.mx\/index.php\/wp-json\/wp\/v2\/users\/3"}],"replies":[{"embeddable":true,"href":"https:\/\/elhijodelllanero.mx\/index.php\/wp-json\/wp\/v2\/comments?post=10343"}],"version-history":[{"count":1,"href":"https:\/\/elhijodelllanero.mx\/index.php\/wp-json\/wp\/v2\/posts\/10343\/revisions"}],"predecessor-version":[{"id":10345,"href":"https:\/\/elhijodelllanero.mx\/index.php\/wp-json\/wp\/v2\/posts\/10343\/revisions\/10345"}],"wp:attachment":[{"href":"https:\/\/elhijodelllanero.mx\/index.php\/wp-json\/wp\/v2\/media?parent=10343"}],"wp:term":[{"taxonomy":"category","embeddable":true,"href":"https:\/\/elhijodelllanero.mx\/index.php\/wp-json\/wp\/v2\/categories?post=10343"},{"taxonomy":"post_tag","embeddable":true,"href":"https:\/\/elhijodelllanero.mx\/index.php\/wp-json\/wp\/v2\/tags?post=10343"}],"curies":[{"name":"wp","href":"https:\/\/api.w.org\/{rel}","templated":true}]}}