{"id":10353,"date":"2025-05-27T20:39:34","date_gmt":"2025-05-27T20:39:34","guid":{"rendered":"https:\/\/elhijodelllanero.mx\/?p=10353"},"modified":"2025-05-27T20:39:34","modified_gmt":"2025-05-27T20:39:34","slug":"celayense-tenista-campeon-en-puerto-escondido","status":"publish","type":"post","link":"https:\/\/elhijodelllanero.mx\/index.php\/2025\/05\/27\/celayense-tenista-campeon-en-puerto-escondido\/","title":{"rendered":"CELAYENSE TENISTA CAMPE\u00d3N EN PUERTO ESCONDIDO."},"content":{"rendered":"<p>&nbsp;<\/p>\n<p>&nbsp;<\/p>\n<p><img data-recalc-dims=\"1\" loading=\"lazy\" decoding=\"async\" class=\"alignnone size-medium wp-image-10354\" src=\"https:\/\/i0.wp.com\/elhijodelllanero.mx\/wp-content\/uploads\/2025\/05\/IMG-20250527-WA0010.jpg?resize=300%2C281&#038;ssl=1\" alt=\"\" width=\"300\" height=\"281\" srcset=\"https:\/\/i0.wp.com\/elhijodelllanero.mx\/wp-content\/uploads\/2025\/05\/IMG-20250527-WA0010.jpg?resize=300%2C281&amp;ssl=1 300w, https:\/\/i0.wp.com\/elhijodelllanero.mx\/wp-content\/uploads\/2025\/05\/IMG-20250527-WA0010.jpg?resize=1024%2C961&amp;ssl=1 1024w, https:\/\/i0.wp.com\/elhijodelllanero.mx\/wp-content\/uploads\/2025\/05\/IMG-20250527-WA0010.jpg?resize=768%2C721&amp;ssl=1 768w, https:\/\/i0.wp.com\/elhijodelllanero.mx\/wp-content\/uploads\/2025\/05\/IMG-20250527-WA0010.jpg?resize=448%2C420&amp;ssl=1 448w, https:\/\/i0.wp.com\/elhijodelllanero.mx\/wp-content\/uploads\/2025\/05\/IMG-20250527-WA0010.jpg?resize=696%2C653&amp;ssl=1 696w, https:\/\/i0.wp.com\/elhijodelllanero.mx\/wp-content\/uploads\/2025\/05\/IMG-20250527-WA0010.jpg?resize=1068%2C1002&amp;ssl=1 1068w, https:\/\/i0.wp.com\/elhijodelllanero.mx\/wp-content\/uploads\/2025\/05\/IMG-20250527-WA0010.jpg?w=1280&amp;ssl=1 1280w\" sizes=\"auto, (max-width: 300px) 100vw, 300px\" \/><\/p>\n<p>Celaya, Gto. 27 de mayo del 2025.- El tenista celayense, Mauricio Schtulmann Gasca volvi\u00f3 a alzarse con un trofeo de campe\u00f3n, ahora fue en torneo ITF categor\u00eda J60, llevado a cabo en Puesto Escondido, Oaxaca.<\/p>\n<p>Schtulmann jug\u00f3 la final ante Oliver Aguilar Gasper\u00edn, dobleg\u00e1ndolo en dos sets, 6-2 y 6-2, adjudic\u00e1ndose el t\u00edtulo de este certamen oaxaque\u00f1o y reafirmando su buen paso en el \u201cDeporte Blanco\u201d.<\/p>\n<p>En lo que se refiere a las semifinales, el celayense se midi\u00f3 a Guillermo Narcio, imponi\u00e9ndose por 5-7, 6-4 y 6-2. Mauricio demostr\u00f3 su experiencia en cada uno de los partidos de este torneo, llev\u00e1ndolo hasta el campeonato.<\/p>\n<p>Para Schtulmann Gasca es el segundo t\u00edtulo del a\u00f1o, pero el primero en categor\u00eda J60 y el cuarto en su carrera. En abril pasado, consigui\u00f3 el J30 en La Habana, mientras que el a\u00f1o pasado, hizo lo propio en el J30 en Tabasco. En el a\u00f1o 2023, gan\u00f3 el J30 en Aguascalientes.<\/p>\n","protected":false},"excerpt":{"rendered":"<p>&nbsp; &nbsp; Celaya, Gto. 27 de mayo del 2025.- El tenista celayense, Mauricio Schtulmann Gasca volvi\u00f3 a alzarse con un trofeo de campe\u00f3n, ahora fue en torneo ITF categor\u00eda J60, llevado a cabo en Puesto Escondido, Oaxaca. Schtulmann jug\u00f3 la final ante Oliver Aguilar Gasper\u00edn, dobleg\u00e1ndolo en dos sets, 6-2 y 6-2, adjudic\u00e1ndose el t\u00edtulo [&hellip;]<\/p>\n","protected":false},"author":3,"featured_media":0,"comment_status":"open","ping_status":"closed","sticky":false,"template":"","format":"standard","meta":{"_jetpack_newsletter_access":"","_jetpack_dont_email_post_to_subs":false,"_jetpack_newsletter_tier_id":0,"_jetpack_memberships_contains_paywalled_content":false,"_jetpack_memberships_contains_paid_content":false,"footnotes":""},"categories":[40],"tags":[],"class_list":{"0":"post-10353","1":"post","2":"type-post","3":"status-publish","4":"format-standard","6":"category-deportes"},"yoast_head":"<!-- This site is optimized with the Yoast SEO plugin v27.3 - https:\/\/yoast.com\/product\/yoast-seo-wordpress\/ -->\n<title>CELAYENSE TENISTA CAMPE\u00d3N EN PUERTO ESCONDIDO. - El Hijo del llanero solititito<\/title>\n<meta name=\"robots\" content=\"index, follow, max-snippet:-1, max-image-preview:large, max-video-preview:-1\" \/>\n<link rel=\"canonical\" href=\"https:\/\/elhijodelllanero.mx\/index.php\/2025\/05\/27\/celayense-tenista-campeon-en-puerto-escondido\/\" \/>\n<meta property=\"og:locale\" content=\"es_ES\" \/>\n<meta property=\"og:type\" content=\"article\" \/>\n<meta property=\"og:title\" content=\"CELAYENSE TENISTA CAMPE\u00d3N EN PUERTO ESCONDIDO. - El Hijo del llanero solititito\" \/>\n<meta property=\"og:description\" content=\"&nbsp; &nbsp; Celaya, Gto. 27 de mayo del 2025.- El tenista celayense, Mauricio Schtulmann Gasca volvi\u00f3 a alzarse con un trofeo de campe\u00f3n, ahora fue en torneo ITF categor\u00eda J60, llevado a cabo en Puesto Escondido, Oaxaca. Schtulmann jug\u00f3 la final ante Oliver Aguilar Gasper\u00edn, dobleg\u00e1ndolo en dos sets, 6-2 y 6-2, adjudic\u00e1ndose el t\u00edtulo [&hellip;]\" \/>\n<meta property=\"og:url\" content=\"https:\/\/elhijodelllanero.mx\/index.php\/2025\/05\/27\/celayense-tenista-campeon-en-puerto-escondido\/\" \/>\n<meta property=\"og:site_name\" content=\"El Hijo del llanero solititito\" \/>\n<meta property=\"article:published_time\" content=\"2025-05-27T20:39:34+00:00\" \/>\n<meta property=\"og:image\" content=\"https:\/\/elhijodelllanero.mx\/wp-content\/uploads\/2025\/05\/IMG-20250527-WA0010-300x281.jpg\" \/>\n<meta name=\"author\" content=\"Mar\u00eda de la Paz Rodarte Ram\u00edrez\" \/>\n<meta name=\"twitter:card\" content=\"summary_large_image\" \/>\n<meta name=\"twitter:label1\" content=\"Escrito por\" \/>\n\t<meta name=\"twitter:data1\" content=\"Mar\u00eda de la Paz Rodarte Ram\u00edrez\" \/>\n\t<meta name=\"twitter:label2\" content=\"Tiempo de lectura\" \/>\n\t<meta name=\"twitter:data2\" content=\"1 minuto\" \/>\n<script type=\"application\/ld+json\" class=\"yoast-schema-graph\">{\"@context\":\"https:\\\/\\\/schema.org\",\"@graph\":[{\"@type\":\"Article\",\"@id\":\"https:\\\/\\\/elhijodelllanero.mx\\\/index.php\\\/2025\\\/05\\\/27\\\/celayense-tenista-campeon-en-puerto-escondido\\\/#article\",\"isPartOf\":{\"@id\":\"https:\\\/\\\/elhijodelllanero.mx\\\/index.php\\\/2025\\\/05\\\/27\\\/celayense-tenista-campeon-en-puerto-escondido\\\/\"},\"author\":{\"name\":\"Mar\u00eda de la Paz Rodarte Ram\u00edrez\",\"@id\":\"https:\\\/\\\/elhijodelllanero.mx\\\/#\\\/schema\\\/person\\\/c7f8c86c55c1eab44ae2b93a9628245f\"},\"headline\":\"CELAYENSE TENISTA CAMPE\u00d3N EN PUERTO ESCONDIDO.\",\"datePublished\":\"2025-05-27T20:39:34+00:00\",\"mainEntityOfPage\":{\"@id\":\"https:\\\/\\\/elhijodelllanero.mx\\\/index.php\\\/2025\\\/05\\\/27\\\/celayense-tenista-campeon-en-puerto-escondido\\\/\"},\"wordCount\":177,\"commentCount\":0,\"image\":{\"@id\":\"https:\\\/\\\/elhijodelllanero.mx\\\/index.php\\\/2025\\\/05\\\/27\\\/celayense-tenista-campeon-en-puerto-escondido\\\/#primaryimage\"},\"thumbnailUrl\":\"https:\\\/\\\/elhijodelllanero.mx\\\/wp-content\\\/uploads\\\/2025\\\/05\\\/IMG-20250527-WA0010-300x281.jpg\",\"articleSection\":[\"DEPORTES\"],\"inLanguage\":\"es\",\"potentialAction\":[{\"@type\":\"CommentAction\",\"name\":\"Comment\",\"target\":[\"https:\\\/\\\/elhijodelllanero.mx\\\/index.php\\\/2025\\\/05\\\/27\\\/celayense-tenista-campeon-en-puerto-escondido\\\/#respond\"]}]},{\"@type\":\"WebPage\",\"@id\":\"https:\\\/\\\/elhijodelllanero.mx\\\/index.php\\\/2025\\\/05\\\/27\\\/celayense-tenista-campeon-en-puerto-escondido\\\/\",\"url\":\"https:\\\/\\\/elhijodelllanero.mx\\\/index.php\\\/2025\\\/05\\\/27\\\/celayense-tenista-campeon-en-puerto-escondido\\\/\",\"name\":\"CELAYENSE TENISTA CAMPE\u00d3N EN PUERTO ESCONDIDO. - El Hijo del llanero solititito\",\"isPartOf\":{\"@id\":\"https:\\\/\\\/elhijodelllanero.mx\\\/#website\"},\"primaryImageOfPage\":{\"@id\":\"https:\\\/\\\/elhijodelllanero.mx\\\/index.php\\\/2025\\\/05\\\/27\\\/celayense-tenista-campeon-en-puerto-escondido\\\/#primaryimage\"},\"image\":{\"@id\":\"https:\\\/\\\/elhijodelllanero.mx\\\/index.php\\\/2025\\\/05\\\/27\\\/celayense-tenista-campeon-en-puerto-escondido\\\/#primaryimage\"},\"thumbnailUrl\":\"https:\\\/\\\/elhijodelllanero.mx\\\/wp-content\\\/uploads\\\/2025\\\/05\\\/IMG-20250527-WA0010-300x281.jpg\",\"datePublished\":\"2025-05-27T20:39:34+00:00\",\"author\":{\"@id\":\"https:\\\/\\\/elhijodelllanero.mx\\\/#\\\/schema\\\/person\\\/c7f8c86c55c1eab44ae2b93a9628245f\"},\"breadcrumb\":{\"@id\":\"https:\\\/\\\/elhijodelllanero.mx\\\/index.php\\\/2025\\\/05\\\/27\\\/celayense-tenista-campeon-en-puerto-escondido\\\/#breadcrumb\"},\"inLanguage\":\"es\",\"potentialAction\":[{\"@type\":\"ReadAction\",\"target\":[\"https:\\\/\\\/elhijodelllanero.mx\\\/index.php\\\/2025\\\/05\\\/27\\\/celayense-tenista-campeon-en-puerto-escondido\\\/\"]}]},{\"@type\":\"ImageObject\",\"inLanguage\":\"es\",\"@id\":\"https:\\\/\\\/elhijodelllanero.mx\\\/index.php\\\/2025\\\/05\\\/27\\\/celayense-tenista-campeon-en-puerto-escondido\\\/#primaryimage\",\"url\":\"https:\\\/\\\/i0.wp.com\\\/elhijodelllanero.mx\\\/wp-content\\\/uploads\\\/2025\\\/05\\\/IMG-20250527-WA0010.jpg?fit=1280%2C1201&ssl=1\",\"contentUrl\":\"https:\\\/\\\/i0.wp.com\\\/elhijodelllanero.mx\\\/wp-content\\\/uploads\\\/2025\\\/05\\\/IMG-20250527-WA0010.jpg?fit=1280%2C1201&ssl=1\",\"width\":1280,\"height\":1201},{\"@type\":\"BreadcrumbList\",\"@id\":\"https:\\\/\\\/elhijodelllanero.mx\\\/index.php\\\/2025\\\/05\\\/27\\\/celayense-tenista-campeon-en-puerto-escondido\\\/#breadcrumb\",\"itemListElement\":[{\"@type\":\"ListItem\",\"position\":1,\"name\":\"Portada\",\"item\":\"https:\\\/\\\/elhijodelllanero.mx\\\/\"},{\"@type\":\"ListItem\",\"position\":2,\"name\":\"CELAYENSE TENISTA CAMPE\u00d3N EN PUERTO ESCONDIDO.\"}]},{\"@type\":\"WebSite\",\"@id\":\"https:\\\/\\\/elhijodelllanero.mx\\\/#website\",\"url\":\"https:\\\/\\\/elhijodelllanero.mx\\\/\",\"name\":\"El Hijo del llanero solititito\",\"description\":\"\",\"potentialAction\":[{\"@type\":\"SearchAction\",\"target\":{\"@type\":\"EntryPoint\",\"urlTemplate\":\"https:\\\/\\\/elhijodelllanero.mx\\\/?s={search_term_string}\"},\"query-input\":{\"@type\":\"PropertyValueSpecification\",\"valueRequired\":true,\"valueName\":\"search_term_string\"}}],\"inLanguage\":\"es\"},{\"@type\":\"Person\",\"@id\":\"https:\\\/\\\/elhijodelllanero.mx\\\/#\\\/schema\\\/person\\\/c7f8c86c55c1eab44ae2b93a9628245f\",\"name\":\"Mar\u00eda de la Paz Rodarte Ram\u00edrez\",\"image\":{\"@type\":\"ImageObject\",\"inLanguage\":\"es\",\"@id\":\"https:\\\/\\\/secure.gravatar.com\\\/avatar\\\/1f38f8518b09a266af73da2bce78d69e7d1275299970134ed62f572e0487e1d0?s=96&d=mm&r=g\",\"url\":\"https:\\\/\\\/secure.gravatar.com\\\/avatar\\\/1f38f8518b09a266af73da2bce78d69e7d1275299970134ed62f572e0487e1d0?s=96&d=mm&r=g\",\"contentUrl\":\"https:\\\/\\\/secure.gravatar.com\\\/avatar\\\/1f38f8518b09a266af73da2bce78d69e7d1275299970134ed62f572e0487e1d0?s=96&d=mm&r=g\",\"caption\":\"Mar\u00eda de la Paz Rodarte Ram\u00edrez\"},\"sameAs\":[\"https:\\\/\\\/www.elhijodelllanero.mx\"],\"url\":\"https:\\\/\\\/elhijodelllanero.mx\\\/index.php\\\/author\\\/maricuas\\\/\"}]}<\/script>\n<!-- \/ Yoast SEO plugin. -->","yoast_head_json":{"title":"CELAYENSE TENISTA CAMPE\u00d3N EN PUERTO ESCONDIDO. - El Hijo del llanero solititito","robots":{"index":"index","follow":"follow","max-snippet":"max-snippet:-1","max-image-preview":"max-image-preview:large","max-video-preview":"max-video-preview:-1"},"canonical":"https:\/\/elhijodelllanero.mx\/index.php\/2025\/05\/27\/celayense-tenista-campeon-en-puerto-escondido\/","og_locale":"es_ES","og_type":"article","og_title":"CELAYENSE TENISTA CAMPE\u00d3N EN PUERTO ESCONDIDO. - El Hijo del llanero solititito","og_description":"&nbsp; &nbsp; Celaya, Gto. 27 de mayo del 2025.- El tenista celayense, Mauricio Schtulmann Gasca volvi\u00f3 a alzarse con un trofeo de campe\u00f3n, ahora fue en torneo ITF categor\u00eda J60, llevado a cabo en Puesto Escondido, Oaxaca. Schtulmann jug\u00f3 la final ante Oliver Aguilar Gasper\u00edn, dobleg\u00e1ndolo en dos sets, 6-2 y 6-2, adjudic\u00e1ndose el t\u00edtulo [&hellip;]","og_url":"https:\/\/elhijodelllanero.mx\/index.php\/2025\/05\/27\/celayense-tenista-campeon-en-puerto-escondido\/","og_site_name":"El Hijo del llanero solititito","article_published_time":"2025-05-27T20:39:34+00:00","og_image":[{"url":"https:\/\/elhijodelllanero.mx\/wp-content\/uploads\/2025\/05\/IMG-20250527-WA0010-300x281.jpg","type":"","width":"","height":""}],"author":"Mar\u00eda de la Paz Rodarte Ram\u00edrez","twitter_card":"summary_large_image","twitter_misc":{"Escrito por":"Mar\u00eda de la Paz Rodarte Ram\u00edrez","Tiempo de lectura":"1 minuto"},"schema":{"@context":"https:\/\/schema.org","@graph":[{"@type":"Article","@id":"https:\/\/elhijodelllanero.mx\/index.php\/2025\/05\/27\/celayense-tenista-campeon-en-puerto-escondido\/#article","isPartOf":{"@id":"https:\/\/elhijodelllanero.mx\/index.php\/2025\/05\/27\/celayense-tenista-campeon-en-puerto-escondido\/"},"author":{"name":"Mar\u00eda de la Paz Rodarte Ram\u00edrez","@id":"https:\/\/elhijodelllanero.mx\/#\/schema\/person\/c7f8c86c55c1eab44ae2b93a9628245f"},"headline":"CELAYENSE TENISTA CAMPE\u00d3N EN PUERTO ESCONDIDO.","datePublished":"2025-05-27T20:39:34+00:00","mainEntityOfPage":{"@id":"https:\/\/elhijodelllanero.mx\/index.php\/2025\/05\/27\/celayense-tenista-campeon-en-puerto-escondido\/"},"wordCount":177,"commentCount":0,"image":{"@id":"https:\/\/elhijodelllanero.mx\/index.php\/2025\/05\/27\/celayense-tenista-campeon-en-puerto-escondido\/#primaryimage"},"thumbnailUrl":"https:\/\/elhijodelllanero.mx\/wp-content\/uploads\/2025\/05\/IMG-20250527-WA0010-300x281.jpg","articleSection":["DEPORTES"],"inLanguage":"es","potentialAction":[{"@type":"CommentAction","name":"Comment","target":["https:\/\/elhijodelllanero.mx\/index.php\/2025\/05\/27\/celayense-tenista-campeon-en-puerto-escondido\/#respond"]}]},{"@type":"WebPage","@id":"https:\/\/elhijodelllanero.mx\/index.php\/2025\/05\/27\/celayense-tenista-campeon-en-puerto-escondido\/","url":"https:\/\/elhijodelllanero.mx\/index.php\/2025\/05\/27\/celayense-tenista-campeon-en-puerto-escondido\/","name":"CELAYENSE TENISTA CAMPE\u00d3N EN PUERTO ESCONDIDO. - El Hijo del llanero solititito","isPartOf":{"@id":"https:\/\/elhijodelllanero.mx\/#website"},"primaryImageOfPage":{"@id":"https:\/\/elhijodelllanero.mx\/index.php\/2025\/05\/27\/celayense-tenista-campeon-en-puerto-escondido\/#primaryimage"},"image":{"@id":"https:\/\/elhijodelllanero.mx\/index.php\/2025\/05\/27\/celayense-tenista-campeon-en-puerto-escondido\/#primaryimage"},"thumbnailUrl":"https:\/\/elhijodelllanero.mx\/wp-content\/uploads\/2025\/05\/IMG-20250527-WA0010-300x281.jpg","datePublished":"2025-05-27T20:39:34+00:00","author":{"@id":"https:\/\/elhijodelllanero.mx\/#\/schema\/person\/c7f8c86c55c1eab44ae2b93a9628245f"},"breadcrumb":{"@id":"https:\/\/elhijodelllanero.mx\/index.php\/2025\/05\/27\/celayense-tenista-campeon-en-puerto-escondido\/#breadcrumb"},"inLanguage":"es","potentialAction":[{"@type":"ReadAction","target":["https:\/\/elhijodelllanero.mx\/index.php\/2025\/05\/27\/celayense-tenista-campeon-en-puerto-escondido\/"]}]},{"@type":"ImageObject","inLanguage":"es","@id":"https:\/\/elhijodelllanero.mx\/index.php\/2025\/05\/27\/celayense-tenista-campeon-en-puerto-escondido\/#primaryimage","url":"https:\/\/i0.wp.com\/elhijodelllanero.mx\/wp-content\/uploads\/2025\/05\/IMG-20250527-WA0010.jpg?fit=1280%2C1201&ssl=1","contentUrl":"https:\/\/i0.wp.com\/elhijodelllanero.mx\/wp-content\/uploads\/2025\/05\/IMG-20250527-WA0010.jpg?fit=1280%2C1201&ssl=1","width":1280,"height":1201},{"@type":"BreadcrumbList","@id":"https:\/\/elhijodelllanero.mx\/index.php\/2025\/05\/27\/celayense-tenista-campeon-en-puerto-escondido\/#breadcrumb","itemListElement":[{"@type":"ListItem","position":1,"name":"Portada","item":"https:\/\/elhijodelllanero.mx\/"},{"@type":"ListItem","position":2,"name":"CELAYENSE TENISTA CAMPE\u00d3N EN PUERTO ESCONDIDO."}]},{"@type":"WebSite","@id":"https:\/\/elhijodelllanero.mx\/#website","url":"https:\/\/elhijodelllanero.mx\/","name":"El Hijo del llanero solititito","description":"","potentialAction":[{"@type":"SearchAction","target":{"@type":"EntryPoint","urlTemplate":"https:\/\/elhijodelllanero.mx\/?s={search_term_string}"},"query-input":{"@type":"PropertyValueSpecification","valueRequired":true,"valueName":"search_term_string"}}],"inLanguage":"es"},{"@type":"Person","@id":"https:\/\/elhijodelllanero.mx\/#\/schema\/person\/c7f8c86c55c1eab44ae2b93a9628245f","name":"Mar\u00eda de la Paz Rodarte Ram\u00edrez","image":{"@type":"ImageObject","inLanguage":"es","@id":"https:\/\/secure.gravatar.com\/avatar\/1f38f8518b09a266af73da2bce78d69e7d1275299970134ed62f572e0487e1d0?s=96&d=mm&r=g","url":"https:\/\/secure.gravatar.com\/avatar\/1f38f8518b09a266af73da2bce78d69e7d1275299970134ed62f572e0487e1d0?s=96&d=mm&r=g","contentUrl":"https:\/\/secure.gravatar.com\/avatar\/1f38f8518b09a266af73da2bce78d69e7d1275299970134ed62f572e0487e1d0?s=96&d=mm&r=g","caption":"Mar\u00eda de la Paz Rodarte Ram\u00edrez"},"sameAs":["https:\/\/www.elhijodelllanero.mx"],"url":"https:\/\/elhijodelllanero.mx\/index.php\/author\/maricuas\/"}]}},"jetpack_featured_media_url":"","jetpack-related-posts":[],"jetpack_sharing_enabled":true,"_links":{"self":[{"href":"https:\/\/elhijodelllanero.mx\/index.php\/wp-json\/wp\/v2\/posts\/10353","targetHints":{"allow":["GET"]}}],"collection":[{"href":"https:\/\/elhijodelllanero.mx\/index.php\/wp-json\/wp\/v2\/posts"}],"about":[{"href":"https:\/\/elhijodelllanero.mx\/index.php\/wp-json\/wp\/v2\/types\/post"}],"author":[{"embeddable":true,"href":"https:\/\/elhijodelllanero.mx\/index.php\/wp-json\/wp\/v2\/users\/3"}],"replies":[{"embeddable":true,"href":"https:\/\/elhijodelllanero.mx\/index.php\/wp-json\/wp\/v2\/comments?post=10353"}],"version-history":[{"count":1,"href":"https:\/\/elhijodelllanero.mx\/index.php\/wp-json\/wp\/v2\/posts\/10353\/revisions"}],"predecessor-version":[{"id":10355,"href":"https:\/\/elhijodelllanero.mx\/index.php\/wp-json\/wp\/v2\/posts\/10353\/revisions\/10355"}],"wp:attachment":[{"href":"https:\/\/elhijodelllanero.mx\/index.php\/wp-json\/wp\/v2\/media?parent=10353"}],"wp:term":[{"taxonomy":"category","embeddable":true,"href":"https:\/\/elhijodelllanero.mx\/index.php\/wp-json\/wp\/v2\/categories?post=10353"},{"taxonomy":"post_tag","embeddable":true,"href":"https:\/\/elhijodelllanero.mx\/index.php\/wp-json\/wp\/v2\/tags?post=10353"}],"curies":[{"name":"wp","href":"https:\/\/api.w.org\/{rel}","templated":true}]}}