{"id":11765,"date":"2025-10-17T01:23:41","date_gmt":"2025-10-17T01:23:41","guid":{"rendered":"https:\/\/elhijodelllanero.mx\/?p=11765"},"modified":"2025-10-17T01:23:41","modified_gmt":"2025-10-17T01:23:41","slug":"esperan-mas-de-50-mil-visitantes-en-feria-de-todos-santos-refuerzan-seguridad-con-apoyo-estatal","status":"publish","type":"post","link":"https:\/\/elhijodelllanero.mx\/index.php\/2025\/10\/17\/esperan-mas-de-50-mil-visitantes-en-feria-de-todos-santos-refuerzan-seguridad-con-apoyo-estatal\/","title":{"rendered":"ESPERAN MAS DE 50 MIL VISITANTES EN FERIA DE TODOS SANTOS, REFUERZAN SEGURIDAD CON APOYO ESTATAL.\u00a0"},"content":{"rendered":"<p><img data-recalc-dims=\"1\" loading=\"lazy\" decoding=\"async\" class=\"alignnone size-medium wp-image-11766\" src=\"https:\/\/i0.wp.com\/elhijodelllanero.mx\/wp-content\/uploads\/2025\/10\/FB_IMG_1760664108785.jpg?resize=300%2C225&#038;ssl=1\" alt=\"\" width=\"300\" height=\"225\" srcset=\"https:\/\/i0.wp.com\/elhijodelllanero.mx\/wp-content\/uploads\/2025\/10\/FB_IMG_1760664108785.jpg?resize=300%2C225&amp;ssl=1 300w, https:\/\/i0.wp.com\/elhijodelllanero.mx\/wp-content\/uploads\/2025\/10\/FB_IMG_1760664108785.jpg?resize=1024%2C768&amp;ssl=1 1024w, https:\/\/i0.wp.com\/elhijodelllanero.mx\/wp-content\/uploads\/2025\/10\/FB_IMG_1760664108785.jpg?resize=768%2C576&amp;ssl=1 768w, https:\/\/i0.wp.com\/elhijodelllanero.mx\/wp-content\/uploads\/2025\/10\/FB_IMG_1760664108785.jpg?resize=1536%2C1152&amp;ssl=1 1536w, https:\/\/i0.wp.com\/elhijodelllanero.mx\/wp-content\/uploads\/2025\/10\/FB_IMG_1760664108785.jpg?resize=560%2C420&amp;ssl=1 560w, https:\/\/i0.wp.com\/elhijodelllanero.mx\/wp-content\/uploads\/2025\/10\/FB_IMG_1760664108785.jpg?resize=80%2C60&amp;ssl=1 80w, https:\/\/i0.wp.com\/elhijodelllanero.mx\/wp-content\/uploads\/2025\/10\/FB_IMG_1760664108785.jpg?resize=696%2C522&amp;ssl=1 696w, https:\/\/i0.wp.com\/elhijodelllanero.mx\/wp-content\/uploads\/2025\/10\/FB_IMG_1760664108785.jpg?resize=1068%2C801&amp;ssl=1 1068w, https:\/\/i0.wp.com\/elhijodelllanero.mx\/wp-content\/uploads\/2025\/10\/FB_IMG_1760664108785.jpg?w=1600&amp;ssl=1 1600w, https:\/\/i0.wp.com\/elhijodelllanero.mx\/wp-content\/uploads\/2025\/10\/FB_IMG_1760664108785.jpg?w=1392&amp;ssl=1 1392w\" sizes=\"auto, (max-width: 300px) 100vw, 300px\" \/>Cortazar, Gto. 16 de octubre del 2025.-Durante los eventos de la feria de Todos Santos en Cortazar, se esperan alrededor de 50 mil visitantes, por lo cual dar\u00e1n vigilancia unos 70 elementos de Fuerzas de Seguridad P\u00fablica del Estado y se est\u00e1 en espera de la respuesta de Guardia Nacional.<\/p>\n<p>El alcalde Mauricio Estefan\u00eda inform\u00f3 que se esperan alrededor de 70 elementos de las Fuerzas del Estado cada d\u00eda de la feria adem\u00e1s de que est\u00e1n en espera de la confirmaci\u00f3n de Guardia Nacional para tambi\u00e9n resguardar el municipio durante los d\u00edas de esta celebraci\u00f3n.<\/p>\n<p>Coment\u00f3 que el a\u00f1o tuvieron alrededor de 50 mil visitantes, por lo que esperan superar esta cifra ya que hay una buena inversi\u00f3n municipal, la cual supera los 13 millones de pesos.<\/p>\n<p>\u00abSeg\u00fan tengo entendido iban a mandar alrededor de 60, 70 elementos diarios, pero eso nada m\u00e1s de FSPE, Guardia Nacional y Ej\u00e9rcito Mexicano todav\u00eda no me han comentado, tenemos una base aqu\u00ed en Cortazar, ah\u00ed son m\u00e1s de 200 elementos pues esperemos que tambi\u00e9n nos den ese apoyo para hacer que esta feria sea de las m\u00e1s concurrentes\u00bb.<\/p>\n<p>La feria de Todos Santos se llevar\u00e1 a cabo del 24 de octubre al 3 de noviembre, en la que se esperan al menos 3 fechas en las que se superen los diez mil visitantes, por lo que tambi\u00e9n la Polic\u00eda Municipal, Tr\u00e1nsito y Protecci\u00f3n Civil estar\u00e1n realizando un operativo especial durante la duraci\u00f3n de la feria.<\/p>\n","protected":false},"excerpt":{"rendered":"<p>Cortazar, Gto. 16 de octubre del 2025.-Durante los eventos de la feria de Todos Santos en Cortazar, se esperan alrededor de 50 mil visitantes, por lo cual dar\u00e1n vigilancia unos 70 elementos de Fuerzas de Seguridad P\u00fablica del Estado y se est\u00e1 en espera de la respuesta de Guardia Nacional. El alcalde Mauricio Estefan\u00eda inform\u00f3 [&hellip;]<\/p>\n","protected":false},"author":3,"featured_media":0,"comment_status":"open","ping_status":"closed","sticky":false,"template":"","format":"standard","meta":{"_jetpack_newsletter_access":"","_jetpack_dont_email_post_to_subs":false,"_jetpack_newsletter_tier_id":0,"_jetpack_memberships_contains_paywalled_content":false,"_jetpack_memberships_contains_paid_content":false,"footnotes":""},"categories":[77,76],"tags":[],"class_list":{"0":"post-11765","1":"post","2":"type-post","3":"status-publish","4":"format-standard","6":"category-cortazar","7":"category-municipios"},"yoast_head":"<!-- This site is optimized with the Yoast SEO plugin v27.3 - https:\/\/yoast.com\/product\/yoast-seo-wordpress\/ -->\n<title>ESPERAN MAS DE 50 MIL VISITANTES EN FERIA DE TODOS SANTOS, REFUERZAN SEGURIDAD CON APOYO ESTATAL.\u00a0 - El Hijo del llanero solititito<\/title>\n<meta name=\"robots\" content=\"index, follow, max-snippet:-1, max-image-preview:large, max-video-preview:-1\" \/>\n<link rel=\"canonical\" href=\"https:\/\/elhijodelllanero.mx\/index.php\/2025\/10\/17\/esperan-mas-de-50-mil-visitantes-en-feria-de-todos-santos-refuerzan-seguridad-con-apoyo-estatal\/\" \/>\n<meta property=\"og:locale\" content=\"es_ES\" \/>\n<meta property=\"og:type\" content=\"article\" \/>\n<meta property=\"og:title\" content=\"ESPERAN MAS DE 50 MIL VISITANTES EN FERIA DE TODOS SANTOS, REFUERZAN SEGURIDAD CON APOYO ESTATAL.\u00a0 - El Hijo del llanero solititito\" \/>\n<meta property=\"og:description\" content=\"Cortazar, Gto. 16 de octubre del 2025.-Durante los eventos de la feria de Todos Santos en Cortazar, se esperan alrededor de 50 mil visitantes, por lo cual dar\u00e1n vigilancia unos 70 elementos de Fuerzas de Seguridad P\u00fablica del Estado y se est\u00e1 en espera de la respuesta de Guardia Nacional. El alcalde Mauricio Estefan\u00eda inform\u00f3 [&hellip;]\" \/>\n<meta property=\"og:url\" content=\"https:\/\/elhijodelllanero.mx\/index.php\/2025\/10\/17\/esperan-mas-de-50-mil-visitantes-en-feria-de-todos-santos-refuerzan-seguridad-con-apoyo-estatal\/\" \/>\n<meta property=\"og:site_name\" content=\"El Hijo del llanero solititito\" \/>\n<meta property=\"article:published_time\" content=\"2025-10-17T01:23:41+00:00\" \/>\n<meta property=\"og:image\" content=\"https:\/\/elhijodelllanero.mx\/wp-content\/uploads\/2025\/10\/FB_IMG_1760664108785-300x225.jpg\" \/>\n<meta name=\"author\" content=\"Mar\u00eda de la Paz Rodarte Ram\u00edrez\" \/>\n<meta name=\"twitter:card\" content=\"summary_large_image\" \/>\n<meta name=\"twitter:label1\" content=\"Escrito por\" \/>\n\t<meta name=\"twitter:data1\" content=\"Mar\u00eda de la Paz Rodarte Ram\u00edrez\" \/>\n\t<meta name=\"twitter:label2\" content=\"Tiempo de lectura\" \/>\n\t<meta name=\"twitter:data2\" content=\"2 minutos\" \/>\n<script type=\"application\/ld+json\" class=\"yoast-schema-graph\">{\"@context\":\"https:\\\/\\\/schema.org\",\"@graph\":[{\"@type\":\"Article\",\"@id\":\"https:\\\/\\\/elhijodelllanero.mx\\\/index.php\\\/2025\\\/10\\\/17\\\/esperan-mas-de-50-mil-visitantes-en-feria-de-todos-santos-refuerzan-seguridad-con-apoyo-estatal\\\/#article\",\"isPartOf\":{\"@id\":\"https:\\\/\\\/elhijodelllanero.mx\\\/index.php\\\/2025\\\/10\\\/17\\\/esperan-mas-de-50-mil-visitantes-en-feria-de-todos-santos-refuerzan-seguridad-con-apoyo-estatal\\\/\"},\"author\":{\"name\":\"Mar\u00eda de la Paz Rodarte Ram\u00edrez\",\"@id\":\"https:\\\/\\\/elhijodelllanero.mx\\\/#\\\/schema\\\/person\\\/c7f8c86c55c1eab44ae2b93a9628245f\"},\"headline\":\"ESPERAN MAS DE 50 MIL VISITANTES EN FERIA DE TODOS SANTOS, REFUERZAN SEGURIDAD CON APOYO ESTATAL.\u00a0\",\"datePublished\":\"2025-10-17T01:23:41+00:00\",\"mainEntityOfPage\":{\"@id\":\"https:\\\/\\\/elhijodelllanero.mx\\\/index.php\\\/2025\\\/10\\\/17\\\/esperan-mas-de-50-mil-visitantes-en-feria-de-todos-santos-refuerzan-seguridad-con-apoyo-estatal\\\/\"},\"wordCount\":270,\"commentCount\":0,\"image\":{\"@id\":\"https:\\\/\\\/elhijodelllanero.mx\\\/index.php\\\/2025\\\/10\\\/17\\\/esperan-mas-de-50-mil-visitantes-en-feria-de-todos-santos-refuerzan-seguridad-con-apoyo-estatal\\\/#primaryimage\"},\"thumbnailUrl\":\"https:\\\/\\\/elhijodelllanero.mx\\\/wp-content\\\/uploads\\\/2025\\\/10\\\/FB_IMG_1760664108785-300x225.jpg\",\"articleSection\":[\"CORTAZAR\",\"MUNICIPIOS\"],\"inLanguage\":\"es\",\"potentialAction\":[{\"@type\":\"CommentAction\",\"name\":\"Comment\",\"target\":[\"https:\\\/\\\/elhijodelllanero.mx\\\/index.php\\\/2025\\\/10\\\/17\\\/esperan-mas-de-50-mil-visitantes-en-feria-de-todos-santos-refuerzan-seguridad-con-apoyo-estatal\\\/#respond\"]}]},{\"@type\":\"WebPage\",\"@id\":\"https:\\\/\\\/elhijodelllanero.mx\\\/index.php\\\/2025\\\/10\\\/17\\\/esperan-mas-de-50-mil-visitantes-en-feria-de-todos-santos-refuerzan-seguridad-con-apoyo-estatal\\\/\",\"url\":\"https:\\\/\\\/elhijodelllanero.mx\\\/index.php\\\/2025\\\/10\\\/17\\\/esperan-mas-de-50-mil-visitantes-en-feria-de-todos-santos-refuerzan-seguridad-con-apoyo-estatal\\\/\",\"name\":\"ESPERAN MAS DE 50 MIL VISITANTES EN FERIA DE TODOS SANTOS, REFUERZAN SEGURIDAD CON APOYO ESTATAL.\u00a0 - El Hijo del llanero solititito\",\"isPartOf\":{\"@id\":\"https:\\\/\\\/elhijodelllanero.mx\\\/#website\"},\"primaryImageOfPage\":{\"@id\":\"https:\\\/\\\/elhijodelllanero.mx\\\/index.php\\\/2025\\\/10\\\/17\\\/esperan-mas-de-50-mil-visitantes-en-feria-de-todos-santos-refuerzan-seguridad-con-apoyo-estatal\\\/#primaryimage\"},\"image\":{\"@id\":\"https:\\\/\\\/elhijodelllanero.mx\\\/index.php\\\/2025\\\/10\\\/17\\\/esperan-mas-de-50-mil-visitantes-en-feria-de-todos-santos-refuerzan-seguridad-con-apoyo-estatal\\\/#primaryimage\"},\"thumbnailUrl\":\"https:\\\/\\\/elhijodelllanero.mx\\\/wp-content\\\/uploads\\\/2025\\\/10\\\/FB_IMG_1760664108785-300x225.jpg\",\"datePublished\":\"2025-10-17T01:23:41+00:00\",\"author\":{\"@id\":\"https:\\\/\\\/elhijodelllanero.mx\\\/#\\\/schema\\\/person\\\/c7f8c86c55c1eab44ae2b93a9628245f\"},\"breadcrumb\":{\"@id\":\"https:\\\/\\\/elhijodelllanero.mx\\\/index.php\\\/2025\\\/10\\\/17\\\/esperan-mas-de-50-mil-visitantes-en-feria-de-todos-santos-refuerzan-seguridad-con-apoyo-estatal\\\/#breadcrumb\"},\"inLanguage\":\"es\",\"potentialAction\":[{\"@type\":\"ReadAction\",\"target\":[\"https:\\\/\\\/elhijodelllanero.mx\\\/index.php\\\/2025\\\/10\\\/17\\\/esperan-mas-de-50-mil-visitantes-en-feria-de-todos-santos-refuerzan-seguridad-con-apoyo-estatal\\\/\"]}]},{\"@type\":\"ImageObject\",\"inLanguage\":\"es\",\"@id\":\"https:\\\/\\\/elhijodelllanero.mx\\\/index.php\\\/2025\\\/10\\\/17\\\/esperan-mas-de-50-mil-visitantes-en-feria-de-todos-santos-refuerzan-seguridad-con-apoyo-estatal\\\/#primaryimage\",\"url\":\"https:\\\/\\\/i0.wp.com\\\/elhijodelllanero.mx\\\/wp-content\\\/uploads\\\/2025\\\/10\\\/FB_IMG_1760664108785.jpg?fit=1600%2C1200&ssl=1\",\"contentUrl\":\"https:\\\/\\\/i0.wp.com\\\/elhijodelllanero.mx\\\/wp-content\\\/uploads\\\/2025\\\/10\\\/FB_IMG_1760664108785.jpg?fit=1600%2C1200&ssl=1\",\"width\":1600,\"height\":1200},{\"@type\":\"BreadcrumbList\",\"@id\":\"https:\\\/\\\/elhijodelllanero.mx\\\/index.php\\\/2025\\\/10\\\/17\\\/esperan-mas-de-50-mil-visitantes-en-feria-de-todos-santos-refuerzan-seguridad-con-apoyo-estatal\\\/#breadcrumb\",\"itemListElement\":[{\"@type\":\"ListItem\",\"position\":1,\"name\":\"Portada\",\"item\":\"https:\\\/\\\/elhijodelllanero.mx\\\/\"},{\"@type\":\"ListItem\",\"position\":2,\"name\":\"ESPERAN MAS DE 50 MIL VISITANTES EN FERIA DE TODOS SANTOS, REFUERZAN SEGURIDAD CON APOYO ESTATAL.\u00a0\"}]},{\"@type\":\"WebSite\",\"@id\":\"https:\\\/\\\/elhijodelllanero.mx\\\/#website\",\"url\":\"https:\\\/\\\/elhijodelllanero.mx\\\/\",\"name\":\"El Hijo del llanero solititito\",\"description\":\"\",\"potentialAction\":[{\"@type\":\"SearchAction\",\"target\":{\"@type\":\"EntryPoint\",\"urlTemplate\":\"https:\\\/\\\/elhijodelllanero.mx\\\/?s={search_term_string}\"},\"query-input\":{\"@type\":\"PropertyValueSpecification\",\"valueRequired\":true,\"valueName\":\"search_term_string\"}}],\"inLanguage\":\"es\"},{\"@type\":\"Person\",\"@id\":\"https:\\\/\\\/elhijodelllanero.mx\\\/#\\\/schema\\\/person\\\/c7f8c86c55c1eab44ae2b93a9628245f\",\"name\":\"Mar\u00eda de la Paz Rodarte Ram\u00edrez\",\"image\":{\"@type\":\"ImageObject\",\"inLanguage\":\"es\",\"@id\":\"https:\\\/\\\/secure.gravatar.com\\\/avatar\\\/1f38f8518b09a266af73da2bce78d69e7d1275299970134ed62f572e0487e1d0?s=96&d=mm&r=g\",\"url\":\"https:\\\/\\\/secure.gravatar.com\\\/avatar\\\/1f38f8518b09a266af73da2bce78d69e7d1275299970134ed62f572e0487e1d0?s=96&d=mm&r=g\",\"contentUrl\":\"https:\\\/\\\/secure.gravatar.com\\\/avatar\\\/1f38f8518b09a266af73da2bce78d69e7d1275299970134ed62f572e0487e1d0?s=96&d=mm&r=g\",\"caption\":\"Mar\u00eda de la Paz Rodarte Ram\u00edrez\"},\"sameAs\":[\"https:\\\/\\\/www.elhijodelllanero.mx\"],\"url\":\"https:\\\/\\\/elhijodelllanero.mx\\\/index.php\\\/author\\\/maricuas\\\/\"}]}<\/script>\n<!-- \/ Yoast SEO plugin. -->","yoast_head_json":{"title":"ESPERAN MAS DE 50 MIL VISITANTES EN FERIA DE TODOS SANTOS, REFUERZAN SEGURIDAD CON APOYO ESTATAL.\u00a0 - El Hijo del llanero solititito","robots":{"index":"index","follow":"follow","max-snippet":"max-snippet:-1","max-image-preview":"max-image-preview:large","max-video-preview":"max-video-preview:-1"},"canonical":"https:\/\/elhijodelllanero.mx\/index.php\/2025\/10\/17\/esperan-mas-de-50-mil-visitantes-en-feria-de-todos-santos-refuerzan-seguridad-con-apoyo-estatal\/","og_locale":"es_ES","og_type":"article","og_title":"ESPERAN MAS DE 50 MIL VISITANTES EN FERIA DE TODOS SANTOS, REFUERZAN SEGURIDAD CON APOYO ESTATAL.\u00a0 - El Hijo del llanero solititito","og_description":"Cortazar, Gto. 16 de octubre del 2025.-Durante los eventos de la feria de Todos Santos en Cortazar, se esperan alrededor de 50 mil visitantes, por lo cual dar\u00e1n vigilancia unos 70 elementos de Fuerzas de Seguridad P\u00fablica del Estado y se est\u00e1 en espera de la respuesta de Guardia Nacional. El alcalde Mauricio Estefan\u00eda inform\u00f3 [&hellip;]","og_url":"https:\/\/elhijodelllanero.mx\/index.php\/2025\/10\/17\/esperan-mas-de-50-mil-visitantes-en-feria-de-todos-santos-refuerzan-seguridad-con-apoyo-estatal\/","og_site_name":"El Hijo del llanero solititito","article_published_time":"2025-10-17T01:23:41+00:00","og_image":[{"url":"https:\/\/elhijodelllanero.mx\/wp-content\/uploads\/2025\/10\/FB_IMG_1760664108785-300x225.jpg","type":"","width":"","height":""}],"author":"Mar\u00eda de la Paz Rodarte Ram\u00edrez","twitter_card":"summary_large_image","twitter_misc":{"Escrito por":"Mar\u00eda de la Paz Rodarte Ram\u00edrez","Tiempo de lectura":"2 minutos"},"schema":{"@context":"https:\/\/schema.org","@graph":[{"@type":"Article","@id":"https:\/\/elhijodelllanero.mx\/index.php\/2025\/10\/17\/esperan-mas-de-50-mil-visitantes-en-feria-de-todos-santos-refuerzan-seguridad-con-apoyo-estatal\/#article","isPartOf":{"@id":"https:\/\/elhijodelllanero.mx\/index.php\/2025\/10\/17\/esperan-mas-de-50-mil-visitantes-en-feria-de-todos-santos-refuerzan-seguridad-con-apoyo-estatal\/"},"author":{"name":"Mar\u00eda de la Paz Rodarte Ram\u00edrez","@id":"https:\/\/elhijodelllanero.mx\/#\/schema\/person\/c7f8c86c55c1eab44ae2b93a9628245f"},"headline":"ESPERAN MAS DE 50 MIL VISITANTES EN FERIA DE TODOS SANTOS, REFUERZAN SEGURIDAD CON APOYO ESTATAL.\u00a0","datePublished":"2025-10-17T01:23:41+00:00","mainEntityOfPage":{"@id":"https:\/\/elhijodelllanero.mx\/index.php\/2025\/10\/17\/esperan-mas-de-50-mil-visitantes-en-feria-de-todos-santos-refuerzan-seguridad-con-apoyo-estatal\/"},"wordCount":270,"commentCount":0,"image":{"@id":"https:\/\/elhijodelllanero.mx\/index.php\/2025\/10\/17\/esperan-mas-de-50-mil-visitantes-en-feria-de-todos-santos-refuerzan-seguridad-con-apoyo-estatal\/#primaryimage"},"thumbnailUrl":"https:\/\/elhijodelllanero.mx\/wp-content\/uploads\/2025\/10\/FB_IMG_1760664108785-300x225.jpg","articleSection":["CORTAZAR","MUNICIPIOS"],"inLanguage":"es","potentialAction":[{"@type":"CommentAction","name":"Comment","target":["https:\/\/elhijodelllanero.mx\/index.php\/2025\/10\/17\/esperan-mas-de-50-mil-visitantes-en-feria-de-todos-santos-refuerzan-seguridad-con-apoyo-estatal\/#respond"]}]},{"@type":"WebPage","@id":"https:\/\/elhijodelllanero.mx\/index.php\/2025\/10\/17\/esperan-mas-de-50-mil-visitantes-en-feria-de-todos-santos-refuerzan-seguridad-con-apoyo-estatal\/","url":"https:\/\/elhijodelllanero.mx\/index.php\/2025\/10\/17\/esperan-mas-de-50-mil-visitantes-en-feria-de-todos-santos-refuerzan-seguridad-con-apoyo-estatal\/","name":"ESPERAN MAS DE 50 MIL VISITANTES EN FERIA DE TODOS SANTOS, REFUERZAN SEGURIDAD CON APOYO ESTATAL.\u00a0 - El Hijo del llanero solititito","isPartOf":{"@id":"https:\/\/elhijodelllanero.mx\/#website"},"primaryImageOfPage":{"@id":"https:\/\/elhijodelllanero.mx\/index.php\/2025\/10\/17\/esperan-mas-de-50-mil-visitantes-en-feria-de-todos-santos-refuerzan-seguridad-con-apoyo-estatal\/#primaryimage"},"image":{"@id":"https:\/\/elhijodelllanero.mx\/index.php\/2025\/10\/17\/esperan-mas-de-50-mil-visitantes-en-feria-de-todos-santos-refuerzan-seguridad-con-apoyo-estatal\/#primaryimage"},"thumbnailUrl":"https:\/\/elhijodelllanero.mx\/wp-content\/uploads\/2025\/10\/FB_IMG_1760664108785-300x225.jpg","datePublished":"2025-10-17T01:23:41+00:00","author":{"@id":"https:\/\/elhijodelllanero.mx\/#\/schema\/person\/c7f8c86c55c1eab44ae2b93a9628245f"},"breadcrumb":{"@id":"https:\/\/elhijodelllanero.mx\/index.php\/2025\/10\/17\/esperan-mas-de-50-mil-visitantes-en-feria-de-todos-santos-refuerzan-seguridad-con-apoyo-estatal\/#breadcrumb"},"inLanguage":"es","potentialAction":[{"@type":"ReadAction","target":["https:\/\/elhijodelllanero.mx\/index.php\/2025\/10\/17\/esperan-mas-de-50-mil-visitantes-en-feria-de-todos-santos-refuerzan-seguridad-con-apoyo-estatal\/"]}]},{"@type":"ImageObject","inLanguage":"es","@id":"https:\/\/elhijodelllanero.mx\/index.php\/2025\/10\/17\/esperan-mas-de-50-mil-visitantes-en-feria-de-todos-santos-refuerzan-seguridad-con-apoyo-estatal\/#primaryimage","url":"https:\/\/i0.wp.com\/elhijodelllanero.mx\/wp-content\/uploads\/2025\/10\/FB_IMG_1760664108785.jpg?fit=1600%2C1200&ssl=1","contentUrl":"https:\/\/i0.wp.com\/elhijodelllanero.mx\/wp-content\/uploads\/2025\/10\/FB_IMG_1760664108785.jpg?fit=1600%2C1200&ssl=1","width":1600,"height":1200},{"@type":"BreadcrumbList","@id":"https:\/\/elhijodelllanero.mx\/index.php\/2025\/10\/17\/esperan-mas-de-50-mil-visitantes-en-feria-de-todos-santos-refuerzan-seguridad-con-apoyo-estatal\/#breadcrumb","itemListElement":[{"@type":"ListItem","position":1,"name":"Portada","item":"https:\/\/elhijodelllanero.mx\/"},{"@type":"ListItem","position":2,"name":"ESPERAN MAS DE 50 MIL VISITANTES EN FERIA DE TODOS SANTOS, REFUERZAN SEGURIDAD CON APOYO ESTATAL.\u00a0"}]},{"@type":"WebSite","@id":"https:\/\/elhijodelllanero.mx\/#website","url":"https:\/\/elhijodelllanero.mx\/","name":"El Hijo del llanero solititito","description":"","potentialAction":[{"@type":"SearchAction","target":{"@type":"EntryPoint","urlTemplate":"https:\/\/elhijodelllanero.mx\/?s={search_term_string}"},"query-input":{"@type":"PropertyValueSpecification","valueRequired":true,"valueName":"search_term_string"}}],"inLanguage":"es"},{"@type":"Person","@id":"https:\/\/elhijodelllanero.mx\/#\/schema\/person\/c7f8c86c55c1eab44ae2b93a9628245f","name":"Mar\u00eda de la Paz Rodarte Ram\u00edrez","image":{"@type":"ImageObject","inLanguage":"es","@id":"https:\/\/secure.gravatar.com\/avatar\/1f38f8518b09a266af73da2bce78d69e7d1275299970134ed62f572e0487e1d0?s=96&d=mm&r=g","url":"https:\/\/secure.gravatar.com\/avatar\/1f38f8518b09a266af73da2bce78d69e7d1275299970134ed62f572e0487e1d0?s=96&d=mm&r=g","contentUrl":"https:\/\/secure.gravatar.com\/avatar\/1f38f8518b09a266af73da2bce78d69e7d1275299970134ed62f572e0487e1d0?s=96&d=mm&r=g","caption":"Mar\u00eda de la Paz Rodarte Ram\u00edrez"},"sameAs":["https:\/\/www.elhijodelllanero.mx"],"url":"https:\/\/elhijodelllanero.mx\/index.php\/author\/maricuas\/"}]}},"jetpack_featured_media_url":"","jetpack-related-posts":[],"jetpack_sharing_enabled":true,"_links":{"self":[{"href":"https:\/\/elhijodelllanero.mx\/index.php\/wp-json\/wp\/v2\/posts\/11765","targetHints":{"allow":["GET"]}}],"collection":[{"href":"https:\/\/elhijodelllanero.mx\/index.php\/wp-json\/wp\/v2\/posts"}],"about":[{"href":"https:\/\/elhijodelllanero.mx\/index.php\/wp-json\/wp\/v2\/types\/post"}],"author":[{"embeddable":true,"href":"https:\/\/elhijodelllanero.mx\/index.php\/wp-json\/wp\/v2\/users\/3"}],"replies":[{"embeddable":true,"href":"https:\/\/elhijodelllanero.mx\/index.php\/wp-json\/wp\/v2\/comments?post=11765"}],"version-history":[{"count":1,"href":"https:\/\/elhijodelllanero.mx\/index.php\/wp-json\/wp\/v2\/posts\/11765\/revisions"}],"predecessor-version":[{"id":11767,"href":"https:\/\/elhijodelllanero.mx\/index.php\/wp-json\/wp\/v2\/posts\/11765\/revisions\/11767"}],"wp:attachment":[{"href":"https:\/\/elhijodelllanero.mx\/index.php\/wp-json\/wp\/v2\/media?parent=11765"}],"wp:term":[{"taxonomy":"category","embeddable":true,"href":"https:\/\/elhijodelllanero.mx\/index.php\/wp-json\/wp\/v2\/categories?post=11765"},{"taxonomy":"post_tag","embeddable":true,"href":"https:\/\/elhijodelllanero.mx\/index.php\/wp-json\/wp\/v2\/tags?post=11765"}],"curies":[{"name":"wp","href":"https:\/\/api.w.org\/{rel}","templated":true}]}}