{"id":12260,"date":"2025-12-05T13:16:51","date_gmt":"2025-12-05T13:16:51","guid":{"rendered":"https:\/\/elhijodelllanero.mx\/?p=12260"},"modified":"2025-12-05T13:16:51","modified_gmt":"2025-12-05T13:16:51","slug":"condonaran-hasta-100-porciento-de-recargos-en-predial-este-diciembre","status":"publish","type":"post","link":"https:\/\/elhijodelllanero.mx\/index.php\/2025\/12\/05\/condonaran-hasta-100-porciento-de-recargos-en-predial-este-diciembre\/","title":{"rendered":"CONDONARAN HASTA 100 PORCIENTO DE RECARGOS EN PREDIAL ESTE DICIEMBRE.\u00a0"},"content":{"rendered":"<p>Cortazar, Gto. 5 de diciembre del 2025.-Lanzar\u00e1n campa\u00f1a de hasta el cien por ciento en condonaci\u00f3n de recargos en el pago del impuesto predial en Cortazar.<\/p>\n<p>El alcalde Mauricio Estefan\u00eda indic\u00f3 que ya realizaron el an\u00e1lisis con la tesorera municipal y lanzar\u00e1n dicha campa\u00f1a para que las personas se regularicen en este impuesto.<\/p>\n<p>Dio a conocer que el impuesto predial es el principal ingreso al municipio de ah\u00ed la importancia que la gente cumpla y m\u00e1s cuando se dan estos incentivos.<\/p>\n<p>\u00abAhorita en el mes de diciembre, es lo que ya he estado platicando con la tesorera, con Rayito, voy a dar el cien por ciento en recargos, en diciembre, no va a ver recargos, para que se acerquen todos los cortazarenses que tienen much\u00edsimos recargos les vamos a echar la mano\u00bb.<\/p>\n<p>El alcalde dijo que ya en estos d\u00edas se establecer\u00e1 esta campa\u00f1a y tambi\u00e9n alistan el cobro del impuesto para el mes de enero con la aplicaci\u00f3n de descuentos atractivos para que la gente cumpla con esta obligaci\u00f3n municipal.<\/p>\n","protected":false},"excerpt":{"rendered":"<p>Cortazar, Gto. 5 de diciembre del 2025.-Lanzar\u00e1n campa\u00f1a de hasta el cien por ciento en condonaci\u00f3n de recargos en el pago del impuesto predial en Cortazar. El alcalde Mauricio Estefan\u00eda indic\u00f3 que ya realizaron el an\u00e1lisis con la tesorera municipal y lanzar\u00e1n dicha campa\u00f1a para que las personas se regularicen en este impuesto. Dio a [&hellip;]<\/p>\n","protected":false},"author":3,"featured_media":12261,"comment_status":"open","ping_status":"closed","sticky":false,"template":"","format":"standard","meta":{"_jetpack_newsletter_access":"","_jetpack_dont_email_post_to_subs":false,"_jetpack_newsletter_tier_id":0,"_jetpack_memberships_contains_paywalled_content":false,"_jetpack_memberships_contains_paid_content":false,"footnotes":""},"categories":[77,76],"tags":[],"class_list":{"0":"post-12260","1":"post","2":"type-post","3":"status-publish","4":"format-standard","5":"has-post-thumbnail","7":"category-cortazar","8":"category-municipios"},"yoast_head":"<!-- This site is optimized with the Yoast SEO plugin v27.3 - https:\/\/yoast.com\/product\/yoast-seo-wordpress\/ -->\n<title>CONDONARAN HASTA 100 PORCIENTO DE RECARGOS EN PREDIAL ESTE DICIEMBRE.\u00a0 - El Hijo del llanero solititito<\/title>\n<meta name=\"robots\" content=\"index, follow, max-snippet:-1, max-image-preview:large, max-video-preview:-1\" \/>\n<link rel=\"canonical\" href=\"https:\/\/elhijodelllanero.mx\/index.php\/2025\/12\/05\/condonaran-hasta-100-porciento-de-recargos-en-predial-este-diciembre\/\" \/>\n<meta property=\"og:locale\" content=\"es_ES\" \/>\n<meta property=\"og:type\" content=\"article\" \/>\n<meta property=\"og:title\" content=\"CONDONARAN HASTA 100 PORCIENTO DE RECARGOS EN PREDIAL ESTE DICIEMBRE.\u00a0 - El Hijo del llanero solititito\" \/>\n<meta property=\"og:description\" content=\"Cortazar, Gto. 5 de diciembre del 2025.-Lanzar\u00e1n campa\u00f1a de hasta el cien por ciento en condonaci\u00f3n de recargos en el pago del impuesto predial en Cortazar. El alcalde Mauricio Estefan\u00eda indic\u00f3 que ya realizaron el an\u00e1lisis con la tesorera municipal y lanzar\u00e1n dicha campa\u00f1a para que las personas se regularicen en este impuesto. Dio a [&hellip;]\" \/>\n<meta property=\"og:url\" content=\"https:\/\/elhijodelllanero.mx\/index.php\/2025\/12\/05\/condonaran-hasta-100-porciento-de-recargos-en-predial-este-diciembre\/\" \/>\n<meta property=\"og:site_name\" content=\"El Hijo del llanero solititito\" \/>\n<meta property=\"article:published_time\" content=\"2025-12-05T13:16:51+00:00\" \/>\n<meta property=\"og:image\" content=\"https:\/\/elhijodelllanero.mx\/wp-content\/uploads\/2025\/12\/IMG-20251205-WA0003.jpg\" \/>\n\t<meta property=\"og:image:width\" content=\"1280\" \/>\n\t<meta property=\"og:image:height\" content=\"960\" \/>\n\t<meta property=\"og:image:type\" content=\"image\/jpeg\" \/>\n<meta name=\"author\" content=\"Mar\u00eda de la Paz Rodarte Ram\u00edrez\" \/>\n<meta name=\"twitter:card\" content=\"summary_large_image\" \/>\n<meta name=\"twitter:label1\" content=\"Escrito por\" \/>\n\t<meta name=\"twitter:data1\" content=\"Mar\u00eda de la Paz Rodarte Ram\u00edrez\" \/>\n\t<meta name=\"twitter:label2\" content=\"Tiempo de lectura\" \/>\n\t<meta name=\"twitter:data2\" content=\"1 minuto\" \/>\n<script type=\"application\/ld+json\" class=\"yoast-schema-graph\">{\"@context\":\"https:\\\/\\\/schema.org\",\"@graph\":[{\"@type\":\"Article\",\"@id\":\"https:\\\/\\\/elhijodelllanero.mx\\\/index.php\\\/2025\\\/12\\\/05\\\/condonaran-hasta-100-porciento-de-recargos-en-predial-este-diciembre\\\/#article\",\"isPartOf\":{\"@id\":\"https:\\\/\\\/elhijodelllanero.mx\\\/index.php\\\/2025\\\/12\\\/05\\\/condonaran-hasta-100-porciento-de-recargos-en-predial-este-diciembre\\\/\"},\"author\":{\"name\":\"Mar\u00eda de la Paz Rodarte Ram\u00edrez\",\"@id\":\"https:\\\/\\\/elhijodelllanero.mx\\\/#\\\/schema\\\/person\\\/c7f8c86c55c1eab44ae2b93a9628245f\"},\"headline\":\"CONDONARAN HASTA 100 PORCIENTO DE RECARGOS EN PREDIAL ESTE DICIEMBRE.\u00a0\",\"datePublished\":\"2025-12-05T13:16:51+00:00\",\"mainEntityOfPage\":{\"@id\":\"https:\\\/\\\/elhijodelllanero.mx\\\/index.php\\\/2025\\\/12\\\/05\\\/condonaran-hasta-100-porciento-de-recargos-en-predial-este-diciembre\\\/\"},\"wordCount\":193,\"commentCount\":0,\"image\":{\"@id\":\"https:\\\/\\\/elhijodelllanero.mx\\\/index.php\\\/2025\\\/12\\\/05\\\/condonaran-hasta-100-porciento-de-recargos-en-predial-este-diciembre\\\/#primaryimage\"},\"thumbnailUrl\":\"https:\\\/\\\/i0.wp.com\\\/elhijodelllanero.mx\\\/wp-content\\\/uploads\\\/2025\\\/12\\\/IMG-20251205-WA0003.jpg?fit=1280%2C960&ssl=1\",\"articleSection\":[\"CORTAZAR\",\"MUNICIPIOS\"],\"inLanguage\":\"es\",\"potentialAction\":[{\"@type\":\"CommentAction\",\"name\":\"Comment\",\"target\":[\"https:\\\/\\\/elhijodelllanero.mx\\\/index.php\\\/2025\\\/12\\\/05\\\/condonaran-hasta-100-porciento-de-recargos-en-predial-este-diciembre\\\/#respond\"]}]},{\"@type\":\"WebPage\",\"@id\":\"https:\\\/\\\/elhijodelllanero.mx\\\/index.php\\\/2025\\\/12\\\/05\\\/condonaran-hasta-100-porciento-de-recargos-en-predial-este-diciembre\\\/\",\"url\":\"https:\\\/\\\/elhijodelllanero.mx\\\/index.php\\\/2025\\\/12\\\/05\\\/condonaran-hasta-100-porciento-de-recargos-en-predial-este-diciembre\\\/\",\"name\":\"CONDONARAN HASTA 100 PORCIENTO DE RECARGOS EN PREDIAL ESTE DICIEMBRE.\u00a0 - El Hijo del llanero solititito\",\"isPartOf\":{\"@id\":\"https:\\\/\\\/elhijodelllanero.mx\\\/#website\"},\"primaryImageOfPage\":{\"@id\":\"https:\\\/\\\/elhijodelllanero.mx\\\/index.php\\\/2025\\\/12\\\/05\\\/condonaran-hasta-100-porciento-de-recargos-en-predial-este-diciembre\\\/#primaryimage\"},\"image\":{\"@id\":\"https:\\\/\\\/elhijodelllanero.mx\\\/index.php\\\/2025\\\/12\\\/05\\\/condonaran-hasta-100-porciento-de-recargos-en-predial-este-diciembre\\\/#primaryimage\"},\"thumbnailUrl\":\"https:\\\/\\\/i0.wp.com\\\/elhijodelllanero.mx\\\/wp-content\\\/uploads\\\/2025\\\/12\\\/IMG-20251205-WA0003.jpg?fit=1280%2C960&ssl=1\",\"datePublished\":\"2025-12-05T13:16:51+00:00\",\"author\":{\"@id\":\"https:\\\/\\\/elhijodelllanero.mx\\\/#\\\/schema\\\/person\\\/c7f8c86c55c1eab44ae2b93a9628245f\"},\"breadcrumb\":{\"@id\":\"https:\\\/\\\/elhijodelllanero.mx\\\/index.php\\\/2025\\\/12\\\/05\\\/condonaran-hasta-100-porciento-de-recargos-en-predial-este-diciembre\\\/#breadcrumb\"},\"inLanguage\":\"es\",\"potentialAction\":[{\"@type\":\"ReadAction\",\"target\":[\"https:\\\/\\\/elhijodelllanero.mx\\\/index.php\\\/2025\\\/12\\\/05\\\/condonaran-hasta-100-porciento-de-recargos-en-predial-este-diciembre\\\/\"]}]},{\"@type\":\"ImageObject\",\"inLanguage\":\"es\",\"@id\":\"https:\\\/\\\/elhijodelllanero.mx\\\/index.php\\\/2025\\\/12\\\/05\\\/condonaran-hasta-100-porciento-de-recargos-en-predial-este-diciembre\\\/#primaryimage\",\"url\":\"https:\\\/\\\/i0.wp.com\\\/elhijodelllanero.mx\\\/wp-content\\\/uploads\\\/2025\\\/12\\\/IMG-20251205-WA0003.jpg?fit=1280%2C960&ssl=1\",\"contentUrl\":\"https:\\\/\\\/i0.wp.com\\\/elhijodelllanero.mx\\\/wp-content\\\/uploads\\\/2025\\\/12\\\/IMG-20251205-WA0003.jpg?fit=1280%2C960&ssl=1\",\"width\":1280,\"height\":960},{\"@type\":\"BreadcrumbList\",\"@id\":\"https:\\\/\\\/elhijodelllanero.mx\\\/index.php\\\/2025\\\/12\\\/05\\\/condonaran-hasta-100-porciento-de-recargos-en-predial-este-diciembre\\\/#breadcrumb\",\"itemListElement\":[{\"@type\":\"ListItem\",\"position\":1,\"name\":\"Portada\",\"item\":\"https:\\\/\\\/elhijodelllanero.mx\\\/\"},{\"@type\":\"ListItem\",\"position\":2,\"name\":\"CONDONARAN HASTA 100 PORCIENTO DE RECARGOS EN PREDIAL ESTE DICIEMBRE.\u00a0\"}]},{\"@type\":\"WebSite\",\"@id\":\"https:\\\/\\\/elhijodelllanero.mx\\\/#website\",\"url\":\"https:\\\/\\\/elhijodelllanero.mx\\\/\",\"name\":\"El Hijo del llanero solititito\",\"description\":\"\",\"potentialAction\":[{\"@type\":\"SearchAction\",\"target\":{\"@type\":\"EntryPoint\",\"urlTemplate\":\"https:\\\/\\\/elhijodelllanero.mx\\\/?s={search_term_string}\"},\"query-input\":{\"@type\":\"PropertyValueSpecification\",\"valueRequired\":true,\"valueName\":\"search_term_string\"}}],\"inLanguage\":\"es\"},{\"@type\":\"Person\",\"@id\":\"https:\\\/\\\/elhijodelllanero.mx\\\/#\\\/schema\\\/person\\\/c7f8c86c55c1eab44ae2b93a9628245f\",\"name\":\"Mar\u00eda de la Paz Rodarte Ram\u00edrez\",\"image\":{\"@type\":\"ImageObject\",\"inLanguage\":\"es\",\"@id\":\"https:\\\/\\\/secure.gravatar.com\\\/avatar\\\/1f38f8518b09a266af73da2bce78d69e7d1275299970134ed62f572e0487e1d0?s=96&d=mm&r=g\",\"url\":\"https:\\\/\\\/secure.gravatar.com\\\/avatar\\\/1f38f8518b09a266af73da2bce78d69e7d1275299970134ed62f572e0487e1d0?s=96&d=mm&r=g\",\"contentUrl\":\"https:\\\/\\\/secure.gravatar.com\\\/avatar\\\/1f38f8518b09a266af73da2bce78d69e7d1275299970134ed62f572e0487e1d0?s=96&d=mm&r=g\",\"caption\":\"Mar\u00eda de la Paz Rodarte Ram\u00edrez\"},\"sameAs\":[\"https:\\\/\\\/www.elhijodelllanero.mx\"],\"url\":\"https:\\\/\\\/elhijodelllanero.mx\\\/index.php\\\/author\\\/maricuas\\\/\"}]}<\/script>\n<!-- \/ Yoast SEO plugin. -->","yoast_head_json":{"title":"CONDONARAN HASTA 100 PORCIENTO DE RECARGOS EN PREDIAL ESTE DICIEMBRE.\u00a0 - El Hijo del llanero solititito","robots":{"index":"index","follow":"follow","max-snippet":"max-snippet:-1","max-image-preview":"max-image-preview:large","max-video-preview":"max-video-preview:-1"},"canonical":"https:\/\/elhijodelllanero.mx\/index.php\/2025\/12\/05\/condonaran-hasta-100-porciento-de-recargos-en-predial-este-diciembre\/","og_locale":"es_ES","og_type":"article","og_title":"CONDONARAN HASTA 100 PORCIENTO DE RECARGOS EN PREDIAL ESTE DICIEMBRE.\u00a0 - El Hijo del llanero solititito","og_description":"Cortazar, Gto. 5 de diciembre del 2025.-Lanzar\u00e1n campa\u00f1a de hasta el cien por ciento en condonaci\u00f3n de recargos en el pago del impuesto predial en Cortazar. El alcalde Mauricio Estefan\u00eda indic\u00f3 que ya realizaron el an\u00e1lisis con la tesorera municipal y lanzar\u00e1n dicha campa\u00f1a para que las personas se regularicen en este impuesto. Dio a [&hellip;]","og_url":"https:\/\/elhijodelllanero.mx\/index.php\/2025\/12\/05\/condonaran-hasta-100-porciento-de-recargos-en-predial-este-diciembre\/","og_site_name":"El Hijo del llanero solititito","article_published_time":"2025-12-05T13:16:51+00:00","og_image":[{"width":1280,"height":960,"url":"https:\/\/elhijodelllanero.mx\/wp-content\/uploads\/2025\/12\/IMG-20251205-WA0003.jpg","type":"image\/jpeg"}],"author":"Mar\u00eda de la Paz Rodarte Ram\u00edrez","twitter_card":"summary_large_image","twitter_misc":{"Escrito por":"Mar\u00eda de la Paz Rodarte Ram\u00edrez","Tiempo de lectura":"1 minuto"},"schema":{"@context":"https:\/\/schema.org","@graph":[{"@type":"Article","@id":"https:\/\/elhijodelllanero.mx\/index.php\/2025\/12\/05\/condonaran-hasta-100-porciento-de-recargos-en-predial-este-diciembre\/#article","isPartOf":{"@id":"https:\/\/elhijodelllanero.mx\/index.php\/2025\/12\/05\/condonaran-hasta-100-porciento-de-recargos-en-predial-este-diciembre\/"},"author":{"name":"Mar\u00eda de la Paz Rodarte Ram\u00edrez","@id":"https:\/\/elhijodelllanero.mx\/#\/schema\/person\/c7f8c86c55c1eab44ae2b93a9628245f"},"headline":"CONDONARAN HASTA 100 PORCIENTO DE RECARGOS EN PREDIAL ESTE DICIEMBRE.\u00a0","datePublished":"2025-12-05T13:16:51+00:00","mainEntityOfPage":{"@id":"https:\/\/elhijodelllanero.mx\/index.php\/2025\/12\/05\/condonaran-hasta-100-porciento-de-recargos-en-predial-este-diciembre\/"},"wordCount":193,"commentCount":0,"image":{"@id":"https:\/\/elhijodelllanero.mx\/index.php\/2025\/12\/05\/condonaran-hasta-100-porciento-de-recargos-en-predial-este-diciembre\/#primaryimage"},"thumbnailUrl":"https:\/\/i0.wp.com\/elhijodelllanero.mx\/wp-content\/uploads\/2025\/12\/IMG-20251205-WA0003.jpg?fit=1280%2C960&ssl=1","articleSection":["CORTAZAR","MUNICIPIOS"],"inLanguage":"es","potentialAction":[{"@type":"CommentAction","name":"Comment","target":["https:\/\/elhijodelllanero.mx\/index.php\/2025\/12\/05\/condonaran-hasta-100-porciento-de-recargos-en-predial-este-diciembre\/#respond"]}]},{"@type":"WebPage","@id":"https:\/\/elhijodelllanero.mx\/index.php\/2025\/12\/05\/condonaran-hasta-100-porciento-de-recargos-en-predial-este-diciembre\/","url":"https:\/\/elhijodelllanero.mx\/index.php\/2025\/12\/05\/condonaran-hasta-100-porciento-de-recargos-en-predial-este-diciembre\/","name":"CONDONARAN HASTA 100 PORCIENTO DE RECARGOS EN PREDIAL ESTE DICIEMBRE.\u00a0 - El Hijo del llanero solititito","isPartOf":{"@id":"https:\/\/elhijodelllanero.mx\/#website"},"primaryImageOfPage":{"@id":"https:\/\/elhijodelllanero.mx\/index.php\/2025\/12\/05\/condonaran-hasta-100-porciento-de-recargos-en-predial-este-diciembre\/#primaryimage"},"image":{"@id":"https:\/\/elhijodelllanero.mx\/index.php\/2025\/12\/05\/condonaran-hasta-100-porciento-de-recargos-en-predial-este-diciembre\/#primaryimage"},"thumbnailUrl":"https:\/\/i0.wp.com\/elhijodelllanero.mx\/wp-content\/uploads\/2025\/12\/IMG-20251205-WA0003.jpg?fit=1280%2C960&ssl=1","datePublished":"2025-12-05T13:16:51+00:00","author":{"@id":"https:\/\/elhijodelllanero.mx\/#\/schema\/person\/c7f8c86c55c1eab44ae2b93a9628245f"},"breadcrumb":{"@id":"https:\/\/elhijodelllanero.mx\/index.php\/2025\/12\/05\/condonaran-hasta-100-porciento-de-recargos-en-predial-este-diciembre\/#breadcrumb"},"inLanguage":"es","potentialAction":[{"@type":"ReadAction","target":["https:\/\/elhijodelllanero.mx\/index.php\/2025\/12\/05\/condonaran-hasta-100-porciento-de-recargos-en-predial-este-diciembre\/"]}]},{"@type":"ImageObject","inLanguage":"es","@id":"https:\/\/elhijodelllanero.mx\/index.php\/2025\/12\/05\/condonaran-hasta-100-porciento-de-recargos-en-predial-este-diciembre\/#primaryimage","url":"https:\/\/i0.wp.com\/elhijodelllanero.mx\/wp-content\/uploads\/2025\/12\/IMG-20251205-WA0003.jpg?fit=1280%2C960&ssl=1","contentUrl":"https:\/\/i0.wp.com\/elhijodelllanero.mx\/wp-content\/uploads\/2025\/12\/IMG-20251205-WA0003.jpg?fit=1280%2C960&ssl=1","width":1280,"height":960},{"@type":"BreadcrumbList","@id":"https:\/\/elhijodelllanero.mx\/index.php\/2025\/12\/05\/condonaran-hasta-100-porciento-de-recargos-en-predial-este-diciembre\/#breadcrumb","itemListElement":[{"@type":"ListItem","position":1,"name":"Portada","item":"https:\/\/elhijodelllanero.mx\/"},{"@type":"ListItem","position":2,"name":"CONDONARAN HASTA 100 PORCIENTO DE RECARGOS EN PREDIAL ESTE DICIEMBRE.\u00a0"}]},{"@type":"WebSite","@id":"https:\/\/elhijodelllanero.mx\/#website","url":"https:\/\/elhijodelllanero.mx\/","name":"El Hijo del llanero solititito","description":"","potentialAction":[{"@type":"SearchAction","target":{"@type":"EntryPoint","urlTemplate":"https:\/\/elhijodelllanero.mx\/?s={search_term_string}"},"query-input":{"@type":"PropertyValueSpecification","valueRequired":true,"valueName":"search_term_string"}}],"inLanguage":"es"},{"@type":"Person","@id":"https:\/\/elhijodelllanero.mx\/#\/schema\/person\/c7f8c86c55c1eab44ae2b93a9628245f","name":"Mar\u00eda de la Paz Rodarte Ram\u00edrez","image":{"@type":"ImageObject","inLanguage":"es","@id":"https:\/\/secure.gravatar.com\/avatar\/1f38f8518b09a266af73da2bce78d69e7d1275299970134ed62f572e0487e1d0?s=96&d=mm&r=g","url":"https:\/\/secure.gravatar.com\/avatar\/1f38f8518b09a266af73da2bce78d69e7d1275299970134ed62f572e0487e1d0?s=96&d=mm&r=g","contentUrl":"https:\/\/secure.gravatar.com\/avatar\/1f38f8518b09a266af73da2bce78d69e7d1275299970134ed62f572e0487e1d0?s=96&d=mm&r=g","caption":"Mar\u00eda de la Paz Rodarte Ram\u00edrez"},"sameAs":["https:\/\/www.elhijodelllanero.mx"],"url":"https:\/\/elhijodelllanero.mx\/index.php\/author\/maricuas\/"}]}},"jetpack_featured_media_url":"https:\/\/i0.wp.com\/elhijodelllanero.mx\/wp-content\/uploads\/2025\/12\/IMG-20251205-WA0003.jpg?fit=1280%2C960&ssl=1","jetpack-related-posts":[],"jetpack_sharing_enabled":true,"_links":{"self":[{"href":"https:\/\/elhijodelllanero.mx\/index.php\/wp-json\/wp\/v2\/posts\/12260","targetHints":{"allow":["GET"]}}],"collection":[{"href":"https:\/\/elhijodelllanero.mx\/index.php\/wp-json\/wp\/v2\/posts"}],"about":[{"href":"https:\/\/elhijodelllanero.mx\/index.php\/wp-json\/wp\/v2\/types\/post"}],"author":[{"embeddable":true,"href":"https:\/\/elhijodelllanero.mx\/index.php\/wp-json\/wp\/v2\/users\/3"}],"replies":[{"embeddable":true,"href":"https:\/\/elhijodelllanero.mx\/index.php\/wp-json\/wp\/v2\/comments?post=12260"}],"version-history":[{"count":1,"href":"https:\/\/elhijodelllanero.mx\/index.php\/wp-json\/wp\/v2\/posts\/12260\/revisions"}],"predecessor-version":[{"id":12262,"href":"https:\/\/elhijodelllanero.mx\/index.php\/wp-json\/wp\/v2\/posts\/12260\/revisions\/12262"}],"wp:featuredmedia":[{"embeddable":true,"href":"https:\/\/elhijodelllanero.mx\/index.php\/wp-json\/wp\/v2\/media\/12261"}],"wp:attachment":[{"href":"https:\/\/elhijodelllanero.mx\/index.php\/wp-json\/wp\/v2\/media?parent=12260"}],"wp:term":[{"taxonomy":"category","embeddable":true,"href":"https:\/\/elhijodelllanero.mx\/index.php\/wp-json\/wp\/v2\/categories?post=12260"},{"taxonomy":"post_tag","embeddable":true,"href":"https:\/\/elhijodelllanero.mx\/index.php\/wp-json\/wp\/v2\/tags?post=12260"}],"curies":[{"name":"wp","href":"https:\/\/api.w.org\/{rel}","templated":true}]}}