{"id":12307,"date":"2025-12-10T23:55:15","date_gmt":"2025-12-10T23:55:15","guid":{"rendered":"https:\/\/elhijodelllanero.mx\/?p=12307"},"modified":"2025-12-10T23:55:15","modified_gmt":"2025-12-10T23:55:15","slug":"colocan-logotipo-gigante-en-la-bola-del-agua-porque-la-encuesta-lo-dijo","status":"publish","type":"post","link":"https:\/\/elhijodelllanero.mx\/index.php\/2025\/12\/10\/colocan-logotipo-gigante-en-la-bola-del-agua-porque-la-encuesta-lo-dijo\/","title":{"rendered":"COLOCAN LOGOTIPO GIGANTE EN LA BOLA DEL AGUA \u00abPORQUE LA ENCUESTA LO DIJO\u00bb."},"content":{"rendered":"<p>Celaya, Gto. 10 de diciembre del 2025.-La famosa Bola de Agua luce ahora un nuevo adorno: el logotipo de la administraci\u00f3n 2024\u20132027, una paloma de 4 por 3 metros, colocada \u2014seg\u00fan el alcalde Juan Miguel Ram\u00edrez\u2014 tras un \u201criguroso\u201d proceso democr\u00e1tico: una encuesta de Comunicaci\u00f3n Social donde la ciudadan\u00eda eligi\u00f3 el lugar m\u00e1s adecuado.<\/p>\n<p>El presidente municipal asegur\u00f3 que no existi\u00f3 ninguna restricci\u00f3n para instalarlo y que el proyecto fue revisado por varias \u00e1reas, incluido el Jur\u00eddico. Incluso aclar\u00f3 que el s\u00edmbolo no tiene relaci\u00f3n alguna con Morena, pese a las cr\u00edticas que surgieron en redes.<\/p>\n<p>\u201cTodas las administraciones ponen su logotipo, es lo representativo del gobierno\u201d, reiter\u00f3 Ram\u00edrez, quien insisti\u00f3 en que el dise\u00f1o fue bien recibido por \u201cmuch\u00edsima gente\u201d, aunque tambi\u00e9n acept\u00f3 que a otros no les agrad\u00f3\u2026 pero, al final, la encuesta decidi\u00f3.<\/p>\n<p>El logotipo permanecer\u00e1 en la Bola de Agua durante toda la temporada decembrina, acompa\u00f1ando al resto de los adornos navide\u00f1os instalados en la ciudad.<\/p>\n","protected":false},"excerpt":{"rendered":"<p>Celaya, Gto. 10 de diciembre del 2025.-La famosa Bola de Agua luce ahora un nuevo adorno: el logotipo de la administraci\u00f3n 2024\u20132027, una paloma de 4 por 3 metros, colocada \u2014seg\u00fan el alcalde Juan Miguel Ram\u00edrez\u2014 tras un \u201criguroso\u201d proceso democr\u00e1tico: una encuesta de Comunicaci\u00f3n Social donde la ciudadan\u00eda eligi\u00f3 el lugar m\u00e1s adecuado. El [&hellip;]<\/p>\n","protected":false},"author":3,"featured_media":12308,"comment_status":"open","ping_status":"closed","sticky":false,"template":"","format":"standard","meta":{"_jetpack_newsletter_access":"","_jetpack_dont_email_post_to_subs":false,"_jetpack_newsletter_tier_id":0,"_jetpack_memberships_contains_paywalled_content":false,"_jetpack_memberships_contains_paid_content":false,"footnotes":""},"categories":[74],"tags":[],"class_list":{"0":"post-12307","1":"post","2":"type-post","3":"status-publish","4":"format-standard","5":"has-post-thumbnail","7":"category-celaya"},"yoast_head":"<!-- This site is optimized with the Yoast SEO plugin v27.3 - https:\/\/yoast.com\/product\/yoast-seo-wordpress\/ -->\n<title>COLOCAN LOGOTIPO GIGANTE EN LA BOLA DEL AGUA &quot;PORQUE LA ENCUESTA LO DIJO&quot;. - El Hijo del llanero solititito<\/title>\n<meta name=\"robots\" content=\"index, follow, max-snippet:-1, max-image-preview:large, max-video-preview:-1\" \/>\n<link rel=\"canonical\" href=\"https:\/\/elhijodelllanero.mx\/index.php\/2025\/12\/10\/colocan-logotipo-gigante-en-la-bola-del-agua-porque-la-encuesta-lo-dijo\/\" \/>\n<meta property=\"og:locale\" content=\"es_ES\" \/>\n<meta property=\"og:type\" content=\"article\" \/>\n<meta property=\"og:title\" content=\"COLOCAN LOGOTIPO GIGANTE EN LA BOLA DEL AGUA &quot;PORQUE LA ENCUESTA LO DIJO&quot;. - El Hijo del llanero solititito\" \/>\n<meta property=\"og:description\" content=\"Celaya, Gto. 10 de diciembre del 2025.-La famosa Bola de Agua luce ahora un nuevo adorno: el logotipo de la administraci\u00f3n 2024\u20132027, una paloma de 4 por 3 metros, colocada \u2014seg\u00fan el alcalde Juan Miguel Ram\u00edrez\u2014 tras un \u201criguroso\u201d proceso democr\u00e1tico: una encuesta de Comunicaci\u00f3n Social donde la ciudadan\u00eda eligi\u00f3 el lugar m\u00e1s adecuado. El [&hellip;]\" \/>\n<meta property=\"og:url\" content=\"https:\/\/elhijodelllanero.mx\/index.php\/2025\/12\/10\/colocan-logotipo-gigante-en-la-bola-del-agua-porque-la-encuesta-lo-dijo\/\" \/>\n<meta property=\"og:site_name\" content=\"El Hijo del llanero solititito\" \/>\n<meta property=\"article:published_time\" content=\"2025-12-10T23:55:15+00:00\" \/>\n<meta property=\"og:image\" content=\"https:\/\/elhijodelllanero.mx\/wp-content\/uploads\/2025\/12\/IMG-20251210-WA0007.jpg\" \/>\n\t<meta property=\"og:image:width\" content=\"1200\" \/>\n\t<meta property=\"og:image:height\" content=\"1600\" \/>\n\t<meta property=\"og:image:type\" content=\"image\/jpeg\" \/>\n<meta name=\"author\" content=\"Mar\u00eda de la Paz Rodarte Ram\u00edrez\" \/>\n<meta name=\"twitter:card\" content=\"summary_large_image\" \/>\n<meta name=\"twitter:label1\" content=\"Escrito por\" \/>\n\t<meta name=\"twitter:data1\" content=\"Mar\u00eda de la Paz Rodarte Ram\u00edrez\" \/>\n\t<meta name=\"twitter:label2\" content=\"Tiempo de lectura\" \/>\n\t<meta name=\"twitter:data2\" content=\"1 minuto\" \/>\n<script type=\"application\/ld+json\" class=\"yoast-schema-graph\">{\"@context\":\"https:\\\/\\\/schema.org\",\"@graph\":[{\"@type\":\"Article\",\"@id\":\"https:\\\/\\\/elhijodelllanero.mx\\\/index.php\\\/2025\\\/12\\\/10\\\/colocan-logotipo-gigante-en-la-bola-del-agua-porque-la-encuesta-lo-dijo\\\/#article\",\"isPartOf\":{\"@id\":\"https:\\\/\\\/elhijodelllanero.mx\\\/index.php\\\/2025\\\/12\\\/10\\\/colocan-logotipo-gigante-en-la-bola-del-agua-porque-la-encuesta-lo-dijo\\\/\"},\"author\":{\"name\":\"Mar\u00eda de la Paz Rodarte Ram\u00edrez\",\"@id\":\"https:\\\/\\\/elhijodelllanero.mx\\\/#\\\/schema\\\/person\\\/c7f8c86c55c1eab44ae2b93a9628245f\"},\"headline\":\"COLOCAN LOGOTIPO GIGANTE EN LA BOLA DEL AGUA \u00abPORQUE LA ENCUESTA LO DIJO\u00bb.\",\"datePublished\":\"2025-12-10T23:55:15+00:00\",\"mainEntityOfPage\":{\"@id\":\"https:\\\/\\\/elhijodelllanero.mx\\\/index.php\\\/2025\\\/12\\\/10\\\/colocan-logotipo-gigante-en-la-bola-del-agua-porque-la-encuesta-lo-dijo\\\/\"},\"wordCount\":187,\"commentCount\":0,\"image\":{\"@id\":\"https:\\\/\\\/elhijodelllanero.mx\\\/index.php\\\/2025\\\/12\\\/10\\\/colocan-logotipo-gigante-en-la-bola-del-agua-porque-la-encuesta-lo-dijo\\\/#primaryimage\"},\"thumbnailUrl\":\"https:\\\/\\\/i0.wp.com\\\/elhijodelllanero.mx\\\/wp-content\\\/uploads\\\/2025\\\/12\\\/IMG-20251210-WA0007.jpg?fit=1200%2C1600&ssl=1\",\"articleSection\":[\"CELAYA\"],\"inLanguage\":\"es\",\"potentialAction\":[{\"@type\":\"CommentAction\",\"name\":\"Comment\",\"target\":[\"https:\\\/\\\/elhijodelllanero.mx\\\/index.php\\\/2025\\\/12\\\/10\\\/colocan-logotipo-gigante-en-la-bola-del-agua-porque-la-encuesta-lo-dijo\\\/#respond\"]}]},{\"@type\":\"WebPage\",\"@id\":\"https:\\\/\\\/elhijodelllanero.mx\\\/index.php\\\/2025\\\/12\\\/10\\\/colocan-logotipo-gigante-en-la-bola-del-agua-porque-la-encuesta-lo-dijo\\\/\",\"url\":\"https:\\\/\\\/elhijodelllanero.mx\\\/index.php\\\/2025\\\/12\\\/10\\\/colocan-logotipo-gigante-en-la-bola-del-agua-porque-la-encuesta-lo-dijo\\\/\",\"name\":\"COLOCAN LOGOTIPO GIGANTE EN LA BOLA DEL AGUA \\\"PORQUE LA ENCUESTA LO DIJO\\\". - El Hijo del llanero solititito\",\"isPartOf\":{\"@id\":\"https:\\\/\\\/elhijodelllanero.mx\\\/#website\"},\"primaryImageOfPage\":{\"@id\":\"https:\\\/\\\/elhijodelllanero.mx\\\/index.php\\\/2025\\\/12\\\/10\\\/colocan-logotipo-gigante-en-la-bola-del-agua-porque-la-encuesta-lo-dijo\\\/#primaryimage\"},\"image\":{\"@id\":\"https:\\\/\\\/elhijodelllanero.mx\\\/index.php\\\/2025\\\/12\\\/10\\\/colocan-logotipo-gigante-en-la-bola-del-agua-porque-la-encuesta-lo-dijo\\\/#primaryimage\"},\"thumbnailUrl\":\"https:\\\/\\\/i0.wp.com\\\/elhijodelllanero.mx\\\/wp-content\\\/uploads\\\/2025\\\/12\\\/IMG-20251210-WA0007.jpg?fit=1200%2C1600&ssl=1\",\"datePublished\":\"2025-12-10T23:55:15+00:00\",\"author\":{\"@id\":\"https:\\\/\\\/elhijodelllanero.mx\\\/#\\\/schema\\\/person\\\/c7f8c86c55c1eab44ae2b93a9628245f\"},\"breadcrumb\":{\"@id\":\"https:\\\/\\\/elhijodelllanero.mx\\\/index.php\\\/2025\\\/12\\\/10\\\/colocan-logotipo-gigante-en-la-bola-del-agua-porque-la-encuesta-lo-dijo\\\/#breadcrumb\"},\"inLanguage\":\"es\",\"potentialAction\":[{\"@type\":\"ReadAction\",\"target\":[\"https:\\\/\\\/elhijodelllanero.mx\\\/index.php\\\/2025\\\/12\\\/10\\\/colocan-logotipo-gigante-en-la-bola-del-agua-porque-la-encuesta-lo-dijo\\\/\"]}]},{\"@type\":\"ImageObject\",\"inLanguage\":\"es\",\"@id\":\"https:\\\/\\\/elhijodelllanero.mx\\\/index.php\\\/2025\\\/12\\\/10\\\/colocan-logotipo-gigante-en-la-bola-del-agua-porque-la-encuesta-lo-dijo\\\/#primaryimage\",\"url\":\"https:\\\/\\\/i0.wp.com\\\/elhijodelllanero.mx\\\/wp-content\\\/uploads\\\/2025\\\/12\\\/IMG-20251210-WA0007.jpg?fit=1200%2C1600&ssl=1\",\"contentUrl\":\"https:\\\/\\\/i0.wp.com\\\/elhijodelllanero.mx\\\/wp-content\\\/uploads\\\/2025\\\/12\\\/IMG-20251210-WA0007.jpg?fit=1200%2C1600&ssl=1\",\"width\":1200,\"height\":1600},{\"@type\":\"BreadcrumbList\",\"@id\":\"https:\\\/\\\/elhijodelllanero.mx\\\/index.php\\\/2025\\\/12\\\/10\\\/colocan-logotipo-gigante-en-la-bola-del-agua-porque-la-encuesta-lo-dijo\\\/#breadcrumb\",\"itemListElement\":[{\"@type\":\"ListItem\",\"position\":1,\"name\":\"Portada\",\"item\":\"https:\\\/\\\/elhijodelllanero.mx\\\/\"},{\"@type\":\"ListItem\",\"position\":2,\"name\":\"COLOCAN LOGOTIPO GIGANTE EN LA BOLA DEL AGUA \u00abPORQUE LA ENCUESTA LO DIJO\u00bb.\"}]},{\"@type\":\"WebSite\",\"@id\":\"https:\\\/\\\/elhijodelllanero.mx\\\/#website\",\"url\":\"https:\\\/\\\/elhijodelllanero.mx\\\/\",\"name\":\"El Hijo del llanero solititito\",\"description\":\"\",\"potentialAction\":[{\"@type\":\"SearchAction\",\"target\":{\"@type\":\"EntryPoint\",\"urlTemplate\":\"https:\\\/\\\/elhijodelllanero.mx\\\/?s={search_term_string}\"},\"query-input\":{\"@type\":\"PropertyValueSpecification\",\"valueRequired\":true,\"valueName\":\"search_term_string\"}}],\"inLanguage\":\"es\"},{\"@type\":\"Person\",\"@id\":\"https:\\\/\\\/elhijodelllanero.mx\\\/#\\\/schema\\\/person\\\/c7f8c86c55c1eab44ae2b93a9628245f\",\"name\":\"Mar\u00eda de la Paz Rodarte Ram\u00edrez\",\"image\":{\"@type\":\"ImageObject\",\"inLanguage\":\"es\",\"@id\":\"https:\\\/\\\/secure.gravatar.com\\\/avatar\\\/1f38f8518b09a266af73da2bce78d69e7d1275299970134ed62f572e0487e1d0?s=96&d=mm&r=g\",\"url\":\"https:\\\/\\\/secure.gravatar.com\\\/avatar\\\/1f38f8518b09a266af73da2bce78d69e7d1275299970134ed62f572e0487e1d0?s=96&d=mm&r=g\",\"contentUrl\":\"https:\\\/\\\/secure.gravatar.com\\\/avatar\\\/1f38f8518b09a266af73da2bce78d69e7d1275299970134ed62f572e0487e1d0?s=96&d=mm&r=g\",\"caption\":\"Mar\u00eda de la Paz Rodarte Ram\u00edrez\"},\"sameAs\":[\"https:\\\/\\\/www.elhijodelllanero.mx\"],\"url\":\"https:\\\/\\\/elhijodelllanero.mx\\\/index.php\\\/author\\\/maricuas\\\/\"}]}<\/script>\n<!-- \/ Yoast SEO plugin. -->","yoast_head_json":{"title":"COLOCAN LOGOTIPO GIGANTE EN LA BOLA DEL AGUA \"PORQUE LA ENCUESTA LO DIJO\". - El Hijo del llanero solititito","robots":{"index":"index","follow":"follow","max-snippet":"max-snippet:-1","max-image-preview":"max-image-preview:large","max-video-preview":"max-video-preview:-1"},"canonical":"https:\/\/elhijodelllanero.mx\/index.php\/2025\/12\/10\/colocan-logotipo-gigante-en-la-bola-del-agua-porque-la-encuesta-lo-dijo\/","og_locale":"es_ES","og_type":"article","og_title":"COLOCAN LOGOTIPO GIGANTE EN LA BOLA DEL AGUA \"PORQUE LA ENCUESTA LO DIJO\". - El Hijo del llanero solititito","og_description":"Celaya, Gto. 10 de diciembre del 2025.-La famosa Bola de Agua luce ahora un nuevo adorno: el logotipo de la administraci\u00f3n 2024\u20132027, una paloma de 4 por 3 metros, colocada \u2014seg\u00fan el alcalde Juan Miguel Ram\u00edrez\u2014 tras un \u201criguroso\u201d proceso democr\u00e1tico: una encuesta de Comunicaci\u00f3n Social donde la ciudadan\u00eda eligi\u00f3 el lugar m\u00e1s adecuado. El [&hellip;]","og_url":"https:\/\/elhijodelllanero.mx\/index.php\/2025\/12\/10\/colocan-logotipo-gigante-en-la-bola-del-agua-porque-la-encuesta-lo-dijo\/","og_site_name":"El Hijo del llanero solititito","article_published_time":"2025-12-10T23:55:15+00:00","og_image":[{"width":1200,"height":1600,"url":"https:\/\/elhijodelllanero.mx\/wp-content\/uploads\/2025\/12\/IMG-20251210-WA0007.jpg","type":"image\/jpeg"}],"author":"Mar\u00eda de la Paz Rodarte Ram\u00edrez","twitter_card":"summary_large_image","twitter_misc":{"Escrito por":"Mar\u00eda de la Paz Rodarte Ram\u00edrez","Tiempo de lectura":"1 minuto"},"schema":{"@context":"https:\/\/schema.org","@graph":[{"@type":"Article","@id":"https:\/\/elhijodelllanero.mx\/index.php\/2025\/12\/10\/colocan-logotipo-gigante-en-la-bola-del-agua-porque-la-encuesta-lo-dijo\/#article","isPartOf":{"@id":"https:\/\/elhijodelllanero.mx\/index.php\/2025\/12\/10\/colocan-logotipo-gigante-en-la-bola-del-agua-porque-la-encuesta-lo-dijo\/"},"author":{"name":"Mar\u00eda de la Paz Rodarte Ram\u00edrez","@id":"https:\/\/elhijodelllanero.mx\/#\/schema\/person\/c7f8c86c55c1eab44ae2b93a9628245f"},"headline":"COLOCAN LOGOTIPO GIGANTE EN LA BOLA DEL AGUA \u00abPORQUE LA ENCUESTA LO DIJO\u00bb.","datePublished":"2025-12-10T23:55:15+00:00","mainEntityOfPage":{"@id":"https:\/\/elhijodelllanero.mx\/index.php\/2025\/12\/10\/colocan-logotipo-gigante-en-la-bola-del-agua-porque-la-encuesta-lo-dijo\/"},"wordCount":187,"commentCount":0,"image":{"@id":"https:\/\/elhijodelllanero.mx\/index.php\/2025\/12\/10\/colocan-logotipo-gigante-en-la-bola-del-agua-porque-la-encuesta-lo-dijo\/#primaryimage"},"thumbnailUrl":"https:\/\/i0.wp.com\/elhijodelllanero.mx\/wp-content\/uploads\/2025\/12\/IMG-20251210-WA0007.jpg?fit=1200%2C1600&ssl=1","articleSection":["CELAYA"],"inLanguage":"es","potentialAction":[{"@type":"CommentAction","name":"Comment","target":["https:\/\/elhijodelllanero.mx\/index.php\/2025\/12\/10\/colocan-logotipo-gigante-en-la-bola-del-agua-porque-la-encuesta-lo-dijo\/#respond"]}]},{"@type":"WebPage","@id":"https:\/\/elhijodelllanero.mx\/index.php\/2025\/12\/10\/colocan-logotipo-gigante-en-la-bola-del-agua-porque-la-encuesta-lo-dijo\/","url":"https:\/\/elhijodelllanero.mx\/index.php\/2025\/12\/10\/colocan-logotipo-gigante-en-la-bola-del-agua-porque-la-encuesta-lo-dijo\/","name":"COLOCAN LOGOTIPO GIGANTE EN LA BOLA DEL AGUA \"PORQUE LA ENCUESTA LO DIJO\". - El Hijo del llanero solititito","isPartOf":{"@id":"https:\/\/elhijodelllanero.mx\/#website"},"primaryImageOfPage":{"@id":"https:\/\/elhijodelllanero.mx\/index.php\/2025\/12\/10\/colocan-logotipo-gigante-en-la-bola-del-agua-porque-la-encuesta-lo-dijo\/#primaryimage"},"image":{"@id":"https:\/\/elhijodelllanero.mx\/index.php\/2025\/12\/10\/colocan-logotipo-gigante-en-la-bola-del-agua-porque-la-encuesta-lo-dijo\/#primaryimage"},"thumbnailUrl":"https:\/\/i0.wp.com\/elhijodelllanero.mx\/wp-content\/uploads\/2025\/12\/IMG-20251210-WA0007.jpg?fit=1200%2C1600&ssl=1","datePublished":"2025-12-10T23:55:15+00:00","author":{"@id":"https:\/\/elhijodelllanero.mx\/#\/schema\/person\/c7f8c86c55c1eab44ae2b93a9628245f"},"breadcrumb":{"@id":"https:\/\/elhijodelllanero.mx\/index.php\/2025\/12\/10\/colocan-logotipo-gigante-en-la-bola-del-agua-porque-la-encuesta-lo-dijo\/#breadcrumb"},"inLanguage":"es","potentialAction":[{"@type":"ReadAction","target":["https:\/\/elhijodelllanero.mx\/index.php\/2025\/12\/10\/colocan-logotipo-gigante-en-la-bola-del-agua-porque-la-encuesta-lo-dijo\/"]}]},{"@type":"ImageObject","inLanguage":"es","@id":"https:\/\/elhijodelllanero.mx\/index.php\/2025\/12\/10\/colocan-logotipo-gigante-en-la-bola-del-agua-porque-la-encuesta-lo-dijo\/#primaryimage","url":"https:\/\/i0.wp.com\/elhijodelllanero.mx\/wp-content\/uploads\/2025\/12\/IMG-20251210-WA0007.jpg?fit=1200%2C1600&ssl=1","contentUrl":"https:\/\/i0.wp.com\/elhijodelllanero.mx\/wp-content\/uploads\/2025\/12\/IMG-20251210-WA0007.jpg?fit=1200%2C1600&ssl=1","width":1200,"height":1600},{"@type":"BreadcrumbList","@id":"https:\/\/elhijodelllanero.mx\/index.php\/2025\/12\/10\/colocan-logotipo-gigante-en-la-bola-del-agua-porque-la-encuesta-lo-dijo\/#breadcrumb","itemListElement":[{"@type":"ListItem","position":1,"name":"Portada","item":"https:\/\/elhijodelllanero.mx\/"},{"@type":"ListItem","position":2,"name":"COLOCAN LOGOTIPO GIGANTE EN LA BOLA DEL AGUA \u00abPORQUE LA ENCUESTA LO DIJO\u00bb."}]},{"@type":"WebSite","@id":"https:\/\/elhijodelllanero.mx\/#website","url":"https:\/\/elhijodelllanero.mx\/","name":"El Hijo del llanero solititito","description":"","potentialAction":[{"@type":"SearchAction","target":{"@type":"EntryPoint","urlTemplate":"https:\/\/elhijodelllanero.mx\/?s={search_term_string}"},"query-input":{"@type":"PropertyValueSpecification","valueRequired":true,"valueName":"search_term_string"}}],"inLanguage":"es"},{"@type":"Person","@id":"https:\/\/elhijodelllanero.mx\/#\/schema\/person\/c7f8c86c55c1eab44ae2b93a9628245f","name":"Mar\u00eda de la Paz Rodarte Ram\u00edrez","image":{"@type":"ImageObject","inLanguage":"es","@id":"https:\/\/secure.gravatar.com\/avatar\/1f38f8518b09a266af73da2bce78d69e7d1275299970134ed62f572e0487e1d0?s=96&d=mm&r=g","url":"https:\/\/secure.gravatar.com\/avatar\/1f38f8518b09a266af73da2bce78d69e7d1275299970134ed62f572e0487e1d0?s=96&d=mm&r=g","contentUrl":"https:\/\/secure.gravatar.com\/avatar\/1f38f8518b09a266af73da2bce78d69e7d1275299970134ed62f572e0487e1d0?s=96&d=mm&r=g","caption":"Mar\u00eda de la Paz Rodarte Ram\u00edrez"},"sameAs":["https:\/\/www.elhijodelllanero.mx"],"url":"https:\/\/elhijodelllanero.mx\/index.php\/author\/maricuas\/"}]}},"jetpack_featured_media_url":"https:\/\/i0.wp.com\/elhijodelllanero.mx\/wp-content\/uploads\/2025\/12\/IMG-20251210-WA0007.jpg?fit=1200%2C1600&ssl=1","jetpack-related-posts":[],"jetpack_sharing_enabled":true,"_links":{"self":[{"href":"https:\/\/elhijodelllanero.mx\/index.php\/wp-json\/wp\/v2\/posts\/12307","targetHints":{"allow":["GET"]}}],"collection":[{"href":"https:\/\/elhijodelllanero.mx\/index.php\/wp-json\/wp\/v2\/posts"}],"about":[{"href":"https:\/\/elhijodelllanero.mx\/index.php\/wp-json\/wp\/v2\/types\/post"}],"author":[{"embeddable":true,"href":"https:\/\/elhijodelllanero.mx\/index.php\/wp-json\/wp\/v2\/users\/3"}],"replies":[{"embeddable":true,"href":"https:\/\/elhijodelllanero.mx\/index.php\/wp-json\/wp\/v2\/comments?post=12307"}],"version-history":[{"count":1,"href":"https:\/\/elhijodelllanero.mx\/index.php\/wp-json\/wp\/v2\/posts\/12307\/revisions"}],"predecessor-version":[{"id":12309,"href":"https:\/\/elhijodelllanero.mx\/index.php\/wp-json\/wp\/v2\/posts\/12307\/revisions\/12309"}],"wp:featuredmedia":[{"embeddable":true,"href":"https:\/\/elhijodelllanero.mx\/index.php\/wp-json\/wp\/v2\/media\/12308"}],"wp:attachment":[{"href":"https:\/\/elhijodelllanero.mx\/index.php\/wp-json\/wp\/v2\/media?parent=12307"}],"wp:term":[{"taxonomy":"category","embeddable":true,"href":"https:\/\/elhijodelllanero.mx\/index.php\/wp-json\/wp\/v2\/categories?post=12307"},{"taxonomy":"post_tag","embeddable":true,"href":"https:\/\/elhijodelllanero.mx\/index.php\/wp-json\/wp\/v2\/tags?post=12307"}],"curies":[{"name":"wp","href":"https:\/\/api.w.org\/{rel}","templated":true}]}}