{"id":1236,"date":"2023-10-24T18:45:08","date_gmt":"2023-10-24T18:45:08","guid":{"rendered":"https:\/\/elhijodelllanero.mx\/?p=1236"},"modified":"2023-10-24T18:45:08","modified_gmt":"2023-10-24T18:45:08","slug":"cmic-e-inaeba-firman-convenio-para-abatir-el-rezago-educativo","status":"publish","type":"post","link":"https:\/\/elhijodelllanero.mx\/index.php\/2023\/10\/24\/cmic-e-inaeba-firman-convenio-para-abatir-el-rezago-educativo\/","title":{"rendered":"CMIC e INAEBA firman Convenio para abatir el rezago educativo"},"content":{"rendered":"\n<p><\/p>\n\n\n\n<p>Le\u00f3n, Gto., 24 octubre 2023.- Con el objetivo de combatir el rezago educativo en Guanajuato, la C\u00e1mara de la Construcci\u00f3n del estado de Guanajuato (CMIC), y el Instituto de Alfabetizaci\u00f3n y Educaci\u00f3n B\u00e1sica (INAEBA), han establecido una colaboraci\u00f3n pionera.<br>Este convenio permitir\u00e1 a la CMIC ofrecer a sus agremiados la oferta educativa del INAEBA de secundaria, primaria y alfabetizaci\u00f3n.<br>Este acuerdo hist\u00f3rico busca establecer c\u00edrculos de estudio en las 300 empresas afiliadas a la CMIC, brindando as\u00ed educaci\u00f3n b\u00e1sica al personal agremiado. La firma de este documento fue llevada a cabo por Jos\u00e9 Jes\u00fas Correa Ram\u00edrez, Director General del INAEBA, Enrique Octavio Aranda Anaya, Presidente del comit\u00e9 directivo de la CMIC delegaci\u00f3n Guanajuato, y Roberto Rodr\u00edguez Dechamps, Secretario de la CMIC.<br>El titular del INAEBA se congratul\u00f3 de formalizar esta colaboraci\u00f3n: \u201cAgradezco profundamente la conciencia social que ustedes tienen que permite llevar a cabo las tareas educativas que en este caso nosotros llevamos a cabo con ustedes, las alianzas de este tipo para el instituto son de vital importancia toda vez que nos permite, primero, como lo has dicho como ser humano hacer lo posible por transformar las vidas de los dem\u00e1s\u201d.<br>Cabe se\u00f1alar que este convenio, dar\u00e1 servicios educativos de alfabetizaci\u00f3n, primaria y secundaria para los colaboradores de las empresas agremiadas a la CMIC delegaci\u00f3n Guanajuato y a sus familiares.<br>Motivo por el cual el presidente del comit\u00e9 directivo de la CMIC, dejo ver la importancia de fortalecer estas cadenas de trabajo para brindar mejores oportunidades de vida a la sociedad.<br>\u201cLa educaci\u00f3n debe ser una acci\u00f3n que permanentemente debe estar en el quehacer del ser humano y ah\u00ed es donde ustedes est\u00e1n haciendo un gran trabajo y nos da mucho gusto como organismo intermedio de la sociedad sumarnos a este tipo de acciones y poder sumar en el cambio de actitud que tiene nuestra sociedad\u201d, se\u00f1al\u00f3 Aranda Anaya.<br>Con esta alianza, ambas instituciones se comprometen a construir un Guanajuato m\u00e1s educado y pr\u00f3spero, brindando oportunidades de educaci\u00f3n a aquellos que m\u00e1s lo necesitan.<\/p>\n","protected":false},"excerpt":{"rendered":"<p>Le\u00f3n, Gto., 24 octubre 2023.- Con el objetivo de combatir el rezago educativo en Guanajuato, la C\u00e1mara de la Construcci\u00f3n del estado de Guanajuato (CMIC), y el Instituto de Alfabetizaci\u00f3n y Educaci\u00f3n B\u00e1sica (INAEBA), han establecido una colaboraci\u00f3n pionera.Este convenio permitir\u00e1 a la CMIC ofrecer a sus agremiados la oferta educativa del INAEBA de secundaria, [&hellip;]<\/p>\n","protected":false},"author":1,"featured_media":1237,"comment_status":"open","ping_status":"closed","sticky":false,"template":"","format":"standard","meta":{"_jetpack_newsletter_access":"","_jetpack_dont_email_post_to_subs":false,"_jetpack_newsletter_tier_id":0,"_jetpack_memberships_contains_paywalled_content":false,"_jetpack_memberships_contains_paid_content":false,"footnotes":""},"categories":[38],"tags":[],"class_list":{"0":"post-1236","1":"post","2":"type-post","3":"status-publish","4":"format-standard","5":"has-post-thumbnail","7":"category-estado"},"yoast_head":"<!-- This site is optimized with the Yoast SEO plugin v27.3 - https:\/\/yoast.com\/product\/yoast-seo-wordpress\/ -->\n<title>CMIC e INAEBA firman Convenio para abatir el rezago educativo - El Hijo del llanero solititito<\/title>\n<meta name=\"robots\" content=\"index, follow, max-snippet:-1, max-image-preview:large, max-video-preview:-1\" \/>\n<link rel=\"canonical\" href=\"https:\/\/elhijodelllanero.mx\/index.php\/2023\/10\/24\/cmic-e-inaeba-firman-convenio-para-abatir-el-rezago-educativo\/\" \/>\n<meta property=\"og:locale\" content=\"es_ES\" \/>\n<meta property=\"og:type\" content=\"article\" \/>\n<meta property=\"og:title\" content=\"CMIC e INAEBA firman Convenio para abatir el rezago educativo - El Hijo del llanero solititito\" \/>\n<meta property=\"og:description\" content=\"Le\u00f3n, Gto., 24 octubre 2023.- Con el objetivo de combatir el rezago educativo en Guanajuato, la C\u00e1mara de la Construcci\u00f3n del estado de Guanajuato (CMIC), y el Instituto de Alfabetizaci\u00f3n y Educaci\u00f3n B\u00e1sica (INAEBA), han establecido una colaboraci\u00f3n pionera.Este convenio permitir\u00e1 a la CMIC ofrecer a sus agremiados la oferta educativa del INAEBA de secundaria, [&hellip;]\" \/>\n<meta property=\"og:url\" content=\"https:\/\/elhijodelllanero.mx\/index.php\/2023\/10\/24\/cmic-e-inaeba-firman-convenio-para-abatir-el-rezago-educativo\/\" \/>\n<meta property=\"og:site_name\" content=\"El Hijo del llanero solititito\" \/>\n<meta property=\"article:published_time\" content=\"2023-10-24T18:45:08+00:00\" \/>\n<meta name=\"author\" content=\"Redaccion\" \/>\n<meta name=\"twitter:card\" content=\"summary_large_image\" \/>\n<meta name=\"twitter:label1\" content=\"Escrito por\" \/>\n\t<meta name=\"twitter:data1\" content=\"Redaccion\" \/>\n\t<meta name=\"twitter:label2\" content=\"Tiempo de lectura\" \/>\n\t<meta name=\"twitter:data2\" content=\"2 minutos\" \/>\n<script type=\"application\/ld+json\" class=\"yoast-schema-graph\">{\"@context\":\"https:\\\/\\\/schema.org\",\"@graph\":[{\"@type\":\"Article\",\"@id\":\"https:\\\/\\\/elhijodelllanero.mx\\\/index.php\\\/2023\\\/10\\\/24\\\/cmic-e-inaeba-firman-convenio-para-abatir-el-rezago-educativo\\\/#article\",\"isPartOf\":{\"@id\":\"https:\\\/\\\/elhijodelllanero.mx\\\/index.php\\\/2023\\\/10\\\/24\\\/cmic-e-inaeba-firman-convenio-para-abatir-el-rezago-educativo\\\/\"},\"author\":{\"name\":\"Redaccion\",\"@id\":\"https:\\\/\\\/elhijodelllanero.mx\\\/#\\\/schema\\\/person\\\/5dcfdd3db3a6f7e7906ef5d92cf7340b\"},\"headline\":\"CMIC e INAEBA firman Convenio para abatir el rezago educativo\",\"datePublished\":\"2023-10-24T18:45:08+00:00\",\"mainEntityOfPage\":{\"@id\":\"https:\\\/\\\/elhijodelllanero.mx\\\/index.php\\\/2023\\\/10\\\/24\\\/cmic-e-inaeba-firman-convenio-para-abatir-el-rezago-educativo\\\/\"},\"wordCount\":372,\"commentCount\":0,\"image\":{\"@id\":\"https:\\\/\\\/elhijodelllanero.mx\\\/index.php\\\/2023\\\/10\\\/24\\\/cmic-e-inaeba-firman-convenio-para-abatir-el-rezago-educativo\\\/#primaryimage\"},\"thumbnailUrl\":\"https:\\\/\\\/i0.wp.com\\\/elhijodelllanero.mx\\\/wp-content\\\/uploads\\\/2023\\\/10\\\/IMG-20231024-WA0014.jpg?fit=1600%2C1405&ssl=1\",\"articleSection\":[\"ESTADO\"],\"inLanguage\":\"es\",\"potentialAction\":[{\"@type\":\"CommentAction\",\"name\":\"Comment\",\"target\":[\"https:\\\/\\\/elhijodelllanero.mx\\\/index.php\\\/2023\\\/10\\\/24\\\/cmic-e-inaeba-firman-convenio-para-abatir-el-rezago-educativo\\\/#respond\"]}]},{\"@type\":\"WebPage\",\"@id\":\"https:\\\/\\\/elhijodelllanero.mx\\\/index.php\\\/2023\\\/10\\\/24\\\/cmic-e-inaeba-firman-convenio-para-abatir-el-rezago-educativo\\\/\",\"url\":\"https:\\\/\\\/elhijodelllanero.mx\\\/index.php\\\/2023\\\/10\\\/24\\\/cmic-e-inaeba-firman-convenio-para-abatir-el-rezago-educativo\\\/\",\"name\":\"CMIC e INAEBA firman Convenio para abatir el rezago educativo - El Hijo del llanero solititito\",\"isPartOf\":{\"@id\":\"https:\\\/\\\/elhijodelllanero.mx\\\/#website\"},\"primaryImageOfPage\":{\"@id\":\"https:\\\/\\\/elhijodelllanero.mx\\\/index.php\\\/2023\\\/10\\\/24\\\/cmic-e-inaeba-firman-convenio-para-abatir-el-rezago-educativo\\\/#primaryimage\"},\"image\":{\"@id\":\"https:\\\/\\\/elhijodelllanero.mx\\\/index.php\\\/2023\\\/10\\\/24\\\/cmic-e-inaeba-firman-convenio-para-abatir-el-rezago-educativo\\\/#primaryimage\"},\"thumbnailUrl\":\"https:\\\/\\\/i0.wp.com\\\/elhijodelllanero.mx\\\/wp-content\\\/uploads\\\/2023\\\/10\\\/IMG-20231024-WA0014.jpg?fit=1600%2C1405&ssl=1\",\"datePublished\":\"2023-10-24T18:45:08+00:00\",\"author\":{\"@id\":\"https:\\\/\\\/elhijodelllanero.mx\\\/#\\\/schema\\\/person\\\/5dcfdd3db3a6f7e7906ef5d92cf7340b\"},\"breadcrumb\":{\"@id\":\"https:\\\/\\\/elhijodelllanero.mx\\\/index.php\\\/2023\\\/10\\\/24\\\/cmic-e-inaeba-firman-convenio-para-abatir-el-rezago-educativo\\\/#breadcrumb\"},\"inLanguage\":\"es\",\"potentialAction\":[{\"@type\":\"ReadAction\",\"target\":[\"https:\\\/\\\/elhijodelllanero.mx\\\/index.php\\\/2023\\\/10\\\/24\\\/cmic-e-inaeba-firman-convenio-para-abatir-el-rezago-educativo\\\/\"]}]},{\"@type\":\"ImageObject\",\"inLanguage\":\"es\",\"@id\":\"https:\\\/\\\/elhijodelllanero.mx\\\/index.php\\\/2023\\\/10\\\/24\\\/cmic-e-inaeba-firman-convenio-para-abatir-el-rezago-educativo\\\/#primaryimage\",\"url\":\"https:\\\/\\\/i0.wp.com\\\/elhijodelllanero.mx\\\/wp-content\\\/uploads\\\/2023\\\/10\\\/IMG-20231024-WA0014.jpg?fit=1600%2C1405&ssl=1\",\"contentUrl\":\"https:\\\/\\\/i0.wp.com\\\/elhijodelllanero.mx\\\/wp-content\\\/uploads\\\/2023\\\/10\\\/IMG-20231024-WA0014.jpg?fit=1600%2C1405&ssl=1\",\"width\":1600,\"height\":1405},{\"@type\":\"BreadcrumbList\",\"@id\":\"https:\\\/\\\/elhijodelllanero.mx\\\/index.php\\\/2023\\\/10\\\/24\\\/cmic-e-inaeba-firman-convenio-para-abatir-el-rezago-educativo\\\/#breadcrumb\",\"itemListElement\":[{\"@type\":\"ListItem\",\"position\":1,\"name\":\"Portada\",\"item\":\"https:\\\/\\\/elhijodelllanero.mx\\\/\"},{\"@type\":\"ListItem\",\"position\":2,\"name\":\"CMIC e INAEBA firman Convenio para abatir el rezago educativo\"}]},{\"@type\":\"WebSite\",\"@id\":\"https:\\\/\\\/elhijodelllanero.mx\\\/#website\",\"url\":\"https:\\\/\\\/elhijodelllanero.mx\\\/\",\"name\":\"El Hijo del llanero solititito\",\"description\":\"\",\"potentialAction\":[{\"@type\":\"SearchAction\",\"target\":{\"@type\":\"EntryPoint\",\"urlTemplate\":\"https:\\\/\\\/elhijodelllanero.mx\\\/?s={search_term_string}\"},\"query-input\":{\"@type\":\"PropertyValueSpecification\",\"valueRequired\":true,\"valueName\":\"search_term_string\"}}],\"inLanguage\":\"es\"},{\"@type\":\"Person\",\"@id\":\"https:\\\/\\\/elhijodelllanero.mx\\\/#\\\/schema\\\/person\\\/5dcfdd3db3a6f7e7906ef5d92cf7340b\",\"name\":\"Redaccion\",\"image\":{\"@type\":\"ImageObject\",\"inLanguage\":\"es\",\"@id\":\"https:\\\/\\\/secure.gravatar.com\\\/avatar\\\/f65b913d6e7be363e7396f7fad32ab76d311fbb575fa7e623ec3ea4799f3b718?s=96&d=mm&r=g\",\"url\":\"https:\\\/\\\/secure.gravatar.com\\\/avatar\\\/f65b913d6e7be363e7396f7fad32ab76d311fbb575fa7e623ec3ea4799f3b718?s=96&d=mm&r=g\",\"contentUrl\":\"https:\\\/\\\/secure.gravatar.com\\\/avatar\\\/f65b913d6e7be363e7396f7fad32ab76d311fbb575fa7e623ec3ea4799f3b718?s=96&d=mm&r=g\",\"caption\":\"Redaccion\"},\"sameAs\":[\"https:\\\/\\\/www.elhijodelllanero.mx\"],\"url\":\"https:\\\/\\\/elhijodelllanero.mx\\\/index.php\\\/author\\\/admin_6smc8z8t\\\/\"}]}<\/script>\n<!-- \/ Yoast SEO plugin. -->","yoast_head_json":{"title":"CMIC e INAEBA firman Convenio para abatir el rezago educativo - El Hijo del llanero solititito","robots":{"index":"index","follow":"follow","max-snippet":"max-snippet:-1","max-image-preview":"max-image-preview:large","max-video-preview":"max-video-preview:-1"},"canonical":"https:\/\/elhijodelllanero.mx\/index.php\/2023\/10\/24\/cmic-e-inaeba-firman-convenio-para-abatir-el-rezago-educativo\/","og_locale":"es_ES","og_type":"article","og_title":"CMIC e INAEBA firman Convenio para abatir el rezago educativo - El Hijo del llanero solititito","og_description":"Le\u00f3n, Gto., 24 octubre 2023.- Con el objetivo de combatir el rezago educativo en Guanajuato, la C\u00e1mara de la Construcci\u00f3n del estado de Guanajuato (CMIC), y el Instituto de Alfabetizaci\u00f3n y Educaci\u00f3n B\u00e1sica (INAEBA), han establecido una colaboraci\u00f3n pionera.Este convenio permitir\u00e1 a la CMIC ofrecer a sus agremiados la oferta educativa del INAEBA de secundaria, [&hellip;]","og_url":"https:\/\/elhijodelllanero.mx\/index.php\/2023\/10\/24\/cmic-e-inaeba-firman-convenio-para-abatir-el-rezago-educativo\/","og_site_name":"El Hijo del llanero solititito","article_published_time":"2023-10-24T18:45:08+00:00","author":"Redaccion","twitter_card":"summary_large_image","twitter_misc":{"Escrito por":"Redaccion","Tiempo de lectura":"2 minutos"},"schema":{"@context":"https:\/\/schema.org","@graph":[{"@type":"Article","@id":"https:\/\/elhijodelllanero.mx\/index.php\/2023\/10\/24\/cmic-e-inaeba-firman-convenio-para-abatir-el-rezago-educativo\/#article","isPartOf":{"@id":"https:\/\/elhijodelllanero.mx\/index.php\/2023\/10\/24\/cmic-e-inaeba-firman-convenio-para-abatir-el-rezago-educativo\/"},"author":{"name":"Redaccion","@id":"https:\/\/elhijodelllanero.mx\/#\/schema\/person\/5dcfdd3db3a6f7e7906ef5d92cf7340b"},"headline":"CMIC e INAEBA firman Convenio para abatir el rezago educativo","datePublished":"2023-10-24T18:45:08+00:00","mainEntityOfPage":{"@id":"https:\/\/elhijodelllanero.mx\/index.php\/2023\/10\/24\/cmic-e-inaeba-firman-convenio-para-abatir-el-rezago-educativo\/"},"wordCount":372,"commentCount":0,"image":{"@id":"https:\/\/elhijodelllanero.mx\/index.php\/2023\/10\/24\/cmic-e-inaeba-firman-convenio-para-abatir-el-rezago-educativo\/#primaryimage"},"thumbnailUrl":"https:\/\/i0.wp.com\/elhijodelllanero.mx\/wp-content\/uploads\/2023\/10\/IMG-20231024-WA0014.jpg?fit=1600%2C1405&ssl=1","articleSection":["ESTADO"],"inLanguage":"es","potentialAction":[{"@type":"CommentAction","name":"Comment","target":["https:\/\/elhijodelllanero.mx\/index.php\/2023\/10\/24\/cmic-e-inaeba-firman-convenio-para-abatir-el-rezago-educativo\/#respond"]}]},{"@type":"WebPage","@id":"https:\/\/elhijodelllanero.mx\/index.php\/2023\/10\/24\/cmic-e-inaeba-firman-convenio-para-abatir-el-rezago-educativo\/","url":"https:\/\/elhijodelllanero.mx\/index.php\/2023\/10\/24\/cmic-e-inaeba-firman-convenio-para-abatir-el-rezago-educativo\/","name":"CMIC e INAEBA firman Convenio para abatir el rezago educativo - El Hijo del llanero solititito","isPartOf":{"@id":"https:\/\/elhijodelllanero.mx\/#website"},"primaryImageOfPage":{"@id":"https:\/\/elhijodelllanero.mx\/index.php\/2023\/10\/24\/cmic-e-inaeba-firman-convenio-para-abatir-el-rezago-educativo\/#primaryimage"},"image":{"@id":"https:\/\/elhijodelllanero.mx\/index.php\/2023\/10\/24\/cmic-e-inaeba-firman-convenio-para-abatir-el-rezago-educativo\/#primaryimage"},"thumbnailUrl":"https:\/\/i0.wp.com\/elhijodelllanero.mx\/wp-content\/uploads\/2023\/10\/IMG-20231024-WA0014.jpg?fit=1600%2C1405&ssl=1","datePublished":"2023-10-24T18:45:08+00:00","author":{"@id":"https:\/\/elhijodelllanero.mx\/#\/schema\/person\/5dcfdd3db3a6f7e7906ef5d92cf7340b"},"breadcrumb":{"@id":"https:\/\/elhijodelllanero.mx\/index.php\/2023\/10\/24\/cmic-e-inaeba-firman-convenio-para-abatir-el-rezago-educativo\/#breadcrumb"},"inLanguage":"es","potentialAction":[{"@type":"ReadAction","target":["https:\/\/elhijodelllanero.mx\/index.php\/2023\/10\/24\/cmic-e-inaeba-firman-convenio-para-abatir-el-rezago-educativo\/"]}]},{"@type":"ImageObject","inLanguage":"es","@id":"https:\/\/elhijodelllanero.mx\/index.php\/2023\/10\/24\/cmic-e-inaeba-firman-convenio-para-abatir-el-rezago-educativo\/#primaryimage","url":"https:\/\/i0.wp.com\/elhijodelllanero.mx\/wp-content\/uploads\/2023\/10\/IMG-20231024-WA0014.jpg?fit=1600%2C1405&ssl=1","contentUrl":"https:\/\/i0.wp.com\/elhijodelllanero.mx\/wp-content\/uploads\/2023\/10\/IMG-20231024-WA0014.jpg?fit=1600%2C1405&ssl=1","width":1600,"height":1405},{"@type":"BreadcrumbList","@id":"https:\/\/elhijodelllanero.mx\/index.php\/2023\/10\/24\/cmic-e-inaeba-firman-convenio-para-abatir-el-rezago-educativo\/#breadcrumb","itemListElement":[{"@type":"ListItem","position":1,"name":"Portada","item":"https:\/\/elhijodelllanero.mx\/"},{"@type":"ListItem","position":2,"name":"CMIC e INAEBA firman Convenio para abatir el rezago educativo"}]},{"@type":"WebSite","@id":"https:\/\/elhijodelllanero.mx\/#website","url":"https:\/\/elhijodelllanero.mx\/","name":"El Hijo del llanero solititito","description":"","potentialAction":[{"@type":"SearchAction","target":{"@type":"EntryPoint","urlTemplate":"https:\/\/elhijodelllanero.mx\/?s={search_term_string}"},"query-input":{"@type":"PropertyValueSpecification","valueRequired":true,"valueName":"search_term_string"}}],"inLanguage":"es"},{"@type":"Person","@id":"https:\/\/elhijodelllanero.mx\/#\/schema\/person\/5dcfdd3db3a6f7e7906ef5d92cf7340b","name":"Redaccion","image":{"@type":"ImageObject","inLanguage":"es","@id":"https:\/\/secure.gravatar.com\/avatar\/f65b913d6e7be363e7396f7fad32ab76d311fbb575fa7e623ec3ea4799f3b718?s=96&d=mm&r=g","url":"https:\/\/secure.gravatar.com\/avatar\/f65b913d6e7be363e7396f7fad32ab76d311fbb575fa7e623ec3ea4799f3b718?s=96&d=mm&r=g","contentUrl":"https:\/\/secure.gravatar.com\/avatar\/f65b913d6e7be363e7396f7fad32ab76d311fbb575fa7e623ec3ea4799f3b718?s=96&d=mm&r=g","caption":"Redaccion"},"sameAs":["https:\/\/www.elhijodelllanero.mx"],"url":"https:\/\/elhijodelllanero.mx\/index.php\/author\/admin_6smc8z8t\/"}]}},"jetpack_featured_media_url":"https:\/\/i0.wp.com\/elhijodelllanero.mx\/wp-content\/uploads\/2023\/10\/IMG-20231024-WA0014.jpg?fit=1600%2C1405&ssl=1","jetpack-related-posts":[],"jetpack_sharing_enabled":true,"_links":{"self":[{"href":"https:\/\/elhijodelllanero.mx\/index.php\/wp-json\/wp\/v2\/posts\/1236","targetHints":{"allow":["GET"]}}],"collection":[{"href":"https:\/\/elhijodelllanero.mx\/index.php\/wp-json\/wp\/v2\/posts"}],"about":[{"href":"https:\/\/elhijodelllanero.mx\/index.php\/wp-json\/wp\/v2\/types\/post"}],"author":[{"embeddable":true,"href":"https:\/\/elhijodelllanero.mx\/index.php\/wp-json\/wp\/v2\/users\/1"}],"replies":[{"embeddable":true,"href":"https:\/\/elhijodelllanero.mx\/index.php\/wp-json\/wp\/v2\/comments?post=1236"}],"version-history":[{"count":1,"href":"https:\/\/elhijodelllanero.mx\/index.php\/wp-json\/wp\/v2\/posts\/1236\/revisions"}],"predecessor-version":[{"id":1238,"href":"https:\/\/elhijodelllanero.mx\/index.php\/wp-json\/wp\/v2\/posts\/1236\/revisions\/1238"}],"wp:featuredmedia":[{"embeddable":true,"href":"https:\/\/elhijodelllanero.mx\/index.php\/wp-json\/wp\/v2\/media\/1237"}],"wp:attachment":[{"href":"https:\/\/elhijodelllanero.mx\/index.php\/wp-json\/wp\/v2\/media?parent=1236"}],"wp:term":[{"taxonomy":"category","embeddable":true,"href":"https:\/\/elhijodelllanero.mx\/index.php\/wp-json\/wp\/v2\/categories?post=1236"},{"taxonomy":"post_tag","embeddable":true,"href":"https:\/\/elhijodelllanero.mx\/index.php\/wp-json\/wp\/v2\/tags?post=1236"}],"curies":[{"name":"wp","href":"https:\/\/api.w.org\/{rel}","templated":true}]}}