{"id":1251,"date":"2023-10-24T18:58:41","date_gmt":"2023-10-24T18:58:41","guid":{"rendered":"https:\/\/elhijodelllanero.mx\/index.php\/2023\/10\/24\/cbtis-75-celebra-49-anos-de-su-fundacion\/"},"modified":"2023-10-24T18:58:41","modified_gmt":"2023-10-24T18:58:41","slug":"cbtis-75-celebra-49-anos-de-su-fundacion","status":"publish","type":"post","link":"https:\/\/elhijodelllanero.mx\/index.php\/2023\/10\/24\/cbtis-75-celebra-49-anos-de-su-fundacion\/","title":{"rendered":"CBTIS 75 celebra 49 a\u00f1os de su fundaci\u00f3n"},"content":{"rendered":"<p><a href=\"https:\/\/boletines.guanajuato.gob.mx\/wp-content\/uploads\/2023\/10\/6-5.jpeg\"><\/a><\/p>\n<p><strong>Reconocen a personal con 5, 10 y 30 a\u00f1os de servicio en el plantel.<\/strong><\/p>\n<p><strong>Festejan con una semana de actividades acad\u00e9micas, culturales y recreativas.<\/strong><\/p>\n<p><strong>Dolores Hidalgo C. I. N., Gto. 24 de octubre de 2022.-<\/strong> El Centro de Bachillerato Tecnol\u00f3gico Industrial y de Servicios No. 75, CBTis, llev\u00f3 a cabo la ceremonia conmemorativa al 49 aniversario del plantel, con la presencia de autoridades educativas, estudiantes, personal docente y administrativo de la instituci\u00f3n.<\/p>\n<p>Este a\u00f1o, el CBTis 75 ha preparado una semana de actividades acad\u00e9micas, culturales, socioemocionales, de apoyo social y recreativas, a realizarse del 24 al 27 de octubre por toda la comunidad escolar, conformada por cerca de 2 mil j\u00f3venes estudiantes.<\/p>\n<p>Para iniciar los festejos conmemorativos, autoridades, estudiantes, docentes y personal de apoyo a la educaci\u00f3n, se reunieron en el Auditorio Municipal Mariano Abasolo en una ceremonia especial que permiti\u00f3 reconocer el trabajo de personal que cumple 5, 10 y 30 a\u00f1os de servicio en el plantel.<\/p>\n<p>\u201cSe cumplen 49 a\u00f1os de formar personas \u00edntegras y comprometidas con la comunidad, y a lo largo de todos estos a\u00f1os hemos trabajado unidos para consolidar al plantel como una de las mejores instituciones de nivel medio superior en el estado\u201d expres\u00f3 Crist\u00f3bal P\u00e9rez Mu\u00f1iz, director del CBTis No. 75, en el evento conmemorativo de la instituci\u00f3n.<\/p>\n<p>En su intervenci\u00f3n, Juan Rend\u00f3n L\u00f3pez, delegado de la SEG en la regi\u00f3n I, felicit\u00f3 a la comunidad docente y estudiantil por un a\u00f1o m\u00e1s de logros, trabajo y empe\u00f1o, \u201csomos testigos del gran \u00e1nimo y preparaci\u00f3n de las y los j\u00f3venes, as\u00ed como la vocaci\u00f3n de servir de cada docente; el apoyo y trabajo de todos nos lleva a seguir construyendo el mejor sistema educativo del pa\u00eds\u201d mencion\u00f3.<\/p>\n<p>En la ceremonia se galardon\u00f3 a personal con 5 a\u00f1os de servicio: Juan Carlos Calder\u00f3n Calvillo, Carla Viridiana Cano C\u00f3rdova, Hugo Garc\u00eda Aguilera, y Mar\u00eda Carolina Hern\u00e1ndez Almaguer.<\/p>\n<p>Personal con 10 a\u00f1os de servicio a la educaci\u00f3n: Cassandra Alejandri Salinas, Silvia Cecilia Carrillo Mastache, Ricardo M\u00e9ndez Rojas, y Silvestre Palafox Vargas.<\/p>\n<p>As\u00ed como docentes acreedores a 30 a\u00f1os de trayectoria, acompa\u00f1ados de porras y aplausos de toda la comunidad educativa: Natalia Eugenia Ar\u00e9valo Hern\u00e1ndez, C\u00e9sar Gonz\u00e1lez Luna y Juan Mej\u00eda Urbina.<\/p>\n<p>Algunas de las actividades que se realizar\u00e1n en el marco del 49 aniversario del centro educativo son foros con exalumnos, talleres, conferencias, encuentros deportivos, la tradicional caminata por principales calles de la ciudad de Dolores Hidalgo, adem\u00e1s de la elecci\u00f3n del rey y reina del bachillerato.<\/p>\n<p>El evento tambi\u00e9n cont\u00f3 con la presencia de Reyna Castro Barrera, supervisora SEMS en el estado; Judhit Alejandra Rodr\u00edguez Zavala, representante de la DGETI en Guanajuato; Cirilo Mart\u00ednez Arreaga, subdirector del Cbtis 75; Silvestre Palafox Vargas, representante sindical; y Erika Hern\u00e1ndez Ibarra, presidenta del Comit\u00e9 Escolar de Administraci\u00f3n Participativa (CEAP).\u00a0\u00a0\u00a0\u00a0\u00a0\u00a0\u00a0<\/p>\n<p><a href=\"https:\/\/boletines.guanajuato.gob.mx\/wp-content\/uploads\/2023\/10\/1-8.jpeg\"><\/a><\/p>\n<p><a href=\"https:\/\/boletines.guanajuato.gob.mx\/wp-content\/uploads\/2023\/10\/2-5.jpeg\"><\/a><\/p>\n<p><a href=\"https:\/\/boletines.guanajuato.gob.mx\/wp-content\/uploads\/2023\/10\/3-5.jpeg\"><\/a><\/p>\n<p><a href=\"https:\/\/boletines.guanajuato.gob.mx\/wp-content\/uploads\/2023\/10\/4-5.jpeg\"><\/a><\/p>\n<p><a href=\"https:\/\/boletines.guanajuato.gob.mx\/wp-content\/uploads\/2023\/10\/5-5.jpeg\"><\/a><\/p>\n<p><a href=\"https:\/\/boletines.guanajuato.gob.mx\/wp-content\/uploads\/2023\/10\/7-5.jpeg\"><\/a><\/p>\n<p><a href=\"https:\/\/boletines.guanajuato.gob.mx\/wp-content\/uploads\/2023\/10\/8-4.jpeg\"><\/a><\/p>\n<p><a href=\"https:\/\/boletines.guanajuato.gob.mx\/wp-content\/uploads\/2023\/10\/9-3.jpeg\"><\/a><\/p>\n<p><a href=\"https:\/\/boletines.guanajuato.gob.mx\/wp-content\/uploads\/2023\/10\/10-5.jpeg\"><\/a><\/p>\n<p><a href=\"https:\/\/boletines.guanajuato.gob.mx\/wp-content\/uploads\/2023\/10\/11-4.jpeg\"><\/a><\/p>","protected":false},"excerpt":{"rendered":"<p>Reconocen a personal con 5, 10 y 30 a\u00f1os de servicio en el plantel. Festejan con una semana de actividades acad\u00e9micas, culturales y recreativas. Dolores Hidalgo C. I. N., Gto. 24 de octubre de 2022.- El Centro de Bachillerato Tecnol\u00f3gico Industrial y de Servicios No. 75, CBTis, llev\u00f3 a cabo la ceremonia conmemorativa al 49 [&hellip;]<\/p>\n","protected":false},"author":0,"featured_media":1252,"comment_status":"open","ping_status":"closed","sticky":false,"template":"","format":"standard","meta":{"_jetpack_newsletter_access":"","_jetpack_dont_email_post_to_subs":false,"_jetpack_newsletter_tier_id":0,"_jetpack_memberships_contains_paywalled_content":false,"_jetpack_memberships_contains_paid_content":false,"footnotes":""},"categories":[1],"tags":[],"class_list":{"0":"post-1251","1":"post","2":"type-post","3":"status-publish","4":"format-standard","5":"has-post-thumbnail","7":"category-uncategorized"},"yoast_head":"<!-- This site is optimized with the Yoast SEO plugin v27.3 - https:\/\/yoast.com\/product\/yoast-seo-wordpress\/ -->\n<title>CBTIS 75 celebra 49 a\u00f1os de su fundaci\u00f3n - El Hijo del llanero solititito<\/title>\n<meta name=\"robots\" content=\"index, follow, max-snippet:-1, max-image-preview:large, max-video-preview:-1\" \/>\n<link rel=\"canonical\" href=\"https:\/\/elhijodelllanero.mx\/index.php\/2023\/10\/24\/cbtis-75-celebra-49-anos-de-su-fundacion\/\" \/>\n<meta property=\"og:locale\" content=\"es_ES\" \/>\n<meta property=\"og:type\" content=\"article\" \/>\n<meta property=\"og:title\" content=\"CBTIS 75 celebra 49 a\u00f1os de su fundaci\u00f3n - El Hijo del llanero solititito\" \/>\n<meta property=\"og:description\" content=\"Reconocen a personal con 5, 10 y 30 a\u00f1os de servicio en el plantel. Festejan con una semana de actividades acad\u00e9micas, culturales y recreativas. Dolores Hidalgo C. I. N., Gto. 24 de octubre de 2022.- El Centro de Bachillerato Tecnol\u00f3gico Industrial y de Servicios No. 75, CBTis, llev\u00f3 a cabo la ceremonia conmemorativa al 49 [&hellip;]\" \/>\n<meta property=\"og:url\" content=\"https:\/\/elhijodelllanero.mx\/index.php\/2023\/10\/24\/cbtis-75-celebra-49-anos-de-su-fundacion\/\" \/>\n<meta property=\"og:site_name\" content=\"El Hijo del llanero solititito\" \/>\n<meta property=\"article:published_time\" content=\"2023-10-24T18:58:41+00:00\" \/>\n<meta name=\"twitter:card\" content=\"summary_large_image\" \/>\n<meta name=\"twitter:label1\" content=\"Tiempo de lectura\" \/>\n\t<meta name=\"twitter:data1\" content=\"2 minutos\" \/>\n<script type=\"application\/ld+json\" class=\"yoast-schema-graph\">{\"@context\":\"https:\\\/\\\/schema.org\",\"@graph\":[{\"@type\":\"Article\",\"@id\":\"https:\\\/\\\/elhijodelllanero.mx\\\/index.php\\\/2023\\\/10\\\/24\\\/cbtis-75-celebra-49-anos-de-su-fundacion\\\/#article\",\"isPartOf\":{\"@id\":\"https:\\\/\\\/elhijodelllanero.mx\\\/index.php\\\/2023\\\/10\\\/24\\\/cbtis-75-celebra-49-anos-de-su-fundacion\\\/\"},\"author\":{\"name\":\"\",\"@id\":\"\"},\"headline\":\"CBTIS 75 celebra 49 a\u00f1os de su fundaci\u00f3n\",\"datePublished\":\"2023-10-24T18:58:41+00:00\",\"mainEntityOfPage\":{\"@id\":\"https:\\\/\\\/elhijodelllanero.mx\\\/index.php\\\/2023\\\/10\\\/24\\\/cbtis-75-celebra-49-anos-de-su-fundacion\\\/\"},\"wordCount\":499,\"commentCount\":0,\"image\":{\"@id\":\"https:\\\/\\\/elhijodelllanero.mx\\\/index.php\\\/2023\\\/10\\\/24\\\/cbtis-75-celebra-49-anos-de-su-fundacion\\\/#primaryimage\"},\"thumbnailUrl\":\"https:\\\/\\\/i0.wp.com\\\/elhijodelllanero.mx\\\/wp-content\\\/uploads\\\/2023\\\/10\\\/6-5-1024x682-xfFSXz.jpeg?fit=1024%2C682&ssl=1\",\"articleSection\":[\"Uncategorized\"],\"inLanguage\":\"es\",\"potentialAction\":[{\"@type\":\"CommentAction\",\"name\":\"Comment\",\"target\":[\"https:\\\/\\\/elhijodelllanero.mx\\\/index.php\\\/2023\\\/10\\\/24\\\/cbtis-75-celebra-49-anos-de-su-fundacion\\\/#respond\"]}]},{\"@type\":\"WebPage\",\"@id\":\"https:\\\/\\\/elhijodelllanero.mx\\\/index.php\\\/2023\\\/10\\\/24\\\/cbtis-75-celebra-49-anos-de-su-fundacion\\\/\",\"url\":\"https:\\\/\\\/elhijodelllanero.mx\\\/index.php\\\/2023\\\/10\\\/24\\\/cbtis-75-celebra-49-anos-de-su-fundacion\\\/\",\"name\":\"CBTIS 75 celebra 49 a\u00f1os de su fundaci\u00f3n - El Hijo del llanero solititito\",\"isPartOf\":{\"@id\":\"https:\\\/\\\/elhijodelllanero.mx\\\/#website\"},\"primaryImageOfPage\":{\"@id\":\"https:\\\/\\\/elhijodelllanero.mx\\\/index.php\\\/2023\\\/10\\\/24\\\/cbtis-75-celebra-49-anos-de-su-fundacion\\\/#primaryimage\"},\"image\":{\"@id\":\"https:\\\/\\\/elhijodelllanero.mx\\\/index.php\\\/2023\\\/10\\\/24\\\/cbtis-75-celebra-49-anos-de-su-fundacion\\\/#primaryimage\"},\"thumbnailUrl\":\"https:\\\/\\\/i0.wp.com\\\/elhijodelllanero.mx\\\/wp-content\\\/uploads\\\/2023\\\/10\\\/6-5-1024x682-xfFSXz.jpeg?fit=1024%2C682&ssl=1\",\"datePublished\":\"2023-10-24T18:58:41+00:00\",\"author\":{\"@id\":\"\"},\"breadcrumb\":{\"@id\":\"https:\\\/\\\/elhijodelllanero.mx\\\/index.php\\\/2023\\\/10\\\/24\\\/cbtis-75-celebra-49-anos-de-su-fundacion\\\/#breadcrumb\"},\"inLanguage\":\"es\",\"potentialAction\":[{\"@type\":\"ReadAction\",\"target\":[\"https:\\\/\\\/elhijodelllanero.mx\\\/index.php\\\/2023\\\/10\\\/24\\\/cbtis-75-celebra-49-anos-de-su-fundacion\\\/\"]}]},{\"@type\":\"ImageObject\",\"inLanguage\":\"es\",\"@id\":\"https:\\\/\\\/elhijodelllanero.mx\\\/index.php\\\/2023\\\/10\\\/24\\\/cbtis-75-celebra-49-anos-de-su-fundacion\\\/#primaryimage\",\"url\":\"https:\\\/\\\/i0.wp.com\\\/elhijodelllanero.mx\\\/wp-content\\\/uploads\\\/2023\\\/10\\\/6-5-1024x682-xfFSXz.jpeg?fit=1024%2C682&ssl=1\",\"contentUrl\":\"https:\\\/\\\/i0.wp.com\\\/elhijodelllanero.mx\\\/wp-content\\\/uploads\\\/2023\\\/10\\\/6-5-1024x682-xfFSXz.jpeg?fit=1024%2C682&ssl=1\",\"width\":1024,\"height\":682},{\"@type\":\"BreadcrumbList\",\"@id\":\"https:\\\/\\\/elhijodelllanero.mx\\\/index.php\\\/2023\\\/10\\\/24\\\/cbtis-75-celebra-49-anos-de-su-fundacion\\\/#breadcrumb\",\"itemListElement\":[{\"@type\":\"ListItem\",\"position\":1,\"name\":\"Portada\",\"item\":\"https:\\\/\\\/elhijodelllanero.mx\\\/\"},{\"@type\":\"ListItem\",\"position\":2,\"name\":\"CBTIS 75 celebra 49 a\u00f1os de su fundaci\u00f3n\"}]},{\"@type\":\"WebSite\",\"@id\":\"https:\\\/\\\/elhijodelllanero.mx\\\/#website\",\"url\":\"https:\\\/\\\/elhijodelllanero.mx\\\/\",\"name\":\"El Hijo del llanero solititito\",\"description\":\"\",\"potentialAction\":[{\"@type\":\"SearchAction\",\"target\":{\"@type\":\"EntryPoint\",\"urlTemplate\":\"https:\\\/\\\/elhijodelllanero.mx\\\/?s={search_term_string}\"},\"query-input\":{\"@type\":\"PropertyValueSpecification\",\"valueRequired\":true,\"valueName\":\"search_term_string\"}}],\"inLanguage\":\"es\"}]}<\/script>\n<!-- \/ Yoast SEO plugin. -->","yoast_head_json":{"title":"CBTIS 75 celebra 49 a\u00f1os de su fundaci\u00f3n - El Hijo del llanero solititito","robots":{"index":"index","follow":"follow","max-snippet":"max-snippet:-1","max-image-preview":"max-image-preview:large","max-video-preview":"max-video-preview:-1"},"canonical":"https:\/\/elhijodelllanero.mx\/index.php\/2023\/10\/24\/cbtis-75-celebra-49-anos-de-su-fundacion\/","og_locale":"es_ES","og_type":"article","og_title":"CBTIS 75 celebra 49 a\u00f1os de su fundaci\u00f3n - El Hijo del llanero solititito","og_description":"Reconocen a personal con 5, 10 y 30 a\u00f1os de servicio en el plantel. Festejan con una semana de actividades acad\u00e9micas, culturales y recreativas. Dolores Hidalgo C. I. N., Gto. 24 de octubre de 2022.- El Centro de Bachillerato Tecnol\u00f3gico Industrial y de Servicios No. 75, CBTis, llev\u00f3 a cabo la ceremonia conmemorativa al 49 [&hellip;]","og_url":"https:\/\/elhijodelllanero.mx\/index.php\/2023\/10\/24\/cbtis-75-celebra-49-anos-de-su-fundacion\/","og_site_name":"El Hijo del llanero solititito","article_published_time":"2023-10-24T18:58:41+00:00","twitter_card":"summary_large_image","twitter_misc":{"Tiempo de lectura":"2 minutos"},"schema":{"@context":"https:\/\/schema.org","@graph":[{"@type":"Article","@id":"https:\/\/elhijodelllanero.mx\/index.php\/2023\/10\/24\/cbtis-75-celebra-49-anos-de-su-fundacion\/#article","isPartOf":{"@id":"https:\/\/elhijodelllanero.mx\/index.php\/2023\/10\/24\/cbtis-75-celebra-49-anos-de-su-fundacion\/"},"author":{"name":"","@id":""},"headline":"CBTIS 75 celebra 49 a\u00f1os de su fundaci\u00f3n","datePublished":"2023-10-24T18:58:41+00:00","mainEntityOfPage":{"@id":"https:\/\/elhijodelllanero.mx\/index.php\/2023\/10\/24\/cbtis-75-celebra-49-anos-de-su-fundacion\/"},"wordCount":499,"commentCount":0,"image":{"@id":"https:\/\/elhijodelllanero.mx\/index.php\/2023\/10\/24\/cbtis-75-celebra-49-anos-de-su-fundacion\/#primaryimage"},"thumbnailUrl":"https:\/\/i0.wp.com\/elhijodelllanero.mx\/wp-content\/uploads\/2023\/10\/6-5-1024x682-xfFSXz.jpeg?fit=1024%2C682&ssl=1","articleSection":["Uncategorized"],"inLanguage":"es","potentialAction":[{"@type":"CommentAction","name":"Comment","target":["https:\/\/elhijodelllanero.mx\/index.php\/2023\/10\/24\/cbtis-75-celebra-49-anos-de-su-fundacion\/#respond"]}]},{"@type":"WebPage","@id":"https:\/\/elhijodelllanero.mx\/index.php\/2023\/10\/24\/cbtis-75-celebra-49-anos-de-su-fundacion\/","url":"https:\/\/elhijodelllanero.mx\/index.php\/2023\/10\/24\/cbtis-75-celebra-49-anos-de-su-fundacion\/","name":"CBTIS 75 celebra 49 a\u00f1os de su fundaci\u00f3n - El Hijo del llanero solititito","isPartOf":{"@id":"https:\/\/elhijodelllanero.mx\/#website"},"primaryImageOfPage":{"@id":"https:\/\/elhijodelllanero.mx\/index.php\/2023\/10\/24\/cbtis-75-celebra-49-anos-de-su-fundacion\/#primaryimage"},"image":{"@id":"https:\/\/elhijodelllanero.mx\/index.php\/2023\/10\/24\/cbtis-75-celebra-49-anos-de-su-fundacion\/#primaryimage"},"thumbnailUrl":"https:\/\/i0.wp.com\/elhijodelllanero.mx\/wp-content\/uploads\/2023\/10\/6-5-1024x682-xfFSXz.jpeg?fit=1024%2C682&ssl=1","datePublished":"2023-10-24T18:58:41+00:00","author":{"@id":""},"breadcrumb":{"@id":"https:\/\/elhijodelllanero.mx\/index.php\/2023\/10\/24\/cbtis-75-celebra-49-anos-de-su-fundacion\/#breadcrumb"},"inLanguage":"es","potentialAction":[{"@type":"ReadAction","target":["https:\/\/elhijodelllanero.mx\/index.php\/2023\/10\/24\/cbtis-75-celebra-49-anos-de-su-fundacion\/"]}]},{"@type":"ImageObject","inLanguage":"es","@id":"https:\/\/elhijodelllanero.mx\/index.php\/2023\/10\/24\/cbtis-75-celebra-49-anos-de-su-fundacion\/#primaryimage","url":"https:\/\/i0.wp.com\/elhijodelllanero.mx\/wp-content\/uploads\/2023\/10\/6-5-1024x682-xfFSXz.jpeg?fit=1024%2C682&ssl=1","contentUrl":"https:\/\/i0.wp.com\/elhijodelllanero.mx\/wp-content\/uploads\/2023\/10\/6-5-1024x682-xfFSXz.jpeg?fit=1024%2C682&ssl=1","width":1024,"height":682},{"@type":"BreadcrumbList","@id":"https:\/\/elhijodelllanero.mx\/index.php\/2023\/10\/24\/cbtis-75-celebra-49-anos-de-su-fundacion\/#breadcrumb","itemListElement":[{"@type":"ListItem","position":1,"name":"Portada","item":"https:\/\/elhijodelllanero.mx\/"},{"@type":"ListItem","position":2,"name":"CBTIS 75 celebra 49 a\u00f1os de su fundaci\u00f3n"}]},{"@type":"WebSite","@id":"https:\/\/elhijodelllanero.mx\/#website","url":"https:\/\/elhijodelllanero.mx\/","name":"El Hijo del llanero solititito","description":"","potentialAction":[{"@type":"SearchAction","target":{"@type":"EntryPoint","urlTemplate":"https:\/\/elhijodelllanero.mx\/?s={search_term_string}"},"query-input":{"@type":"PropertyValueSpecification","valueRequired":true,"valueName":"search_term_string"}}],"inLanguage":"es"}]}},"jetpack_featured_media_url":"https:\/\/i0.wp.com\/elhijodelllanero.mx\/wp-content\/uploads\/2023\/10\/6-5-1024x682-xfFSXz.jpeg?fit=1024%2C682&ssl=1","jetpack-related-posts":[],"jetpack_sharing_enabled":true,"_links":{"self":[{"href":"https:\/\/elhijodelllanero.mx\/index.php\/wp-json\/wp\/v2\/posts\/1251","targetHints":{"allow":["GET"]}}],"collection":[{"href":"https:\/\/elhijodelllanero.mx\/index.php\/wp-json\/wp\/v2\/posts"}],"about":[{"href":"https:\/\/elhijodelllanero.mx\/index.php\/wp-json\/wp\/v2\/types\/post"}],"replies":[{"embeddable":true,"href":"https:\/\/elhijodelllanero.mx\/index.php\/wp-json\/wp\/v2\/comments?post=1251"}],"version-history":[{"count":0,"href":"https:\/\/elhijodelllanero.mx\/index.php\/wp-json\/wp\/v2\/posts\/1251\/revisions"}],"wp:featuredmedia":[{"embeddable":true,"href":"https:\/\/elhijodelllanero.mx\/index.php\/wp-json\/wp\/v2\/media\/1252"}],"wp:attachment":[{"href":"https:\/\/elhijodelllanero.mx\/index.php\/wp-json\/wp\/v2\/media?parent=1251"}],"wp:term":[{"taxonomy":"category","embeddable":true,"href":"https:\/\/elhijodelllanero.mx\/index.php\/wp-json\/wp\/v2\/categories?post=1251"},{"taxonomy":"post_tag","embeddable":true,"href":"https:\/\/elhijodelllanero.mx\/index.php\/wp-json\/wp\/v2\/tags?post=1251"}],"curies":[{"name":"wp","href":"https:\/\/api.w.org\/{rel}","templated":true}]}}