{"id":12586,"date":"2026-01-14T14:47:30","date_gmt":"2026-01-14T14:47:30","guid":{"rendered":"https:\/\/elhijodelllanero.mx\/?p=12586"},"modified":"2026-01-14T14:47:30","modified_gmt":"2026-01-14T14:47:30","slug":"celaya-va-por-la-conciencia-antes-que-por-los-castigos-ante-uso-de-pirotecnia","status":"publish","type":"post","link":"https:\/\/elhijodelllanero.mx\/index.php\/2026\/01\/14\/celaya-va-por-la-conciencia-antes-que-por-los-castigos-ante-uso-de-pirotecnia\/","title":{"rendered":"Celaya va por la \u201cconciencia\u201d antes que por los castigos ante uso de pirotecnia."},"content":{"rendered":"<p>Celaya, Gto. 14 de enero del 2026.-Luego de que la pirotecnia volviera a recordar por qu\u00e9 no es un juego, el Gobierno Municipal de Celaya anunci\u00f3 que reforzar\u00e1 las acciones de concientizaci\u00f3n para reducir el uso de estos artefactos, apost\u00e1ndole m\u00e1s a la educaci\u00f3n que a las sanciones.<\/p>\n<p>El presidente municipal, Juan Miguel Ram\u00edrez S\u00e1nchez, inform\u00f3 que se impulsar\u00e1n campa\u00f1as preventivas y se fortalecer\u00e1 la presencia de cadetes del Infopol, quienes ser\u00e1n formados para promover el manejo responsable \u2014o mejor dicho, la no utilizaci\u00f3n\u2014 de pirotecnia, especialmente en eventos comunitarios.<\/p>\n<p>La medida surge tras los recientes hechos registrados en la avenida 2 de Abril, donde durante un cortejo f\u00fanebre la tradici\u00f3n termin\u00f3 en emergencia, con 10 personas lesionadas. Un saldo que, seg\u00fan reconoci\u00f3 el propio alcalde, pudo haber sido mucho peor.<\/p>\n<p>Ram\u00edrez S\u00e1nchez se\u00f1al\u00f3 que este a\u00f1o se integrar\u00e1n entre 120 y 160 nuevos elementos al Infopol, quienes ser\u00e1n capacitados para prevenir este tipo de situaciones, bajo la premisa de que evitar el uso de pirotecnia es tambi\u00e9n cuidar a las familias que asisten a celebraciones y actos religiosos.<\/p>\n<p>El edil relat\u00f3 adem\u00e1s que recientemente acudi\u00f3 al barrio de Tierras Negras, donde constat\u00f3 el uso constante de cohetes incluso en las inmediaciones de una casa parroquial, con ni\u00f1as, ni\u00f1os y adultos mayores presentes, una combinaci\u00f3n que \u2014aunque parezca tradici\u00f3n\u2014 no siempre termina bien.<\/p>\n<p>Ante ello, adelant\u00f3 que se buscar\u00e1 dialogar con representantes de la Iglesia para establecer mesas de trabajo y promover alternativas que permitan conservar las tradiciones sin poner en riesgo la integridad de la poblaci\u00f3n.<\/p>\n<p>Finalmente, el alcalde descart\u00f3, por ahora, apostar por el endurecimiento de sanciones, al considerar que prohibir sin generar conciencia solo cambia la forma, pero no el fondo del problema. En su lugar, insisti\u00f3 en que es momento de encontrar nuevas maneras de celebrar, porque aunque esta vez no hubo v\u00edctimas mortales, la suerte no siempre juega del mismo lado.<\/p>\n","protected":false},"excerpt":{"rendered":"<p>Celaya, Gto. 14 de enero del 2026.-Luego de que la pirotecnia volviera a recordar por qu\u00e9 no es un juego, el Gobierno Municipal de Celaya anunci\u00f3 que reforzar\u00e1 las acciones de concientizaci\u00f3n para reducir el uso de estos artefactos, apost\u00e1ndole m\u00e1s a la educaci\u00f3n que a las sanciones. El presidente municipal, Juan Miguel Ram\u00edrez S\u00e1nchez, [&hellip;]<\/p>\n","protected":false},"author":3,"featured_media":12587,"comment_status":"open","ping_status":"closed","sticky":false,"template":"","format":"standard","meta":{"_jetpack_newsletter_access":"","_jetpack_dont_email_post_to_subs":false,"_jetpack_newsletter_tier_id":0,"_jetpack_memberships_contains_paywalled_content":false,"_jetpack_memberships_contains_paid_content":false,"footnotes":""},"categories":[74],"tags":[],"class_list":{"0":"post-12586","1":"post","2":"type-post","3":"status-publish","4":"format-standard","5":"has-post-thumbnail","7":"category-celaya"},"yoast_head":"<!-- This site is optimized with the Yoast SEO plugin v27.3 - https:\/\/yoast.com\/product\/yoast-seo-wordpress\/ -->\n<title>Celaya va por la \u201cconciencia\u201d antes que por los castigos ante uso de pirotecnia. - El Hijo del llanero solititito<\/title>\n<meta name=\"robots\" content=\"index, follow, max-snippet:-1, max-image-preview:large, max-video-preview:-1\" \/>\n<link rel=\"canonical\" href=\"https:\/\/elhijodelllanero.mx\/index.php\/2026\/01\/14\/celaya-va-por-la-conciencia-antes-que-por-los-castigos-ante-uso-de-pirotecnia\/\" \/>\n<meta property=\"og:locale\" content=\"es_ES\" \/>\n<meta property=\"og:type\" content=\"article\" \/>\n<meta property=\"og:title\" content=\"Celaya va por la \u201cconciencia\u201d antes que por los castigos ante uso de pirotecnia. - El Hijo del llanero solititito\" \/>\n<meta property=\"og:description\" content=\"Celaya, Gto. 14 de enero del 2026.-Luego de que la pirotecnia volviera a recordar por qu\u00e9 no es un juego, el Gobierno Municipal de Celaya anunci\u00f3 que reforzar\u00e1 las acciones de concientizaci\u00f3n para reducir el uso de estos artefactos, apost\u00e1ndole m\u00e1s a la educaci\u00f3n que a las sanciones. El presidente municipal, Juan Miguel Ram\u00edrez S\u00e1nchez, [&hellip;]\" \/>\n<meta property=\"og:url\" content=\"https:\/\/elhijodelllanero.mx\/index.php\/2026\/01\/14\/celaya-va-por-la-conciencia-antes-que-por-los-castigos-ante-uso-de-pirotecnia\/\" \/>\n<meta property=\"og:site_name\" content=\"El Hijo del llanero solititito\" \/>\n<meta property=\"article:published_time\" content=\"2026-01-14T14:47:30+00:00\" \/>\n<meta property=\"og:image\" content=\"https:\/\/elhijodelllanero.mx\/wp-content\/uploads\/2026\/01\/IMG-20260114-WA0001.jpg\" \/>\n\t<meta property=\"og:image:width\" content=\"1600\" \/>\n\t<meta property=\"og:image:height\" content=\"900\" \/>\n\t<meta property=\"og:image:type\" content=\"image\/jpeg\" \/>\n<meta name=\"author\" content=\"Mar\u00eda de la Paz Rodarte Ram\u00edrez\" \/>\n<meta name=\"twitter:card\" content=\"summary_large_image\" \/>\n<meta name=\"twitter:label1\" content=\"Escrito por\" \/>\n\t<meta name=\"twitter:data1\" content=\"Mar\u00eda de la Paz Rodarte Ram\u00edrez\" \/>\n\t<meta name=\"twitter:label2\" content=\"Tiempo de lectura\" \/>\n\t<meta name=\"twitter:data2\" content=\"2 minutos\" \/>\n<script type=\"application\/ld+json\" class=\"yoast-schema-graph\">{\"@context\":\"https:\\\/\\\/schema.org\",\"@graph\":[{\"@type\":\"Article\",\"@id\":\"https:\\\/\\\/elhijodelllanero.mx\\\/index.php\\\/2026\\\/01\\\/14\\\/celaya-va-por-la-conciencia-antes-que-por-los-castigos-ante-uso-de-pirotecnia\\\/#article\",\"isPartOf\":{\"@id\":\"https:\\\/\\\/elhijodelllanero.mx\\\/index.php\\\/2026\\\/01\\\/14\\\/celaya-va-por-la-conciencia-antes-que-por-los-castigos-ante-uso-de-pirotecnia\\\/\"},\"author\":{\"name\":\"Mar\u00eda de la Paz Rodarte Ram\u00edrez\",\"@id\":\"https:\\\/\\\/elhijodelllanero.mx\\\/#\\\/schema\\\/person\\\/c7f8c86c55c1eab44ae2b93a9628245f\"},\"headline\":\"Celaya va por la \u201cconciencia\u201d antes que por los castigos ante uso de pirotecnia.\",\"datePublished\":\"2026-01-14T14:47:30+00:00\",\"mainEntityOfPage\":{\"@id\":\"https:\\\/\\\/elhijodelllanero.mx\\\/index.php\\\/2026\\\/01\\\/14\\\/celaya-va-por-la-conciencia-antes-que-por-los-castigos-ante-uso-de-pirotecnia\\\/\"},\"wordCount\":352,\"commentCount\":0,\"image\":{\"@id\":\"https:\\\/\\\/elhijodelllanero.mx\\\/index.php\\\/2026\\\/01\\\/14\\\/celaya-va-por-la-conciencia-antes-que-por-los-castigos-ante-uso-de-pirotecnia\\\/#primaryimage\"},\"thumbnailUrl\":\"https:\\\/\\\/i0.wp.com\\\/elhijodelllanero.mx\\\/wp-content\\\/uploads\\\/2026\\\/01\\\/IMG-20260114-WA0001.jpg?fit=1600%2C900&ssl=1\",\"articleSection\":[\"CELAYA\"],\"inLanguage\":\"es\",\"potentialAction\":[{\"@type\":\"CommentAction\",\"name\":\"Comment\",\"target\":[\"https:\\\/\\\/elhijodelllanero.mx\\\/index.php\\\/2026\\\/01\\\/14\\\/celaya-va-por-la-conciencia-antes-que-por-los-castigos-ante-uso-de-pirotecnia\\\/#respond\"]}]},{\"@type\":\"WebPage\",\"@id\":\"https:\\\/\\\/elhijodelllanero.mx\\\/index.php\\\/2026\\\/01\\\/14\\\/celaya-va-por-la-conciencia-antes-que-por-los-castigos-ante-uso-de-pirotecnia\\\/\",\"url\":\"https:\\\/\\\/elhijodelllanero.mx\\\/index.php\\\/2026\\\/01\\\/14\\\/celaya-va-por-la-conciencia-antes-que-por-los-castigos-ante-uso-de-pirotecnia\\\/\",\"name\":\"Celaya va por la \u201cconciencia\u201d antes que por los castigos ante uso de pirotecnia. - El Hijo del llanero solititito\",\"isPartOf\":{\"@id\":\"https:\\\/\\\/elhijodelllanero.mx\\\/#website\"},\"primaryImageOfPage\":{\"@id\":\"https:\\\/\\\/elhijodelllanero.mx\\\/index.php\\\/2026\\\/01\\\/14\\\/celaya-va-por-la-conciencia-antes-que-por-los-castigos-ante-uso-de-pirotecnia\\\/#primaryimage\"},\"image\":{\"@id\":\"https:\\\/\\\/elhijodelllanero.mx\\\/index.php\\\/2026\\\/01\\\/14\\\/celaya-va-por-la-conciencia-antes-que-por-los-castigos-ante-uso-de-pirotecnia\\\/#primaryimage\"},\"thumbnailUrl\":\"https:\\\/\\\/i0.wp.com\\\/elhijodelllanero.mx\\\/wp-content\\\/uploads\\\/2026\\\/01\\\/IMG-20260114-WA0001.jpg?fit=1600%2C900&ssl=1\",\"datePublished\":\"2026-01-14T14:47:30+00:00\",\"author\":{\"@id\":\"https:\\\/\\\/elhijodelllanero.mx\\\/#\\\/schema\\\/person\\\/c7f8c86c55c1eab44ae2b93a9628245f\"},\"breadcrumb\":{\"@id\":\"https:\\\/\\\/elhijodelllanero.mx\\\/index.php\\\/2026\\\/01\\\/14\\\/celaya-va-por-la-conciencia-antes-que-por-los-castigos-ante-uso-de-pirotecnia\\\/#breadcrumb\"},\"inLanguage\":\"es\",\"potentialAction\":[{\"@type\":\"ReadAction\",\"target\":[\"https:\\\/\\\/elhijodelllanero.mx\\\/index.php\\\/2026\\\/01\\\/14\\\/celaya-va-por-la-conciencia-antes-que-por-los-castigos-ante-uso-de-pirotecnia\\\/\"]}]},{\"@type\":\"ImageObject\",\"inLanguage\":\"es\",\"@id\":\"https:\\\/\\\/elhijodelllanero.mx\\\/index.php\\\/2026\\\/01\\\/14\\\/celaya-va-por-la-conciencia-antes-que-por-los-castigos-ante-uso-de-pirotecnia\\\/#primaryimage\",\"url\":\"https:\\\/\\\/i0.wp.com\\\/elhijodelllanero.mx\\\/wp-content\\\/uploads\\\/2026\\\/01\\\/IMG-20260114-WA0001.jpg?fit=1600%2C900&ssl=1\",\"contentUrl\":\"https:\\\/\\\/i0.wp.com\\\/elhijodelllanero.mx\\\/wp-content\\\/uploads\\\/2026\\\/01\\\/IMG-20260114-WA0001.jpg?fit=1600%2C900&ssl=1\",\"width\":1600,\"height\":900},{\"@type\":\"BreadcrumbList\",\"@id\":\"https:\\\/\\\/elhijodelllanero.mx\\\/index.php\\\/2026\\\/01\\\/14\\\/celaya-va-por-la-conciencia-antes-que-por-los-castigos-ante-uso-de-pirotecnia\\\/#breadcrumb\",\"itemListElement\":[{\"@type\":\"ListItem\",\"position\":1,\"name\":\"Portada\",\"item\":\"https:\\\/\\\/elhijodelllanero.mx\\\/\"},{\"@type\":\"ListItem\",\"position\":2,\"name\":\"Celaya va por la \u201cconciencia\u201d antes que por los castigos ante uso de pirotecnia.\"}]},{\"@type\":\"WebSite\",\"@id\":\"https:\\\/\\\/elhijodelllanero.mx\\\/#website\",\"url\":\"https:\\\/\\\/elhijodelllanero.mx\\\/\",\"name\":\"El Hijo del llanero solititito\",\"description\":\"\",\"potentialAction\":[{\"@type\":\"SearchAction\",\"target\":{\"@type\":\"EntryPoint\",\"urlTemplate\":\"https:\\\/\\\/elhijodelllanero.mx\\\/?s={search_term_string}\"},\"query-input\":{\"@type\":\"PropertyValueSpecification\",\"valueRequired\":true,\"valueName\":\"search_term_string\"}}],\"inLanguage\":\"es\"},{\"@type\":\"Person\",\"@id\":\"https:\\\/\\\/elhijodelllanero.mx\\\/#\\\/schema\\\/person\\\/c7f8c86c55c1eab44ae2b93a9628245f\",\"name\":\"Mar\u00eda de la Paz Rodarte Ram\u00edrez\",\"image\":{\"@type\":\"ImageObject\",\"inLanguage\":\"es\",\"@id\":\"https:\\\/\\\/secure.gravatar.com\\\/avatar\\\/1f38f8518b09a266af73da2bce78d69e7d1275299970134ed62f572e0487e1d0?s=96&d=mm&r=g\",\"url\":\"https:\\\/\\\/secure.gravatar.com\\\/avatar\\\/1f38f8518b09a266af73da2bce78d69e7d1275299970134ed62f572e0487e1d0?s=96&d=mm&r=g\",\"contentUrl\":\"https:\\\/\\\/secure.gravatar.com\\\/avatar\\\/1f38f8518b09a266af73da2bce78d69e7d1275299970134ed62f572e0487e1d0?s=96&d=mm&r=g\",\"caption\":\"Mar\u00eda de la Paz Rodarte Ram\u00edrez\"},\"sameAs\":[\"https:\\\/\\\/www.elhijodelllanero.mx\"],\"url\":\"https:\\\/\\\/elhijodelllanero.mx\\\/index.php\\\/author\\\/maricuas\\\/\"}]}<\/script>\n<!-- \/ Yoast SEO plugin. -->","yoast_head_json":{"title":"Celaya va por la \u201cconciencia\u201d antes que por los castigos ante uso de pirotecnia. - El Hijo del llanero solititito","robots":{"index":"index","follow":"follow","max-snippet":"max-snippet:-1","max-image-preview":"max-image-preview:large","max-video-preview":"max-video-preview:-1"},"canonical":"https:\/\/elhijodelllanero.mx\/index.php\/2026\/01\/14\/celaya-va-por-la-conciencia-antes-que-por-los-castigos-ante-uso-de-pirotecnia\/","og_locale":"es_ES","og_type":"article","og_title":"Celaya va por la \u201cconciencia\u201d antes que por los castigos ante uso de pirotecnia. - El Hijo del llanero solititito","og_description":"Celaya, Gto. 14 de enero del 2026.-Luego de que la pirotecnia volviera a recordar por qu\u00e9 no es un juego, el Gobierno Municipal de Celaya anunci\u00f3 que reforzar\u00e1 las acciones de concientizaci\u00f3n para reducir el uso de estos artefactos, apost\u00e1ndole m\u00e1s a la educaci\u00f3n que a las sanciones. El presidente municipal, Juan Miguel Ram\u00edrez S\u00e1nchez, [&hellip;]","og_url":"https:\/\/elhijodelllanero.mx\/index.php\/2026\/01\/14\/celaya-va-por-la-conciencia-antes-que-por-los-castigos-ante-uso-de-pirotecnia\/","og_site_name":"El Hijo del llanero solititito","article_published_time":"2026-01-14T14:47:30+00:00","og_image":[{"width":1600,"height":900,"url":"https:\/\/elhijodelllanero.mx\/wp-content\/uploads\/2026\/01\/IMG-20260114-WA0001.jpg","type":"image\/jpeg"}],"author":"Mar\u00eda de la Paz Rodarte Ram\u00edrez","twitter_card":"summary_large_image","twitter_misc":{"Escrito por":"Mar\u00eda de la Paz Rodarte Ram\u00edrez","Tiempo de lectura":"2 minutos"},"schema":{"@context":"https:\/\/schema.org","@graph":[{"@type":"Article","@id":"https:\/\/elhijodelllanero.mx\/index.php\/2026\/01\/14\/celaya-va-por-la-conciencia-antes-que-por-los-castigos-ante-uso-de-pirotecnia\/#article","isPartOf":{"@id":"https:\/\/elhijodelllanero.mx\/index.php\/2026\/01\/14\/celaya-va-por-la-conciencia-antes-que-por-los-castigos-ante-uso-de-pirotecnia\/"},"author":{"name":"Mar\u00eda de la Paz Rodarte Ram\u00edrez","@id":"https:\/\/elhijodelllanero.mx\/#\/schema\/person\/c7f8c86c55c1eab44ae2b93a9628245f"},"headline":"Celaya va por la \u201cconciencia\u201d antes que por los castigos ante uso de pirotecnia.","datePublished":"2026-01-14T14:47:30+00:00","mainEntityOfPage":{"@id":"https:\/\/elhijodelllanero.mx\/index.php\/2026\/01\/14\/celaya-va-por-la-conciencia-antes-que-por-los-castigos-ante-uso-de-pirotecnia\/"},"wordCount":352,"commentCount":0,"image":{"@id":"https:\/\/elhijodelllanero.mx\/index.php\/2026\/01\/14\/celaya-va-por-la-conciencia-antes-que-por-los-castigos-ante-uso-de-pirotecnia\/#primaryimage"},"thumbnailUrl":"https:\/\/i0.wp.com\/elhijodelllanero.mx\/wp-content\/uploads\/2026\/01\/IMG-20260114-WA0001.jpg?fit=1600%2C900&ssl=1","articleSection":["CELAYA"],"inLanguage":"es","potentialAction":[{"@type":"CommentAction","name":"Comment","target":["https:\/\/elhijodelllanero.mx\/index.php\/2026\/01\/14\/celaya-va-por-la-conciencia-antes-que-por-los-castigos-ante-uso-de-pirotecnia\/#respond"]}]},{"@type":"WebPage","@id":"https:\/\/elhijodelllanero.mx\/index.php\/2026\/01\/14\/celaya-va-por-la-conciencia-antes-que-por-los-castigos-ante-uso-de-pirotecnia\/","url":"https:\/\/elhijodelllanero.mx\/index.php\/2026\/01\/14\/celaya-va-por-la-conciencia-antes-que-por-los-castigos-ante-uso-de-pirotecnia\/","name":"Celaya va por la \u201cconciencia\u201d antes que por los castigos ante uso de pirotecnia. - El Hijo del llanero solititito","isPartOf":{"@id":"https:\/\/elhijodelllanero.mx\/#website"},"primaryImageOfPage":{"@id":"https:\/\/elhijodelllanero.mx\/index.php\/2026\/01\/14\/celaya-va-por-la-conciencia-antes-que-por-los-castigos-ante-uso-de-pirotecnia\/#primaryimage"},"image":{"@id":"https:\/\/elhijodelllanero.mx\/index.php\/2026\/01\/14\/celaya-va-por-la-conciencia-antes-que-por-los-castigos-ante-uso-de-pirotecnia\/#primaryimage"},"thumbnailUrl":"https:\/\/i0.wp.com\/elhijodelllanero.mx\/wp-content\/uploads\/2026\/01\/IMG-20260114-WA0001.jpg?fit=1600%2C900&ssl=1","datePublished":"2026-01-14T14:47:30+00:00","author":{"@id":"https:\/\/elhijodelllanero.mx\/#\/schema\/person\/c7f8c86c55c1eab44ae2b93a9628245f"},"breadcrumb":{"@id":"https:\/\/elhijodelllanero.mx\/index.php\/2026\/01\/14\/celaya-va-por-la-conciencia-antes-que-por-los-castigos-ante-uso-de-pirotecnia\/#breadcrumb"},"inLanguage":"es","potentialAction":[{"@type":"ReadAction","target":["https:\/\/elhijodelllanero.mx\/index.php\/2026\/01\/14\/celaya-va-por-la-conciencia-antes-que-por-los-castigos-ante-uso-de-pirotecnia\/"]}]},{"@type":"ImageObject","inLanguage":"es","@id":"https:\/\/elhijodelllanero.mx\/index.php\/2026\/01\/14\/celaya-va-por-la-conciencia-antes-que-por-los-castigos-ante-uso-de-pirotecnia\/#primaryimage","url":"https:\/\/i0.wp.com\/elhijodelllanero.mx\/wp-content\/uploads\/2026\/01\/IMG-20260114-WA0001.jpg?fit=1600%2C900&ssl=1","contentUrl":"https:\/\/i0.wp.com\/elhijodelllanero.mx\/wp-content\/uploads\/2026\/01\/IMG-20260114-WA0001.jpg?fit=1600%2C900&ssl=1","width":1600,"height":900},{"@type":"BreadcrumbList","@id":"https:\/\/elhijodelllanero.mx\/index.php\/2026\/01\/14\/celaya-va-por-la-conciencia-antes-que-por-los-castigos-ante-uso-de-pirotecnia\/#breadcrumb","itemListElement":[{"@type":"ListItem","position":1,"name":"Portada","item":"https:\/\/elhijodelllanero.mx\/"},{"@type":"ListItem","position":2,"name":"Celaya va por la \u201cconciencia\u201d antes que por los castigos ante uso de pirotecnia."}]},{"@type":"WebSite","@id":"https:\/\/elhijodelllanero.mx\/#website","url":"https:\/\/elhijodelllanero.mx\/","name":"El Hijo del llanero solititito","description":"","potentialAction":[{"@type":"SearchAction","target":{"@type":"EntryPoint","urlTemplate":"https:\/\/elhijodelllanero.mx\/?s={search_term_string}"},"query-input":{"@type":"PropertyValueSpecification","valueRequired":true,"valueName":"search_term_string"}}],"inLanguage":"es"},{"@type":"Person","@id":"https:\/\/elhijodelllanero.mx\/#\/schema\/person\/c7f8c86c55c1eab44ae2b93a9628245f","name":"Mar\u00eda de la Paz Rodarte Ram\u00edrez","image":{"@type":"ImageObject","inLanguage":"es","@id":"https:\/\/secure.gravatar.com\/avatar\/1f38f8518b09a266af73da2bce78d69e7d1275299970134ed62f572e0487e1d0?s=96&d=mm&r=g","url":"https:\/\/secure.gravatar.com\/avatar\/1f38f8518b09a266af73da2bce78d69e7d1275299970134ed62f572e0487e1d0?s=96&d=mm&r=g","contentUrl":"https:\/\/secure.gravatar.com\/avatar\/1f38f8518b09a266af73da2bce78d69e7d1275299970134ed62f572e0487e1d0?s=96&d=mm&r=g","caption":"Mar\u00eda de la Paz Rodarte Ram\u00edrez"},"sameAs":["https:\/\/www.elhijodelllanero.mx"],"url":"https:\/\/elhijodelllanero.mx\/index.php\/author\/maricuas\/"}]}},"jetpack_featured_media_url":"https:\/\/i0.wp.com\/elhijodelllanero.mx\/wp-content\/uploads\/2026\/01\/IMG-20260114-WA0001.jpg?fit=1600%2C900&ssl=1","jetpack-related-posts":[],"jetpack_sharing_enabled":true,"_links":{"self":[{"href":"https:\/\/elhijodelllanero.mx\/index.php\/wp-json\/wp\/v2\/posts\/12586","targetHints":{"allow":["GET"]}}],"collection":[{"href":"https:\/\/elhijodelllanero.mx\/index.php\/wp-json\/wp\/v2\/posts"}],"about":[{"href":"https:\/\/elhijodelllanero.mx\/index.php\/wp-json\/wp\/v2\/types\/post"}],"author":[{"embeddable":true,"href":"https:\/\/elhijodelllanero.mx\/index.php\/wp-json\/wp\/v2\/users\/3"}],"replies":[{"embeddable":true,"href":"https:\/\/elhijodelllanero.mx\/index.php\/wp-json\/wp\/v2\/comments?post=12586"}],"version-history":[{"count":1,"href":"https:\/\/elhijodelllanero.mx\/index.php\/wp-json\/wp\/v2\/posts\/12586\/revisions"}],"predecessor-version":[{"id":12588,"href":"https:\/\/elhijodelllanero.mx\/index.php\/wp-json\/wp\/v2\/posts\/12586\/revisions\/12588"}],"wp:featuredmedia":[{"embeddable":true,"href":"https:\/\/elhijodelllanero.mx\/index.php\/wp-json\/wp\/v2\/media\/12587"}],"wp:attachment":[{"href":"https:\/\/elhijodelllanero.mx\/index.php\/wp-json\/wp\/v2\/media?parent=12586"}],"wp:term":[{"taxonomy":"category","embeddable":true,"href":"https:\/\/elhijodelllanero.mx\/index.php\/wp-json\/wp\/v2\/categories?post=12586"},{"taxonomy":"post_tag","embeddable":true,"href":"https:\/\/elhijodelllanero.mx\/index.php\/wp-json\/wp\/v2\/tags?post=12586"}],"curies":[{"name":"wp","href":"https:\/\/api.w.org\/{rel}","templated":true}]}}