{"id":12839,"date":"2026-02-05T23:10:24","date_gmt":"2026-02-05T23:10:24","guid":{"rendered":"https:\/\/elhijodelllanero.mx\/?p=12839"},"modified":"2026-02-05T23:10:24","modified_gmt":"2026-02-05T23:10:24","slug":"atienden-caso-de-maltrato-animal-en-galaxias-del-parque-turnan-caso-a-la-fiscalia","status":"publish","type":"post","link":"https:\/\/elhijodelllanero.mx\/index.php\/2026\/02\/05\/atienden-caso-de-maltrato-animal-en-galaxias-del-parque-turnan-caso-a-la-fiscalia\/","title":{"rendered":"Atienden caso de maltrato animal en Galaxias del Parque, turnan caso a la Fiscal\u00eda.\u00a0"},"content":{"rendered":"<p>Celaya, Gto. 5 de febrero del 2026.-La Polic\u00eda Municipal de Celaya, atendi\u00f3 un reporte de presunto maltrato animal luego de que un gatito fuera degollado en la colonia Galaxias del Parque, hecho que fue canalizado a trav\u00e9s del sistema de emergencias 911, no se encontr\u00f3 al presunto responsable, inform\u00f3, Rafael Cajero Reyes, director de Polic\u00eda Municipal.<\/p>\n<p>\u201cEfectivamente pues s\u00ed se encontr\u00f3 este lamentable maltrato hacia una mascota, no se encontr\u00f3 al culpable, muchos se\u00f1alaban al due\u00f1o no podemos se\u00f1alar la informaci\u00f3n que se recaud\u00f3 en el hogar b\u00e1sicamente se la vamos a pasar a la fiscal\u00eda, se la pasamos a fiscal\u00eda para que ellos determinen cu\u00e1l es la responsabilidad, cabe mencionar que nosotros en otras ocasiones el a\u00f1o pasado pues hubo algunas personas puestas a su disposici\u00f3n por maltrato animal y seguiremos trabajando en eso\u201d.<\/p>\n<p>Las autoridades municipales informaron que este es el primer caso de este grado de violencia contra animales registrado en lo que va del a\u00f1o; no obstante, el director de polic\u00eda municipal, Cajero Reyes reconoci\u00f3 que en otras ocasiones se han atendido reportes por lesiones a mascotas, sin que en todos los casos se conozcan los motivos.<\/p>\n<p>Finalmente, se se\u00f1al\u00f3 que no se ha detectado un incremento en la violencia contra los animales, pero s\u00ed una mayor atenci\u00f3n a los reportes ciudadanos, destacando que las autoridades acuden a los llamados tanto en zonas urbanas como rurales.<\/p>\n<p>\u201cO sea no tenemos alguna zona muy espec\u00edfica es de forma general atendemos ya sea en algunas ocasiones hasta zonas rural este seguimos trabajando de manera general en todo en todo el municipio, hay dos formas el juez c\u00edvico puede iniciar una indagatoria para ver cu\u00e1l es la situaci\u00f3n y en otras la fiscal\u00eda cuando ya el maltrato animal es un poquito diferente, en este caso el d\u00eda de ayer pues ya es la denuncia a la fiscal\u00eda\u201d.<\/p>\n","protected":false},"excerpt":{"rendered":"<p>Celaya, Gto. 5 de febrero del 2026.-La Polic\u00eda Municipal de Celaya, atendi\u00f3 un reporte de presunto maltrato animal luego de que un gatito fuera degollado en la colonia Galaxias del Parque, hecho que fue canalizado a trav\u00e9s del sistema de emergencias 911, no se encontr\u00f3 al presunto responsable, inform\u00f3, Rafael Cajero Reyes, director de Polic\u00eda [&hellip;]<\/p>\n","protected":false},"author":3,"featured_media":12840,"comment_status":"open","ping_status":"closed","sticky":false,"template":"","format":"standard","meta":{"_jetpack_newsletter_access":"","_jetpack_dont_email_post_to_subs":false,"_jetpack_newsletter_tier_id":0,"_jetpack_memberships_contains_paywalled_content":false,"_jetpack_memberships_contains_paid_content":false,"footnotes":""},"categories":[74],"tags":[],"class_list":{"0":"post-12839","1":"post","2":"type-post","3":"status-publish","4":"format-standard","5":"has-post-thumbnail","7":"category-celaya"},"yoast_head":"<!-- This site is optimized with the Yoast SEO plugin v27.3 - https:\/\/yoast.com\/product\/yoast-seo-wordpress\/ -->\n<title>Atienden caso de maltrato animal en Galaxias del Parque, turnan caso a la Fiscal\u00eda.\u00a0 - El Hijo del llanero solititito<\/title>\n<meta name=\"robots\" content=\"index, follow, max-snippet:-1, max-image-preview:large, max-video-preview:-1\" \/>\n<link rel=\"canonical\" href=\"https:\/\/elhijodelllanero.mx\/index.php\/2026\/02\/05\/atienden-caso-de-maltrato-animal-en-galaxias-del-parque-turnan-caso-a-la-fiscalia\/\" \/>\n<meta property=\"og:locale\" content=\"es_ES\" \/>\n<meta property=\"og:type\" content=\"article\" \/>\n<meta property=\"og:title\" content=\"Atienden caso de maltrato animal en Galaxias del Parque, turnan caso a la Fiscal\u00eda.\u00a0 - El Hijo del llanero solititito\" \/>\n<meta property=\"og:description\" content=\"Celaya, Gto. 5 de febrero del 2026.-La Polic\u00eda Municipal de Celaya, atendi\u00f3 un reporte de presunto maltrato animal luego de que un gatito fuera degollado en la colonia Galaxias del Parque, hecho que fue canalizado a trav\u00e9s del sistema de emergencias 911, no se encontr\u00f3 al presunto responsable, inform\u00f3, Rafael Cajero Reyes, director de Polic\u00eda [&hellip;]\" \/>\n<meta property=\"og:url\" content=\"https:\/\/elhijodelllanero.mx\/index.php\/2026\/02\/05\/atienden-caso-de-maltrato-animal-en-galaxias-del-parque-turnan-caso-a-la-fiscalia\/\" \/>\n<meta property=\"og:site_name\" content=\"El Hijo del llanero solititito\" \/>\n<meta property=\"article:published_time\" content=\"2026-02-05T23:10:24+00:00\" \/>\n<meta property=\"og:image\" content=\"https:\/\/elhijodelllanero.mx\/wp-content\/uploads\/2026\/02\/IMG-20260205-WA0001.jpg\" \/>\n\t<meta property=\"og:image:width\" content=\"853\" \/>\n\t<meta property=\"og:image:height\" content=\"693\" \/>\n\t<meta property=\"og:image:type\" content=\"image\/jpeg\" \/>\n<meta name=\"author\" content=\"Mar\u00eda de la Paz Rodarte Ram\u00edrez\" \/>\n<meta name=\"twitter:card\" content=\"summary_large_image\" \/>\n<meta name=\"twitter:label1\" content=\"Escrito por\" \/>\n\t<meta name=\"twitter:data1\" content=\"Mar\u00eda de la Paz Rodarte Ram\u00edrez\" \/>\n\t<meta name=\"twitter:label2\" content=\"Tiempo de lectura\" \/>\n\t<meta name=\"twitter:data2\" content=\"2 minutos\" \/>\n<script type=\"application\/ld+json\" class=\"yoast-schema-graph\">{\"@context\":\"https:\\\/\\\/schema.org\",\"@graph\":[{\"@type\":\"Article\",\"@id\":\"https:\\\/\\\/elhijodelllanero.mx\\\/index.php\\\/2026\\\/02\\\/05\\\/atienden-caso-de-maltrato-animal-en-galaxias-del-parque-turnan-caso-a-la-fiscalia\\\/#article\",\"isPartOf\":{\"@id\":\"https:\\\/\\\/elhijodelllanero.mx\\\/index.php\\\/2026\\\/02\\\/05\\\/atienden-caso-de-maltrato-animal-en-galaxias-del-parque-turnan-caso-a-la-fiscalia\\\/\"},\"author\":{\"name\":\"Mar\u00eda de la Paz Rodarte Ram\u00edrez\",\"@id\":\"https:\\\/\\\/elhijodelllanero.mx\\\/#\\\/schema\\\/person\\\/c7f8c86c55c1eab44ae2b93a9628245f\"},\"headline\":\"Atienden caso de maltrato animal en Galaxias del Parque, turnan caso a la Fiscal\u00eda.\u00a0\",\"datePublished\":\"2026-02-05T23:10:24+00:00\",\"mainEntityOfPage\":{\"@id\":\"https:\\\/\\\/elhijodelllanero.mx\\\/index.php\\\/2026\\\/02\\\/05\\\/atienden-caso-de-maltrato-animal-en-galaxias-del-parque-turnan-caso-a-la-fiscalia\\\/\"},\"wordCount\":345,\"commentCount\":0,\"image\":{\"@id\":\"https:\\\/\\\/elhijodelllanero.mx\\\/index.php\\\/2026\\\/02\\\/05\\\/atienden-caso-de-maltrato-animal-en-galaxias-del-parque-turnan-caso-a-la-fiscalia\\\/#primaryimage\"},\"thumbnailUrl\":\"https:\\\/\\\/i0.wp.com\\\/elhijodelllanero.mx\\\/wp-content\\\/uploads\\\/2026\\\/02\\\/IMG-20260205-WA0001.jpg?fit=853%2C693&ssl=1\",\"articleSection\":[\"CELAYA\"],\"inLanguage\":\"es\",\"potentialAction\":[{\"@type\":\"CommentAction\",\"name\":\"Comment\",\"target\":[\"https:\\\/\\\/elhijodelllanero.mx\\\/index.php\\\/2026\\\/02\\\/05\\\/atienden-caso-de-maltrato-animal-en-galaxias-del-parque-turnan-caso-a-la-fiscalia\\\/#respond\"]}]},{\"@type\":\"WebPage\",\"@id\":\"https:\\\/\\\/elhijodelllanero.mx\\\/index.php\\\/2026\\\/02\\\/05\\\/atienden-caso-de-maltrato-animal-en-galaxias-del-parque-turnan-caso-a-la-fiscalia\\\/\",\"url\":\"https:\\\/\\\/elhijodelllanero.mx\\\/index.php\\\/2026\\\/02\\\/05\\\/atienden-caso-de-maltrato-animal-en-galaxias-del-parque-turnan-caso-a-la-fiscalia\\\/\",\"name\":\"Atienden caso de maltrato animal en Galaxias del Parque, turnan caso a la Fiscal\u00eda.\u00a0 - El Hijo del llanero solititito\",\"isPartOf\":{\"@id\":\"https:\\\/\\\/elhijodelllanero.mx\\\/#website\"},\"primaryImageOfPage\":{\"@id\":\"https:\\\/\\\/elhijodelllanero.mx\\\/index.php\\\/2026\\\/02\\\/05\\\/atienden-caso-de-maltrato-animal-en-galaxias-del-parque-turnan-caso-a-la-fiscalia\\\/#primaryimage\"},\"image\":{\"@id\":\"https:\\\/\\\/elhijodelllanero.mx\\\/index.php\\\/2026\\\/02\\\/05\\\/atienden-caso-de-maltrato-animal-en-galaxias-del-parque-turnan-caso-a-la-fiscalia\\\/#primaryimage\"},\"thumbnailUrl\":\"https:\\\/\\\/i0.wp.com\\\/elhijodelllanero.mx\\\/wp-content\\\/uploads\\\/2026\\\/02\\\/IMG-20260205-WA0001.jpg?fit=853%2C693&ssl=1\",\"datePublished\":\"2026-02-05T23:10:24+00:00\",\"author\":{\"@id\":\"https:\\\/\\\/elhijodelllanero.mx\\\/#\\\/schema\\\/person\\\/c7f8c86c55c1eab44ae2b93a9628245f\"},\"breadcrumb\":{\"@id\":\"https:\\\/\\\/elhijodelllanero.mx\\\/index.php\\\/2026\\\/02\\\/05\\\/atienden-caso-de-maltrato-animal-en-galaxias-del-parque-turnan-caso-a-la-fiscalia\\\/#breadcrumb\"},\"inLanguage\":\"es\",\"potentialAction\":[{\"@type\":\"ReadAction\",\"target\":[\"https:\\\/\\\/elhijodelllanero.mx\\\/index.php\\\/2026\\\/02\\\/05\\\/atienden-caso-de-maltrato-animal-en-galaxias-del-parque-turnan-caso-a-la-fiscalia\\\/\"]}]},{\"@type\":\"ImageObject\",\"inLanguage\":\"es\",\"@id\":\"https:\\\/\\\/elhijodelllanero.mx\\\/index.php\\\/2026\\\/02\\\/05\\\/atienden-caso-de-maltrato-animal-en-galaxias-del-parque-turnan-caso-a-la-fiscalia\\\/#primaryimage\",\"url\":\"https:\\\/\\\/i0.wp.com\\\/elhijodelllanero.mx\\\/wp-content\\\/uploads\\\/2026\\\/02\\\/IMG-20260205-WA0001.jpg?fit=853%2C693&ssl=1\",\"contentUrl\":\"https:\\\/\\\/i0.wp.com\\\/elhijodelllanero.mx\\\/wp-content\\\/uploads\\\/2026\\\/02\\\/IMG-20260205-WA0001.jpg?fit=853%2C693&ssl=1\",\"width\":853,\"height\":693},{\"@type\":\"BreadcrumbList\",\"@id\":\"https:\\\/\\\/elhijodelllanero.mx\\\/index.php\\\/2026\\\/02\\\/05\\\/atienden-caso-de-maltrato-animal-en-galaxias-del-parque-turnan-caso-a-la-fiscalia\\\/#breadcrumb\",\"itemListElement\":[{\"@type\":\"ListItem\",\"position\":1,\"name\":\"Portada\",\"item\":\"https:\\\/\\\/elhijodelllanero.mx\\\/\"},{\"@type\":\"ListItem\",\"position\":2,\"name\":\"Atienden caso de maltrato animal en Galaxias del Parque, turnan caso a la Fiscal\u00eda.\u00a0\"}]},{\"@type\":\"WebSite\",\"@id\":\"https:\\\/\\\/elhijodelllanero.mx\\\/#website\",\"url\":\"https:\\\/\\\/elhijodelllanero.mx\\\/\",\"name\":\"El Hijo del llanero solititito\",\"description\":\"\",\"potentialAction\":[{\"@type\":\"SearchAction\",\"target\":{\"@type\":\"EntryPoint\",\"urlTemplate\":\"https:\\\/\\\/elhijodelllanero.mx\\\/?s={search_term_string}\"},\"query-input\":{\"@type\":\"PropertyValueSpecification\",\"valueRequired\":true,\"valueName\":\"search_term_string\"}}],\"inLanguage\":\"es\"},{\"@type\":\"Person\",\"@id\":\"https:\\\/\\\/elhijodelllanero.mx\\\/#\\\/schema\\\/person\\\/c7f8c86c55c1eab44ae2b93a9628245f\",\"name\":\"Mar\u00eda de la Paz Rodarte Ram\u00edrez\",\"image\":{\"@type\":\"ImageObject\",\"inLanguage\":\"es\",\"@id\":\"https:\\\/\\\/secure.gravatar.com\\\/avatar\\\/1f38f8518b09a266af73da2bce78d69e7d1275299970134ed62f572e0487e1d0?s=96&d=mm&r=g\",\"url\":\"https:\\\/\\\/secure.gravatar.com\\\/avatar\\\/1f38f8518b09a266af73da2bce78d69e7d1275299970134ed62f572e0487e1d0?s=96&d=mm&r=g\",\"contentUrl\":\"https:\\\/\\\/secure.gravatar.com\\\/avatar\\\/1f38f8518b09a266af73da2bce78d69e7d1275299970134ed62f572e0487e1d0?s=96&d=mm&r=g\",\"caption\":\"Mar\u00eda de la Paz Rodarte Ram\u00edrez\"},\"sameAs\":[\"https:\\\/\\\/www.elhijodelllanero.mx\"],\"url\":\"https:\\\/\\\/elhijodelllanero.mx\\\/index.php\\\/author\\\/maricuas\\\/\"}]}<\/script>\n<!-- \/ Yoast SEO plugin. -->","yoast_head_json":{"title":"Atienden caso de maltrato animal en Galaxias del Parque, turnan caso a la Fiscal\u00eda.\u00a0 - El Hijo del llanero solititito","robots":{"index":"index","follow":"follow","max-snippet":"max-snippet:-1","max-image-preview":"max-image-preview:large","max-video-preview":"max-video-preview:-1"},"canonical":"https:\/\/elhijodelllanero.mx\/index.php\/2026\/02\/05\/atienden-caso-de-maltrato-animal-en-galaxias-del-parque-turnan-caso-a-la-fiscalia\/","og_locale":"es_ES","og_type":"article","og_title":"Atienden caso de maltrato animal en Galaxias del Parque, turnan caso a la Fiscal\u00eda.\u00a0 - El Hijo del llanero solititito","og_description":"Celaya, Gto. 5 de febrero del 2026.-La Polic\u00eda Municipal de Celaya, atendi\u00f3 un reporte de presunto maltrato animal luego de que un gatito fuera degollado en la colonia Galaxias del Parque, hecho que fue canalizado a trav\u00e9s del sistema de emergencias 911, no se encontr\u00f3 al presunto responsable, inform\u00f3, Rafael Cajero Reyes, director de Polic\u00eda [&hellip;]","og_url":"https:\/\/elhijodelllanero.mx\/index.php\/2026\/02\/05\/atienden-caso-de-maltrato-animal-en-galaxias-del-parque-turnan-caso-a-la-fiscalia\/","og_site_name":"El Hijo del llanero solititito","article_published_time":"2026-02-05T23:10:24+00:00","og_image":[{"width":853,"height":693,"url":"https:\/\/elhijodelllanero.mx\/wp-content\/uploads\/2026\/02\/IMG-20260205-WA0001.jpg","type":"image\/jpeg"}],"author":"Mar\u00eda de la Paz Rodarte Ram\u00edrez","twitter_card":"summary_large_image","twitter_misc":{"Escrito por":"Mar\u00eda de la Paz Rodarte Ram\u00edrez","Tiempo de lectura":"2 minutos"},"schema":{"@context":"https:\/\/schema.org","@graph":[{"@type":"Article","@id":"https:\/\/elhijodelllanero.mx\/index.php\/2026\/02\/05\/atienden-caso-de-maltrato-animal-en-galaxias-del-parque-turnan-caso-a-la-fiscalia\/#article","isPartOf":{"@id":"https:\/\/elhijodelllanero.mx\/index.php\/2026\/02\/05\/atienden-caso-de-maltrato-animal-en-galaxias-del-parque-turnan-caso-a-la-fiscalia\/"},"author":{"name":"Mar\u00eda de la Paz Rodarte Ram\u00edrez","@id":"https:\/\/elhijodelllanero.mx\/#\/schema\/person\/c7f8c86c55c1eab44ae2b93a9628245f"},"headline":"Atienden caso de maltrato animal en Galaxias del Parque, turnan caso a la Fiscal\u00eda.\u00a0","datePublished":"2026-02-05T23:10:24+00:00","mainEntityOfPage":{"@id":"https:\/\/elhijodelllanero.mx\/index.php\/2026\/02\/05\/atienden-caso-de-maltrato-animal-en-galaxias-del-parque-turnan-caso-a-la-fiscalia\/"},"wordCount":345,"commentCount":0,"image":{"@id":"https:\/\/elhijodelllanero.mx\/index.php\/2026\/02\/05\/atienden-caso-de-maltrato-animal-en-galaxias-del-parque-turnan-caso-a-la-fiscalia\/#primaryimage"},"thumbnailUrl":"https:\/\/i0.wp.com\/elhijodelllanero.mx\/wp-content\/uploads\/2026\/02\/IMG-20260205-WA0001.jpg?fit=853%2C693&ssl=1","articleSection":["CELAYA"],"inLanguage":"es","potentialAction":[{"@type":"CommentAction","name":"Comment","target":["https:\/\/elhijodelllanero.mx\/index.php\/2026\/02\/05\/atienden-caso-de-maltrato-animal-en-galaxias-del-parque-turnan-caso-a-la-fiscalia\/#respond"]}]},{"@type":"WebPage","@id":"https:\/\/elhijodelllanero.mx\/index.php\/2026\/02\/05\/atienden-caso-de-maltrato-animal-en-galaxias-del-parque-turnan-caso-a-la-fiscalia\/","url":"https:\/\/elhijodelllanero.mx\/index.php\/2026\/02\/05\/atienden-caso-de-maltrato-animal-en-galaxias-del-parque-turnan-caso-a-la-fiscalia\/","name":"Atienden caso de maltrato animal en Galaxias del Parque, turnan caso a la Fiscal\u00eda.\u00a0 - El Hijo del llanero solititito","isPartOf":{"@id":"https:\/\/elhijodelllanero.mx\/#website"},"primaryImageOfPage":{"@id":"https:\/\/elhijodelllanero.mx\/index.php\/2026\/02\/05\/atienden-caso-de-maltrato-animal-en-galaxias-del-parque-turnan-caso-a-la-fiscalia\/#primaryimage"},"image":{"@id":"https:\/\/elhijodelllanero.mx\/index.php\/2026\/02\/05\/atienden-caso-de-maltrato-animal-en-galaxias-del-parque-turnan-caso-a-la-fiscalia\/#primaryimage"},"thumbnailUrl":"https:\/\/i0.wp.com\/elhijodelllanero.mx\/wp-content\/uploads\/2026\/02\/IMG-20260205-WA0001.jpg?fit=853%2C693&ssl=1","datePublished":"2026-02-05T23:10:24+00:00","author":{"@id":"https:\/\/elhijodelllanero.mx\/#\/schema\/person\/c7f8c86c55c1eab44ae2b93a9628245f"},"breadcrumb":{"@id":"https:\/\/elhijodelllanero.mx\/index.php\/2026\/02\/05\/atienden-caso-de-maltrato-animal-en-galaxias-del-parque-turnan-caso-a-la-fiscalia\/#breadcrumb"},"inLanguage":"es","potentialAction":[{"@type":"ReadAction","target":["https:\/\/elhijodelllanero.mx\/index.php\/2026\/02\/05\/atienden-caso-de-maltrato-animal-en-galaxias-del-parque-turnan-caso-a-la-fiscalia\/"]}]},{"@type":"ImageObject","inLanguage":"es","@id":"https:\/\/elhijodelllanero.mx\/index.php\/2026\/02\/05\/atienden-caso-de-maltrato-animal-en-galaxias-del-parque-turnan-caso-a-la-fiscalia\/#primaryimage","url":"https:\/\/i0.wp.com\/elhijodelllanero.mx\/wp-content\/uploads\/2026\/02\/IMG-20260205-WA0001.jpg?fit=853%2C693&ssl=1","contentUrl":"https:\/\/i0.wp.com\/elhijodelllanero.mx\/wp-content\/uploads\/2026\/02\/IMG-20260205-WA0001.jpg?fit=853%2C693&ssl=1","width":853,"height":693},{"@type":"BreadcrumbList","@id":"https:\/\/elhijodelllanero.mx\/index.php\/2026\/02\/05\/atienden-caso-de-maltrato-animal-en-galaxias-del-parque-turnan-caso-a-la-fiscalia\/#breadcrumb","itemListElement":[{"@type":"ListItem","position":1,"name":"Portada","item":"https:\/\/elhijodelllanero.mx\/"},{"@type":"ListItem","position":2,"name":"Atienden caso de maltrato animal en Galaxias del Parque, turnan caso a la Fiscal\u00eda.\u00a0"}]},{"@type":"WebSite","@id":"https:\/\/elhijodelllanero.mx\/#website","url":"https:\/\/elhijodelllanero.mx\/","name":"El Hijo del llanero solititito","description":"","potentialAction":[{"@type":"SearchAction","target":{"@type":"EntryPoint","urlTemplate":"https:\/\/elhijodelllanero.mx\/?s={search_term_string}"},"query-input":{"@type":"PropertyValueSpecification","valueRequired":true,"valueName":"search_term_string"}}],"inLanguage":"es"},{"@type":"Person","@id":"https:\/\/elhijodelllanero.mx\/#\/schema\/person\/c7f8c86c55c1eab44ae2b93a9628245f","name":"Mar\u00eda de la Paz Rodarte Ram\u00edrez","image":{"@type":"ImageObject","inLanguage":"es","@id":"https:\/\/secure.gravatar.com\/avatar\/1f38f8518b09a266af73da2bce78d69e7d1275299970134ed62f572e0487e1d0?s=96&d=mm&r=g","url":"https:\/\/secure.gravatar.com\/avatar\/1f38f8518b09a266af73da2bce78d69e7d1275299970134ed62f572e0487e1d0?s=96&d=mm&r=g","contentUrl":"https:\/\/secure.gravatar.com\/avatar\/1f38f8518b09a266af73da2bce78d69e7d1275299970134ed62f572e0487e1d0?s=96&d=mm&r=g","caption":"Mar\u00eda de la Paz Rodarte Ram\u00edrez"},"sameAs":["https:\/\/www.elhijodelllanero.mx"],"url":"https:\/\/elhijodelllanero.mx\/index.php\/author\/maricuas\/"}]}},"jetpack_featured_media_url":"https:\/\/i0.wp.com\/elhijodelllanero.mx\/wp-content\/uploads\/2026\/02\/IMG-20260205-WA0001.jpg?fit=853%2C693&ssl=1","jetpack-related-posts":[],"jetpack_sharing_enabled":true,"_links":{"self":[{"href":"https:\/\/elhijodelllanero.mx\/index.php\/wp-json\/wp\/v2\/posts\/12839","targetHints":{"allow":["GET"]}}],"collection":[{"href":"https:\/\/elhijodelllanero.mx\/index.php\/wp-json\/wp\/v2\/posts"}],"about":[{"href":"https:\/\/elhijodelllanero.mx\/index.php\/wp-json\/wp\/v2\/types\/post"}],"author":[{"embeddable":true,"href":"https:\/\/elhijodelllanero.mx\/index.php\/wp-json\/wp\/v2\/users\/3"}],"replies":[{"embeddable":true,"href":"https:\/\/elhijodelllanero.mx\/index.php\/wp-json\/wp\/v2\/comments?post=12839"}],"version-history":[{"count":1,"href":"https:\/\/elhijodelllanero.mx\/index.php\/wp-json\/wp\/v2\/posts\/12839\/revisions"}],"predecessor-version":[{"id":12841,"href":"https:\/\/elhijodelllanero.mx\/index.php\/wp-json\/wp\/v2\/posts\/12839\/revisions\/12841"}],"wp:featuredmedia":[{"embeddable":true,"href":"https:\/\/elhijodelllanero.mx\/index.php\/wp-json\/wp\/v2\/media\/12840"}],"wp:attachment":[{"href":"https:\/\/elhijodelllanero.mx\/index.php\/wp-json\/wp\/v2\/media?parent=12839"}],"wp:term":[{"taxonomy":"category","embeddable":true,"href":"https:\/\/elhijodelllanero.mx\/index.php\/wp-json\/wp\/v2\/categories?post=12839"},{"taxonomy":"post_tag","embeddable":true,"href":"https:\/\/elhijodelllanero.mx\/index.php\/wp-json\/wp\/v2\/tags?post=12839"}],"curies":[{"name":"wp","href":"https:\/\/api.w.org\/{rel}","templated":true}]}}