{"id":12842,"date":"2026-02-05T23:17:39","date_gmt":"2026-02-05T23:17:39","guid":{"rendered":"https:\/\/elhijodelllanero.mx\/?p=12842"},"modified":"2026-02-05T23:17:39","modified_gmt":"2026-02-05T23:17:39","slug":"cortazar-se-apunta-para-el-mundial-desde-la-cancha","status":"publish","type":"post","link":"https:\/\/elhijodelllanero.mx\/index.php\/2026\/02\/05\/cortazar-se-apunta-para-el-mundial-desde-la-cancha\/","title":{"rendered":"Cortazar se apunta para el Mundial\u2026 desde la cancha"},"content":{"rendered":"<p>Cortazar, Gto. 5 de febrero del 2026.- Con la mira puesta en el Mundial de f\u00fatbol, el alcalde Mauricio Estefan\u00eda inform\u00f3 que el municipio busca rehabilitar espacios deportivos, principalmente la cancha reglamentaria de f\u00fatbol en la deportiva sur, con la esperanza de que Cortazar pueda ser considerado como sede de concentraciones o entrenamientos de alguna selecci\u00f3n.<\/p>\n<p>Durante sesi\u00f3n de Ayuntamiento, el edil explic\u00f3 que, de acuerdo con informaci\u00f3n de CODE Guanajuato, el estado podr\u00eda recibir a equipos mundialistas, aunque solo para preparaci\u00f3n, ya que los partidos oficiales se jugar\u00e1n en Guadalajara, Monterrey y Ciudad de M\u00e9xico. Aun as\u00ed, la intenci\u00f3n es no quedarse fuera de la foto.<\/p>\n<p>Estefan\u00eda destac\u00f3 que Cortazar tiene una ubicaci\u00f3n estrat\u00e9gica en el centro del pa\u00eds, lo que lo vuelve \u201cbien posicionado\u201d en caso de que se concrete la llegada de alguna selecci\u00f3n, siempre y cuando las instalaciones est\u00e9n a la altura del evento.<\/p>\n<p>Entre las prioridades est\u00e1 la rehabilitaci\u00f3n de la cancha de pasto sint\u00e9tico de la deportiva sur, la cual no ha recibido mantenimiento desde su creaci\u00f3n en 2017, adem\u00e1s de la mejora de otras \u00e1reas como canchas de basquetbol.<\/p>\n<p>El alcalde se\u00f1al\u00f3 que la apuesta es clara: poner en orden los espacios deportivos y, si se da la oportunidad, estar listos para recibir a equipos internacionales, aunque sea para entrenar. Porque en el camino al Mundial, lo primero es que la cancha est\u00e9 en condiciones.<\/p>\n","protected":false},"excerpt":{"rendered":"<p>Cortazar, Gto. 5 de febrero del 2026.- Con la mira puesta en el Mundial de f\u00fatbol, el alcalde Mauricio Estefan\u00eda inform\u00f3 que el municipio busca rehabilitar espacios deportivos, principalmente la cancha reglamentaria de f\u00fatbol en la deportiva sur, con la esperanza de que Cortazar pueda ser considerado como sede de concentraciones o entrenamientos de alguna [&hellip;]<\/p>\n","protected":false},"author":3,"featured_media":12843,"comment_status":"open","ping_status":"closed","sticky":false,"template":"","format":"standard","meta":{"_jetpack_newsletter_access":"","_jetpack_dont_email_post_to_subs":false,"_jetpack_newsletter_tier_id":0,"_jetpack_memberships_contains_paywalled_content":false,"_jetpack_memberships_contains_paid_content":false,"footnotes":""},"categories":[77,76],"tags":[],"class_list":{"0":"post-12842","1":"post","2":"type-post","3":"status-publish","4":"format-standard","5":"has-post-thumbnail","7":"category-cortazar","8":"category-municipios"},"yoast_head":"<!-- This site is optimized with the Yoast SEO plugin v27.3 - https:\/\/yoast.com\/product\/yoast-seo-wordpress\/ -->\n<title>Cortazar se apunta para el Mundial\u2026 desde la cancha - El Hijo del llanero solititito<\/title>\n<meta name=\"robots\" content=\"index, follow, max-snippet:-1, max-image-preview:large, max-video-preview:-1\" \/>\n<link rel=\"canonical\" href=\"https:\/\/elhijodelllanero.mx\/index.php\/2026\/02\/05\/cortazar-se-apunta-para-el-mundial-desde-la-cancha\/\" \/>\n<meta property=\"og:locale\" content=\"es_ES\" \/>\n<meta property=\"og:type\" content=\"article\" \/>\n<meta property=\"og:title\" content=\"Cortazar se apunta para el Mundial\u2026 desde la cancha - El Hijo del llanero solititito\" \/>\n<meta property=\"og:description\" content=\"Cortazar, Gto. 5 de febrero del 2026.- Con la mira puesta en el Mundial de f\u00fatbol, el alcalde Mauricio Estefan\u00eda inform\u00f3 que el municipio busca rehabilitar espacios deportivos, principalmente la cancha reglamentaria de f\u00fatbol en la deportiva sur, con la esperanza de que Cortazar pueda ser considerado como sede de concentraciones o entrenamientos de alguna [&hellip;]\" \/>\n<meta property=\"og:url\" content=\"https:\/\/elhijodelllanero.mx\/index.php\/2026\/02\/05\/cortazar-se-apunta-para-el-mundial-desde-la-cancha\/\" \/>\n<meta property=\"og:site_name\" content=\"El Hijo del llanero solititito\" \/>\n<meta property=\"article:published_time\" content=\"2026-02-05T23:17:39+00:00\" \/>\n<meta property=\"og:image\" content=\"https:\/\/elhijodelllanero.mx\/wp-content\/uploads\/2026\/02\/IMG-20260205-WA0006.jpg\" \/>\n\t<meta property=\"og:image:width\" content=\"1280\" \/>\n\t<meta property=\"og:image:height\" content=\"963\" \/>\n\t<meta property=\"og:image:type\" content=\"image\/jpeg\" \/>\n<meta name=\"author\" content=\"Mar\u00eda de la Paz Rodarte Ram\u00edrez\" \/>\n<meta name=\"twitter:card\" content=\"summary_large_image\" \/>\n<meta name=\"twitter:label1\" content=\"Escrito por\" \/>\n\t<meta name=\"twitter:data1\" content=\"Mar\u00eda de la Paz Rodarte Ram\u00edrez\" \/>\n\t<meta name=\"twitter:label2\" content=\"Tiempo de lectura\" \/>\n\t<meta name=\"twitter:data2\" content=\"2 minutos\" \/>\n<script type=\"application\/ld+json\" class=\"yoast-schema-graph\">{\"@context\":\"https:\\\/\\\/schema.org\",\"@graph\":[{\"@type\":\"Article\",\"@id\":\"https:\\\/\\\/elhijodelllanero.mx\\\/index.php\\\/2026\\\/02\\\/05\\\/cortazar-se-apunta-para-el-mundial-desde-la-cancha\\\/#article\",\"isPartOf\":{\"@id\":\"https:\\\/\\\/elhijodelllanero.mx\\\/index.php\\\/2026\\\/02\\\/05\\\/cortazar-se-apunta-para-el-mundial-desde-la-cancha\\\/\"},\"author\":{\"name\":\"Mar\u00eda de la Paz Rodarte Ram\u00edrez\",\"@id\":\"https:\\\/\\\/elhijodelllanero.mx\\\/#\\\/schema\\\/person\\\/c7f8c86c55c1eab44ae2b93a9628245f\"},\"headline\":\"Cortazar se apunta para el Mundial\u2026 desde la cancha\",\"datePublished\":\"2026-02-05T23:17:39+00:00\",\"mainEntityOfPage\":{\"@id\":\"https:\\\/\\\/elhijodelllanero.mx\\\/index.php\\\/2026\\\/02\\\/05\\\/cortazar-se-apunta-para-el-mundial-desde-la-cancha\\\/\"},\"wordCount\":261,\"commentCount\":0,\"image\":{\"@id\":\"https:\\\/\\\/elhijodelllanero.mx\\\/index.php\\\/2026\\\/02\\\/05\\\/cortazar-se-apunta-para-el-mundial-desde-la-cancha\\\/#primaryimage\"},\"thumbnailUrl\":\"https:\\\/\\\/i0.wp.com\\\/elhijodelllanero.mx\\\/wp-content\\\/uploads\\\/2026\\\/02\\\/IMG-20260205-WA0006.jpg?fit=1280%2C963&ssl=1\",\"articleSection\":[\"CORTAZAR\",\"MUNICIPIOS\"],\"inLanguage\":\"es\",\"potentialAction\":[{\"@type\":\"CommentAction\",\"name\":\"Comment\",\"target\":[\"https:\\\/\\\/elhijodelllanero.mx\\\/index.php\\\/2026\\\/02\\\/05\\\/cortazar-se-apunta-para-el-mundial-desde-la-cancha\\\/#respond\"]}]},{\"@type\":\"WebPage\",\"@id\":\"https:\\\/\\\/elhijodelllanero.mx\\\/index.php\\\/2026\\\/02\\\/05\\\/cortazar-se-apunta-para-el-mundial-desde-la-cancha\\\/\",\"url\":\"https:\\\/\\\/elhijodelllanero.mx\\\/index.php\\\/2026\\\/02\\\/05\\\/cortazar-se-apunta-para-el-mundial-desde-la-cancha\\\/\",\"name\":\"Cortazar se apunta para el Mundial\u2026 desde la cancha - El Hijo del llanero solititito\",\"isPartOf\":{\"@id\":\"https:\\\/\\\/elhijodelllanero.mx\\\/#website\"},\"primaryImageOfPage\":{\"@id\":\"https:\\\/\\\/elhijodelllanero.mx\\\/index.php\\\/2026\\\/02\\\/05\\\/cortazar-se-apunta-para-el-mundial-desde-la-cancha\\\/#primaryimage\"},\"image\":{\"@id\":\"https:\\\/\\\/elhijodelllanero.mx\\\/index.php\\\/2026\\\/02\\\/05\\\/cortazar-se-apunta-para-el-mundial-desde-la-cancha\\\/#primaryimage\"},\"thumbnailUrl\":\"https:\\\/\\\/i0.wp.com\\\/elhijodelllanero.mx\\\/wp-content\\\/uploads\\\/2026\\\/02\\\/IMG-20260205-WA0006.jpg?fit=1280%2C963&ssl=1\",\"datePublished\":\"2026-02-05T23:17:39+00:00\",\"author\":{\"@id\":\"https:\\\/\\\/elhijodelllanero.mx\\\/#\\\/schema\\\/person\\\/c7f8c86c55c1eab44ae2b93a9628245f\"},\"breadcrumb\":{\"@id\":\"https:\\\/\\\/elhijodelllanero.mx\\\/index.php\\\/2026\\\/02\\\/05\\\/cortazar-se-apunta-para-el-mundial-desde-la-cancha\\\/#breadcrumb\"},\"inLanguage\":\"es\",\"potentialAction\":[{\"@type\":\"ReadAction\",\"target\":[\"https:\\\/\\\/elhijodelllanero.mx\\\/index.php\\\/2026\\\/02\\\/05\\\/cortazar-se-apunta-para-el-mundial-desde-la-cancha\\\/\"]}]},{\"@type\":\"ImageObject\",\"inLanguage\":\"es\",\"@id\":\"https:\\\/\\\/elhijodelllanero.mx\\\/index.php\\\/2026\\\/02\\\/05\\\/cortazar-se-apunta-para-el-mundial-desde-la-cancha\\\/#primaryimage\",\"url\":\"https:\\\/\\\/i0.wp.com\\\/elhijodelllanero.mx\\\/wp-content\\\/uploads\\\/2026\\\/02\\\/IMG-20260205-WA0006.jpg?fit=1280%2C963&ssl=1\",\"contentUrl\":\"https:\\\/\\\/i0.wp.com\\\/elhijodelllanero.mx\\\/wp-content\\\/uploads\\\/2026\\\/02\\\/IMG-20260205-WA0006.jpg?fit=1280%2C963&ssl=1\",\"width\":1280,\"height\":963},{\"@type\":\"BreadcrumbList\",\"@id\":\"https:\\\/\\\/elhijodelllanero.mx\\\/index.php\\\/2026\\\/02\\\/05\\\/cortazar-se-apunta-para-el-mundial-desde-la-cancha\\\/#breadcrumb\",\"itemListElement\":[{\"@type\":\"ListItem\",\"position\":1,\"name\":\"Portada\",\"item\":\"https:\\\/\\\/elhijodelllanero.mx\\\/\"},{\"@type\":\"ListItem\",\"position\":2,\"name\":\"Cortazar se apunta para el Mundial\u2026 desde la cancha\"}]},{\"@type\":\"WebSite\",\"@id\":\"https:\\\/\\\/elhijodelllanero.mx\\\/#website\",\"url\":\"https:\\\/\\\/elhijodelllanero.mx\\\/\",\"name\":\"El Hijo del llanero solititito\",\"description\":\"\",\"potentialAction\":[{\"@type\":\"SearchAction\",\"target\":{\"@type\":\"EntryPoint\",\"urlTemplate\":\"https:\\\/\\\/elhijodelllanero.mx\\\/?s={search_term_string}\"},\"query-input\":{\"@type\":\"PropertyValueSpecification\",\"valueRequired\":true,\"valueName\":\"search_term_string\"}}],\"inLanguage\":\"es\"},{\"@type\":\"Person\",\"@id\":\"https:\\\/\\\/elhijodelllanero.mx\\\/#\\\/schema\\\/person\\\/c7f8c86c55c1eab44ae2b93a9628245f\",\"name\":\"Mar\u00eda de la Paz Rodarte Ram\u00edrez\",\"image\":{\"@type\":\"ImageObject\",\"inLanguage\":\"es\",\"@id\":\"https:\\\/\\\/secure.gravatar.com\\\/avatar\\\/1f38f8518b09a266af73da2bce78d69e7d1275299970134ed62f572e0487e1d0?s=96&d=mm&r=g\",\"url\":\"https:\\\/\\\/secure.gravatar.com\\\/avatar\\\/1f38f8518b09a266af73da2bce78d69e7d1275299970134ed62f572e0487e1d0?s=96&d=mm&r=g\",\"contentUrl\":\"https:\\\/\\\/secure.gravatar.com\\\/avatar\\\/1f38f8518b09a266af73da2bce78d69e7d1275299970134ed62f572e0487e1d0?s=96&d=mm&r=g\",\"caption\":\"Mar\u00eda de la Paz Rodarte Ram\u00edrez\"},\"sameAs\":[\"https:\\\/\\\/www.elhijodelllanero.mx\"],\"url\":\"https:\\\/\\\/elhijodelllanero.mx\\\/index.php\\\/author\\\/maricuas\\\/\"}]}<\/script>\n<!-- \/ Yoast SEO plugin. -->","yoast_head_json":{"title":"Cortazar se apunta para el Mundial\u2026 desde la cancha - El Hijo del llanero solititito","robots":{"index":"index","follow":"follow","max-snippet":"max-snippet:-1","max-image-preview":"max-image-preview:large","max-video-preview":"max-video-preview:-1"},"canonical":"https:\/\/elhijodelllanero.mx\/index.php\/2026\/02\/05\/cortazar-se-apunta-para-el-mundial-desde-la-cancha\/","og_locale":"es_ES","og_type":"article","og_title":"Cortazar se apunta para el Mundial\u2026 desde la cancha - El Hijo del llanero solititito","og_description":"Cortazar, Gto. 5 de febrero del 2026.- Con la mira puesta en el Mundial de f\u00fatbol, el alcalde Mauricio Estefan\u00eda inform\u00f3 que el municipio busca rehabilitar espacios deportivos, principalmente la cancha reglamentaria de f\u00fatbol en la deportiva sur, con la esperanza de que Cortazar pueda ser considerado como sede de concentraciones o entrenamientos de alguna [&hellip;]","og_url":"https:\/\/elhijodelllanero.mx\/index.php\/2026\/02\/05\/cortazar-se-apunta-para-el-mundial-desde-la-cancha\/","og_site_name":"El Hijo del llanero solititito","article_published_time":"2026-02-05T23:17:39+00:00","og_image":[{"width":1280,"height":963,"url":"https:\/\/elhijodelllanero.mx\/wp-content\/uploads\/2026\/02\/IMG-20260205-WA0006.jpg","type":"image\/jpeg"}],"author":"Mar\u00eda de la Paz Rodarte Ram\u00edrez","twitter_card":"summary_large_image","twitter_misc":{"Escrito por":"Mar\u00eda de la Paz Rodarte Ram\u00edrez","Tiempo de lectura":"2 minutos"},"schema":{"@context":"https:\/\/schema.org","@graph":[{"@type":"Article","@id":"https:\/\/elhijodelllanero.mx\/index.php\/2026\/02\/05\/cortazar-se-apunta-para-el-mundial-desde-la-cancha\/#article","isPartOf":{"@id":"https:\/\/elhijodelllanero.mx\/index.php\/2026\/02\/05\/cortazar-se-apunta-para-el-mundial-desde-la-cancha\/"},"author":{"name":"Mar\u00eda de la Paz Rodarte Ram\u00edrez","@id":"https:\/\/elhijodelllanero.mx\/#\/schema\/person\/c7f8c86c55c1eab44ae2b93a9628245f"},"headline":"Cortazar se apunta para el Mundial\u2026 desde la cancha","datePublished":"2026-02-05T23:17:39+00:00","mainEntityOfPage":{"@id":"https:\/\/elhijodelllanero.mx\/index.php\/2026\/02\/05\/cortazar-se-apunta-para-el-mundial-desde-la-cancha\/"},"wordCount":261,"commentCount":0,"image":{"@id":"https:\/\/elhijodelllanero.mx\/index.php\/2026\/02\/05\/cortazar-se-apunta-para-el-mundial-desde-la-cancha\/#primaryimage"},"thumbnailUrl":"https:\/\/i0.wp.com\/elhijodelllanero.mx\/wp-content\/uploads\/2026\/02\/IMG-20260205-WA0006.jpg?fit=1280%2C963&ssl=1","articleSection":["CORTAZAR","MUNICIPIOS"],"inLanguage":"es","potentialAction":[{"@type":"CommentAction","name":"Comment","target":["https:\/\/elhijodelllanero.mx\/index.php\/2026\/02\/05\/cortazar-se-apunta-para-el-mundial-desde-la-cancha\/#respond"]}]},{"@type":"WebPage","@id":"https:\/\/elhijodelllanero.mx\/index.php\/2026\/02\/05\/cortazar-se-apunta-para-el-mundial-desde-la-cancha\/","url":"https:\/\/elhijodelllanero.mx\/index.php\/2026\/02\/05\/cortazar-se-apunta-para-el-mundial-desde-la-cancha\/","name":"Cortazar se apunta para el Mundial\u2026 desde la cancha - El Hijo del llanero solititito","isPartOf":{"@id":"https:\/\/elhijodelllanero.mx\/#website"},"primaryImageOfPage":{"@id":"https:\/\/elhijodelllanero.mx\/index.php\/2026\/02\/05\/cortazar-se-apunta-para-el-mundial-desde-la-cancha\/#primaryimage"},"image":{"@id":"https:\/\/elhijodelllanero.mx\/index.php\/2026\/02\/05\/cortazar-se-apunta-para-el-mundial-desde-la-cancha\/#primaryimage"},"thumbnailUrl":"https:\/\/i0.wp.com\/elhijodelllanero.mx\/wp-content\/uploads\/2026\/02\/IMG-20260205-WA0006.jpg?fit=1280%2C963&ssl=1","datePublished":"2026-02-05T23:17:39+00:00","author":{"@id":"https:\/\/elhijodelllanero.mx\/#\/schema\/person\/c7f8c86c55c1eab44ae2b93a9628245f"},"breadcrumb":{"@id":"https:\/\/elhijodelllanero.mx\/index.php\/2026\/02\/05\/cortazar-se-apunta-para-el-mundial-desde-la-cancha\/#breadcrumb"},"inLanguage":"es","potentialAction":[{"@type":"ReadAction","target":["https:\/\/elhijodelllanero.mx\/index.php\/2026\/02\/05\/cortazar-se-apunta-para-el-mundial-desde-la-cancha\/"]}]},{"@type":"ImageObject","inLanguage":"es","@id":"https:\/\/elhijodelllanero.mx\/index.php\/2026\/02\/05\/cortazar-se-apunta-para-el-mundial-desde-la-cancha\/#primaryimage","url":"https:\/\/i0.wp.com\/elhijodelllanero.mx\/wp-content\/uploads\/2026\/02\/IMG-20260205-WA0006.jpg?fit=1280%2C963&ssl=1","contentUrl":"https:\/\/i0.wp.com\/elhijodelllanero.mx\/wp-content\/uploads\/2026\/02\/IMG-20260205-WA0006.jpg?fit=1280%2C963&ssl=1","width":1280,"height":963},{"@type":"BreadcrumbList","@id":"https:\/\/elhijodelllanero.mx\/index.php\/2026\/02\/05\/cortazar-se-apunta-para-el-mundial-desde-la-cancha\/#breadcrumb","itemListElement":[{"@type":"ListItem","position":1,"name":"Portada","item":"https:\/\/elhijodelllanero.mx\/"},{"@type":"ListItem","position":2,"name":"Cortazar se apunta para el Mundial\u2026 desde la cancha"}]},{"@type":"WebSite","@id":"https:\/\/elhijodelllanero.mx\/#website","url":"https:\/\/elhijodelllanero.mx\/","name":"El Hijo del llanero solititito","description":"","potentialAction":[{"@type":"SearchAction","target":{"@type":"EntryPoint","urlTemplate":"https:\/\/elhijodelllanero.mx\/?s={search_term_string}"},"query-input":{"@type":"PropertyValueSpecification","valueRequired":true,"valueName":"search_term_string"}}],"inLanguage":"es"},{"@type":"Person","@id":"https:\/\/elhijodelllanero.mx\/#\/schema\/person\/c7f8c86c55c1eab44ae2b93a9628245f","name":"Mar\u00eda de la Paz Rodarte Ram\u00edrez","image":{"@type":"ImageObject","inLanguage":"es","@id":"https:\/\/secure.gravatar.com\/avatar\/1f38f8518b09a266af73da2bce78d69e7d1275299970134ed62f572e0487e1d0?s=96&d=mm&r=g","url":"https:\/\/secure.gravatar.com\/avatar\/1f38f8518b09a266af73da2bce78d69e7d1275299970134ed62f572e0487e1d0?s=96&d=mm&r=g","contentUrl":"https:\/\/secure.gravatar.com\/avatar\/1f38f8518b09a266af73da2bce78d69e7d1275299970134ed62f572e0487e1d0?s=96&d=mm&r=g","caption":"Mar\u00eda de la Paz Rodarte Ram\u00edrez"},"sameAs":["https:\/\/www.elhijodelllanero.mx"],"url":"https:\/\/elhijodelllanero.mx\/index.php\/author\/maricuas\/"}]}},"jetpack_featured_media_url":"https:\/\/i0.wp.com\/elhijodelllanero.mx\/wp-content\/uploads\/2026\/02\/IMG-20260205-WA0006.jpg?fit=1280%2C963&ssl=1","jetpack-related-posts":[],"jetpack_sharing_enabled":true,"_links":{"self":[{"href":"https:\/\/elhijodelllanero.mx\/index.php\/wp-json\/wp\/v2\/posts\/12842","targetHints":{"allow":["GET"]}}],"collection":[{"href":"https:\/\/elhijodelllanero.mx\/index.php\/wp-json\/wp\/v2\/posts"}],"about":[{"href":"https:\/\/elhijodelllanero.mx\/index.php\/wp-json\/wp\/v2\/types\/post"}],"author":[{"embeddable":true,"href":"https:\/\/elhijodelllanero.mx\/index.php\/wp-json\/wp\/v2\/users\/3"}],"replies":[{"embeddable":true,"href":"https:\/\/elhijodelllanero.mx\/index.php\/wp-json\/wp\/v2\/comments?post=12842"}],"version-history":[{"count":1,"href":"https:\/\/elhijodelllanero.mx\/index.php\/wp-json\/wp\/v2\/posts\/12842\/revisions"}],"predecessor-version":[{"id":12844,"href":"https:\/\/elhijodelllanero.mx\/index.php\/wp-json\/wp\/v2\/posts\/12842\/revisions\/12844"}],"wp:featuredmedia":[{"embeddable":true,"href":"https:\/\/elhijodelllanero.mx\/index.php\/wp-json\/wp\/v2\/media\/12843"}],"wp:attachment":[{"href":"https:\/\/elhijodelllanero.mx\/index.php\/wp-json\/wp\/v2\/media?parent=12842"}],"wp:term":[{"taxonomy":"category","embeddable":true,"href":"https:\/\/elhijodelllanero.mx\/index.php\/wp-json\/wp\/v2\/categories?post=12842"},{"taxonomy":"post_tag","embeddable":true,"href":"https:\/\/elhijodelllanero.mx\/index.php\/wp-json\/wp\/v2\/tags?post=12842"}],"curies":[{"name":"wp","href":"https:\/\/api.w.org\/{rel}","templated":true}]}}