{"id":12845,"date":"2026-02-05T23:23:14","date_gmt":"2026-02-05T23:23:14","guid":{"rendered":"https:\/\/elhijodelllanero.mx\/?p=12845"},"modified":"2026-02-05T23:23:14","modified_gmt":"2026-02-05T23:23:14","slug":"celaya-busca-reforzar-su-policia-municipal-ante-deficit-de-elementos","status":"publish","type":"post","link":"https:\/\/elhijodelllanero.mx\/index.php\/2026\/02\/05\/celaya-busca-reforzar-su-policia-municipal-ante-deficit-de-elementos\/","title":{"rendered":"Celaya busca reforzar su Polic\u00eda Municipal ante d\u00e9ficit de elementos."},"content":{"rendered":"<p>Celaya, Gto. 5 de febrero del 2026.-El gobierno municipal, busca fortalecer la Polic\u00eda Municipal de Celaya ante el d\u00e9ficit de elementos que existe en relaci\u00f3n con el n\u00famero de habitantes, dijo que el municipio deber\u00eda contar con un promedio de 700 polic\u00edas; sin embargo, la cifra actual es menor inform\u00f3 el presidente municipal, Juan Miguel Ram\u00edrez.<\/p>\n<p>A trav\u00e9s de las redes sociales de la Secretar\u00eda de Seguridad Ciudadana se invita al personal militar, soldados y cabos que hayan obtenido dignamente su baja de las fuerzas armadas, y que deseen continuar sirviendo a la naci\u00f3n a integrarse a las filas de la polic\u00eda municipal.<\/p>\n<p>\u201cTenemos que fortalecer, tenemos que tener los elementos necesarios e indispensables, nosotros tenemos que tener por n\u00famero de habitantes con n\u00famero de habitantes etc\u00e9tera como un promedio de 1,000 por eso no los tenemos tenemos, tenemos mucho menos entonces queremos aumentarlo pero a pesar de que nosotros metemos cada dos meses tenemos inscripciones en Infopol, nosotros ahorita tenemos como 40 estudiantes en febrero volvemos a meter otro equipo y regularmente tenemos 40 o 50 cadetes de promedio pero cada dos meses hay una generaci\u00f3n que sale o sea no estamos como antes\u201d.<\/p>\n<p>De acuerdo a la convocatoria dirigida a personal militar que haya obtenido su baja de manera digna, con el objetivo de aprovechar su experiencia y disciplina el gobierno municipal ofrecer\u00e1 un sueldo de 23,000 pesos. El presidente municipal aclar\u00f3 que no se aceptar\u00e1 a personas dadas de baja por la comisi\u00f3n de alg\u00fan il\u00edcito.<\/p>\n<p>El alcalde descart\u00f3 que esta estrategia est\u00e9 relacionada con alguna presi\u00f3n por parte de la Guardia Nacional para retirar elementos federales del municipio adem\u00e1s dijo que no se contratar\u00e1n elementos ex federales, aclar\u00f3 que el objetivo es fortalecer la corporaci\u00f3n.<\/p>\n<p>\u201cLos que vengan todos los que vengan tenemos un promedio me dice un promedio de 150, tenemos la posibilidad de hacerlo y esta es porque hay mucha gente que en equis momentos se da debajo del ej\u00e9rcito y por eso nosotros en la convocatoria decimos que debe de que deben ser de baja dignamente, son soldados retirados los otros eran polic\u00edas que estaban ah\u00ed, ya puedes decir la polic\u00eda, de tr\u00e1nsito muchos elementos que ven\u00edan de seguridad, lo que s\u00ed entendemos nosotros es que nosotros tenemos que tener nuestros por lo menos unos 700 polic\u00edas, ahorita hay varios entre nuestros 500 y los que tenemos hay bastantes\u201d.<\/p>\n","protected":false},"excerpt":{"rendered":"<p>Celaya, Gto. 5 de febrero del 2026.-El gobierno municipal, busca fortalecer la Polic\u00eda Municipal de Celaya ante el d\u00e9ficit de elementos que existe en relaci\u00f3n con el n\u00famero de habitantes, dijo que el municipio deber\u00eda contar con un promedio de 700 polic\u00edas; sin embargo, la cifra actual es menor inform\u00f3 el presidente municipal, Juan Miguel [&hellip;]<\/p>\n","protected":false},"author":3,"featured_media":12846,"comment_status":"open","ping_status":"closed","sticky":false,"template":"","format":"standard","meta":{"_jetpack_newsletter_access":"","_jetpack_dont_email_post_to_subs":false,"_jetpack_newsletter_tier_id":0,"_jetpack_memberships_contains_paywalled_content":false,"_jetpack_memberships_contains_paid_content":false,"footnotes":""},"categories":[74],"tags":[],"class_list":{"0":"post-12845","1":"post","2":"type-post","3":"status-publish","4":"format-standard","5":"has-post-thumbnail","7":"category-celaya"},"yoast_head":"<!-- This site is optimized with the Yoast SEO plugin v27.3 - https:\/\/yoast.com\/product\/yoast-seo-wordpress\/ -->\n<title>Celaya busca reforzar su Polic\u00eda Municipal ante d\u00e9ficit de elementos. - El Hijo del llanero solititito<\/title>\n<meta name=\"robots\" content=\"index, follow, max-snippet:-1, max-image-preview:large, max-video-preview:-1\" \/>\n<link rel=\"canonical\" href=\"https:\/\/elhijodelllanero.mx\/index.php\/2026\/02\/05\/celaya-busca-reforzar-su-policia-municipal-ante-deficit-de-elementos\/\" \/>\n<meta property=\"og:locale\" content=\"es_ES\" \/>\n<meta property=\"og:type\" content=\"article\" \/>\n<meta property=\"og:title\" content=\"Celaya busca reforzar su Polic\u00eda Municipal ante d\u00e9ficit de elementos. - El Hijo del llanero solititito\" \/>\n<meta property=\"og:description\" content=\"Celaya, Gto. 5 de febrero del 2026.-El gobierno municipal, busca fortalecer la Polic\u00eda Municipal de Celaya ante el d\u00e9ficit de elementos que existe en relaci\u00f3n con el n\u00famero de habitantes, dijo que el municipio deber\u00eda contar con un promedio de 700 polic\u00edas; sin embargo, la cifra actual es menor inform\u00f3 el presidente municipal, Juan Miguel [&hellip;]\" \/>\n<meta property=\"og:url\" content=\"https:\/\/elhijodelllanero.mx\/index.php\/2026\/02\/05\/celaya-busca-reforzar-su-policia-municipal-ante-deficit-de-elementos\/\" \/>\n<meta property=\"og:site_name\" content=\"El Hijo del llanero solititito\" \/>\n<meta property=\"article:published_time\" content=\"2026-02-05T23:23:14+00:00\" \/>\n<meta property=\"og:image\" content=\"https:\/\/elhijodelllanero.mx\/wp-content\/uploads\/2026\/02\/IMG-20260205-WA0002.jpg\" \/>\n\t<meta property=\"og:image:width\" content=\"1219\" \/>\n\t<meta property=\"og:image:height\" content=\"672\" \/>\n\t<meta property=\"og:image:type\" content=\"image\/jpeg\" \/>\n<meta name=\"author\" content=\"Mar\u00eda de la Paz Rodarte Ram\u00edrez\" \/>\n<meta name=\"twitter:card\" content=\"summary_large_image\" \/>\n<meta name=\"twitter:label1\" content=\"Escrito por\" \/>\n\t<meta name=\"twitter:data1\" content=\"Mar\u00eda de la Paz Rodarte Ram\u00edrez\" \/>\n\t<meta name=\"twitter:label2\" content=\"Tiempo de lectura\" \/>\n\t<meta name=\"twitter:data2\" content=\"3 minutos\" \/>\n<script type=\"application\/ld+json\" class=\"yoast-schema-graph\">{\"@context\":\"https:\\\/\\\/schema.org\",\"@graph\":[{\"@type\":\"Article\",\"@id\":\"https:\\\/\\\/elhijodelllanero.mx\\\/index.php\\\/2026\\\/02\\\/05\\\/celaya-busca-reforzar-su-policia-municipal-ante-deficit-de-elementos\\\/#article\",\"isPartOf\":{\"@id\":\"https:\\\/\\\/elhijodelllanero.mx\\\/index.php\\\/2026\\\/02\\\/05\\\/celaya-busca-reforzar-su-policia-municipal-ante-deficit-de-elementos\\\/\"},\"author\":{\"name\":\"Mar\u00eda de la Paz Rodarte Ram\u00edrez\",\"@id\":\"https:\\\/\\\/elhijodelllanero.mx\\\/#\\\/schema\\\/person\\\/c7f8c86c55c1eab44ae2b93a9628245f\"},\"headline\":\"Celaya busca reforzar su Polic\u00eda Municipal ante d\u00e9ficit de elementos.\",\"datePublished\":\"2026-02-05T23:23:14+00:00\",\"mainEntityOfPage\":{\"@id\":\"https:\\\/\\\/elhijodelllanero.mx\\\/index.php\\\/2026\\\/02\\\/05\\\/celaya-busca-reforzar-su-policia-municipal-ante-deficit-de-elementos\\\/\"},\"wordCount\":426,\"commentCount\":0,\"image\":{\"@id\":\"https:\\\/\\\/elhijodelllanero.mx\\\/index.php\\\/2026\\\/02\\\/05\\\/celaya-busca-reforzar-su-policia-municipal-ante-deficit-de-elementos\\\/#primaryimage\"},\"thumbnailUrl\":\"https:\\\/\\\/i0.wp.com\\\/elhijodelllanero.mx\\\/wp-content\\\/uploads\\\/2026\\\/02\\\/IMG-20260205-WA0002.jpg?fit=1219%2C672&ssl=1\",\"articleSection\":[\"CELAYA\"],\"inLanguage\":\"es\",\"potentialAction\":[{\"@type\":\"CommentAction\",\"name\":\"Comment\",\"target\":[\"https:\\\/\\\/elhijodelllanero.mx\\\/index.php\\\/2026\\\/02\\\/05\\\/celaya-busca-reforzar-su-policia-municipal-ante-deficit-de-elementos\\\/#respond\"]}]},{\"@type\":\"WebPage\",\"@id\":\"https:\\\/\\\/elhijodelllanero.mx\\\/index.php\\\/2026\\\/02\\\/05\\\/celaya-busca-reforzar-su-policia-municipal-ante-deficit-de-elementos\\\/\",\"url\":\"https:\\\/\\\/elhijodelllanero.mx\\\/index.php\\\/2026\\\/02\\\/05\\\/celaya-busca-reforzar-su-policia-municipal-ante-deficit-de-elementos\\\/\",\"name\":\"Celaya busca reforzar su Polic\u00eda Municipal ante d\u00e9ficit de elementos. - El Hijo del llanero solititito\",\"isPartOf\":{\"@id\":\"https:\\\/\\\/elhijodelllanero.mx\\\/#website\"},\"primaryImageOfPage\":{\"@id\":\"https:\\\/\\\/elhijodelllanero.mx\\\/index.php\\\/2026\\\/02\\\/05\\\/celaya-busca-reforzar-su-policia-municipal-ante-deficit-de-elementos\\\/#primaryimage\"},\"image\":{\"@id\":\"https:\\\/\\\/elhijodelllanero.mx\\\/index.php\\\/2026\\\/02\\\/05\\\/celaya-busca-reforzar-su-policia-municipal-ante-deficit-de-elementos\\\/#primaryimage\"},\"thumbnailUrl\":\"https:\\\/\\\/i0.wp.com\\\/elhijodelllanero.mx\\\/wp-content\\\/uploads\\\/2026\\\/02\\\/IMG-20260205-WA0002.jpg?fit=1219%2C672&ssl=1\",\"datePublished\":\"2026-02-05T23:23:14+00:00\",\"author\":{\"@id\":\"https:\\\/\\\/elhijodelllanero.mx\\\/#\\\/schema\\\/person\\\/c7f8c86c55c1eab44ae2b93a9628245f\"},\"breadcrumb\":{\"@id\":\"https:\\\/\\\/elhijodelllanero.mx\\\/index.php\\\/2026\\\/02\\\/05\\\/celaya-busca-reforzar-su-policia-municipal-ante-deficit-de-elementos\\\/#breadcrumb\"},\"inLanguage\":\"es\",\"potentialAction\":[{\"@type\":\"ReadAction\",\"target\":[\"https:\\\/\\\/elhijodelllanero.mx\\\/index.php\\\/2026\\\/02\\\/05\\\/celaya-busca-reforzar-su-policia-municipal-ante-deficit-de-elementos\\\/\"]}]},{\"@type\":\"ImageObject\",\"inLanguage\":\"es\",\"@id\":\"https:\\\/\\\/elhijodelllanero.mx\\\/index.php\\\/2026\\\/02\\\/05\\\/celaya-busca-reforzar-su-policia-municipal-ante-deficit-de-elementos\\\/#primaryimage\",\"url\":\"https:\\\/\\\/i0.wp.com\\\/elhijodelllanero.mx\\\/wp-content\\\/uploads\\\/2026\\\/02\\\/IMG-20260205-WA0002.jpg?fit=1219%2C672&ssl=1\",\"contentUrl\":\"https:\\\/\\\/i0.wp.com\\\/elhijodelllanero.mx\\\/wp-content\\\/uploads\\\/2026\\\/02\\\/IMG-20260205-WA0002.jpg?fit=1219%2C672&ssl=1\",\"width\":1219,\"height\":672},{\"@type\":\"BreadcrumbList\",\"@id\":\"https:\\\/\\\/elhijodelllanero.mx\\\/index.php\\\/2026\\\/02\\\/05\\\/celaya-busca-reforzar-su-policia-municipal-ante-deficit-de-elementos\\\/#breadcrumb\",\"itemListElement\":[{\"@type\":\"ListItem\",\"position\":1,\"name\":\"Portada\",\"item\":\"https:\\\/\\\/elhijodelllanero.mx\\\/\"},{\"@type\":\"ListItem\",\"position\":2,\"name\":\"Celaya busca reforzar su Polic\u00eda Municipal ante d\u00e9ficit de elementos.\"}]},{\"@type\":\"WebSite\",\"@id\":\"https:\\\/\\\/elhijodelllanero.mx\\\/#website\",\"url\":\"https:\\\/\\\/elhijodelllanero.mx\\\/\",\"name\":\"El Hijo del llanero solititito\",\"description\":\"\",\"potentialAction\":[{\"@type\":\"SearchAction\",\"target\":{\"@type\":\"EntryPoint\",\"urlTemplate\":\"https:\\\/\\\/elhijodelllanero.mx\\\/?s={search_term_string}\"},\"query-input\":{\"@type\":\"PropertyValueSpecification\",\"valueRequired\":true,\"valueName\":\"search_term_string\"}}],\"inLanguage\":\"es\"},{\"@type\":\"Person\",\"@id\":\"https:\\\/\\\/elhijodelllanero.mx\\\/#\\\/schema\\\/person\\\/c7f8c86c55c1eab44ae2b93a9628245f\",\"name\":\"Mar\u00eda de la Paz Rodarte Ram\u00edrez\",\"image\":{\"@type\":\"ImageObject\",\"inLanguage\":\"es\",\"@id\":\"https:\\\/\\\/secure.gravatar.com\\\/avatar\\\/1f38f8518b09a266af73da2bce78d69e7d1275299970134ed62f572e0487e1d0?s=96&d=mm&r=g\",\"url\":\"https:\\\/\\\/secure.gravatar.com\\\/avatar\\\/1f38f8518b09a266af73da2bce78d69e7d1275299970134ed62f572e0487e1d0?s=96&d=mm&r=g\",\"contentUrl\":\"https:\\\/\\\/secure.gravatar.com\\\/avatar\\\/1f38f8518b09a266af73da2bce78d69e7d1275299970134ed62f572e0487e1d0?s=96&d=mm&r=g\",\"caption\":\"Mar\u00eda de la Paz Rodarte Ram\u00edrez\"},\"sameAs\":[\"https:\\\/\\\/www.elhijodelllanero.mx\"],\"url\":\"https:\\\/\\\/elhijodelllanero.mx\\\/index.php\\\/author\\\/maricuas\\\/\"}]}<\/script>\n<!-- \/ Yoast SEO plugin. -->","yoast_head_json":{"title":"Celaya busca reforzar su Polic\u00eda Municipal ante d\u00e9ficit de elementos. - El Hijo del llanero solititito","robots":{"index":"index","follow":"follow","max-snippet":"max-snippet:-1","max-image-preview":"max-image-preview:large","max-video-preview":"max-video-preview:-1"},"canonical":"https:\/\/elhijodelllanero.mx\/index.php\/2026\/02\/05\/celaya-busca-reforzar-su-policia-municipal-ante-deficit-de-elementos\/","og_locale":"es_ES","og_type":"article","og_title":"Celaya busca reforzar su Polic\u00eda Municipal ante d\u00e9ficit de elementos. - El Hijo del llanero solititito","og_description":"Celaya, Gto. 5 de febrero del 2026.-El gobierno municipal, busca fortalecer la Polic\u00eda Municipal de Celaya ante el d\u00e9ficit de elementos que existe en relaci\u00f3n con el n\u00famero de habitantes, dijo que el municipio deber\u00eda contar con un promedio de 700 polic\u00edas; sin embargo, la cifra actual es menor inform\u00f3 el presidente municipal, Juan Miguel [&hellip;]","og_url":"https:\/\/elhijodelllanero.mx\/index.php\/2026\/02\/05\/celaya-busca-reforzar-su-policia-municipal-ante-deficit-de-elementos\/","og_site_name":"El Hijo del llanero solititito","article_published_time":"2026-02-05T23:23:14+00:00","og_image":[{"width":1219,"height":672,"url":"https:\/\/elhijodelllanero.mx\/wp-content\/uploads\/2026\/02\/IMG-20260205-WA0002.jpg","type":"image\/jpeg"}],"author":"Mar\u00eda de la Paz Rodarte Ram\u00edrez","twitter_card":"summary_large_image","twitter_misc":{"Escrito por":"Mar\u00eda de la Paz Rodarte Ram\u00edrez","Tiempo de lectura":"3 minutos"},"schema":{"@context":"https:\/\/schema.org","@graph":[{"@type":"Article","@id":"https:\/\/elhijodelllanero.mx\/index.php\/2026\/02\/05\/celaya-busca-reforzar-su-policia-municipal-ante-deficit-de-elementos\/#article","isPartOf":{"@id":"https:\/\/elhijodelllanero.mx\/index.php\/2026\/02\/05\/celaya-busca-reforzar-su-policia-municipal-ante-deficit-de-elementos\/"},"author":{"name":"Mar\u00eda de la Paz Rodarte Ram\u00edrez","@id":"https:\/\/elhijodelllanero.mx\/#\/schema\/person\/c7f8c86c55c1eab44ae2b93a9628245f"},"headline":"Celaya busca reforzar su Polic\u00eda Municipal ante d\u00e9ficit de elementos.","datePublished":"2026-02-05T23:23:14+00:00","mainEntityOfPage":{"@id":"https:\/\/elhijodelllanero.mx\/index.php\/2026\/02\/05\/celaya-busca-reforzar-su-policia-municipal-ante-deficit-de-elementos\/"},"wordCount":426,"commentCount":0,"image":{"@id":"https:\/\/elhijodelllanero.mx\/index.php\/2026\/02\/05\/celaya-busca-reforzar-su-policia-municipal-ante-deficit-de-elementos\/#primaryimage"},"thumbnailUrl":"https:\/\/i0.wp.com\/elhijodelllanero.mx\/wp-content\/uploads\/2026\/02\/IMG-20260205-WA0002.jpg?fit=1219%2C672&ssl=1","articleSection":["CELAYA"],"inLanguage":"es","potentialAction":[{"@type":"CommentAction","name":"Comment","target":["https:\/\/elhijodelllanero.mx\/index.php\/2026\/02\/05\/celaya-busca-reforzar-su-policia-municipal-ante-deficit-de-elementos\/#respond"]}]},{"@type":"WebPage","@id":"https:\/\/elhijodelllanero.mx\/index.php\/2026\/02\/05\/celaya-busca-reforzar-su-policia-municipal-ante-deficit-de-elementos\/","url":"https:\/\/elhijodelllanero.mx\/index.php\/2026\/02\/05\/celaya-busca-reforzar-su-policia-municipal-ante-deficit-de-elementos\/","name":"Celaya busca reforzar su Polic\u00eda Municipal ante d\u00e9ficit de elementos. - El Hijo del llanero solititito","isPartOf":{"@id":"https:\/\/elhijodelllanero.mx\/#website"},"primaryImageOfPage":{"@id":"https:\/\/elhijodelllanero.mx\/index.php\/2026\/02\/05\/celaya-busca-reforzar-su-policia-municipal-ante-deficit-de-elementos\/#primaryimage"},"image":{"@id":"https:\/\/elhijodelllanero.mx\/index.php\/2026\/02\/05\/celaya-busca-reforzar-su-policia-municipal-ante-deficit-de-elementos\/#primaryimage"},"thumbnailUrl":"https:\/\/i0.wp.com\/elhijodelllanero.mx\/wp-content\/uploads\/2026\/02\/IMG-20260205-WA0002.jpg?fit=1219%2C672&ssl=1","datePublished":"2026-02-05T23:23:14+00:00","author":{"@id":"https:\/\/elhijodelllanero.mx\/#\/schema\/person\/c7f8c86c55c1eab44ae2b93a9628245f"},"breadcrumb":{"@id":"https:\/\/elhijodelllanero.mx\/index.php\/2026\/02\/05\/celaya-busca-reforzar-su-policia-municipal-ante-deficit-de-elementos\/#breadcrumb"},"inLanguage":"es","potentialAction":[{"@type":"ReadAction","target":["https:\/\/elhijodelllanero.mx\/index.php\/2026\/02\/05\/celaya-busca-reforzar-su-policia-municipal-ante-deficit-de-elementos\/"]}]},{"@type":"ImageObject","inLanguage":"es","@id":"https:\/\/elhijodelllanero.mx\/index.php\/2026\/02\/05\/celaya-busca-reforzar-su-policia-municipal-ante-deficit-de-elementos\/#primaryimage","url":"https:\/\/i0.wp.com\/elhijodelllanero.mx\/wp-content\/uploads\/2026\/02\/IMG-20260205-WA0002.jpg?fit=1219%2C672&ssl=1","contentUrl":"https:\/\/i0.wp.com\/elhijodelllanero.mx\/wp-content\/uploads\/2026\/02\/IMG-20260205-WA0002.jpg?fit=1219%2C672&ssl=1","width":1219,"height":672},{"@type":"BreadcrumbList","@id":"https:\/\/elhijodelllanero.mx\/index.php\/2026\/02\/05\/celaya-busca-reforzar-su-policia-municipal-ante-deficit-de-elementos\/#breadcrumb","itemListElement":[{"@type":"ListItem","position":1,"name":"Portada","item":"https:\/\/elhijodelllanero.mx\/"},{"@type":"ListItem","position":2,"name":"Celaya busca reforzar su Polic\u00eda Municipal ante d\u00e9ficit de elementos."}]},{"@type":"WebSite","@id":"https:\/\/elhijodelllanero.mx\/#website","url":"https:\/\/elhijodelllanero.mx\/","name":"El Hijo del llanero solititito","description":"","potentialAction":[{"@type":"SearchAction","target":{"@type":"EntryPoint","urlTemplate":"https:\/\/elhijodelllanero.mx\/?s={search_term_string}"},"query-input":{"@type":"PropertyValueSpecification","valueRequired":true,"valueName":"search_term_string"}}],"inLanguage":"es"},{"@type":"Person","@id":"https:\/\/elhijodelllanero.mx\/#\/schema\/person\/c7f8c86c55c1eab44ae2b93a9628245f","name":"Mar\u00eda de la Paz Rodarte Ram\u00edrez","image":{"@type":"ImageObject","inLanguage":"es","@id":"https:\/\/secure.gravatar.com\/avatar\/1f38f8518b09a266af73da2bce78d69e7d1275299970134ed62f572e0487e1d0?s=96&d=mm&r=g","url":"https:\/\/secure.gravatar.com\/avatar\/1f38f8518b09a266af73da2bce78d69e7d1275299970134ed62f572e0487e1d0?s=96&d=mm&r=g","contentUrl":"https:\/\/secure.gravatar.com\/avatar\/1f38f8518b09a266af73da2bce78d69e7d1275299970134ed62f572e0487e1d0?s=96&d=mm&r=g","caption":"Mar\u00eda de la Paz Rodarte Ram\u00edrez"},"sameAs":["https:\/\/www.elhijodelllanero.mx"],"url":"https:\/\/elhijodelllanero.mx\/index.php\/author\/maricuas\/"}]}},"jetpack_featured_media_url":"https:\/\/i0.wp.com\/elhijodelllanero.mx\/wp-content\/uploads\/2026\/02\/IMG-20260205-WA0002.jpg?fit=1219%2C672&ssl=1","jetpack-related-posts":[],"jetpack_sharing_enabled":true,"_links":{"self":[{"href":"https:\/\/elhijodelllanero.mx\/index.php\/wp-json\/wp\/v2\/posts\/12845","targetHints":{"allow":["GET"]}}],"collection":[{"href":"https:\/\/elhijodelllanero.mx\/index.php\/wp-json\/wp\/v2\/posts"}],"about":[{"href":"https:\/\/elhijodelllanero.mx\/index.php\/wp-json\/wp\/v2\/types\/post"}],"author":[{"embeddable":true,"href":"https:\/\/elhijodelllanero.mx\/index.php\/wp-json\/wp\/v2\/users\/3"}],"replies":[{"embeddable":true,"href":"https:\/\/elhijodelllanero.mx\/index.php\/wp-json\/wp\/v2\/comments?post=12845"}],"version-history":[{"count":1,"href":"https:\/\/elhijodelllanero.mx\/index.php\/wp-json\/wp\/v2\/posts\/12845\/revisions"}],"predecessor-version":[{"id":12847,"href":"https:\/\/elhijodelllanero.mx\/index.php\/wp-json\/wp\/v2\/posts\/12845\/revisions\/12847"}],"wp:featuredmedia":[{"embeddable":true,"href":"https:\/\/elhijodelllanero.mx\/index.php\/wp-json\/wp\/v2\/media\/12846"}],"wp:attachment":[{"href":"https:\/\/elhijodelllanero.mx\/index.php\/wp-json\/wp\/v2\/media?parent=12845"}],"wp:term":[{"taxonomy":"category","embeddable":true,"href":"https:\/\/elhijodelllanero.mx\/index.php\/wp-json\/wp\/v2\/categories?post=12845"},{"taxonomy":"post_tag","embeddable":true,"href":"https:\/\/elhijodelllanero.mx\/index.php\/wp-json\/wp\/v2\/tags?post=12845"}],"curies":[{"name":"wp","href":"https:\/\/api.w.org\/{rel}","templated":true}]}}