{"id":12871,"date":"2026-02-09T23:27:39","date_gmt":"2026-02-09T23:27:39","guid":{"rendered":"https:\/\/elhijodelllanero.mx\/?p=12871"},"modified":"2026-02-09T23:27:39","modified_gmt":"2026-02-09T23:27:39","slug":"reinstalaran-caseta-policial-en-el-tecnologico-tras-peticion-de-estudiantes","status":"publish","type":"post","link":"https:\/\/elhijodelllanero.mx\/index.php\/2026\/02\/09\/reinstalaran-caseta-policial-en-el-tecnologico-tras-peticion-de-estudiantes\/","title":{"rendered":"Reinstalar\u00e1n caseta policial en el Tecnol\u00f3gico tras petici\u00f3n de estudiantes."},"content":{"rendered":"<p>Celaya, Gto. 9 de febrero del 2026.-La caseta de vigilancia de la Polic\u00eda Municipal en la zona del Instituto Tecnol\u00f3gico de Celaya volver\u00e1 a su lugar esta misma semana, luego de haber sido retirada \u2014no por inseguridad, sino por \u201cmantenimiento\u201d, seg\u00fan explic\u00f3 el director de la corporaci\u00f3n, Rafael Cajero.<\/p>\n<p>La aclaraci\u00f3n surgi\u00f3 despu\u00e9s de que estudiantes del Tecnol\u00f3gico solicitaron directamente al alcalde Juan Miguel Ram\u00edrez la reinstalaci\u00f3n del m\u00f3dulo, durante el evento de Senderos de Paz, petici\u00f3n que, casualmente, aceler\u00f3 el regreso de la caseta.<\/p>\n<p>\u201cPrecisamente yo estaba cuando le hicieron la solicitud al alcalde y y pues s\u00ed vamos a volver a ponerla a colocarla con la seguridad ah\u00ed en los elementos, esperemos ah\u00ed nos va a apoyar Guardia Nacional para estar muy al pendiente, digo la seguridad nosotros no podemos no podemos esperar a que se incrementen los robos para poder atenderlos, ese retiro fue b\u00e1sicamente para dar el mantenimiento as\u00ed como se le est\u00e1 dando todas las dem\u00e1s casetas a ver si en esta semana ya ya queda esa caseta ah\u00ed\u201d, se\u00f1al\u00f3 el funcionario.<\/p>\n<p>Cajero insisti\u00f3 en que el retiro no obedeci\u00f3 a un aumento en los robos, aunque reconoci\u00f3 que en el municipio s\u00ed se han registrado robos de veh\u00edculos, motocicletas y comercios, mientras que el robo a transe\u00fante ocurre de forma \u201cespor\u00e1dica\u201d. Aclar\u00f3 que no existen reportes significativos de robos con violencia a estudiantes.<\/p>\n<p>Agreg\u00f3 que ya se tienen entre tres y cuatro \u201cobjetivos\u201d identificados, personas de entre 20 y 30 a\u00f1os, presuntamente relacionadas con diversos robos, cuyas identidades han sido obtenidas mediante c\u00e1maras de videovigilancia y reportes ciudadanos, informaci\u00f3n que ya fue turnada a la Fiscal\u00eda.<\/p>\n<p>\u201cTenemos alrededor de 3 o 4 objetivos ya identificados que son los que andan robando, la fiscal\u00eda ya los tiene y hay que trabajar, s\u00ed de todo algunos robos a comercio otros robos a Oxxo este algunos d\u00edas se detuvo a una persona que ten\u00eda una una moto con reporte de robo y tambi\u00e9n lo s\u00e9 identifico como posible hecho de otros robos de Oxxo\u201d.<\/p>\n<p>Finalmente, el director explic\u00f3 que las casetas requieren mantenimiento constante, como reparaci\u00f3n de aire acondicionado, iluminaci\u00f3n y desgaste general, raz\u00f3n por la cual algunas son retiradas temporalmente, aunque en este caso, el regreso coincidi\u00f3 puntualmente con la solicitud p\u00fablica de los estudiantes.<\/p>\n","protected":false},"excerpt":{"rendered":"<p>Celaya, Gto. 9 de febrero del 2026.-La caseta de vigilancia de la Polic\u00eda Municipal en la zona del Instituto Tecnol\u00f3gico de Celaya volver\u00e1 a su lugar esta misma semana, luego de haber sido retirada \u2014no por inseguridad, sino por \u201cmantenimiento\u201d, seg\u00fan explic\u00f3 el director de la corporaci\u00f3n, Rafael Cajero. La aclaraci\u00f3n surgi\u00f3 despu\u00e9s de que [&hellip;]<\/p>\n","protected":false},"author":3,"featured_media":12872,"comment_status":"open","ping_status":"closed","sticky":false,"template":"","format":"standard","meta":{"_jetpack_newsletter_access":"","_jetpack_dont_email_post_to_subs":false,"_jetpack_newsletter_tier_id":0,"_jetpack_memberships_contains_paywalled_content":false,"_jetpack_memberships_contains_paid_content":false,"footnotes":""},"categories":[74],"tags":[],"class_list":{"0":"post-12871","1":"post","2":"type-post","3":"status-publish","4":"format-standard","5":"has-post-thumbnail","7":"category-celaya"},"yoast_head":"<!-- This site is optimized with the Yoast SEO plugin v27.3 - https:\/\/yoast.com\/product\/yoast-seo-wordpress\/ -->\n<title>Reinstalar\u00e1n caseta policial en el Tecnol\u00f3gico tras petici\u00f3n de estudiantes. - El Hijo del llanero solititito<\/title>\n<meta name=\"robots\" content=\"index, follow, max-snippet:-1, max-image-preview:large, max-video-preview:-1\" \/>\n<link rel=\"canonical\" href=\"https:\/\/elhijodelllanero.mx\/index.php\/2026\/02\/09\/reinstalaran-caseta-policial-en-el-tecnologico-tras-peticion-de-estudiantes\/\" \/>\n<meta property=\"og:locale\" content=\"es_ES\" \/>\n<meta property=\"og:type\" content=\"article\" \/>\n<meta property=\"og:title\" content=\"Reinstalar\u00e1n caseta policial en el Tecnol\u00f3gico tras petici\u00f3n de estudiantes. - El Hijo del llanero solititito\" \/>\n<meta property=\"og:description\" content=\"Celaya, Gto. 9 de febrero del 2026.-La caseta de vigilancia de la Polic\u00eda Municipal en la zona del Instituto Tecnol\u00f3gico de Celaya volver\u00e1 a su lugar esta misma semana, luego de haber sido retirada \u2014no por inseguridad, sino por \u201cmantenimiento\u201d, seg\u00fan explic\u00f3 el director de la corporaci\u00f3n, Rafael Cajero. La aclaraci\u00f3n surgi\u00f3 despu\u00e9s de que [&hellip;]\" \/>\n<meta property=\"og:url\" content=\"https:\/\/elhijodelllanero.mx\/index.php\/2026\/02\/09\/reinstalaran-caseta-policial-en-el-tecnologico-tras-peticion-de-estudiantes\/\" \/>\n<meta property=\"og:site_name\" content=\"El Hijo del llanero solititito\" \/>\n<meta property=\"article:published_time\" content=\"2026-02-09T23:27:39+00:00\" \/>\n<meta property=\"og:image\" content=\"https:\/\/elhijodelllanero.mx\/wp-content\/uploads\/2026\/02\/IMG-20260209-WA0003.jpg\" \/>\n\t<meta property=\"og:image:width\" content=\"1130\" \/>\n\t<meta property=\"og:image:height\" content=\"506\" \/>\n\t<meta property=\"og:image:type\" content=\"image\/jpeg\" \/>\n<meta name=\"author\" content=\"Mar\u00eda de la Paz Rodarte Ram\u00edrez\" \/>\n<meta name=\"twitter:card\" content=\"summary_large_image\" \/>\n<meta name=\"twitter:label1\" content=\"Escrito por\" \/>\n\t<meta name=\"twitter:data1\" content=\"Mar\u00eda de la Paz Rodarte Ram\u00edrez\" \/>\n\t<meta name=\"twitter:label2\" content=\"Tiempo de lectura\" \/>\n\t<meta name=\"twitter:data2\" content=\"2 minutos\" \/>\n<script type=\"application\/ld+json\" class=\"yoast-schema-graph\">{\"@context\":\"https:\\\/\\\/schema.org\",\"@graph\":[{\"@type\":\"Article\",\"@id\":\"https:\\\/\\\/elhijodelllanero.mx\\\/index.php\\\/2026\\\/02\\\/09\\\/reinstalaran-caseta-policial-en-el-tecnologico-tras-peticion-de-estudiantes\\\/#article\",\"isPartOf\":{\"@id\":\"https:\\\/\\\/elhijodelllanero.mx\\\/index.php\\\/2026\\\/02\\\/09\\\/reinstalaran-caseta-policial-en-el-tecnologico-tras-peticion-de-estudiantes\\\/\"},\"author\":{\"name\":\"Mar\u00eda de la Paz Rodarte Ram\u00edrez\",\"@id\":\"https:\\\/\\\/elhijodelllanero.mx\\\/#\\\/schema\\\/person\\\/c7f8c86c55c1eab44ae2b93a9628245f\"},\"headline\":\"Reinstalar\u00e1n caseta policial en el Tecnol\u00f3gico tras petici\u00f3n de estudiantes.\",\"datePublished\":\"2026-02-09T23:27:39+00:00\",\"mainEntityOfPage\":{\"@id\":\"https:\\\/\\\/elhijodelllanero.mx\\\/index.php\\\/2026\\\/02\\\/09\\\/reinstalaran-caseta-policial-en-el-tecnologico-tras-peticion-de-estudiantes\\\/\"},\"wordCount\":416,\"commentCount\":0,\"image\":{\"@id\":\"https:\\\/\\\/elhijodelllanero.mx\\\/index.php\\\/2026\\\/02\\\/09\\\/reinstalaran-caseta-policial-en-el-tecnologico-tras-peticion-de-estudiantes\\\/#primaryimage\"},\"thumbnailUrl\":\"https:\\\/\\\/i0.wp.com\\\/elhijodelllanero.mx\\\/wp-content\\\/uploads\\\/2026\\\/02\\\/IMG-20260209-WA0003.jpg?fit=1130%2C506&ssl=1\",\"articleSection\":[\"CELAYA\"],\"inLanguage\":\"es\",\"potentialAction\":[{\"@type\":\"CommentAction\",\"name\":\"Comment\",\"target\":[\"https:\\\/\\\/elhijodelllanero.mx\\\/index.php\\\/2026\\\/02\\\/09\\\/reinstalaran-caseta-policial-en-el-tecnologico-tras-peticion-de-estudiantes\\\/#respond\"]}]},{\"@type\":\"WebPage\",\"@id\":\"https:\\\/\\\/elhijodelllanero.mx\\\/index.php\\\/2026\\\/02\\\/09\\\/reinstalaran-caseta-policial-en-el-tecnologico-tras-peticion-de-estudiantes\\\/\",\"url\":\"https:\\\/\\\/elhijodelllanero.mx\\\/index.php\\\/2026\\\/02\\\/09\\\/reinstalaran-caseta-policial-en-el-tecnologico-tras-peticion-de-estudiantes\\\/\",\"name\":\"Reinstalar\u00e1n caseta policial en el Tecnol\u00f3gico tras petici\u00f3n de estudiantes. - El Hijo del llanero solititito\",\"isPartOf\":{\"@id\":\"https:\\\/\\\/elhijodelllanero.mx\\\/#website\"},\"primaryImageOfPage\":{\"@id\":\"https:\\\/\\\/elhijodelllanero.mx\\\/index.php\\\/2026\\\/02\\\/09\\\/reinstalaran-caseta-policial-en-el-tecnologico-tras-peticion-de-estudiantes\\\/#primaryimage\"},\"image\":{\"@id\":\"https:\\\/\\\/elhijodelllanero.mx\\\/index.php\\\/2026\\\/02\\\/09\\\/reinstalaran-caseta-policial-en-el-tecnologico-tras-peticion-de-estudiantes\\\/#primaryimage\"},\"thumbnailUrl\":\"https:\\\/\\\/i0.wp.com\\\/elhijodelllanero.mx\\\/wp-content\\\/uploads\\\/2026\\\/02\\\/IMG-20260209-WA0003.jpg?fit=1130%2C506&ssl=1\",\"datePublished\":\"2026-02-09T23:27:39+00:00\",\"author\":{\"@id\":\"https:\\\/\\\/elhijodelllanero.mx\\\/#\\\/schema\\\/person\\\/c7f8c86c55c1eab44ae2b93a9628245f\"},\"breadcrumb\":{\"@id\":\"https:\\\/\\\/elhijodelllanero.mx\\\/index.php\\\/2026\\\/02\\\/09\\\/reinstalaran-caseta-policial-en-el-tecnologico-tras-peticion-de-estudiantes\\\/#breadcrumb\"},\"inLanguage\":\"es\",\"potentialAction\":[{\"@type\":\"ReadAction\",\"target\":[\"https:\\\/\\\/elhijodelllanero.mx\\\/index.php\\\/2026\\\/02\\\/09\\\/reinstalaran-caseta-policial-en-el-tecnologico-tras-peticion-de-estudiantes\\\/\"]}]},{\"@type\":\"ImageObject\",\"inLanguage\":\"es\",\"@id\":\"https:\\\/\\\/elhijodelllanero.mx\\\/index.php\\\/2026\\\/02\\\/09\\\/reinstalaran-caseta-policial-en-el-tecnologico-tras-peticion-de-estudiantes\\\/#primaryimage\",\"url\":\"https:\\\/\\\/i0.wp.com\\\/elhijodelllanero.mx\\\/wp-content\\\/uploads\\\/2026\\\/02\\\/IMG-20260209-WA0003.jpg?fit=1130%2C506&ssl=1\",\"contentUrl\":\"https:\\\/\\\/i0.wp.com\\\/elhijodelllanero.mx\\\/wp-content\\\/uploads\\\/2026\\\/02\\\/IMG-20260209-WA0003.jpg?fit=1130%2C506&ssl=1\",\"width\":1130,\"height\":506},{\"@type\":\"BreadcrumbList\",\"@id\":\"https:\\\/\\\/elhijodelllanero.mx\\\/index.php\\\/2026\\\/02\\\/09\\\/reinstalaran-caseta-policial-en-el-tecnologico-tras-peticion-de-estudiantes\\\/#breadcrumb\",\"itemListElement\":[{\"@type\":\"ListItem\",\"position\":1,\"name\":\"Portada\",\"item\":\"https:\\\/\\\/elhijodelllanero.mx\\\/\"},{\"@type\":\"ListItem\",\"position\":2,\"name\":\"Reinstalar\u00e1n caseta policial en el Tecnol\u00f3gico tras petici\u00f3n de estudiantes.\"}]},{\"@type\":\"WebSite\",\"@id\":\"https:\\\/\\\/elhijodelllanero.mx\\\/#website\",\"url\":\"https:\\\/\\\/elhijodelllanero.mx\\\/\",\"name\":\"El Hijo del llanero solititito\",\"description\":\"\",\"potentialAction\":[{\"@type\":\"SearchAction\",\"target\":{\"@type\":\"EntryPoint\",\"urlTemplate\":\"https:\\\/\\\/elhijodelllanero.mx\\\/?s={search_term_string}\"},\"query-input\":{\"@type\":\"PropertyValueSpecification\",\"valueRequired\":true,\"valueName\":\"search_term_string\"}}],\"inLanguage\":\"es\"},{\"@type\":\"Person\",\"@id\":\"https:\\\/\\\/elhijodelllanero.mx\\\/#\\\/schema\\\/person\\\/c7f8c86c55c1eab44ae2b93a9628245f\",\"name\":\"Mar\u00eda de la Paz Rodarte Ram\u00edrez\",\"image\":{\"@type\":\"ImageObject\",\"inLanguage\":\"es\",\"@id\":\"https:\\\/\\\/secure.gravatar.com\\\/avatar\\\/1f38f8518b09a266af73da2bce78d69e7d1275299970134ed62f572e0487e1d0?s=96&d=mm&r=g\",\"url\":\"https:\\\/\\\/secure.gravatar.com\\\/avatar\\\/1f38f8518b09a266af73da2bce78d69e7d1275299970134ed62f572e0487e1d0?s=96&d=mm&r=g\",\"contentUrl\":\"https:\\\/\\\/secure.gravatar.com\\\/avatar\\\/1f38f8518b09a266af73da2bce78d69e7d1275299970134ed62f572e0487e1d0?s=96&d=mm&r=g\",\"caption\":\"Mar\u00eda de la Paz Rodarte Ram\u00edrez\"},\"sameAs\":[\"https:\\\/\\\/www.elhijodelllanero.mx\"],\"url\":\"https:\\\/\\\/elhijodelllanero.mx\\\/index.php\\\/author\\\/maricuas\\\/\"}]}<\/script>\n<!-- \/ Yoast SEO plugin. -->","yoast_head_json":{"title":"Reinstalar\u00e1n caseta policial en el Tecnol\u00f3gico tras petici\u00f3n de estudiantes. - El Hijo del llanero solititito","robots":{"index":"index","follow":"follow","max-snippet":"max-snippet:-1","max-image-preview":"max-image-preview:large","max-video-preview":"max-video-preview:-1"},"canonical":"https:\/\/elhijodelllanero.mx\/index.php\/2026\/02\/09\/reinstalaran-caseta-policial-en-el-tecnologico-tras-peticion-de-estudiantes\/","og_locale":"es_ES","og_type":"article","og_title":"Reinstalar\u00e1n caseta policial en el Tecnol\u00f3gico tras petici\u00f3n de estudiantes. - El Hijo del llanero solititito","og_description":"Celaya, Gto. 9 de febrero del 2026.-La caseta de vigilancia de la Polic\u00eda Municipal en la zona del Instituto Tecnol\u00f3gico de Celaya volver\u00e1 a su lugar esta misma semana, luego de haber sido retirada \u2014no por inseguridad, sino por \u201cmantenimiento\u201d, seg\u00fan explic\u00f3 el director de la corporaci\u00f3n, Rafael Cajero. La aclaraci\u00f3n surgi\u00f3 despu\u00e9s de que [&hellip;]","og_url":"https:\/\/elhijodelllanero.mx\/index.php\/2026\/02\/09\/reinstalaran-caseta-policial-en-el-tecnologico-tras-peticion-de-estudiantes\/","og_site_name":"El Hijo del llanero solititito","article_published_time":"2026-02-09T23:27:39+00:00","og_image":[{"width":1130,"height":506,"url":"https:\/\/elhijodelllanero.mx\/wp-content\/uploads\/2026\/02\/IMG-20260209-WA0003.jpg","type":"image\/jpeg"}],"author":"Mar\u00eda de la Paz Rodarte Ram\u00edrez","twitter_card":"summary_large_image","twitter_misc":{"Escrito por":"Mar\u00eda de la Paz Rodarte Ram\u00edrez","Tiempo de lectura":"2 minutos"},"schema":{"@context":"https:\/\/schema.org","@graph":[{"@type":"Article","@id":"https:\/\/elhijodelllanero.mx\/index.php\/2026\/02\/09\/reinstalaran-caseta-policial-en-el-tecnologico-tras-peticion-de-estudiantes\/#article","isPartOf":{"@id":"https:\/\/elhijodelllanero.mx\/index.php\/2026\/02\/09\/reinstalaran-caseta-policial-en-el-tecnologico-tras-peticion-de-estudiantes\/"},"author":{"name":"Mar\u00eda de la Paz Rodarte Ram\u00edrez","@id":"https:\/\/elhijodelllanero.mx\/#\/schema\/person\/c7f8c86c55c1eab44ae2b93a9628245f"},"headline":"Reinstalar\u00e1n caseta policial en el Tecnol\u00f3gico tras petici\u00f3n de estudiantes.","datePublished":"2026-02-09T23:27:39+00:00","mainEntityOfPage":{"@id":"https:\/\/elhijodelllanero.mx\/index.php\/2026\/02\/09\/reinstalaran-caseta-policial-en-el-tecnologico-tras-peticion-de-estudiantes\/"},"wordCount":416,"commentCount":0,"image":{"@id":"https:\/\/elhijodelllanero.mx\/index.php\/2026\/02\/09\/reinstalaran-caseta-policial-en-el-tecnologico-tras-peticion-de-estudiantes\/#primaryimage"},"thumbnailUrl":"https:\/\/i0.wp.com\/elhijodelllanero.mx\/wp-content\/uploads\/2026\/02\/IMG-20260209-WA0003.jpg?fit=1130%2C506&ssl=1","articleSection":["CELAYA"],"inLanguage":"es","potentialAction":[{"@type":"CommentAction","name":"Comment","target":["https:\/\/elhijodelllanero.mx\/index.php\/2026\/02\/09\/reinstalaran-caseta-policial-en-el-tecnologico-tras-peticion-de-estudiantes\/#respond"]}]},{"@type":"WebPage","@id":"https:\/\/elhijodelllanero.mx\/index.php\/2026\/02\/09\/reinstalaran-caseta-policial-en-el-tecnologico-tras-peticion-de-estudiantes\/","url":"https:\/\/elhijodelllanero.mx\/index.php\/2026\/02\/09\/reinstalaran-caseta-policial-en-el-tecnologico-tras-peticion-de-estudiantes\/","name":"Reinstalar\u00e1n caseta policial en el Tecnol\u00f3gico tras petici\u00f3n de estudiantes. - El Hijo del llanero solititito","isPartOf":{"@id":"https:\/\/elhijodelllanero.mx\/#website"},"primaryImageOfPage":{"@id":"https:\/\/elhijodelllanero.mx\/index.php\/2026\/02\/09\/reinstalaran-caseta-policial-en-el-tecnologico-tras-peticion-de-estudiantes\/#primaryimage"},"image":{"@id":"https:\/\/elhijodelllanero.mx\/index.php\/2026\/02\/09\/reinstalaran-caseta-policial-en-el-tecnologico-tras-peticion-de-estudiantes\/#primaryimage"},"thumbnailUrl":"https:\/\/i0.wp.com\/elhijodelllanero.mx\/wp-content\/uploads\/2026\/02\/IMG-20260209-WA0003.jpg?fit=1130%2C506&ssl=1","datePublished":"2026-02-09T23:27:39+00:00","author":{"@id":"https:\/\/elhijodelllanero.mx\/#\/schema\/person\/c7f8c86c55c1eab44ae2b93a9628245f"},"breadcrumb":{"@id":"https:\/\/elhijodelllanero.mx\/index.php\/2026\/02\/09\/reinstalaran-caseta-policial-en-el-tecnologico-tras-peticion-de-estudiantes\/#breadcrumb"},"inLanguage":"es","potentialAction":[{"@type":"ReadAction","target":["https:\/\/elhijodelllanero.mx\/index.php\/2026\/02\/09\/reinstalaran-caseta-policial-en-el-tecnologico-tras-peticion-de-estudiantes\/"]}]},{"@type":"ImageObject","inLanguage":"es","@id":"https:\/\/elhijodelllanero.mx\/index.php\/2026\/02\/09\/reinstalaran-caseta-policial-en-el-tecnologico-tras-peticion-de-estudiantes\/#primaryimage","url":"https:\/\/i0.wp.com\/elhijodelllanero.mx\/wp-content\/uploads\/2026\/02\/IMG-20260209-WA0003.jpg?fit=1130%2C506&ssl=1","contentUrl":"https:\/\/i0.wp.com\/elhijodelllanero.mx\/wp-content\/uploads\/2026\/02\/IMG-20260209-WA0003.jpg?fit=1130%2C506&ssl=1","width":1130,"height":506},{"@type":"BreadcrumbList","@id":"https:\/\/elhijodelllanero.mx\/index.php\/2026\/02\/09\/reinstalaran-caseta-policial-en-el-tecnologico-tras-peticion-de-estudiantes\/#breadcrumb","itemListElement":[{"@type":"ListItem","position":1,"name":"Portada","item":"https:\/\/elhijodelllanero.mx\/"},{"@type":"ListItem","position":2,"name":"Reinstalar\u00e1n caseta policial en el Tecnol\u00f3gico tras petici\u00f3n de estudiantes."}]},{"@type":"WebSite","@id":"https:\/\/elhijodelllanero.mx\/#website","url":"https:\/\/elhijodelllanero.mx\/","name":"El Hijo del llanero solititito","description":"","potentialAction":[{"@type":"SearchAction","target":{"@type":"EntryPoint","urlTemplate":"https:\/\/elhijodelllanero.mx\/?s={search_term_string}"},"query-input":{"@type":"PropertyValueSpecification","valueRequired":true,"valueName":"search_term_string"}}],"inLanguage":"es"},{"@type":"Person","@id":"https:\/\/elhijodelllanero.mx\/#\/schema\/person\/c7f8c86c55c1eab44ae2b93a9628245f","name":"Mar\u00eda de la Paz Rodarte Ram\u00edrez","image":{"@type":"ImageObject","inLanguage":"es","@id":"https:\/\/secure.gravatar.com\/avatar\/1f38f8518b09a266af73da2bce78d69e7d1275299970134ed62f572e0487e1d0?s=96&d=mm&r=g","url":"https:\/\/secure.gravatar.com\/avatar\/1f38f8518b09a266af73da2bce78d69e7d1275299970134ed62f572e0487e1d0?s=96&d=mm&r=g","contentUrl":"https:\/\/secure.gravatar.com\/avatar\/1f38f8518b09a266af73da2bce78d69e7d1275299970134ed62f572e0487e1d0?s=96&d=mm&r=g","caption":"Mar\u00eda de la Paz Rodarte Ram\u00edrez"},"sameAs":["https:\/\/www.elhijodelllanero.mx"],"url":"https:\/\/elhijodelllanero.mx\/index.php\/author\/maricuas\/"}]}},"jetpack_featured_media_url":"https:\/\/i0.wp.com\/elhijodelllanero.mx\/wp-content\/uploads\/2026\/02\/IMG-20260209-WA0003.jpg?fit=1130%2C506&ssl=1","jetpack-related-posts":[],"jetpack_sharing_enabled":true,"_links":{"self":[{"href":"https:\/\/elhijodelllanero.mx\/index.php\/wp-json\/wp\/v2\/posts\/12871","targetHints":{"allow":["GET"]}}],"collection":[{"href":"https:\/\/elhijodelllanero.mx\/index.php\/wp-json\/wp\/v2\/posts"}],"about":[{"href":"https:\/\/elhijodelllanero.mx\/index.php\/wp-json\/wp\/v2\/types\/post"}],"author":[{"embeddable":true,"href":"https:\/\/elhijodelllanero.mx\/index.php\/wp-json\/wp\/v2\/users\/3"}],"replies":[{"embeddable":true,"href":"https:\/\/elhijodelllanero.mx\/index.php\/wp-json\/wp\/v2\/comments?post=12871"}],"version-history":[{"count":1,"href":"https:\/\/elhijodelllanero.mx\/index.php\/wp-json\/wp\/v2\/posts\/12871\/revisions"}],"predecessor-version":[{"id":12873,"href":"https:\/\/elhijodelllanero.mx\/index.php\/wp-json\/wp\/v2\/posts\/12871\/revisions\/12873"}],"wp:featuredmedia":[{"embeddable":true,"href":"https:\/\/elhijodelllanero.mx\/index.php\/wp-json\/wp\/v2\/media\/12872"}],"wp:attachment":[{"href":"https:\/\/elhijodelllanero.mx\/index.php\/wp-json\/wp\/v2\/media?parent=12871"}],"wp:term":[{"taxonomy":"category","embeddable":true,"href":"https:\/\/elhijodelllanero.mx\/index.php\/wp-json\/wp\/v2\/categories?post=12871"},{"taxonomy":"post_tag","embeddable":true,"href":"https:\/\/elhijodelllanero.mx\/index.php\/wp-json\/wp\/v2\/tags?post=12871"}],"curies":[{"name":"wp","href":"https:\/\/api.w.org\/{rel}","templated":true}]}}