{"id":12874,"date":"2026-02-09T23:29:21","date_gmt":"2026-02-09T23:29:21","guid":{"rendered":"https:\/\/elhijodelllanero.mx\/?p=12874"},"modified":"2026-02-09T23:29:21","modified_gmt":"2026-02-09T23:29:21","slug":"destinan-20-millones-de-pesos-adicionales-para-infraestructura-en-apaseo-el-grande","status":"publish","type":"post","link":"https:\/\/elhijodelllanero.mx\/index.php\/2026\/02\/09\/destinan-20-millones-de-pesos-adicionales-para-infraestructura-en-apaseo-el-grande\/","title":{"rendered":"Destinan 20 millones de pesos adicionales para infraestructura en Apaseo el Grande."},"content":{"rendered":"<p>Apaseo el Grande, Gto. 9 febrero de 2026.-Entre saludos, sillas plegables y micr\u00f3fono en mano, la jornada de \u201cAlcalde en tu Calle\u201d en San Miguel de Ixtla dej\u00f3 algo m\u00e1s que promesas recicladas: el anuncio de una bolsa extraordinaria de 20 millones de pesos para obras p\u00fablicas en el municipio.<\/p>\n<p>La noticia fue destapada por la diputada local Itzel Mendoza Gonz\u00e1lez, quien asegur\u00f3 frente a vecinos que el recurso ya viene en camino desde el Congreso del Estado \u2014s\u00ed, en modo confirmado, no en \u201cestamos viendo\u201d.<\/p>\n<p>Seg\u00fan explic\u00f3, el monto no es idea al aire ni buena intenci\u00f3n de temporada, sino gesti\u00f3n directa para reforzar la infraestructura local. En otras palabras: dinero etiquetado que ahora deber\u00e1 convertirse en concreto, no en discurso.<\/p>\n<p>\u201cYa no es compromiso, es realidad\u201d, subray\u00f3 la legisladora, marcando distancia preventiva de cualquier sospecha de promesa adelantada.<\/p>\n<p>Por su parte, el Presidente Municipal agradeci\u00f3 el respaldo y asegur\u00f3 que ahora s\u00ed se atender\u00e1n las necesidades prioritarias de la poblaci\u00f3n \u2014esas que casualmente siempre son prioritarias cada vez que hay recurso nuevo.<\/p>\n<p>Las autoridades se\u00f1alaron que las obras se definir\u00e1n con enfoque social y sentido de responsabilidad. Los ciudadanos, mientras tanto, ya activaron el modo: ver para creer.<\/p>\n","protected":false},"excerpt":{"rendered":"<p>Apaseo el Grande, Gto. 9 febrero de 2026.-Entre saludos, sillas plegables y micr\u00f3fono en mano, la jornada de \u201cAlcalde en tu Calle\u201d en San Miguel de Ixtla dej\u00f3 algo m\u00e1s que promesas recicladas: el anuncio de una bolsa extraordinaria de 20 millones de pesos para obras p\u00fablicas en el municipio. La noticia fue destapada por [&hellip;]<\/p>\n","protected":false},"author":3,"featured_media":12875,"comment_status":"open","ping_status":"closed","sticky":false,"template":"","format":"standard","meta":{"_jetpack_newsletter_access":"","_jetpack_dont_email_post_to_subs":false,"_jetpack_newsletter_tier_id":0,"_jetpack_memberships_contains_paywalled_content":false,"_jetpack_memberships_contains_paid_content":false,"footnotes":""},"categories":[78,76],"tags":[],"class_list":{"0":"post-12874","1":"post","2":"type-post","3":"status-publish","4":"format-standard","5":"has-post-thumbnail","7":"category-apaseo-el-grande","8":"category-municipios"},"yoast_head":"<!-- This site is optimized with the Yoast SEO plugin v27.3 - https:\/\/yoast.com\/product\/yoast-seo-wordpress\/ -->\n<title>Destinan 20 millones de pesos adicionales para infraestructura en Apaseo el Grande. - El Hijo del llanero solititito<\/title>\n<meta name=\"robots\" content=\"index, follow, max-snippet:-1, max-image-preview:large, max-video-preview:-1\" \/>\n<link rel=\"canonical\" href=\"https:\/\/elhijodelllanero.mx\/index.php\/2026\/02\/09\/destinan-20-millones-de-pesos-adicionales-para-infraestructura-en-apaseo-el-grande\/\" \/>\n<meta property=\"og:locale\" content=\"es_ES\" \/>\n<meta property=\"og:type\" content=\"article\" \/>\n<meta property=\"og:title\" content=\"Destinan 20 millones de pesos adicionales para infraestructura en Apaseo el Grande. - El Hijo del llanero solititito\" \/>\n<meta property=\"og:description\" content=\"Apaseo el Grande, Gto. 9 febrero de 2026.-Entre saludos, sillas plegables y micr\u00f3fono en mano, la jornada de \u201cAlcalde en tu Calle\u201d en San Miguel de Ixtla dej\u00f3 algo m\u00e1s que promesas recicladas: el anuncio de una bolsa extraordinaria de 20 millones de pesos para obras p\u00fablicas en el municipio. La noticia fue destapada por [&hellip;]\" \/>\n<meta property=\"og:url\" content=\"https:\/\/elhijodelllanero.mx\/index.php\/2026\/02\/09\/destinan-20-millones-de-pesos-adicionales-para-infraestructura-en-apaseo-el-grande\/\" \/>\n<meta property=\"og:site_name\" content=\"El Hijo del llanero solititito\" \/>\n<meta property=\"article:published_time\" content=\"2026-02-09T23:29:21+00:00\" \/>\n<meta property=\"og:image\" content=\"https:\/\/elhijodelllanero.mx\/wp-content\/uploads\/2026\/02\/IMG-20260209-WA0001.jpg\" \/>\n\t<meta property=\"og:image:width\" content=\"1465\" \/>\n\t<meta property=\"og:image:height\" content=\"1280\" \/>\n\t<meta property=\"og:image:type\" content=\"image\/jpeg\" \/>\n<meta name=\"author\" content=\"Mar\u00eda de la Paz Rodarte Ram\u00edrez\" \/>\n<meta name=\"twitter:card\" content=\"summary_large_image\" \/>\n<meta name=\"twitter:label1\" content=\"Escrito por\" \/>\n\t<meta name=\"twitter:data1\" content=\"Mar\u00eda de la Paz Rodarte Ram\u00edrez\" \/>\n\t<meta name=\"twitter:label2\" content=\"Tiempo de lectura\" \/>\n\t<meta name=\"twitter:data2\" content=\"1 minuto\" \/>\n<script type=\"application\/ld+json\" class=\"yoast-schema-graph\">{\"@context\":\"https:\\\/\\\/schema.org\",\"@graph\":[{\"@type\":\"Article\",\"@id\":\"https:\\\/\\\/elhijodelllanero.mx\\\/index.php\\\/2026\\\/02\\\/09\\\/destinan-20-millones-de-pesos-adicionales-para-infraestructura-en-apaseo-el-grande\\\/#article\",\"isPartOf\":{\"@id\":\"https:\\\/\\\/elhijodelllanero.mx\\\/index.php\\\/2026\\\/02\\\/09\\\/destinan-20-millones-de-pesos-adicionales-para-infraestructura-en-apaseo-el-grande\\\/\"},\"author\":{\"name\":\"Mar\u00eda de la Paz Rodarte Ram\u00edrez\",\"@id\":\"https:\\\/\\\/elhijodelllanero.mx\\\/#\\\/schema\\\/person\\\/c7f8c86c55c1eab44ae2b93a9628245f\"},\"headline\":\"Destinan 20 millones de pesos adicionales para infraestructura en Apaseo el Grande.\",\"datePublished\":\"2026-02-09T23:29:21+00:00\",\"mainEntityOfPage\":{\"@id\":\"https:\\\/\\\/elhijodelllanero.mx\\\/index.php\\\/2026\\\/02\\\/09\\\/destinan-20-millones-de-pesos-adicionales-para-infraestructura-en-apaseo-el-grande\\\/\"},\"wordCount\":220,\"commentCount\":0,\"image\":{\"@id\":\"https:\\\/\\\/elhijodelllanero.mx\\\/index.php\\\/2026\\\/02\\\/09\\\/destinan-20-millones-de-pesos-adicionales-para-infraestructura-en-apaseo-el-grande\\\/#primaryimage\"},\"thumbnailUrl\":\"https:\\\/\\\/i0.wp.com\\\/elhijodelllanero.mx\\\/wp-content\\\/uploads\\\/2026\\\/02\\\/IMG-20260209-WA0001.jpg?fit=1465%2C1280&ssl=1\",\"articleSection\":[\"APASEO EL GRANDE\",\"MUNICIPIOS\"],\"inLanguage\":\"es\",\"potentialAction\":[{\"@type\":\"CommentAction\",\"name\":\"Comment\",\"target\":[\"https:\\\/\\\/elhijodelllanero.mx\\\/index.php\\\/2026\\\/02\\\/09\\\/destinan-20-millones-de-pesos-adicionales-para-infraestructura-en-apaseo-el-grande\\\/#respond\"]}]},{\"@type\":\"WebPage\",\"@id\":\"https:\\\/\\\/elhijodelllanero.mx\\\/index.php\\\/2026\\\/02\\\/09\\\/destinan-20-millones-de-pesos-adicionales-para-infraestructura-en-apaseo-el-grande\\\/\",\"url\":\"https:\\\/\\\/elhijodelllanero.mx\\\/index.php\\\/2026\\\/02\\\/09\\\/destinan-20-millones-de-pesos-adicionales-para-infraestructura-en-apaseo-el-grande\\\/\",\"name\":\"Destinan 20 millones de pesos adicionales para infraestructura en Apaseo el Grande. - El Hijo del llanero solititito\",\"isPartOf\":{\"@id\":\"https:\\\/\\\/elhijodelllanero.mx\\\/#website\"},\"primaryImageOfPage\":{\"@id\":\"https:\\\/\\\/elhijodelllanero.mx\\\/index.php\\\/2026\\\/02\\\/09\\\/destinan-20-millones-de-pesos-adicionales-para-infraestructura-en-apaseo-el-grande\\\/#primaryimage\"},\"image\":{\"@id\":\"https:\\\/\\\/elhijodelllanero.mx\\\/index.php\\\/2026\\\/02\\\/09\\\/destinan-20-millones-de-pesos-adicionales-para-infraestructura-en-apaseo-el-grande\\\/#primaryimage\"},\"thumbnailUrl\":\"https:\\\/\\\/i0.wp.com\\\/elhijodelllanero.mx\\\/wp-content\\\/uploads\\\/2026\\\/02\\\/IMG-20260209-WA0001.jpg?fit=1465%2C1280&ssl=1\",\"datePublished\":\"2026-02-09T23:29:21+00:00\",\"author\":{\"@id\":\"https:\\\/\\\/elhijodelllanero.mx\\\/#\\\/schema\\\/person\\\/c7f8c86c55c1eab44ae2b93a9628245f\"},\"breadcrumb\":{\"@id\":\"https:\\\/\\\/elhijodelllanero.mx\\\/index.php\\\/2026\\\/02\\\/09\\\/destinan-20-millones-de-pesos-adicionales-para-infraestructura-en-apaseo-el-grande\\\/#breadcrumb\"},\"inLanguage\":\"es\",\"potentialAction\":[{\"@type\":\"ReadAction\",\"target\":[\"https:\\\/\\\/elhijodelllanero.mx\\\/index.php\\\/2026\\\/02\\\/09\\\/destinan-20-millones-de-pesos-adicionales-para-infraestructura-en-apaseo-el-grande\\\/\"]}]},{\"@type\":\"ImageObject\",\"inLanguage\":\"es\",\"@id\":\"https:\\\/\\\/elhijodelllanero.mx\\\/index.php\\\/2026\\\/02\\\/09\\\/destinan-20-millones-de-pesos-adicionales-para-infraestructura-en-apaseo-el-grande\\\/#primaryimage\",\"url\":\"https:\\\/\\\/i0.wp.com\\\/elhijodelllanero.mx\\\/wp-content\\\/uploads\\\/2026\\\/02\\\/IMG-20260209-WA0001.jpg?fit=1465%2C1280&ssl=1\",\"contentUrl\":\"https:\\\/\\\/i0.wp.com\\\/elhijodelllanero.mx\\\/wp-content\\\/uploads\\\/2026\\\/02\\\/IMG-20260209-WA0001.jpg?fit=1465%2C1280&ssl=1\",\"width\":1465,\"height\":1280},{\"@type\":\"BreadcrumbList\",\"@id\":\"https:\\\/\\\/elhijodelllanero.mx\\\/index.php\\\/2026\\\/02\\\/09\\\/destinan-20-millones-de-pesos-adicionales-para-infraestructura-en-apaseo-el-grande\\\/#breadcrumb\",\"itemListElement\":[{\"@type\":\"ListItem\",\"position\":1,\"name\":\"Portada\",\"item\":\"https:\\\/\\\/elhijodelllanero.mx\\\/\"},{\"@type\":\"ListItem\",\"position\":2,\"name\":\"Destinan 20 millones de pesos adicionales para infraestructura en Apaseo el Grande.\"}]},{\"@type\":\"WebSite\",\"@id\":\"https:\\\/\\\/elhijodelllanero.mx\\\/#website\",\"url\":\"https:\\\/\\\/elhijodelllanero.mx\\\/\",\"name\":\"El Hijo del llanero solititito\",\"description\":\"\",\"potentialAction\":[{\"@type\":\"SearchAction\",\"target\":{\"@type\":\"EntryPoint\",\"urlTemplate\":\"https:\\\/\\\/elhijodelllanero.mx\\\/?s={search_term_string}\"},\"query-input\":{\"@type\":\"PropertyValueSpecification\",\"valueRequired\":true,\"valueName\":\"search_term_string\"}}],\"inLanguage\":\"es\"},{\"@type\":\"Person\",\"@id\":\"https:\\\/\\\/elhijodelllanero.mx\\\/#\\\/schema\\\/person\\\/c7f8c86c55c1eab44ae2b93a9628245f\",\"name\":\"Mar\u00eda de la Paz Rodarte Ram\u00edrez\",\"image\":{\"@type\":\"ImageObject\",\"inLanguage\":\"es\",\"@id\":\"https:\\\/\\\/secure.gravatar.com\\\/avatar\\\/1f38f8518b09a266af73da2bce78d69e7d1275299970134ed62f572e0487e1d0?s=96&d=mm&r=g\",\"url\":\"https:\\\/\\\/secure.gravatar.com\\\/avatar\\\/1f38f8518b09a266af73da2bce78d69e7d1275299970134ed62f572e0487e1d0?s=96&d=mm&r=g\",\"contentUrl\":\"https:\\\/\\\/secure.gravatar.com\\\/avatar\\\/1f38f8518b09a266af73da2bce78d69e7d1275299970134ed62f572e0487e1d0?s=96&d=mm&r=g\",\"caption\":\"Mar\u00eda de la Paz Rodarte Ram\u00edrez\"},\"sameAs\":[\"https:\\\/\\\/www.elhijodelllanero.mx\"],\"url\":\"https:\\\/\\\/elhijodelllanero.mx\\\/index.php\\\/author\\\/maricuas\\\/\"}]}<\/script>\n<!-- \/ Yoast SEO plugin. -->","yoast_head_json":{"title":"Destinan 20 millones de pesos adicionales para infraestructura en Apaseo el Grande. - El Hijo del llanero solititito","robots":{"index":"index","follow":"follow","max-snippet":"max-snippet:-1","max-image-preview":"max-image-preview:large","max-video-preview":"max-video-preview:-1"},"canonical":"https:\/\/elhijodelllanero.mx\/index.php\/2026\/02\/09\/destinan-20-millones-de-pesos-adicionales-para-infraestructura-en-apaseo-el-grande\/","og_locale":"es_ES","og_type":"article","og_title":"Destinan 20 millones de pesos adicionales para infraestructura en Apaseo el Grande. - El Hijo del llanero solititito","og_description":"Apaseo el Grande, Gto. 9 febrero de 2026.-Entre saludos, sillas plegables y micr\u00f3fono en mano, la jornada de \u201cAlcalde en tu Calle\u201d en San Miguel de Ixtla dej\u00f3 algo m\u00e1s que promesas recicladas: el anuncio de una bolsa extraordinaria de 20 millones de pesos para obras p\u00fablicas en el municipio. La noticia fue destapada por [&hellip;]","og_url":"https:\/\/elhijodelllanero.mx\/index.php\/2026\/02\/09\/destinan-20-millones-de-pesos-adicionales-para-infraestructura-en-apaseo-el-grande\/","og_site_name":"El Hijo del llanero solititito","article_published_time":"2026-02-09T23:29:21+00:00","og_image":[{"width":1465,"height":1280,"url":"https:\/\/elhijodelllanero.mx\/wp-content\/uploads\/2026\/02\/IMG-20260209-WA0001.jpg","type":"image\/jpeg"}],"author":"Mar\u00eda de la Paz Rodarte Ram\u00edrez","twitter_card":"summary_large_image","twitter_misc":{"Escrito por":"Mar\u00eda de la Paz Rodarte Ram\u00edrez","Tiempo de lectura":"1 minuto"},"schema":{"@context":"https:\/\/schema.org","@graph":[{"@type":"Article","@id":"https:\/\/elhijodelllanero.mx\/index.php\/2026\/02\/09\/destinan-20-millones-de-pesos-adicionales-para-infraestructura-en-apaseo-el-grande\/#article","isPartOf":{"@id":"https:\/\/elhijodelllanero.mx\/index.php\/2026\/02\/09\/destinan-20-millones-de-pesos-adicionales-para-infraestructura-en-apaseo-el-grande\/"},"author":{"name":"Mar\u00eda de la Paz Rodarte Ram\u00edrez","@id":"https:\/\/elhijodelllanero.mx\/#\/schema\/person\/c7f8c86c55c1eab44ae2b93a9628245f"},"headline":"Destinan 20 millones de pesos adicionales para infraestructura en Apaseo el Grande.","datePublished":"2026-02-09T23:29:21+00:00","mainEntityOfPage":{"@id":"https:\/\/elhijodelllanero.mx\/index.php\/2026\/02\/09\/destinan-20-millones-de-pesos-adicionales-para-infraestructura-en-apaseo-el-grande\/"},"wordCount":220,"commentCount":0,"image":{"@id":"https:\/\/elhijodelllanero.mx\/index.php\/2026\/02\/09\/destinan-20-millones-de-pesos-adicionales-para-infraestructura-en-apaseo-el-grande\/#primaryimage"},"thumbnailUrl":"https:\/\/i0.wp.com\/elhijodelllanero.mx\/wp-content\/uploads\/2026\/02\/IMG-20260209-WA0001.jpg?fit=1465%2C1280&ssl=1","articleSection":["APASEO EL GRANDE","MUNICIPIOS"],"inLanguage":"es","potentialAction":[{"@type":"CommentAction","name":"Comment","target":["https:\/\/elhijodelllanero.mx\/index.php\/2026\/02\/09\/destinan-20-millones-de-pesos-adicionales-para-infraestructura-en-apaseo-el-grande\/#respond"]}]},{"@type":"WebPage","@id":"https:\/\/elhijodelllanero.mx\/index.php\/2026\/02\/09\/destinan-20-millones-de-pesos-adicionales-para-infraestructura-en-apaseo-el-grande\/","url":"https:\/\/elhijodelllanero.mx\/index.php\/2026\/02\/09\/destinan-20-millones-de-pesos-adicionales-para-infraestructura-en-apaseo-el-grande\/","name":"Destinan 20 millones de pesos adicionales para infraestructura en Apaseo el Grande. - El Hijo del llanero solititito","isPartOf":{"@id":"https:\/\/elhijodelllanero.mx\/#website"},"primaryImageOfPage":{"@id":"https:\/\/elhijodelllanero.mx\/index.php\/2026\/02\/09\/destinan-20-millones-de-pesos-adicionales-para-infraestructura-en-apaseo-el-grande\/#primaryimage"},"image":{"@id":"https:\/\/elhijodelllanero.mx\/index.php\/2026\/02\/09\/destinan-20-millones-de-pesos-adicionales-para-infraestructura-en-apaseo-el-grande\/#primaryimage"},"thumbnailUrl":"https:\/\/i0.wp.com\/elhijodelllanero.mx\/wp-content\/uploads\/2026\/02\/IMG-20260209-WA0001.jpg?fit=1465%2C1280&ssl=1","datePublished":"2026-02-09T23:29:21+00:00","author":{"@id":"https:\/\/elhijodelllanero.mx\/#\/schema\/person\/c7f8c86c55c1eab44ae2b93a9628245f"},"breadcrumb":{"@id":"https:\/\/elhijodelllanero.mx\/index.php\/2026\/02\/09\/destinan-20-millones-de-pesos-adicionales-para-infraestructura-en-apaseo-el-grande\/#breadcrumb"},"inLanguage":"es","potentialAction":[{"@type":"ReadAction","target":["https:\/\/elhijodelllanero.mx\/index.php\/2026\/02\/09\/destinan-20-millones-de-pesos-adicionales-para-infraestructura-en-apaseo-el-grande\/"]}]},{"@type":"ImageObject","inLanguage":"es","@id":"https:\/\/elhijodelllanero.mx\/index.php\/2026\/02\/09\/destinan-20-millones-de-pesos-adicionales-para-infraestructura-en-apaseo-el-grande\/#primaryimage","url":"https:\/\/i0.wp.com\/elhijodelllanero.mx\/wp-content\/uploads\/2026\/02\/IMG-20260209-WA0001.jpg?fit=1465%2C1280&ssl=1","contentUrl":"https:\/\/i0.wp.com\/elhijodelllanero.mx\/wp-content\/uploads\/2026\/02\/IMG-20260209-WA0001.jpg?fit=1465%2C1280&ssl=1","width":1465,"height":1280},{"@type":"BreadcrumbList","@id":"https:\/\/elhijodelllanero.mx\/index.php\/2026\/02\/09\/destinan-20-millones-de-pesos-adicionales-para-infraestructura-en-apaseo-el-grande\/#breadcrumb","itemListElement":[{"@type":"ListItem","position":1,"name":"Portada","item":"https:\/\/elhijodelllanero.mx\/"},{"@type":"ListItem","position":2,"name":"Destinan 20 millones de pesos adicionales para infraestructura en Apaseo el Grande."}]},{"@type":"WebSite","@id":"https:\/\/elhijodelllanero.mx\/#website","url":"https:\/\/elhijodelllanero.mx\/","name":"El Hijo del llanero solititito","description":"","potentialAction":[{"@type":"SearchAction","target":{"@type":"EntryPoint","urlTemplate":"https:\/\/elhijodelllanero.mx\/?s={search_term_string}"},"query-input":{"@type":"PropertyValueSpecification","valueRequired":true,"valueName":"search_term_string"}}],"inLanguage":"es"},{"@type":"Person","@id":"https:\/\/elhijodelllanero.mx\/#\/schema\/person\/c7f8c86c55c1eab44ae2b93a9628245f","name":"Mar\u00eda de la Paz Rodarte Ram\u00edrez","image":{"@type":"ImageObject","inLanguage":"es","@id":"https:\/\/secure.gravatar.com\/avatar\/1f38f8518b09a266af73da2bce78d69e7d1275299970134ed62f572e0487e1d0?s=96&d=mm&r=g","url":"https:\/\/secure.gravatar.com\/avatar\/1f38f8518b09a266af73da2bce78d69e7d1275299970134ed62f572e0487e1d0?s=96&d=mm&r=g","contentUrl":"https:\/\/secure.gravatar.com\/avatar\/1f38f8518b09a266af73da2bce78d69e7d1275299970134ed62f572e0487e1d0?s=96&d=mm&r=g","caption":"Mar\u00eda de la Paz Rodarte Ram\u00edrez"},"sameAs":["https:\/\/www.elhijodelllanero.mx"],"url":"https:\/\/elhijodelllanero.mx\/index.php\/author\/maricuas\/"}]}},"jetpack_featured_media_url":"https:\/\/i0.wp.com\/elhijodelllanero.mx\/wp-content\/uploads\/2026\/02\/IMG-20260209-WA0001.jpg?fit=1465%2C1280&ssl=1","jetpack-related-posts":[],"jetpack_sharing_enabled":true,"_links":{"self":[{"href":"https:\/\/elhijodelllanero.mx\/index.php\/wp-json\/wp\/v2\/posts\/12874","targetHints":{"allow":["GET"]}}],"collection":[{"href":"https:\/\/elhijodelllanero.mx\/index.php\/wp-json\/wp\/v2\/posts"}],"about":[{"href":"https:\/\/elhijodelllanero.mx\/index.php\/wp-json\/wp\/v2\/types\/post"}],"author":[{"embeddable":true,"href":"https:\/\/elhijodelllanero.mx\/index.php\/wp-json\/wp\/v2\/users\/3"}],"replies":[{"embeddable":true,"href":"https:\/\/elhijodelllanero.mx\/index.php\/wp-json\/wp\/v2\/comments?post=12874"}],"version-history":[{"count":1,"href":"https:\/\/elhijodelllanero.mx\/index.php\/wp-json\/wp\/v2\/posts\/12874\/revisions"}],"predecessor-version":[{"id":12876,"href":"https:\/\/elhijodelllanero.mx\/index.php\/wp-json\/wp\/v2\/posts\/12874\/revisions\/12876"}],"wp:featuredmedia":[{"embeddable":true,"href":"https:\/\/elhijodelllanero.mx\/index.php\/wp-json\/wp\/v2\/media\/12875"}],"wp:attachment":[{"href":"https:\/\/elhijodelllanero.mx\/index.php\/wp-json\/wp\/v2\/media?parent=12874"}],"wp:term":[{"taxonomy":"category","embeddable":true,"href":"https:\/\/elhijodelllanero.mx\/index.php\/wp-json\/wp\/v2\/categories?post=12874"},{"taxonomy":"post_tag","embeddable":true,"href":"https:\/\/elhijodelllanero.mx\/index.php\/wp-json\/wp\/v2\/tags?post=12874"}],"curies":[{"name":"wp","href":"https:\/\/api.w.org\/{rel}","templated":true}]}}