{"id":12880,"date":"2026-02-10T14:49:27","date_gmt":"2026-02-10T14:49:27","guid":{"rendered":"https:\/\/elhijodelllanero.mx\/?p=12880"},"modified":"2026-02-10T14:49:27","modified_gmt":"2026-02-10T14:49:27","slug":"donan-90-libros-a-primaria-de-villagran-para-impulsar-la-lectura","status":"publish","type":"post","link":"https:\/\/elhijodelllanero.mx\/index.php\/2026\/02\/10\/donan-90-libros-a-primaria-de-villagran-para-impulsar-la-lectura\/","title":{"rendered":"Donan 90 libros a primaria de Villagr\u00e1n para impulsar la lectura."},"content":{"rendered":"<p>Villagr\u00e1n, Gto. 10 de febrero de 2026.-Con la entrega de 90 libros a la Escuela Primaria Emilio Portes Gil, el Gobierno Municipal reforz\u00f3 las acciones para promover la lectura y el aprovechamiento escolar entre ni\u00f1as y ni\u00f1os del municipio.<\/p>\n<p>La donaci\u00f3n se realiz\u00f3 a trav\u00e9s de la Direcci\u00f3n de Casa de la Cultura, dirigida por Jos\u00e9 Guadalupe Gonz\u00e1lez Ram\u00edrez, en coordinaci\u00f3n con la presidenta municipal Cinthia Teniente Mendoza, como parte de las estrategias para acercar material did\u00e1ctico a planteles educativos.<\/p>\n<p>Durante la actividad, autoridades municipales subrayaron que el acceso a los libros favorece la comprensi\u00f3n lectora, estimula la imaginaci\u00f3n y contribuye al desarrollo acad\u00e9mico desde los primeros a\u00f1os de formaci\u00f3n. Tambi\u00e9n reiteraron el compromiso de ampliar este tipo de apoyos a m\u00e1s escuelas.<\/p>\n<p>Directivos del plantel agradecieron la entrega del material y se\u00f1alaron que el fortalecimiento de bibliotecas escolares impacta tanto en el alumnado como en el entorno familiar, al incentivar el h\u00e1bito de la lectura dentro y fuera del aula.<\/p>\n<p>El municipio inform\u00f3 que continuar\u00e1 promoviendo programas culturales y educativos enfocados en la ni\u00f1ez.<\/p>\n","protected":false},"excerpt":{"rendered":"<p>Villagr\u00e1n, Gto. 10 de febrero de 2026.-Con la entrega de 90 libros a la Escuela Primaria Emilio Portes Gil, el Gobierno Municipal reforz\u00f3 las acciones para promover la lectura y el aprovechamiento escolar entre ni\u00f1as y ni\u00f1os del municipio. La donaci\u00f3n se realiz\u00f3 a trav\u00e9s de la Direcci\u00f3n de Casa de la Cultura, dirigida por [&hellip;]<\/p>\n","protected":false},"author":3,"featured_media":12881,"comment_status":"open","ping_status":"closed","sticky":false,"template":"","format":"standard","meta":{"_jetpack_newsletter_access":"","_jetpack_dont_email_post_to_subs":false,"_jetpack_newsletter_tier_id":0,"_jetpack_memberships_contains_paywalled_content":false,"_jetpack_memberships_contains_paid_content":false,"footnotes":""},"categories":[76,85],"tags":[],"class_list":{"0":"post-12880","1":"post","2":"type-post","3":"status-publish","4":"format-standard","5":"has-post-thumbnail","7":"category-municipios","8":"category-villagran"},"yoast_head":"<!-- This site is optimized with the Yoast SEO plugin v27.3 - https:\/\/yoast.com\/product\/yoast-seo-wordpress\/ -->\n<title>Donan 90 libros a primaria de Villagr\u00e1n para impulsar la lectura. - El Hijo del llanero solititito<\/title>\n<meta name=\"robots\" content=\"index, follow, max-snippet:-1, max-image-preview:large, max-video-preview:-1\" \/>\n<link rel=\"canonical\" href=\"https:\/\/elhijodelllanero.mx\/index.php\/2026\/02\/10\/donan-90-libros-a-primaria-de-villagran-para-impulsar-la-lectura\/\" \/>\n<meta property=\"og:locale\" content=\"es_ES\" \/>\n<meta property=\"og:type\" content=\"article\" \/>\n<meta property=\"og:title\" content=\"Donan 90 libros a primaria de Villagr\u00e1n para impulsar la lectura. - El Hijo del llanero solititito\" \/>\n<meta property=\"og:description\" content=\"Villagr\u00e1n, Gto. 10 de febrero de 2026.-Con la entrega de 90 libros a la Escuela Primaria Emilio Portes Gil, el Gobierno Municipal reforz\u00f3 las acciones para promover la lectura y el aprovechamiento escolar entre ni\u00f1as y ni\u00f1os del municipio. La donaci\u00f3n se realiz\u00f3 a trav\u00e9s de la Direcci\u00f3n de Casa de la Cultura, dirigida por [&hellip;]\" \/>\n<meta property=\"og:url\" content=\"https:\/\/elhijodelllanero.mx\/index.php\/2026\/02\/10\/donan-90-libros-a-primaria-de-villagran-para-impulsar-la-lectura\/\" \/>\n<meta property=\"og:site_name\" content=\"El Hijo del llanero solititito\" \/>\n<meta property=\"article:published_time\" content=\"2026-02-10T14:49:27+00:00\" \/>\n<meta property=\"og:image\" content=\"https:\/\/elhijodelllanero.mx\/wp-content\/uploads\/2026\/02\/IMG-20260210-WA0000.jpg\" \/>\n\t<meta property=\"og:image:width\" content=\"1280\" \/>\n\t<meta property=\"og:image:height\" content=\"854\" \/>\n\t<meta property=\"og:image:type\" content=\"image\/jpeg\" \/>\n<meta name=\"author\" content=\"Mar\u00eda de la Paz Rodarte Ram\u00edrez\" \/>\n<meta name=\"twitter:card\" content=\"summary_large_image\" \/>\n<meta name=\"twitter:label1\" content=\"Escrito por\" \/>\n\t<meta name=\"twitter:data1\" content=\"Mar\u00eda de la Paz Rodarte Ram\u00edrez\" \/>\n\t<meta name=\"twitter:label2\" content=\"Tiempo de lectura\" \/>\n\t<meta name=\"twitter:data2\" content=\"2 minutos\" \/>\n<script type=\"application\/ld+json\" class=\"yoast-schema-graph\">{\"@context\":\"https:\\\/\\\/schema.org\",\"@graph\":[{\"@type\":\"Article\",\"@id\":\"https:\\\/\\\/elhijodelllanero.mx\\\/index.php\\\/2026\\\/02\\\/10\\\/donan-90-libros-a-primaria-de-villagran-para-impulsar-la-lectura\\\/#article\",\"isPartOf\":{\"@id\":\"https:\\\/\\\/elhijodelllanero.mx\\\/index.php\\\/2026\\\/02\\\/10\\\/donan-90-libros-a-primaria-de-villagran-para-impulsar-la-lectura\\\/\"},\"author\":{\"name\":\"Mar\u00eda de la Paz Rodarte Ram\u00edrez\",\"@id\":\"https:\\\/\\\/elhijodelllanero.mx\\\/#\\\/schema\\\/person\\\/c7f8c86c55c1eab44ae2b93a9628245f\"},\"headline\":\"Donan 90 libros a primaria de Villagr\u00e1n para impulsar la lectura.\",\"datePublished\":\"2026-02-10T14:49:27+00:00\",\"mainEntityOfPage\":{\"@id\":\"https:\\\/\\\/elhijodelllanero.mx\\\/index.php\\\/2026\\\/02\\\/10\\\/donan-90-libros-a-primaria-de-villagran-para-impulsar-la-lectura\\\/\"},\"wordCount\":204,\"commentCount\":0,\"image\":{\"@id\":\"https:\\\/\\\/elhijodelllanero.mx\\\/index.php\\\/2026\\\/02\\\/10\\\/donan-90-libros-a-primaria-de-villagran-para-impulsar-la-lectura\\\/#primaryimage\"},\"thumbnailUrl\":\"https:\\\/\\\/i0.wp.com\\\/elhijodelllanero.mx\\\/wp-content\\\/uploads\\\/2026\\\/02\\\/IMG-20260210-WA0000.jpg?fit=1280%2C854&ssl=1\",\"articleSection\":[\"MUNICIPIOS\",\"Villagr\u00e1n\"],\"inLanguage\":\"es\",\"potentialAction\":[{\"@type\":\"CommentAction\",\"name\":\"Comment\",\"target\":[\"https:\\\/\\\/elhijodelllanero.mx\\\/index.php\\\/2026\\\/02\\\/10\\\/donan-90-libros-a-primaria-de-villagran-para-impulsar-la-lectura\\\/#respond\"]}]},{\"@type\":\"WebPage\",\"@id\":\"https:\\\/\\\/elhijodelllanero.mx\\\/index.php\\\/2026\\\/02\\\/10\\\/donan-90-libros-a-primaria-de-villagran-para-impulsar-la-lectura\\\/\",\"url\":\"https:\\\/\\\/elhijodelllanero.mx\\\/index.php\\\/2026\\\/02\\\/10\\\/donan-90-libros-a-primaria-de-villagran-para-impulsar-la-lectura\\\/\",\"name\":\"Donan 90 libros a primaria de Villagr\u00e1n para impulsar la lectura. - El Hijo del llanero solititito\",\"isPartOf\":{\"@id\":\"https:\\\/\\\/elhijodelllanero.mx\\\/#website\"},\"primaryImageOfPage\":{\"@id\":\"https:\\\/\\\/elhijodelllanero.mx\\\/index.php\\\/2026\\\/02\\\/10\\\/donan-90-libros-a-primaria-de-villagran-para-impulsar-la-lectura\\\/#primaryimage\"},\"image\":{\"@id\":\"https:\\\/\\\/elhijodelllanero.mx\\\/index.php\\\/2026\\\/02\\\/10\\\/donan-90-libros-a-primaria-de-villagran-para-impulsar-la-lectura\\\/#primaryimage\"},\"thumbnailUrl\":\"https:\\\/\\\/i0.wp.com\\\/elhijodelllanero.mx\\\/wp-content\\\/uploads\\\/2026\\\/02\\\/IMG-20260210-WA0000.jpg?fit=1280%2C854&ssl=1\",\"datePublished\":\"2026-02-10T14:49:27+00:00\",\"author\":{\"@id\":\"https:\\\/\\\/elhijodelllanero.mx\\\/#\\\/schema\\\/person\\\/c7f8c86c55c1eab44ae2b93a9628245f\"},\"breadcrumb\":{\"@id\":\"https:\\\/\\\/elhijodelllanero.mx\\\/index.php\\\/2026\\\/02\\\/10\\\/donan-90-libros-a-primaria-de-villagran-para-impulsar-la-lectura\\\/#breadcrumb\"},\"inLanguage\":\"es\",\"potentialAction\":[{\"@type\":\"ReadAction\",\"target\":[\"https:\\\/\\\/elhijodelllanero.mx\\\/index.php\\\/2026\\\/02\\\/10\\\/donan-90-libros-a-primaria-de-villagran-para-impulsar-la-lectura\\\/\"]}]},{\"@type\":\"ImageObject\",\"inLanguage\":\"es\",\"@id\":\"https:\\\/\\\/elhijodelllanero.mx\\\/index.php\\\/2026\\\/02\\\/10\\\/donan-90-libros-a-primaria-de-villagran-para-impulsar-la-lectura\\\/#primaryimage\",\"url\":\"https:\\\/\\\/i0.wp.com\\\/elhijodelllanero.mx\\\/wp-content\\\/uploads\\\/2026\\\/02\\\/IMG-20260210-WA0000.jpg?fit=1280%2C854&ssl=1\",\"contentUrl\":\"https:\\\/\\\/i0.wp.com\\\/elhijodelllanero.mx\\\/wp-content\\\/uploads\\\/2026\\\/02\\\/IMG-20260210-WA0000.jpg?fit=1280%2C854&ssl=1\",\"width\":1280,\"height\":854},{\"@type\":\"BreadcrumbList\",\"@id\":\"https:\\\/\\\/elhijodelllanero.mx\\\/index.php\\\/2026\\\/02\\\/10\\\/donan-90-libros-a-primaria-de-villagran-para-impulsar-la-lectura\\\/#breadcrumb\",\"itemListElement\":[{\"@type\":\"ListItem\",\"position\":1,\"name\":\"Portada\",\"item\":\"https:\\\/\\\/elhijodelllanero.mx\\\/\"},{\"@type\":\"ListItem\",\"position\":2,\"name\":\"Donan 90 libros a primaria de Villagr\u00e1n para impulsar la lectura.\"}]},{\"@type\":\"WebSite\",\"@id\":\"https:\\\/\\\/elhijodelllanero.mx\\\/#website\",\"url\":\"https:\\\/\\\/elhijodelllanero.mx\\\/\",\"name\":\"El Hijo del llanero solititito\",\"description\":\"\",\"potentialAction\":[{\"@type\":\"SearchAction\",\"target\":{\"@type\":\"EntryPoint\",\"urlTemplate\":\"https:\\\/\\\/elhijodelllanero.mx\\\/?s={search_term_string}\"},\"query-input\":{\"@type\":\"PropertyValueSpecification\",\"valueRequired\":true,\"valueName\":\"search_term_string\"}}],\"inLanguage\":\"es\"},{\"@type\":\"Person\",\"@id\":\"https:\\\/\\\/elhijodelllanero.mx\\\/#\\\/schema\\\/person\\\/c7f8c86c55c1eab44ae2b93a9628245f\",\"name\":\"Mar\u00eda de la Paz Rodarte Ram\u00edrez\",\"image\":{\"@type\":\"ImageObject\",\"inLanguage\":\"es\",\"@id\":\"https:\\\/\\\/secure.gravatar.com\\\/avatar\\\/1f38f8518b09a266af73da2bce78d69e7d1275299970134ed62f572e0487e1d0?s=96&d=mm&r=g\",\"url\":\"https:\\\/\\\/secure.gravatar.com\\\/avatar\\\/1f38f8518b09a266af73da2bce78d69e7d1275299970134ed62f572e0487e1d0?s=96&d=mm&r=g\",\"contentUrl\":\"https:\\\/\\\/secure.gravatar.com\\\/avatar\\\/1f38f8518b09a266af73da2bce78d69e7d1275299970134ed62f572e0487e1d0?s=96&d=mm&r=g\",\"caption\":\"Mar\u00eda de la Paz Rodarte Ram\u00edrez\"},\"sameAs\":[\"https:\\\/\\\/www.elhijodelllanero.mx\"],\"url\":\"https:\\\/\\\/elhijodelllanero.mx\\\/index.php\\\/author\\\/maricuas\\\/\"}]}<\/script>\n<!-- \/ Yoast SEO plugin. -->","yoast_head_json":{"title":"Donan 90 libros a primaria de Villagr\u00e1n para impulsar la lectura. - El Hijo del llanero solititito","robots":{"index":"index","follow":"follow","max-snippet":"max-snippet:-1","max-image-preview":"max-image-preview:large","max-video-preview":"max-video-preview:-1"},"canonical":"https:\/\/elhijodelllanero.mx\/index.php\/2026\/02\/10\/donan-90-libros-a-primaria-de-villagran-para-impulsar-la-lectura\/","og_locale":"es_ES","og_type":"article","og_title":"Donan 90 libros a primaria de Villagr\u00e1n para impulsar la lectura. - El Hijo del llanero solititito","og_description":"Villagr\u00e1n, Gto. 10 de febrero de 2026.-Con la entrega de 90 libros a la Escuela Primaria Emilio Portes Gil, el Gobierno Municipal reforz\u00f3 las acciones para promover la lectura y el aprovechamiento escolar entre ni\u00f1as y ni\u00f1os del municipio. La donaci\u00f3n se realiz\u00f3 a trav\u00e9s de la Direcci\u00f3n de Casa de la Cultura, dirigida por [&hellip;]","og_url":"https:\/\/elhijodelllanero.mx\/index.php\/2026\/02\/10\/donan-90-libros-a-primaria-de-villagran-para-impulsar-la-lectura\/","og_site_name":"El Hijo del llanero solititito","article_published_time":"2026-02-10T14:49:27+00:00","og_image":[{"width":1280,"height":854,"url":"https:\/\/elhijodelllanero.mx\/wp-content\/uploads\/2026\/02\/IMG-20260210-WA0000.jpg","type":"image\/jpeg"}],"author":"Mar\u00eda de la Paz Rodarte Ram\u00edrez","twitter_card":"summary_large_image","twitter_misc":{"Escrito por":"Mar\u00eda de la Paz Rodarte Ram\u00edrez","Tiempo de lectura":"2 minutos"},"schema":{"@context":"https:\/\/schema.org","@graph":[{"@type":"Article","@id":"https:\/\/elhijodelllanero.mx\/index.php\/2026\/02\/10\/donan-90-libros-a-primaria-de-villagran-para-impulsar-la-lectura\/#article","isPartOf":{"@id":"https:\/\/elhijodelllanero.mx\/index.php\/2026\/02\/10\/donan-90-libros-a-primaria-de-villagran-para-impulsar-la-lectura\/"},"author":{"name":"Mar\u00eda de la Paz Rodarte Ram\u00edrez","@id":"https:\/\/elhijodelllanero.mx\/#\/schema\/person\/c7f8c86c55c1eab44ae2b93a9628245f"},"headline":"Donan 90 libros a primaria de Villagr\u00e1n para impulsar la lectura.","datePublished":"2026-02-10T14:49:27+00:00","mainEntityOfPage":{"@id":"https:\/\/elhijodelllanero.mx\/index.php\/2026\/02\/10\/donan-90-libros-a-primaria-de-villagran-para-impulsar-la-lectura\/"},"wordCount":204,"commentCount":0,"image":{"@id":"https:\/\/elhijodelllanero.mx\/index.php\/2026\/02\/10\/donan-90-libros-a-primaria-de-villagran-para-impulsar-la-lectura\/#primaryimage"},"thumbnailUrl":"https:\/\/i0.wp.com\/elhijodelllanero.mx\/wp-content\/uploads\/2026\/02\/IMG-20260210-WA0000.jpg?fit=1280%2C854&ssl=1","articleSection":["MUNICIPIOS","Villagr\u00e1n"],"inLanguage":"es","potentialAction":[{"@type":"CommentAction","name":"Comment","target":["https:\/\/elhijodelllanero.mx\/index.php\/2026\/02\/10\/donan-90-libros-a-primaria-de-villagran-para-impulsar-la-lectura\/#respond"]}]},{"@type":"WebPage","@id":"https:\/\/elhijodelllanero.mx\/index.php\/2026\/02\/10\/donan-90-libros-a-primaria-de-villagran-para-impulsar-la-lectura\/","url":"https:\/\/elhijodelllanero.mx\/index.php\/2026\/02\/10\/donan-90-libros-a-primaria-de-villagran-para-impulsar-la-lectura\/","name":"Donan 90 libros a primaria de Villagr\u00e1n para impulsar la lectura. - El Hijo del llanero solititito","isPartOf":{"@id":"https:\/\/elhijodelllanero.mx\/#website"},"primaryImageOfPage":{"@id":"https:\/\/elhijodelllanero.mx\/index.php\/2026\/02\/10\/donan-90-libros-a-primaria-de-villagran-para-impulsar-la-lectura\/#primaryimage"},"image":{"@id":"https:\/\/elhijodelllanero.mx\/index.php\/2026\/02\/10\/donan-90-libros-a-primaria-de-villagran-para-impulsar-la-lectura\/#primaryimage"},"thumbnailUrl":"https:\/\/i0.wp.com\/elhijodelllanero.mx\/wp-content\/uploads\/2026\/02\/IMG-20260210-WA0000.jpg?fit=1280%2C854&ssl=1","datePublished":"2026-02-10T14:49:27+00:00","author":{"@id":"https:\/\/elhijodelllanero.mx\/#\/schema\/person\/c7f8c86c55c1eab44ae2b93a9628245f"},"breadcrumb":{"@id":"https:\/\/elhijodelllanero.mx\/index.php\/2026\/02\/10\/donan-90-libros-a-primaria-de-villagran-para-impulsar-la-lectura\/#breadcrumb"},"inLanguage":"es","potentialAction":[{"@type":"ReadAction","target":["https:\/\/elhijodelllanero.mx\/index.php\/2026\/02\/10\/donan-90-libros-a-primaria-de-villagran-para-impulsar-la-lectura\/"]}]},{"@type":"ImageObject","inLanguage":"es","@id":"https:\/\/elhijodelllanero.mx\/index.php\/2026\/02\/10\/donan-90-libros-a-primaria-de-villagran-para-impulsar-la-lectura\/#primaryimage","url":"https:\/\/i0.wp.com\/elhijodelllanero.mx\/wp-content\/uploads\/2026\/02\/IMG-20260210-WA0000.jpg?fit=1280%2C854&ssl=1","contentUrl":"https:\/\/i0.wp.com\/elhijodelllanero.mx\/wp-content\/uploads\/2026\/02\/IMG-20260210-WA0000.jpg?fit=1280%2C854&ssl=1","width":1280,"height":854},{"@type":"BreadcrumbList","@id":"https:\/\/elhijodelllanero.mx\/index.php\/2026\/02\/10\/donan-90-libros-a-primaria-de-villagran-para-impulsar-la-lectura\/#breadcrumb","itemListElement":[{"@type":"ListItem","position":1,"name":"Portada","item":"https:\/\/elhijodelllanero.mx\/"},{"@type":"ListItem","position":2,"name":"Donan 90 libros a primaria de Villagr\u00e1n para impulsar la lectura."}]},{"@type":"WebSite","@id":"https:\/\/elhijodelllanero.mx\/#website","url":"https:\/\/elhijodelllanero.mx\/","name":"El Hijo del llanero solititito","description":"","potentialAction":[{"@type":"SearchAction","target":{"@type":"EntryPoint","urlTemplate":"https:\/\/elhijodelllanero.mx\/?s={search_term_string}"},"query-input":{"@type":"PropertyValueSpecification","valueRequired":true,"valueName":"search_term_string"}}],"inLanguage":"es"},{"@type":"Person","@id":"https:\/\/elhijodelllanero.mx\/#\/schema\/person\/c7f8c86c55c1eab44ae2b93a9628245f","name":"Mar\u00eda de la Paz Rodarte Ram\u00edrez","image":{"@type":"ImageObject","inLanguage":"es","@id":"https:\/\/secure.gravatar.com\/avatar\/1f38f8518b09a266af73da2bce78d69e7d1275299970134ed62f572e0487e1d0?s=96&d=mm&r=g","url":"https:\/\/secure.gravatar.com\/avatar\/1f38f8518b09a266af73da2bce78d69e7d1275299970134ed62f572e0487e1d0?s=96&d=mm&r=g","contentUrl":"https:\/\/secure.gravatar.com\/avatar\/1f38f8518b09a266af73da2bce78d69e7d1275299970134ed62f572e0487e1d0?s=96&d=mm&r=g","caption":"Mar\u00eda de la Paz Rodarte Ram\u00edrez"},"sameAs":["https:\/\/www.elhijodelllanero.mx"],"url":"https:\/\/elhijodelllanero.mx\/index.php\/author\/maricuas\/"}]}},"jetpack_featured_media_url":"https:\/\/i0.wp.com\/elhijodelllanero.mx\/wp-content\/uploads\/2026\/02\/IMG-20260210-WA0000.jpg?fit=1280%2C854&ssl=1","jetpack-related-posts":[],"jetpack_sharing_enabled":true,"_links":{"self":[{"href":"https:\/\/elhijodelllanero.mx\/index.php\/wp-json\/wp\/v2\/posts\/12880","targetHints":{"allow":["GET"]}}],"collection":[{"href":"https:\/\/elhijodelllanero.mx\/index.php\/wp-json\/wp\/v2\/posts"}],"about":[{"href":"https:\/\/elhijodelllanero.mx\/index.php\/wp-json\/wp\/v2\/types\/post"}],"author":[{"embeddable":true,"href":"https:\/\/elhijodelllanero.mx\/index.php\/wp-json\/wp\/v2\/users\/3"}],"replies":[{"embeddable":true,"href":"https:\/\/elhijodelllanero.mx\/index.php\/wp-json\/wp\/v2\/comments?post=12880"}],"version-history":[{"count":1,"href":"https:\/\/elhijodelllanero.mx\/index.php\/wp-json\/wp\/v2\/posts\/12880\/revisions"}],"predecessor-version":[{"id":12882,"href":"https:\/\/elhijodelllanero.mx\/index.php\/wp-json\/wp\/v2\/posts\/12880\/revisions\/12882"}],"wp:featuredmedia":[{"embeddable":true,"href":"https:\/\/elhijodelllanero.mx\/index.php\/wp-json\/wp\/v2\/media\/12881"}],"wp:attachment":[{"href":"https:\/\/elhijodelllanero.mx\/index.php\/wp-json\/wp\/v2\/media?parent=12880"}],"wp:term":[{"taxonomy":"category","embeddable":true,"href":"https:\/\/elhijodelllanero.mx\/index.php\/wp-json\/wp\/v2\/categories?post=12880"},{"taxonomy":"post_tag","embeddable":true,"href":"https:\/\/elhijodelllanero.mx\/index.php\/wp-json\/wp\/v2\/tags?post=12880"}],"curies":[{"name":"wp","href":"https:\/\/api.w.org\/{rel}","templated":true}]}}