{"id":12891,"date":"2026-02-10T14:56:20","date_gmt":"2026-02-10T14:56:20","guid":{"rendered":"https:\/\/elhijodelllanero.mx\/?p=12891"},"modified":"2026-02-10T14:58:48","modified_gmt":"2026-02-10T14:58:48","slug":"apuestan-por-el-baile-jovenes-capacitaran-talento-en-comunidades","status":"publish","type":"post","link":"https:\/\/elhijodelllanero.mx\/index.php\/2026\/02\/10\/apuestan-por-el-baile-jovenes-capacitaran-talento-en-comunidades\/","title":{"rendered":"Apuestan por el baile: j\u00f3venes capacitar\u00e1n talento en comunidades."},"content":{"rendered":"<p>Cortazar, Gto. 10 de febrero del 2026.-En lugar de dejar el talento guardado en la maleta despu\u00e9s de un viaje nacional, diez j\u00f3venes apoyados por el municipio ahora tendr\u00e1n la misi\u00f3n de regresar el favor\u2026 pero con ritmo. La Direcci\u00f3n del Deporte puso en marcha un esquema para que lleven talleres de baile a comunidades y formen a nuevos instructores locales.<\/p>\n<p>El alcalde Mauricio Estefan\u00eda explic\u00f3 que, adem\u00e1s del respaldo para que los j\u00f3venes pudieran presentarse a nivel nacional, ahora se busca que compartan lo aprendido mediante capacitaciones dirigidas a personas de cada comunidad, quienes despu\u00e9s podr\u00e1n replicar los talleres con ni\u00f1as, ni\u00f1os y adolescentes.<\/p>\n<p>La estrategia es sencilla y ambiciosa: preparar a instructores comunitarios \u2014delegados, familiares o voluntarios con ganas de moverse\u2014 y mantenerlos en capacitaci\u00f3n constante, creando una red donde el talento no dependa del c\u00f3digo postal.<\/p>\n<p>Con ello se pretende fomentar la actividad f\u00edsica y detectar nuevos talentos, porque s\u00ed, resulta que bailar tambi\u00e9n cuenta como deporte y, de paso, como inversi\u00f3n social bien sudada.<\/p>\n","protected":false},"excerpt":{"rendered":"<p>Cortazar, Gto. 10 de febrero del 2026.-En lugar de dejar el talento guardado en la maleta despu\u00e9s de un viaje nacional, diez j\u00f3venes apoyados por el municipio ahora tendr\u00e1n la misi\u00f3n de regresar el favor\u2026 pero con ritmo. La Direcci\u00f3n del Deporte puso en marcha un esquema para que lleven talleres de baile a comunidades [&hellip;]<\/p>\n","protected":false},"author":3,"featured_media":12894,"comment_status":"open","ping_status":"closed","sticky":false,"template":"","format":"standard","meta":{"_jetpack_newsletter_access":"","_jetpack_dont_email_post_to_subs":false,"_jetpack_newsletter_tier_id":0,"_jetpack_memberships_contains_paywalled_content":false,"_jetpack_memberships_contains_paid_content":false,"footnotes":""},"categories":[76,85],"tags":[],"class_list":{"0":"post-12891","1":"post","2":"type-post","3":"status-publish","4":"format-standard","5":"has-post-thumbnail","7":"category-municipios","8":"category-villagran"},"yoast_head":"<!-- This site is optimized with the Yoast SEO plugin v27.3 - https:\/\/yoast.com\/product\/yoast-seo-wordpress\/ -->\n<title>Apuestan por el baile: j\u00f3venes capacitar\u00e1n talento en comunidades. - El Hijo del llanero solititito<\/title>\n<meta name=\"robots\" content=\"index, follow, max-snippet:-1, max-image-preview:large, max-video-preview:-1\" \/>\n<link rel=\"canonical\" href=\"https:\/\/elhijodelllanero.mx\/index.php\/2026\/02\/10\/apuestan-por-el-baile-jovenes-capacitaran-talento-en-comunidades\/\" \/>\n<meta property=\"og:locale\" content=\"es_ES\" \/>\n<meta property=\"og:type\" content=\"article\" \/>\n<meta property=\"og:title\" content=\"Apuestan por el baile: j\u00f3venes capacitar\u00e1n talento en comunidades. - El Hijo del llanero solititito\" \/>\n<meta property=\"og:description\" content=\"Cortazar, Gto. 10 de febrero del 2026.-En lugar de dejar el talento guardado en la maleta despu\u00e9s de un viaje nacional, diez j\u00f3venes apoyados por el municipio ahora tendr\u00e1n la misi\u00f3n de regresar el favor\u2026 pero con ritmo. La Direcci\u00f3n del Deporte puso en marcha un esquema para que lleven talleres de baile a comunidades [&hellip;]\" \/>\n<meta property=\"og:url\" content=\"https:\/\/elhijodelllanero.mx\/index.php\/2026\/02\/10\/apuestan-por-el-baile-jovenes-capacitaran-talento-en-comunidades\/\" \/>\n<meta property=\"og:site_name\" content=\"El Hijo del llanero solititito\" \/>\n<meta property=\"article:published_time\" content=\"2026-02-10T14:56:20+00:00\" \/>\n<meta property=\"article:modified_time\" content=\"2026-02-10T14:58:48+00:00\" \/>\n<meta property=\"og:image\" content=\"https:\/\/elhijodelllanero.mx\/wp-content\/uploads\/2026\/02\/IMG-20260205-WA0006-1.jpg\" \/>\n\t<meta property=\"og:image:width\" content=\"1280\" \/>\n\t<meta property=\"og:image:height\" content=\"963\" \/>\n\t<meta property=\"og:image:type\" content=\"image\/jpeg\" \/>\n<meta name=\"author\" content=\"Mar\u00eda de la Paz Rodarte Ram\u00edrez\" \/>\n<meta name=\"twitter:card\" content=\"summary_large_image\" \/>\n<meta name=\"twitter:label1\" content=\"Escrito por\" \/>\n\t<meta name=\"twitter:data1\" content=\"Mar\u00eda de la Paz Rodarte Ram\u00edrez\" \/>\n\t<meta name=\"twitter:label2\" content=\"Tiempo de lectura\" \/>\n\t<meta name=\"twitter:data2\" content=\"1 minuto\" \/>\n<script type=\"application\/ld+json\" class=\"yoast-schema-graph\">{\"@context\":\"https:\\\/\\\/schema.org\",\"@graph\":[{\"@type\":\"Article\",\"@id\":\"https:\\\/\\\/elhijodelllanero.mx\\\/index.php\\\/2026\\\/02\\\/10\\\/apuestan-por-el-baile-jovenes-capacitaran-talento-en-comunidades\\\/#article\",\"isPartOf\":{\"@id\":\"https:\\\/\\\/elhijodelllanero.mx\\\/index.php\\\/2026\\\/02\\\/10\\\/apuestan-por-el-baile-jovenes-capacitaran-talento-en-comunidades\\\/\"},\"author\":{\"name\":\"Mar\u00eda de la Paz Rodarte Ram\u00edrez\",\"@id\":\"https:\\\/\\\/elhijodelllanero.mx\\\/#\\\/schema\\\/person\\\/c7f8c86c55c1eab44ae2b93a9628245f\"},\"headline\":\"Apuestan por el baile: j\u00f3venes capacitar\u00e1n talento en comunidades.\",\"datePublished\":\"2026-02-10T14:56:20+00:00\",\"dateModified\":\"2026-02-10T14:58:48+00:00\",\"mainEntityOfPage\":{\"@id\":\"https:\\\/\\\/elhijodelllanero.mx\\\/index.php\\\/2026\\\/02\\\/10\\\/apuestan-por-el-baile-jovenes-capacitaran-talento-en-comunidades\\\/\"},\"wordCount\":195,\"commentCount\":0,\"image\":{\"@id\":\"https:\\\/\\\/elhijodelllanero.mx\\\/index.php\\\/2026\\\/02\\\/10\\\/apuestan-por-el-baile-jovenes-capacitaran-talento-en-comunidades\\\/#primaryimage\"},\"thumbnailUrl\":\"https:\\\/\\\/i0.wp.com\\\/elhijodelllanero.mx\\\/wp-content\\\/uploads\\\/2026\\\/02\\\/IMG-20260205-WA0006-1.jpg?fit=1280%2C963&ssl=1\",\"articleSection\":[\"MUNICIPIOS\",\"Villagr\u00e1n\"],\"inLanguage\":\"es\",\"potentialAction\":[{\"@type\":\"CommentAction\",\"name\":\"Comment\",\"target\":[\"https:\\\/\\\/elhijodelllanero.mx\\\/index.php\\\/2026\\\/02\\\/10\\\/apuestan-por-el-baile-jovenes-capacitaran-talento-en-comunidades\\\/#respond\"]}]},{\"@type\":\"WebPage\",\"@id\":\"https:\\\/\\\/elhijodelllanero.mx\\\/index.php\\\/2026\\\/02\\\/10\\\/apuestan-por-el-baile-jovenes-capacitaran-talento-en-comunidades\\\/\",\"url\":\"https:\\\/\\\/elhijodelllanero.mx\\\/index.php\\\/2026\\\/02\\\/10\\\/apuestan-por-el-baile-jovenes-capacitaran-talento-en-comunidades\\\/\",\"name\":\"Apuestan por el baile: j\u00f3venes capacitar\u00e1n talento en comunidades. - El Hijo del llanero solititito\",\"isPartOf\":{\"@id\":\"https:\\\/\\\/elhijodelllanero.mx\\\/#website\"},\"primaryImageOfPage\":{\"@id\":\"https:\\\/\\\/elhijodelllanero.mx\\\/index.php\\\/2026\\\/02\\\/10\\\/apuestan-por-el-baile-jovenes-capacitaran-talento-en-comunidades\\\/#primaryimage\"},\"image\":{\"@id\":\"https:\\\/\\\/elhijodelllanero.mx\\\/index.php\\\/2026\\\/02\\\/10\\\/apuestan-por-el-baile-jovenes-capacitaran-talento-en-comunidades\\\/#primaryimage\"},\"thumbnailUrl\":\"https:\\\/\\\/i0.wp.com\\\/elhijodelllanero.mx\\\/wp-content\\\/uploads\\\/2026\\\/02\\\/IMG-20260205-WA0006-1.jpg?fit=1280%2C963&ssl=1\",\"datePublished\":\"2026-02-10T14:56:20+00:00\",\"dateModified\":\"2026-02-10T14:58:48+00:00\",\"author\":{\"@id\":\"https:\\\/\\\/elhijodelllanero.mx\\\/#\\\/schema\\\/person\\\/c7f8c86c55c1eab44ae2b93a9628245f\"},\"breadcrumb\":{\"@id\":\"https:\\\/\\\/elhijodelllanero.mx\\\/index.php\\\/2026\\\/02\\\/10\\\/apuestan-por-el-baile-jovenes-capacitaran-talento-en-comunidades\\\/#breadcrumb\"},\"inLanguage\":\"es\",\"potentialAction\":[{\"@type\":\"ReadAction\",\"target\":[\"https:\\\/\\\/elhijodelllanero.mx\\\/index.php\\\/2026\\\/02\\\/10\\\/apuestan-por-el-baile-jovenes-capacitaran-talento-en-comunidades\\\/\"]}]},{\"@type\":\"ImageObject\",\"inLanguage\":\"es\",\"@id\":\"https:\\\/\\\/elhijodelllanero.mx\\\/index.php\\\/2026\\\/02\\\/10\\\/apuestan-por-el-baile-jovenes-capacitaran-talento-en-comunidades\\\/#primaryimage\",\"url\":\"https:\\\/\\\/i0.wp.com\\\/elhijodelllanero.mx\\\/wp-content\\\/uploads\\\/2026\\\/02\\\/IMG-20260205-WA0006-1.jpg?fit=1280%2C963&ssl=1\",\"contentUrl\":\"https:\\\/\\\/i0.wp.com\\\/elhijodelllanero.mx\\\/wp-content\\\/uploads\\\/2026\\\/02\\\/IMG-20260205-WA0006-1.jpg?fit=1280%2C963&ssl=1\",\"width\":1280,\"height\":963},{\"@type\":\"BreadcrumbList\",\"@id\":\"https:\\\/\\\/elhijodelllanero.mx\\\/index.php\\\/2026\\\/02\\\/10\\\/apuestan-por-el-baile-jovenes-capacitaran-talento-en-comunidades\\\/#breadcrumb\",\"itemListElement\":[{\"@type\":\"ListItem\",\"position\":1,\"name\":\"Portada\",\"item\":\"https:\\\/\\\/elhijodelllanero.mx\\\/\"},{\"@type\":\"ListItem\",\"position\":2,\"name\":\"Apuestan por el baile: j\u00f3venes capacitar\u00e1n talento en comunidades.\"}]},{\"@type\":\"WebSite\",\"@id\":\"https:\\\/\\\/elhijodelllanero.mx\\\/#website\",\"url\":\"https:\\\/\\\/elhijodelllanero.mx\\\/\",\"name\":\"El Hijo del llanero solititito\",\"description\":\"\",\"potentialAction\":[{\"@type\":\"SearchAction\",\"target\":{\"@type\":\"EntryPoint\",\"urlTemplate\":\"https:\\\/\\\/elhijodelllanero.mx\\\/?s={search_term_string}\"},\"query-input\":{\"@type\":\"PropertyValueSpecification\",\"valueRequired\":true,\"valueName\":\"search_term_string\"}}],\"inLanguage\":\"es\"},{\"@type\":\"Person\",\"@id\":\"https:\\\/\\\/elhijodelllanero.mx\\\/#\\\/schema\\\/person\\\/c7f8c86c55c1eab44ae2b93a9628245f\",\"name\":\"Mar\u00eda de la Paz Rodarte Ram\u00edrez\",\"image\":{\"@type\":\"ImageObject\",\"inLanguage\":\"es\",\"@id\":\"https:\\\/\\\/secure.gravatar.com\\\/avatar\\\/1f38f8518b09a266af73da2bce78d69e7d1275299970134ed62f572e0487e1d0?s=96&d=mm&r=g\",\"url\":\"https:\\\/\\\/secure.gravatar.com\\\/avatar\\\/1f38f8518b09a266af73da2bce78d69e7d1275299970134ed62f572e0487e1d0?s=96&d=mm&r=g\",\"contentUrl\":\"https:\\\/\\\/secure.gravatar.com\\\/avatar\\\/1f38f8518b09a266af73da2bce78d69e7d1275299970134ed62f572e0487e1d0?s=96&d=mm&r=g\",\"caption\":\"Mar\u00eda de la Paz Rodarte Ram\u00edrez\"},\"sameAs\":[\"https:\\\/\\\/www.elhijodelllanero.mx\"],\"url\":\"https:\\\/\\\/elhijodelllanero.mx\\\/index.php\\\/author\\\/maricuas\\\/\"}]}<\/script>\n<!-- \/ Yoast SEO plugin. -->","yoast_head_json":{"title":"Apuestan por el baile: j\u00f3venes capacitar\u00e1n talento en comunidades. - El Hijo del llanero solititito","robots":{"index":"index","follow":"follow","max-snippet":"max-snippet:-1","max-image-preview":"max-image-preview:large","max-video-preview":"max-video-preview:-1"},"canonical":"https:\/\/elhijodelllanero.mx\/index.php\/2026\/02\/10\/apuestan-por-el-baile-jovenes-capacitaran-talento-en-comunidades\/","og_locale":"es_ES","og_type":"article","og_title":"Apuestan por el baile: j\u00f3venes capacitar\u00e1n talento en comunidades. - El Hijo del llanero solititito","og_description":"Cortazar, Gto. 10 de febrero del 2026.-En lugar de dejar el talento guardado en la maleta despu\u00e9s de un viaje nacional, diez j\u00f3venes apoyados por el municipio ahora tendr\u00e1n la misi\u00f3n de regresar el favor\u2026 pero con ritmo. La Direcci\u00f3n del Deporte puso en marcha un esquema para que lleven talleres de baile a comunidades [&hellip;]","og_url":"https:\/\/elhijodelllanero.mx\/index.php\/2026\/02\/10\/apuestan-por-el-baile-jovenes-capacitaran-talento-en-comunidades\/","og_site_name":"El Hijo del llanero solititito","article_published_time":"2026-02-10T14:56:20+00:00","article_modified_time":"2026-02-10T14:58:48+00:00","og_image":[{"width":1280,"height":963,"url":"https:\/\/elhijodelllanero.mx\/wp-content\/uploads\/2026\/02\/IMG-20260205-WA0006-1.jpg","type":"image\/jpeg"}],"author":"Mar\u00eda de la Paz Rodarte Ram\u00edrez","twitter_card":"summary_large_image","twitter_misc":{"Escrito por":"Mar\u00eda de la Paz Rodarte Ram\u00edrez","Tiempo de lectura":"1 minuto"},"schema":{"@context":"https:\/\/schema.org","@graph":[{"@type":"Article","@id":"https:\/\/elhijodelllanero.mx\/index.php\/2026\/02\/10\/apuestan-por-el-baile-jovenes-capacitaran-talento-en-comunidades\/#article","isPartOf":{"@id":"https:\/\/elhijodelllanero.mx\/index.php\/2026\/02\/10\/apuestan-por-el-baile-jovenes-capacitaran-talento-en-comunidades\/"},"author":{"name":"Mar\u00eda de la Paz Rodarte Ram\u00edrez","@id":"https:\/\/elhijodelllanero.mx\/#\/schema\/person\/c7f8c86c55c1eab44ae2b93a9628245f"},"headline":"Apuestan por el baile: j\u00f3venes capacitar\u00e1n talento en comunidades.","datePublished":"2026-02-10T14:56:20+00:00","dateModified":"2026-02-10T14:58:48+00:00","mainEntityOfPage":{"@id":"https:\/\/elhijodelllanero.mx\/index.php\/2026\/02\/10\/apuestan-por-el-baile-jovenes-capacitaran-talento-en-comunidades\/"},"wordCount":195,"commentCount":0,"image":{"@id":"https:\/\/elhijodelllanero.mx\/index.php\/2026\/02\/10\/apuestan-por-el-baile-jovenes-capacitaran-talento-en-comunidades\/#primaryimage"},"thumbnailUrl":"https:\/\/i0.wp.com\/elhijodelllanero.mx\/wp-content\/uploads\/2026\/02\/IMG-20260205-WA0006-1.jpg?fit=1280%2C963&ssl=1","articleSection":["MUNICIPIOS","Villagr\u00e1n"],"inLanguage":"es","potentialAction":[{"@type":"CommentAction","name":"Comment","target":["https:\/\/elhijodelllanero.mx\/index.php\/2026\/02\/10\/apuestan-por-el-baile-jovenes-capacitaran-talento-en-comunidades\/#respond"]}]},{"@type":"WebPage","@id":"https:\/\/elhijodelllanero.mx\/index.php\/2026\/02\/10\/apuestan-por-el-baile-jovenes-capacitaran-talento-en-comunidades\/","url":"https:\/\/elhijodelllanero.mx\/index.php\/2026\/02\/10\/apuestan-por-el-baile-jovenes-capacitaran-talento-en-comunidades\/","name":"Apuestan por el baile: j\u00f3venes capacitar\u00e1n talento en comunidades. - El Hijo del llanero solititito","isPartOf":{"@id":"https:\/\/elhijodelllanero.mx\/#website"},"primaryImageOfPage":{"@id":"https:\/\/elhijodelllanero.mx\/index.php\/2026\/02\/10\/apuestan-por-el-baile-jovenes-capacitaran-talento-en-comunidades\/#primaryimage"},"image":{"@id":"https:\/\/elhijodelllanero.mx\/index.php\/2026\/02\/10\/apuestan-por-el-baile-jovenes-capacitaran-talento-en-comunidades\/#primaryimage"},"thumbnailUrl":"https:\/\/i0.wp.com\/elhijodelllanero.mx\/wp-content\/uploads\/2026\/02\/IMG-20260205-WA0006-1.jpg?fit=1280%2C963&ssl=1","datePublished":"2026-02-10T14:56:20+00:00","dateModified":"2026-02-10T14:58:48+00:00","author":{"@id":"https:\/\/elhijodelllanero.mx\/#\/schema\/person\/c7f8c86c55c1eab44ae2b93a9628245f"},"breadcrumb":{"@id":"https:\/\/elhijodelllanero.mx\/index.php\/2026\/02\/10\/apuestan-por-el-baile-jovenes-capacitaran-talento-en-comunidades\/#breadcrumb"},"inLanguage":"es","potentialAction":[{"@type":"ReadAction","target":["https:\/\/elhijodelllanero.mx\/index.php\/2026\/02\/10\/apuestan-por-el-baile-jovenes-capacitaran-talento-en-comunidades\/"]}]},{"@type":"ImageObject","inLanguage":"es","@id":"https:\/\/elhijodelllanero.mx\/index.php\/2026\/02\/10\/apuestan-por-el-baile-jovenes-capacitaran-talento-en-comunidades\/#primaryimage","url":"https:\/\/i0.wp.com\/elhijodelllanero.mx\/wp-content\/uploads\/2026\/02\/IMG-20260205-WA0006-1.jpg?fit=1280%2C963&ssl=1","contentUrl":"https:\/\/i0.wp.com\/elhijodelllanero.mx\/wp-content\/uploads\/2026\/02\/IMG-20260205-WA0006-1.jpg?fit=1280%2C963&ssl=1","width":1280,"height":963},{"@type":"BreadcrumbList","@id":"https:\/\/elhijodelllanero.mx\/index.php\/2026\/02\/10\/apuestan-por-el-baile-jovenes-capacitaran-talento-en-comunidades\/#breadcrumb","itemListElement":[{"@type":"ListItem","position":1,"name":"Portada","item":"https:\/\/elhijodelllanero.mx\/"},{"@type":"ListItem","position":2,"name":"Apuestan por el baile: j\u00f3venes capacitar\u00e1n talento en comunidades."}]},{"@type":"WebSite","@id":"https:\/\/elhijodelllanero.mx\/#website","url":"https:\/\/elhijodelllanero.mx\/","name":"El Hijo del llanero solititito","description":"","potentialAction":[{"@type":"SearchAction","target":{"@type":"EntryPoint","urlTemplate":"https:\/\/elhijodelllanero.mx\/?s={search_term_string}"},"query-input":{"@type":"PropertyValueSpecification","valueRequired":true,"valueName":"search_term_string"}}],"inLanguage":"es"},{"@type":"Person","@id":"https:\/\/elhijodelllanero.mx\/#\/schema\/person\/c7f8c86c55c1eab44ae2b93a9628245f","name":"Mar\u00eda de la Paz Rodarte Ram\u00edrez","image":{"@type":"ImageObject","inLanguage":"es","@id":"https:\/\/secure.gravatar.com\/avatar\/1f38f8518b09a266af73da2bce78d69e7d1275299970134ed62f572e0487e1d0?s=96&d=mm&r=g","url":"https:\/\/secure.gravatar.com\/avatar\/1f38f8518b09a266af73da2bce78d69e7d1275299970134ed62f572e0487e1d0?s=96&d=mm&r=g","contentUrl":"https:\/\/secure.gravatar.com\/avatar\/1f38f8518b09a266af73da2bce78d69e7d1275299970134ed62f572e0487e1d0?s=96&d=mm&r=g","caption":"Mar\u00eda de la Paz Rodarte Ram\u00edrez"},"sameAs":["https:\/\/www.elhijodelllanero.mx"],"url":"https:\/\/elhijodelllanero.mx\/index.php\/author\/maricuas\/"}]}},"jetpack_featured_media_url":"https:\/\/i0.wp.com\/elhijodelllanero.mx\/wp-content\/uploads\/2026\/02\/IMG-20260205-WA0006-1.jpg?fit=1280%2C963&ssl=1","jetpack-related-posts":[],"jetpack_sharing_enabled":true,"_links":{"self":[{"href":"https:\/\/elhijodelllanero.mx\/index.php\/wp-json\/wp\/v2\/posts\/12891","targetHints":{"allow":["GET"]}}],"collection":[{"href":"https:\/\/elhijodelllanero.mx\/index.php\/wp-json\/wp\/v2\/posts"}],"about":[{"href":"https:\/\/elhijodelllanero.mx\/index.php\/wp-json\/wp\/v2\/types\/post"}],"author":[{"embeddable":true,"href":"https:\/\/elhijodelllanero.mx\/index.php\/wp-json\/wp\/v2\/users\/3"}],"replies":[{"embeddable":true,"href":"https:\/\/elhijodelllanero.mx\/index.php\/wp-json\/wp\/v2\/comments?post=12891"}],"version-history":[{"count":1,"href":"https:\/\/elhijodelllanero.mx\/index.php\/wp-json\/wp\/v2\/posts\/12891\/revisions"}],"predecessor-version":[{"id":12893,"href":"https:\/\/elhijodelllanero.mx\/index.php\/wp-json\/wp\/v2\/posts\/12891\/revisions\/12893"}],"wp:featuredmedia":[{"embeddable":true,"href":"https:\/\/elhijodelllanero.mx\/index.php\/wp-json\/wp\/v2\/media\/12894"}],"wp:attachment":[{"href":"https:\/\/elhijodelllanero.mx\/index.php\/wp-json\/wp\/v2\/media?parent=12891"}],"wp:term":[{"taxonomy":"category","embeddable":true,"href":"https:\/\/elhijodelllanero.mx\/index.php\/wp-json\/wp\/v2\/categories?post=12891"},{"taxonomy":"post_tag","embeddable":true,"href":"https:\/\/elhijodelllanero.mx\/index.php\/wp-json\/wp\/v2\/tags?post=12891"}],"curies":[{"name":"wp","href":"https:\/\/api.w.org\/{rel}","templated":true}]}}