{"id":12895,"date":"2026-02-10T15:00:19","date_gmt":"2026-02-10T15:00:19","guid":{"rendered":"https:\/\/elhijodelllanero.mx\/?p=12895"},"modified":"2026-02-10T15:02:39","modified_gmt":"2026-02-10T15:02:39","slug":"empoderamiento-con-wifi-y-conciencia-talleres-tambien-llegan-a-adolescentes","status":"publish","type":"post","link":"https:\/\/elhijodelllanero.mx\/index.php\/2026\/02\/10\/empoderamiento-con-wifi-y-conciencia-talleres-tambien-llegan-a-adolescentes\/","title":{"rendered":"Empoderamiento con WiFi y conciencia: talleres tambi\u00e9n llegan a adolescentes."},"content":{"rendered":"<p>Villagr\u00e1n, Gto. 10 de febrero del 2026.-Los talleres de empoderamiento impulsados por el gobierno municipal de Villagr\u00e1n no solo est\u00e1n dirigidos a mujeres adultas: ahora tambi\u00e9n incluyen a adolescentes, porque la independencia econ\u00f3mica y el uso inteligente de redes sociales funcionan mejor cuando no llegan tarde.<\/p>\n<p>La directora de la Mujer y Grupos Vulnerables, Mar\u00eda de Jes\u00fas Mu\u00f1oz, inform\u00f3 que actualmente operan seis grupos en comunidades como Mexicanos, San Isidro, Sarabia, Santa Rosa, El Caracol y la colonia Praderas, donde se trabajan temas preventivos, de desarrollo personal y \u2014novedad \u00fatil\u2014 salud mental.<\/p>\n<p>Adem\u00e1s de los talleres tradicionales, se integraron contenidos que responden a los intereses de las j\u00f3venes, como fotograf\u00eda y manejo seguro de redes sociales, demostrando que el empoderamiento tambi\u00e9n puede venir con c\u00e1mara y contrase\u00f1a fuerte.<\/p>\n<p>La estrategia busca que m\u00e1s mujeres y adolescentes cuenten con herramientas para generar ingresos propios y fortalecer su autonom\u00eda, especialmente en contextos de violencia, donde aprender un oficio puede ser m\u00e1s efectivo que mil consejos motivacionales.<\/p>\n<p>La apuesta es clara: m\u00e1s capacitaci\u00f3n, m\u00e1s prevenci\u00f3n y menos quedarse con ganas de \u201cluego veo c\u00f3mo le hago\u201d.<\/p>\n","protected":false},"excerpt":{"rendered":"<p>Villagr\u00e1n, Gto. 10 de febrero del 2026.-Los talleres de empoderamiento impulsados por el gobierno municipal de Villagr\u00e1n no solo est\u00e1n dirigidos a mujeres adultas: ahora tambi\u00e9n incluyen a adolescentes, porque la independencia econ\u00f3mica y el uso inteligente de redes sociales funcionan mejor cuando no llegan tarde. La directora de la Mujer y Grupos Vulnerables, Mar\u00eda [&hellip;]<\/p>\n","protected":false},"author":3,"featured_media":12898,"comment_status":"open","ping_status":"closed","sticky":false,"template":"","format":"standard","meta":{"_jetpack_newsletter_access":"","_jetpack_dont_email_post_to_subs":false,"_jetpack_newsletter_tier_id":0,"_jetpack_memberships_contains_paywalled_content":false,"_jetpack_memberships_contains_paid_content":false,"footnotes":""},"categories":[76,85],"tags":[],"class_list":{"0":"post-12895","1":"post","2":"type-post","3":"status-publish","4":"format-standard","5":"has-post-thumbnail","7":"category-municipios","8":"category-villagran"},"yoast_head":"<!-- This site is optimized with the Yoast SEO plugin v27.3 - https:\/\/yoast.com\/product\/yoast-seo-wordpress\/ -->\n<title>Empoderamiento con WiFi y conciencia: talleres tambi\u00e9n llegan a adolescentes. - El Hijo del llanero solititito<\/title>\n<meta name=\"robots\" content=\"index, follow, max-snippet:-1, max-image-preview:large, max-video-preview:-1\" \/>\n<link rel=\"canonical\" href=\"https:\/\/elhijodelllanero.mx\/index.php\/2026\/02\/10\/empoderamiento-con-wifi-y-conciencia-talleres-tambien-llegan-a-adolescentes\/\" \/>\n<meta property=\"og:locale\" content=\"es_ES\" \/>\n<meta property=\"og:type\" content=\"article\" \/>\n<meta property=\"og:title\" content=\"Empoderamiento con WiFi y conciencia: talleres tambi\u00e9n llegan a adolescentes. - El Hijo del llanero solititito\" \/>\n<meta property=\"og:description\" content=\"Villagr\u00e1n, Gto. 10 de febrero del 2026.-Los talleres de empoderamiento impulsados por el gobierno municipal de Villagr\u00e1n no solo est\u00e1n dirigidos a mujeres adultas: ahora tambi\u00e9n incluyen a adolescentes, porque la independencia econ\u00f3mica y el uso inteligente de redes sociales funcionan mejor cuando no llegan tarde. La directora de la Mujer y Grupos Vulnerables, Mar\u00eda [&hellip;]\" \/>\n<meta property=\"og:url\" content=\"https:\/\/elhijodelllanero.mx\/index.php\/2026\/02\/10\/empoderamiento-con-wifi-y-conciencia-talleres-tambien-llegan-a-adolescentes\/\" \/>\n<meta property=\"og:site_name\" content=\"El Hijo del llanero solititito\" \/>\n<meta property=\"article:published_time\" content=\"2026-02-10T15:00:19+00:00\" \/>\n<meta property=\"article:modified_time\" content=\"2026-02-10T15:02:39+00:00\" \/>\n<meta property=\"og:image\" content=\"https:\/\/elhijodelllanero.mx\/wp-content\/uploads\/2026\/02\/IMG-20260210-WA0002-2.jpg\" \/>\n\t<meta property=\"og:image:width\" content=\"1280\" \/>\n\t<meta property=\"og:image:height\" content=\"1019\" \/>\n\t<meta property=\"og:image:type\" content=\"image\/jpeg\" \/>\n<meta name=\"author\" content=\"Mar\u00eda de la Paz Rodarte Ram\u00edrez\" \/>\n<meta name=\"twitter:card\" content=\"summary_large_image\" \/>\n<meta name=\"twitter:label1\" content=\"Escrito por\" \/>\n\t<meta name=\"twitter:data1\" content=\"Mar\u00eda de la Paz Rodarte Ram\u00edrez\" \/>\n\t<meta name=\"twitter:label2\" content=\"Tiempo de lectura\" \/>\n\t<meta name=\"twitter:data2\" content=\"2 minutos\" \/>\n<script type=\"application\/ld+json\" class=\"yoast-schema-graph\">{\"@context\":\"https:\\\/\\\/schema.org\",\"@graph\":[{\"@type\":\"Article\",\"@id\":\"https:\\\/\\\/elhijodelllanero.mx\\\/index.php\\\/2026\\\/02\\\/10\\\/empoderamiento-con-wifi-y-conciencia-talleres-tambien-llegan-a-adolescentes\\\/#article\",\"isPartOf\":{\"@id\":\"https:\\\/\\\/elhijodelllanero.mx\\\/index.php\\\/2026\\\/02\\\/10\\\/empoderamiento-con-wifi-y-conciencia-talleres-tambien-llegan-a-adolescentes\\\/\"},\"author\":{\"name\":\"Mar\u00eda de la Paz Rodarte Ram\u00edrez\",\"@id\":\"https:\\\/\\\/elhijodelllanero.mx\\\/#\\\/schema\\\/person\\\/c7f8c86c55c1eab44ae2b93a9628245f\"},\"headline\":\"Empoderamiento con WiFi y conciencia: talleres tambi\u00e9n llegan a adolescentes.\",\"datePublished\":\"2026-02-10T15:00:19+00:00\",\"dateModified\":\"2026-02-10T15:02:39+00:00\",\"mainEntityOfPage\":{\"@id\":\"https:\\\/\\\/elhijodelllanero.mx\\\/index.php\\\/2026\\\/02\\\/10\\\/empoderamiento-con-wifi-y-conciencia-talleres-tambien-llegan-a-adolescentes\\\/\"},\"wordCount\":215,\"commentCount\":0,\"image\":{\"@id\":\"https:\\\/\\\/elhijodelllanero.mx\\\/index.php\\\/2026\\\/02\\\/10\\\/empoderamiento-con-wifi-y-conciencia-talleres-tambien-llegan-a-adolescentes\\\/#primaryimage\"},\"thumbnailUrl\":\"https:\\\/\\\/i0.wp.com\\\/elhijodelllanero.mx\\\/wp-content\\\/uploads\\\/2026\\\/02\\\/IMG-20260210-WA0002-2.jpg?fit=1280%2C1019&ssl=1\",\"articleSection\":[\"MUNICIPIOS\",\"Villagr\u00e1n\"],\"inLanguage\":\"es\",\"potentialAction\":[{\"@type\":\"CommentAction\",\"name\":\"Comment\",\"target\":[\"https:\\\/\\\/elhijodelllanero.mx\\\/index.php\\\/2026\\\/02\\\/10\\\/empoderamiento-con-wifi-y-conciencia-talleres-tambien-llegan-a-adolescentes\\\/#respond\"]}]},{\"@type\":\"WebPage\",\"@id\":\"https:\\\/\\\/elhijodelllanero.mx\\\/index.php\\\/2026\\\/02\\\/10\\\/empoderamiento-con-wifi-y-conciencia-talleres-tambien-llegan-a-adolescentes\\\/\",\"url\":\"https:\\\/\\\/elhijodelllanero.mx\\\/index.php\\\/2026\\\/02\\\/10\\\/empoderamiento-con-wifi-y-conciencia-talleres-tambien-llegan-a-adolescentes\\\/\",\"name\":\"Empoderamiento con WiFi y conciencia: talleres tambi\u00e9n llegan a adolescentes. - El Hijo del llanero solititito\",\"isPartOf\":{\"@id\":\"https:\\\/\\\/elhijodelllanero.mx\\\/#website\"},\"primaryImageOfPage\":{\"@id\":\"https:\\\/\\\/elhijodelllanero.mx\\\/index.php\\\/2026\\\/02\\\/10\\\/empoderamiento-con-wifi-y-conciencia-talleres-tambien-llegan-a-adolescentes\\\/#primaryimage\"},\"image\":{\"@id\":\"https:\\\/\\\/elhijodelllanero.mx\\\/index.php\\\/2026\\\/02\\\/10\\\/empoderamiento-con-wifi-y-conciencia-talleres-tambien-llegan-a-adolescentes\\\/#primaryimage\"},\"thumbnailUrl\":\"https:\\\/\\\/i0.wp.com\\\/elhijodelllanero.mx\\\/wp-content\\\/uploads\\\/2026\\\/02\\\/IMG-20260210-WA0002-2.jpg?fit=1280%2C1019&ssl=1\",\"datePublished\":\"2026-02-10T15:00:19+00:00\",\"dateModified\":\"2026-02-10T15:02:39+00:00\",\"author\":{\"@id\":\"https:\\\/\\\/elhijodelllanero.mx\\\/#\\\/schema\\\/person\\\/c7f8c86c55c1eab44ae2b93a9628245f\"},\"breadcrumb\":{\"@id\":\"https:\\\/\\\/elhijodelllanero.mx\\\/index.php\\\/2026\\\/02\\\/10\\\/empoderamiento-con-wifi-y-conciencia-talleres-tambien-llegan-a-adolescentes\\\/#breadcrumb\"},\"inLanguage\":\"es\",\"potentialAction\":[{\"@type\":\"ReadAction\",\"target\":[\"https:\\\/\\\/elhijodelllanero.mx\\\/index.php\\\/2026\\\/02\\\/10\\\/empoderamiento-con-wifi-y-conciencia-talleres-tambien-llegan-a-adolescentes\\\/\"]}]},{\"@type\":\"ImageObject\",\"inLanguage\":\"es\",\"@id\":\"https:\\\/\\\/elhijodelllanero.mx\\\/index.php\\\/2026\\\/02\\\/10\\\/empoderamiento-con-wifi-y-conciencia-talleres-tambien-llegan-a-adolescentes\\\/#primaryimage\",\"url\":\"https:\\\/\\\/i0.wp.com\\\/elhijodelllanero.mx\\\/wp-content\\\/uploads\\\/2026\\\/02\\\/IMG-20260210-WA0002-2.jpg?fit=1280%2C1019&ssl=1\",\"contentUrl\":\"https:\\\/\\\/i0.wp.com\\\/elhijodelllanero.mx\\\/wp-content\\\/uploads\\\/2026\\\/02\\\/IMG-20260210-WA0002-2.jpg?fit=1280%2C1019&ssl=1\",\"width\":1280,\"height\":1019},{\"@type\":\"BreadcrumbList\",\"@id\":\"https:\\\/\\\/elhijodelllanero.mx\\\/index.php\\\/2026\\\/02\\\/10\\\/empoderamiento-con-wifi-y-conciencia-talleres-tambien-llegan-a-adolescentes\\\/#breadcrumb\",\"itemListElement\":[{\"@type\":\"ListItem\",\"position\":1,\"name\":\"Portada\",\"item\":\"https:\\\/\\\/elhijodelllanero.mx\\\/\"},{\"@type\":\"ListItem\",\"position\":2,\"name\":\"Empoderamiento con WiFi y conciencia: talleres tambi\u00e9n llegan a adolescentes.\"}]},{\"@type\":\"WebSite\",\"@id\":\"https:\\\/\\\/elhijodelllanero.mx\\\/#website\",\"url\":\"https:\\\/\\\/elhijodelllanero.mx\\\/\",\"name\":\"El Hijo del llanero solititito\",\"description\":\"\",\"potentialAction\":[{\"@type\":\"SearchAction\",\"target\":{\"@type\":\"EntryPoint\",\"urlTemplate\":\"https:\\\/\\\/elhijodelllanero.mx\\\/?s={search_term_string}\"},\"query-input\":{\"@type\":\"PropertyValueSpecification\",\"valueRequired\":true,\"valueName\":\"search_term_string\"}}],\"inLanguage\":\"es\"},{\"@type\":\"Person\",\"@id\":\"https:\\\/\\\/elhijodelllanero.mx\\\/#\\\/schema\\\/person\\\/c7f8c86c55c1eab44ae2b93a9628245f\",\"name\":\"Mar\u00eda de la Paz Rodarte Ram\u00edrez\",\"image\":{\"@type\":\"ImageObject\",\"inLanguage\":\"es\",\"@id\":\"https:\\\/\\\/secure.gravatar.com\\\/avatar\\\/1f38f8518b09a266af73da2bce78d69e7d1275299970134ed62f572e0487e1d0?s=96&d=mm&r=g\",\"url\":\"https:\\\/\\\/secure.gravatar.com\\\/avatar\\\/1f38f8518b09a266af73da2bce78d69e7d1275299970134ed62f572e0487e1d0?s=96&d=mm&r=g\",\"contentUrl\":\"https:\\\/\\\/secure.gravatar.com\\\/avatar\\\/1f38f8518b09a266af73da2bce78d69e7d1275299970134ed62f572e0487e1d0?s=96&d=mm&r=g\",\"caption\":\"Mar\u00eda de la Paz Rodarte Ram\u00edrez\"},\"sameAs\":[\"https:\\\/\\\/www.elhijodelllanero.mx\"],\"url\":\"https:\\\/\\\/elhijodelllanero.mx\\\/index.php\\\/author\\\/maricuas\\\/\"}]}<\/script>\n<!-- \/ Yoast SEO plugin. -->","yoast_head_json":{"title":"Empoderamiento con WiFi y conciencia: talleres tambi\u00e9n llegan a adolescentes. - El Hijo del llanero solititito","robots":{"index":"index","follow":"follow","max-snippet":"max-snippet:-1","max-image-preview":"max-image-preview:large","max-video-preview":"max-video-preview:-1"},"canonical":"https:\/\/elhijodelllanero.mx\/index.php\/2026\/02\/10\/empoderamiento-con-wifi-y-conciencia-talleres-tambien-llegan-a-adolescentes\/","og_locale":"es_ES","og_type":"article","og_title":"Empoderamiento con WiFi y conciencia: talleres tambi\u00e9n llegan a adolescentes. - El Hijo del llanero solititito","og_description":"Villagr\u00e1n, Gto. 10 de febrero del 2026.-Los talleres de empoderamiento impulsados por el gobierno municipal de Villagr\u00e1n no solo est\u00e1n dirigidos a mujeres adultas: ahora tambi\u00e9n incluyen a adolescentes, porque la independencia econ\u00f3mica y el uso inteligente de redes sociales funcionan mejor cuando no llegan tarde. La directora de la Mujer y Grupos Vulnerables, Mar\u00eda [&hellip;]","og_url":"https:\/\/elhijodelllanero.mx\/index.php\/2026\/02\/10\/empoderamiento-con-wifi-y-conciencia-talleres-tambien-llegan-a-adolescentes\/","og_site_name":"El Hijo del llanero solititito","article_published_time":"2026-02-10T15:00:19+00:00","article_modified_time":"2026-02-10T15:02:39+00:00","og_image":[{"width":1280,"height":1019,"url":"https:\/\/elhijodelllanero.mx\/wp-content\/uploads\/2026\/02\/IMG-20260210-WA0002-2.jpg","type":"image\/jpeg"}],"author":"Mar\u00eda de la Paz Rodarte Ram\u00edrez","twitter_card":"summary_large_image","twitter_misc":{"Escrito por":"Mar\u00eda de la Paz Rodarte Ram\u00edrez","Tiempo de lectura":"2 minutos"},"schema":{"@context":"https:\/\/schema.org","@graph":[{"@type":"Article","@id":"https:\/\/elhijodelllanero.mx\/index.php\/2026\/02\/10\/empoderamiento-con-wifi-y-conciencia-talleres-tambien-llegan-a-adolescentes\/#article","isPartOf":{"@id":"https:\/\/elhijodelllanero.mx\/index.php\/2026\/02\/10\/empoderamiento-con-wifi-y-conciencia-talleres-tambien-llegan-a-adolescentes\/"},"author":{"name":"Mar\u00eda de la Paz Rodarte Ram\u00edrez","@id":"https:\/\/elhijodelllanero.mx\/#\/schema\/person\/c7f8c86c55c1eab44ae2b93a9628245f"},"headline":"Empoderamiento con WiFi y conciencia: talleres tambi\u00e9n llegan a adolescentes.","datePublished":"2026-02-10T15:00:19+00:00","dateModified":"2026-02-10T15:02:39+00:00","mainEntityOfPage":{"@id":"https:\/\/elhijodelllanero.mx\/index.php\/2026\/02\/10\/empoderamiento-con-wifi-y-conciencia-talleres-tambien-llegan-a-adolescentes\/"},"wordCount":215,"commentCount":0,"image":{"@id":"https:\/\/elhijodelllanero.mx\/index.php\/2026\/02\/10\/empoderamiento-con-wifi-y-conciencia-talleres-tambien-llegan-a-adolescentes\/#primaryimage"},"thumbnailUrl":"https:\/\/i0.wp.com\/elhijodelllanero.mx\/wp-content\/uploads\/2026\/02\/IMG-20260210-WA0002-2.jpg?fit=1280%2C1019&ssl=1","articleSection":["MUNICIPIOS","Villagr\u00e1n"],"inLanguage":"es","potentialAction":[{"@type":"CommentAction","name":"Comment","target":["https:\/\/elhijodelllanero.mx\/index.php\/2026\/02\/10\/empoderamiento-con-wifi-y-conciencia-talleres-tambien-llegan-a-adolescentes\/#respond"]}]},{"@type":"WebPage","@id":"https:\/\/elhijodelllanero.mx\/index.php\/2026\/02\/10\/empoderamiento-con-wifi-y-conciencia-talleres-tambien-llegan-a-adolescentes\/","url":"https:\/\/elhijodelllanero.mx\/index.php\/2026\/02\/10\/empoderamiento-con-wifi-y-conciencia-talleres-tambien-llegan-a-adolescentes\/","name":"Empoderamiento con WiFi y conciencia: talleres tambi\u00e9n llegan a adolescentes. - El Hijo del llanero solititito","isPartOf":{"@id":"https:\/\/elhijodelllanero.mx\/#website"},"primaryImageOfPage":{"@id":"https:\/\/elhijodelllanero.mx\/index.php\/2026\/02\/10\/empoderamiento-con-wifi-y-conciencia-talleres-tambien-llegan-a-adolescentes\/#primaryimage"},"image":{"@id":"https:\/\/elhijodelllanero.mx\/index.php\/2026\/02\/10\/empoderamiento-con-wifi-y-conciencia-talleres-tambien-llegan-a-adolescentes\/#primaryimage"},"thumbnailUrl":"https:\/\/i0.wp.com\/elhijodelllanero.mx\/wp-content\/uploads\/2026\/02\/IMG-20260210-WA0002-2.jpg?fit=1280%2C1019&ssl=1","datePublished":"2026-02-10T15:00:19+00:00","dateModified":"2026-02-10T15:02:39+00:00","author":{"@id":"https:\/\/elhijodelllanero.mx\/#\/schema\/person\/c7f8c86c55c1eab44ae2b93a9628245f"},"breadcrumb":{"@id":"https:\/\/elhijodelllanero.mx\/index.php\/2026\/02\/10\/empoderamiento-con-wifi-y-conciencia-talleres-tambien-llegan-a-adolescentes\/#breadcrumb"},"inLanguage":"es","potentialAction":[{"@type":"ReadAction","target":["https:\/\/elhijodelllanero.mx\/index.php\/2026\/02\/10\/empoderamiento-con-wifi-y-conciencia-talleres-tambien-llegan-a-adolescentes\/"]}]},{"@type":"ImageObject","inLanguage":"es","@id":"https:\/\/elhijodelllanero.mx\/index.php\/2026\/02\/10\/empoderamiento-con-wifi-y-conciencia-talleres-tambien-llegan-a-adolescentes\/#primaryimage","url":"https:\/\/i0.wp.com\/elhijodelllanero.mx\/wp-content\/uploads\/2026\/02\/IMG-20260210-WA0002-2.jpg?fit=1280%2C1019&ssl=1","contentUrl":"https:\/\/i0.wp.com\/elhijodelllanero.mx\/wp-content\/uploads\/2026\/02\/IMG-20260210-WA0002-2.jpg?fit=1280%2C1019&ssl=1","width":1280,"height":1019},{"@type":"BreadcrumbList","@id":"https:\/\/elhijodelllanero.mx\/index.php\/2026\/02\/10\/empoderamiento-con-wifi-y-conciencia-talleres-tambien-llegan-a-adolescentes\/#breadcrumb","itemListElement":[{"@type":"ListItem","position":1,"name":"Portada","item":"https:\/\/elhijodelllanero.mx\/"},{"@type":"ListItem","position":2,"name":"Empoderamiento con WiFi y conciencia: talleres tambi\u00e9n llegan a adolescentes."}]},{"@type":"WebSite","@id":"https:\/\/elhijodelllanero.mx\/#website","url":"https:\/\/elhijodelllanero.mx\/","name":"El Hijo del llanero solititito","description":"","potentialAction":[{"@type":"SearchAction","target":{"@type":"EntryPoint","urlTemplate":"https:\/\/elhijodelllanero.mx\/?s={search_term_string}"},"query-input":{"@type":"PropertyValueSpecification","valueRequired":true,"valueName":"search_term_string"}}],"inLanguage":"es"},{"@type":"Person","@id":"https:\/\/elhijodelllanero.mx\/#\/schema\/person\/c7f8c86c55c1eab44ae2b93a9628245f","name":"Mar\u00eda de la Paz Rodarte Ram\u00edrez","image":{"@type":"ImageObject","inLanguage":"es","@id":"https:\/\/secure.gravatar.com\/avatar\/1f38f8518b09a266af73da2bce78d69e7d1275299970134ed62f572e0487e1d0?s=96&d=mm&r=g","url":"https:\/\/secure.gravatar.com\/avatar\/1f38f8518b09a266af73da2bce78d69e7d1275299970134ed62f572e0487e1d0?s=96&d=mm&r=g","contentUrl":"https:\/\/secure.gravatar.com\/avatar\/1f38f8518b09a266af73da2bce78d69e7d1275299970134ed62f572e0487e1d0?s=96&d=mm&r=g","caption":"Mar\u00eda de la Paz Rodarte Ram\u00edrez"},"sameAs":["https:\/\/www.elhijodelllanero.mx"],"url":"https:\/\/elhijodelllanero.mx\/index.php\/author\/maricuas\/"}]}},"jetpack_featured_media_url":"https:\/\/i0.wp.com\/elhijodelllanero.mx\/wp-content\/uploads\/2026\/02\/IMG-20260210-WA0002-2.jpg?fit=1280%2C1019&ssl=1","jetpack-related-posts":[],"jetpack_sharing_enabled":true,"_links":{"self":[{"href":"https:\/\/elhijodelllanero.mx\/index.php\/wp-json\/wp\/v2\/posts\/12895","targetHints":{"allow":["GET"]}}],"collection":[{"href":"https:\/\/elhijodelllanero.mx\/index.php\/wp-json\/wp\/v2\/posts"}],"about":[{"href":"https:\/\/elhijodelllanero.mx\/index.php\/wp-json\/wp\/v2\/types\/post"}],"author":[{"embeddable":true,"href":"https:\/\/elhijodelllanero.mx\/index.php\/wp-json\/wp\/v2\/users\/3"}],"replies":[{"embeddable":true,"href":"https:\/\/elhijodelllanero.mx\/index.php\/wp-json\/wp\/v2\/comments?post=12895"}],"version-history":[{"count":1,"href":"https:\/\/elhijodelllanero.mx\/index.php\/wp-json\/wp\/v2\/posts\/12895\/revisions"}],"predecessor-version":[{"id":12897,"href":"https:\/\/elhijodelllanero.mx\/index.php\/wp-json\/wp\/v2\/posts\/12895\/revisions\/12897"}],"wp:featuredmedia":[{"embeddable":true,"href":"https:\/\/elhijodelllanero.mx\/index.php\/wp-json\/wp\/v2\/media\/12898"}],"wp:attachment":[{"href":"https:\/\/elhijodelllanero.mx\/index.php\/wp-json\/wp\/v2\/media?parent=12895"}],"wp:term":[{"taxonomy":"category","embeddable":true,"href":"https:\/\/elhijodelllanero.mx\/index.php\/wp-json\/wp\/v2\/categories?post=12895"},{"taxonomy":"post_tag","embeddable":true,"href":"https:\/\/elhijodelllanero.mx\/index.php\/wp-json\/wp\/v2\/tags?post=12895"}],"curies":[{"name":"wp","href":"https:\/\/api.w.org\/{rel}","templated":true}]}}