{"id":12900,"date":"2026-02-12T16:04:49","date_gmt":"2026-02-12T16:04:49","guid":{"rendered":"https:\/\/elhijodelllanero.mx\/?p=12900"},"modified":"2026-02-12T16:04:49","modified_gmt":"2026-02-12T16:04:49","slug":"habria-detenciones-en-caso-de-actos-vandalicos-durante-marcha-de-8m","status":"publish","type":"post","link":"https:\/\/elhijodelllanero.mx\/index.php\/2026\/02\/12\/habria-detenciones-en-caso-de-actos-vandalicos-durante-marcha-de-8m\/","title":{"rendered":"Habr\u00eda detenciones en caso de actos vand\u00e1licos durante marcha de 8M."},"content":{"rendered":"<p>Celaya, Gto. 12 de febrero del 2026.-El presidente municipal de Celaya, Juan Miguel Ram\u00edrez, inform\u00f3 que durante la marcha del 8 de marzo que realizan colectivos feministas se realizar\u00e1n detenciones en caso de que se registren actos vand\u00e1licos, da\u00f1os a comercios o agresiones, aunque reiter\u00f3 que se garantizar\u00e1 el derecho a la libre manifestaci\u00f3n.<\/p>\n<p>Asimismo, anunci\u00f3 que durante todo marzo se llevar\u00e1 a cabo el \u201cMes de la Mujer\u201d, con actividades organizadas por distintas dependencias municipales.<\/p>\n<p>\u201cSi es una cuesti\u00f3n muy violenta si, o sea nosotros queremos darles todas las garant\u00edas porque aqu\u00ed hay libertad de expresi\u00f3n, libertad de tr\u00e1nsito, libertad de reuni\u00f3n y queremos que se ejerce plenamente, pero como la otra vez yo les ped\u00eda que si atentan contra los locales, s\u00ed, s\u00ed hay problemas hoy apenas se est\u00e1n recuperando las tiendas, sobre todo del centro vivieron una \u00e9poca muy dif\u00edcil por muchos a\u00f1os algunas se mantuvieron por dignidad porque muchas de esas eran herencias etc\u00e9tera, pero hoy ya que se est\u00e1n acomodando, no queremos que lleguen rompan vidrios que vandalicen que se lleven las cosas etc\u00e9tera, en eso s\u00ed vamos a tener cuidado\u201d, si se pasan si las detenemos\u201d.<\/p>\n<p>Dijo que el Gobierno Municipal no llevar\u00e1 a cabo actividades oficiales ese d\u00eda, como parte de un acuerdo con los colectivos, a fin de que puedan desarrollar sus movilizaciones con libertad. No obstante, indic\u00f3 que se implementar\u00e1 un operativo de acompa\u00f1amiento con patrullas y elementos de Tr\u00e1nsito para resguardar la seguridad de las participantes y evitar incidentes viales.<\/p>\n<p>\u201cS\u00ed tambi\u00e9n yo le pido a los compa\u00f1eros que sean cuidadosos, porque si le dicen algo a las compa\u00f1eras con justa raz\u00f3n pues ella reaccionan, pero si ellos no les dicen nada regularmente ellas se mantienen su objetivos es otro, su objetivo no es que en la primera p\u00e1gina salga que son violentas si no salga qu\u00e9 por qu\u00e9 est\u00e1n luchando, cu\u00e1les son sus objetivos, por qu\u00e9 hacen esto etc\u00e9tera\u201d.<\/p>\n","protected":false},"excerpt":{"rendered":"<p>Celaya, Gto. 12 de febrero del 2026.-El presidente municipal de Celaya, Juan Miguel Ram\u00edrez, inform\u00f3 que durante la marcha del 8 de marzo que realizan colectivos feministas se realizar\u00e1n detenciones en caso de que se registren actos vand\u00e1licos, da\u00f1os a comercios o agresiones, aunque reiter\u00f3 que se garantizar\u00e1 el derecho a la libre manifestaci\u00f3n. Asimismo, [&hellip;]<\/p>\n","protected":false},"author":3,"featured_media":12901,"comment_status":"open","ping_status":"closed","sticky":false,"template":"","format":"standard","meta":{"_jetpack_newsletter_access":"","_jetpack_dont_email_post_to_subs":false,"_jetpack_newsletter_tier_id":0,"_jetpack_memberships_contains_paywalled_content":false,"_jetpack_memberships_contains_paid_content":false,"footnotes":""},"categories":[74],"tags":[],"class_list":{"0":"post-12900","1":"post","2":"type-post","3":"status-publish","4":"format-standard","5":"has-post-thumbnail","7":"category-celaya"},"yoast_head":"<!-- This site is optimized with the Yoast SEO plugin v27.3 - https:\/\/yoast.com\/product\/yoast-seo-wordpress\/ -->\n<title>Habr\u00eda detenciones en caso de actos vand\u00e1licos durante marcha de 8M. - El Hijo del llanero solititito<\/title>\n<meta name=\"robots\" content=\"index, follow, max-snippet:-1, max-image-preview:large, max-video-preview:-1\" \/>\n<link rel=\"canonical\" href=\"https:\/\/elhijodelllanero.mx\/index.php\/2026\/02\/12\/habria-detenciones-en-caso-de-actos-vandalicos-durante-marcha-de-8m\/\" \/>\n<meta property=\"og:locale\" content=\"es_ES\" \/>\n<meta property=\"og:type\" content=\"article\" \/>\n<meta property=\"og:title\" content=\"Habr\u00eda detenciones en caso de actos vand\u00e1licos durante marcha de 8M. - El Hijo del llanero solititito\" \/>\n<meta property=\"og:description\" content=\"Celaya, Gto. 12 de febrero del 2026.-El presidente municipal de Celaya, Juan Miguel Ram\u00edrez, inform\u00f3 que durante la marcha del 8 de marzo que realizan colectivos feministas se realizar\u00e1n detenciones en caso de que se registren actos vand\u00e1licos, da\u00f1os a comercios o agresiones, aunque reiter\u00f3 que se garantizar\u00e1 el derecho a la libre manifestaci\u00f3n. Asimismo, [&hellip;]\" \/>\n<meta property=\"og:url\" content=\"https:\/\/elhijodelllanero.mx\/index.php\/2026\/02\/12\/habria-detenciones-en-caso-de-actos-vandalicos-durante-marcha-de-8m\/\" \/>\n<meta property=\"og:site_name\" content=\"El Hijo del llanero solititito\" \/>\n<meta property=\"article:published_time\" content=\"2026-02-12T16:04:49+00:00\" \/>\n<meta property=\"og:image\" content=\"https:\/\/elhijodelllanero.mx\/wp-content\/uploads\/2026\/02\/IMG-20260212-WA0006.jpg\" \/>\n\t<meta property=\"og:image:width\" content=\"1280\" \/>\n\t<meta property=\"og:image:height\" content=\"655\" \/>\n\t<meta property=\"og:image:type\" content=\"image\/jpeg\" \/>\n<meta name=\"author\" content=\"Mar\u00eda de la Paz Rodarte Ram\u00edrez\" \/>\n<meta name=\"twitter:card\" content=\"summary_large_image\" \/>\n<meta name=\"twitter:label1\" content=\"Escrito por\" \/>\n\t<meta name=\"twitter:data1\" content=\"Mar\u00eda de la Paz Rodarte Ram\u00edrez\" \/>\n\t<meta name=\"twitter:label2\" content=\"Tiempo de lectura\" \/>\n\t<meta name=\"twitter:data2\" content=\"2 minutos\" \/>\n<script type=\"application\/ld+json\" class=\"yoast-schema-graph\">{\"@context\":\"https:\\\/\\\/schema.org\",\"@graph\":[{\"@type\":\"Article\",\"@id\":\"https:\\\/\\\/elhijodelllanero.mx\\\/index.php\\\/2026\\\/02\\\/12\\\/habria-detenciones-en-caso-de-actos-vandalicos-durante-marcha-de-8m\\\/#article\",\"isPartOf\":{\"@id\":\"https:\\\/\\\/elhijodelllanero.mx\\\/index.php\\\/2026\\\/02\\\/12\\\/habria-detenciones-en-caso-de-actos-vandalicos-durante-marcha-de-8m\\\/\"},\"author\":{\"name\":\"Mar\u00eda de la Paz Rodarte Ram\u00edrez\",\"@id\":\"https:\\\/\\\/elhijodelllanero.mx\\\/#\\\/schema\\\/person\\\/c7f8c86c55c1eab44ae2b93a9628245f\"},\"headline\":\"Habr\u00eda detenciones en caso de actos vand\u00e1licos durante marcha de 8M.\",\"datePublished\":\"2026-02-12T16:04:49+00:00\",\"mainEntityOfPage\":{\"@id\":\"https:\\\/\\\/elhijodelllanero.mx\\\/index.php\\\/2026\\\/02\\\/12\\\/habria-detenciones-en-caso-de-actos-vandalicos-durante-marcha-de-8m\\\/\"},\"wordCount\":359,\"commentCount\":0,\"image\":{\"@id\":\"https:\\\/\\\/elhijodelllanero.mx\\\/index.php\\\/2026\\\/02\\\/12\\\/habria-detenciones-en-caso-de-actos-vandalicos-durante-marcha-de-8m\\\/#primaryimage\"},\"thumbnailUrl\":\"https:\\\/\\\/i0.wp.com\\\/elhijodelllanero.mx\\\/wp-content\\\/uploads\\\/2026\\\/02\\\/IMG-20260212-WA0006.jpg?fit=1280%2C655&ssl=1\",\"articleSection\":[\"CELAYA\"],\"inLanguage\":\"es\",\"potentialAction\":[{\"@type\":\"CommentAction\",\"name\":\"Comment\",\"target\":[\"https:\\\/\\\/elhijodelllanero.mx\\\/index.php\\\/2026\\\/02\\\/12\\\/habria-detenciones-en-caso-de-actos-vandalicos-durante-marcha-de-8m\\\/#respond\"]}]},{\"@type\":\"WebPage\",\"@id\":\"https:\\\/\\\/elhijodelllanero.mx\\\/index.php\\\/2026\\\/02\\\/12\\\/habria-detenciones-en-caso-de-actos-vandalicos-durante-marcha-de-8m\\\/\",\"url\":\"https:\\\/\\\/elhijodelllanero.mx\\\/index.php\\\/2026\\\/02\\\/12\\\/habria-detenciones-en-caso-de-actos-vandalicos-durante-marcha-de-8m\\\/\",\"name\":\"Habr\u00eda detenciones en caso de actos vand\u00e1licos durante marcha de 8M. - El Hijo del llanero solititito\",\"isPartOf\":{\"@id\":\"https:\\\/\\\/elhijodelllanero.mx\\\/#website\"},\"primaryImageOfPage\":{\"@id\":\"https:\\\/\\\/elhijodelllanero.mx\\\/index.php\\\/2026\\\/02\\\/12\\\/habria-detenciones-en-caso-de-actos-vandalicos-durante-marcha-de-8m\\\/#primaryimage\"},\"image\":{\"@id\":\"https:\\\/\\\/elhijodelllanero.mx\\\/index.php\\\/2026\\\/02\\\/12\\\/habria-detenciones-en-caso-de-actos-vandalicos-durante-marcha-de-8m\\\/#primaryimage\"},\"thumbnailUrl\":\"https:\\\/\\\/i0.wp.com\\\/elhijodelllanero.mx\\\/wp-content\\\/uploads\\\/2026\\\/02\\\/IMG-20260212-WA0006.jpg?fit=1280%2C655&ssl=1\",\"datePublished\":\"2026-02-12T16:04:49+00:00\",\"author\":{\"@id\":\"https:\\\/\\\/elhijodelllanero.mx\\\/#\\\/schema\\\/person\\\/c7f8c86c55c1eab44ae2b93a9628245f\"},\"breadcrumb\":{\"@id\":\"https:\\\/\\\/elhijodelllanero.mx\\\/index.php\\\/2026\\\/02\\\/12\\\/habria-detenciones-en-caso-de-actos-vandalicos-durante-marcha-de-8m\\\/#breadcrumb\"},\"inLanguage\":\"es\",\"potentialAction\":[{\"@type\":\"ReadAction\",\"target\":[\"https:\\\/\\\/elhijodelllanero.mx\\\/index.php\\\/2026\\\/02\\\/12\\\/habria-detenciones-en-caso-de-actos-vandalicos-durante-marcha-de-8m\\\/\"]}]},{\"@type\":\"ImageObject\",\"inLanguage\":\"es\",\"@id\":\"https:\\\/\\\/elhijodelllanero.mx\\\/index.php\\\/2026\\\/02\\\/12\\\/habria-detenciones-en-caso-de-actos-vandalicos-durante-marcha-de-8m\\\/#primaryimage\",\"url\":\"https:\\\/\\\/i0.wp.com\\\/elhijodelllanero.mx\\\/wp-content\\\/uploads\\\/2026\\\/02\\\/IMG-20260212-WA0006.jpg?fit=1280%2C655&ssl=1\",\"contentUrl\":\"https:\\\/\\\/i0.wp.com\\\/elhijodelllanero.mx\\\/wp-content\\\/uploads\\\/2026\\\/02\\\/IMG-20260212-WA0006.jpg?fit=1280%2C655&ssl=1\",\"width\":1280,\"height\":655},{\"@type\":\"BreadcrumbList\",\"@id\":\"https:\\\/\\\/elhijodelllanero.mx\\\/index.php\\\/2026\\\/02\\\/12\\\/habria-detenciones-en-caso-de-actos-vandalicos-durante-marcha-de-8m\\\/#breadcrumb\",\"itemListElement\":[{\"@type\":\"ListItem\",\"position\":1,\"name\":\"Portada\",\"item\":\"https:\\\/\\\/elhijodelllanero.mx\\\/\"},{\"@type\":\"ListItem\",\"position\":2,\"name\":\"Habr\u00eda detenciones en caso de actos vand\u00e1licos durante marcha de 8M.\"}]},{\"@type\":\"WebSite\",\"@id\":\"https:\\\/\\\/elhijodelllanero.mx\\\/#website\",\"url\":\"https:\\\/\\\/elhijodelllanero.mx\\\/\",\"name\":\"El Hijo del llanero solititito\",\"description\":\"\",\"potentialAction\":[{\"@type\":\"SearchAction\",\"target\":{\"@type\":\"EntryPoint\",\"urlTemplate\":\"https:\\\/\\\/elhijodelllanero.mx\\\/?s={search_term_string}\"},\"query-input\":{\"@type\":\"PropertyValueSpecification\",\"valueRequired\":true,\"valueName\":\"search_term_string\"}}],\"inLanguage\":\"es\"},{\"@type\":\"Person\",\"@id\":\"https:\\\/\\\/elhijodelllanero.mx\\\/#\\\/schema\\\/person\\\/c7f8c86c55c1eab44ae2b93a9628245f\",\"name\":\"Mar\u00eda de la Paz Rodarte Ram\u00edrez\",\"image\":{\"@type\":\"ImageObject\",\"inLanguage\":\"es\",\"@id\":\"https:\\\/\\\/secure.gravatar.com\\\/avatar\\\/1f38f8518b09a266af73da2bce78d69e7d1275299970134ed62f572e0487e1d0?s=96&d=mm&r=g\",\"url\":\"https:\\\/\\\/secure.gravatar.com\\\/avatar\\\/1f38f8518b09a266af73da2bce78d69e7d1275299970134ed62f572e0487e1d0?s=96&d=mm&r=g\",\"contentUrl\":\"https:\\\/\\\/secure.gravatar.com\\\/avatar\\\/1f38f8518b09a266af73da2bce78d69e7d1275299970134ed62f572e0487e1d0?s=96&d=mm&r=g\",\"caption\":\"Mar\u00eda de la Paz Rodarte Ram\u00edrez\"},\"sameAs\":[\"https:\\\/\\\/www.elhijodelllanero.mx\"],\"url\":\"https:\\\/\\\/elhijodelllanero.mx\\\/index.php\\\/author\\\/maricuas\\\/\"}]}<\/script>\n<!-- \/ Yoast SEO plugin. -->","yoast_head_json":{"title":"Habr\u00eda detenciones en caso de actos vand\u00e1licos durante marcha de 8M. - El Hijo del llanero solititito","robots":{"index":"index","follow":"follow","max-snippet":"max-snippet:-1","max-image-preview":"max-image-preview:large","max-video-preview":"max-video-preview:-1"},"canonical":"https:\/\/elhijodelllanero.mx\/index.php\/2026\/02\/12\/habria-detenciones-en-caso-de-actos-vandalicos-durante-marcha-de-8m\/","og_locale":"es_ES","og_type":"article","og_title":"Habr\u00eda detenciones en caso de actos vand\u00e1licos durante marcha de 8M. - El Hijo del llanero solititito","og_description":"Celaya, Gto. 12 de febrero del 2026.-El presidente municipal de Celaya, Juan Miguel Ram\u00edrez, inform\u00f3 que durante la marcha del 8 de marzo que realizan colectivos feministas se realizar\u00e1n detenciones en caso de que se registren actos vand\u00e1licos, da\u00f1os a comercios o agresiones, aunque reiter\u00f3 que se garantizar\u00e1 el derecho a la libre manifestaci\u00f3n. Asimismo, [&hellip;]","og_url":"https:\/\/elhijodelllanero.mx\/index.php\/2026\/02\/12\/habria-detenciones-en-caso-de-actos-vandalicos-durante-marcha-de-8m\/","og_site_name":"El Hijo del llanero solititito","article_published_time":"2026-02-12T16:04:49+00:00","og_image":[{"width":1280,"height":655,"url":"https:\/\/elhijodelllanero.mx\/wp-content\/uploads\/2026\/02\/IMG-20260212-WA0006.jpg","type":"image\/jpeg"}],"author":"Mar\u00eda de la Paz Rodarte Ram\u00edrez","twitter_card":"summary_large_image","twitter_misc":{"Escrito por":"Mar\u00eda de la Paz Rodarte Ram\u00edrez","Tiempo de lectura":"2 minutos"},"schema":{"@context":"https:\/\/schema.org","@graph":[{"@type":"Article","@id":"https:\/\/elhijodelllanero.mx\/index.php\/2026\/02\/12\/habria-detenciones-en-caso-de-actos-vandalicos-durante-marcha-de-8m\/#article","isPartOf":{"@id":"https:\/\/elhijodelllanero.mx\/index.php\/2026\/02\/12\/habria-detenciones-en-caso-de-actos-vandalicos-durante-marcha-de-8m\/"},"author":{"name":"Mar\u00eda de la Paz Rodarte Ram\u00edrez","@id":"https:\/\/elhijodelllanero.mx\/#\/schema\/person\/c7f8c86c55c1eab44ae2b93a9628245f"},"headline":"Habr\u00eda detenciones en caso de actos vand\u00e1licos durante marcha de 8M.","datePublished":"2026-02-12T16:04:49+00:00","mainEntityOfPage":{"@id":"https:\/\/elhijodelllanero.mx\/index.php\/2026\/02\/12\/habria-detenciones-en-caso-de-actos-vandalicos-durante-marcha-de-8m\/"},"wordCount":359,"commentCount":0,"image":{"@id":"https:\/\/elhijodelllanero.mx\/index.php\/2026\/02\/12\/habria-detenciones-en-caso-de-actos-vandalicos-durante-marcha-de-8m\/#primaryimage"},"thumbnailUrl":"https:\/\/i0.wp.com\/elhijodelllanero.mx\/wp-content\/uploads\/2026\/02\/IMG-20260212-WA0006.jpg?fit=1280%2C655&ssl=1","articleSection":["CELAYA"],"inLanguage":"es","potentialAction":[{"@type":"CommentAction","name":"Comment","target":["https:\/\/elhijodelllanero.mx\/index.php\/2026\/02\/12\/habria-detenciones-en-caso-de-actos-vandalicos-durante-marcha-de-8m\/#respond"]}]},{"@type":"WebPage","@id":"https:\/\/elhijodelllanero.mx\/index.php\/2026\/02\/12\/habria-detenciones-en-caso-de-actos-vandalicos-durante-marcha-de-8m\/","url":"https:\/\/elhijodelllanero.mx\/index.php\/2026\/02\/12\/habria-detenciones-en-caso-de-actos-vandalicos-durante-marcha-de-8m\/","name":"Habr\u00eda detenciones en caso de actos vand\u00e1licos durante marcha de 8M. - El Hijo del llanero solititito","isPartOf":{"@id":"https:\/\/elhijodelllanero.mx\/#website"},"primaryImageOfPage":{"@id":"https:\/\/elhijodelllanero.mx\/index.php\/2026\/02\/12\/habria-detenciones-en-caso-de-actos-vandalicos-durante-marcha-de-8m\/#primaryimage"},"image":{"@id":"https:\/\/elhijodelllanero.mx\/index.php\/2026\/02\/12\/habria-detenciones-en-caso-de-actos-vandalicos-durante-marcha-de-8m\/#primaryimage"},"thumbnailUrl":"https:\/\/i0.wp.com\/elhijodelllanero.mx\/wp-content\/uploads\/2026\/02\/IMG-20260212-WA0006.jpg?fit=1280%2C655&ssl=1","datePublished":"2026-02-12T16:04:49+00:00","author":{"@id":"https:\/\/elhijodelllanero.mx\/#\/schema\/person\/c7f8c86c55c1eab44ae2b93a9628245f"},"breadcrumb":{"@id":"https:\/\/elhijodelllanero.mx\/index.php\/2026\/02\/12\/habria-detenciones-en-caso-de-actos-vandalicos-durante-marcha-de-8m\/#breadcrumb"},"inLanguage":"es","potentialAction":[{"@type":"ReadAction","target":["https:\/\/elhijodelllanero.mx\/index.php\/2026\/02\/12\/habria-detenciones-en-caso-de-actos-vandalicos-durante-marcha-de-8m\/"]}]},{"@type":"ImageObject","inLanguage":"es","@id":"https:\/\/elhijodelllanero.mx\/index.php\/2026\/02\/12\/habria-detenciones-en-caso-de-actos-vandalicos-durante-marcha-de-8m\/#primaryimage","url":"https:\/\/i0.wp.com\/elhijodelllanero.mx\/wp-content\/uploads\/2026\/02\/IMG-20260212-WA0006.jpg?fit=1280%2C655&ssl=1","contentUrl":"https:\/\/i0.wp.com\/elhijodelllanero.mx\/wp-content\/uploads\/2026\/02\/IMG-20260212-WA0006.jpg?fit=1280%2C655&ssl=1","width":1280,"height":655},{"@type":"BreadcrumbList","@id":"https:\/\/elhijodelllanero.mx\/index.php\/2026\/02\/12\/habria-detenciones-en-caso-de-actos-vandalicos-durante-marcha-de-8m\/#breadcrumb","itemListElement":[{"@type":"ListItem","position":1,"name":"Portada","item":"https:\/\/elhijodelllanero.mx\/"},{"@type":"ListItem","position":2,"name":"Habr\u00eda detenciones en caso de actos vand\u00e1licos durante marcha de 8M."}]},{"@type":"WebSite","@id":"https:\/\/elhijodelllanero.mx\/#website","url":"https:\/\/elhijodelllanero.mx\/","name":"El Hijo del llanero solititito","description":"","potentialAction":[{"@type":"SearchAction","target":{"@type":"EntryPoint","urlTemplate":"https:\/\/elhijodelllanero.mx\/?s={search_term_string}"},"query-input":{"@type":"PropertyValueSpecification","valueRequired":true,"valueName":"search_term_string"}}],"inLanguage":"es"},{"@type":"Person","@id":"https:\/\/elhijodelllanero.mx\/#\/schema\/person\/c7f8c86c55c1eab44ae2b93a9628245f","name":"Mar\u00eda de la Paz Rodarte Ram\u00edrez","image":{"@type":"ImageObject","inLanguage":"es","@id":"https:\/\/secure.gravatar.com\/avatar\/1f38f8518b09a266af73da2bce78d69e7d1275299970134ed62f572e0487e1d0?s=96&d=mm&r=g","url":"https:\/\/secure.gravatar.com\/avatar\/1f38f8518b09a266af73da2bce78d69e7d1275299970134ed62f572e0487e1d0?s=96&d=mm&r=g","contentUrl":"https:\/\/secure.gravatar.com\/avatar\/1f38f8518b09a266af73da2bce78d69e7d1275299970134ed62f572e0487e1d0?s=96&d=mm&r=g","caption":"Mar\u00eda de la Paz Rodarte Ram\u00edrez"},"sameAs":["https:\/\/www.elhijodelllanero.mx"],"url":"https:\/\/elhijodelllanero.mx\/index.php\/author\/maricuas\/"}]}},"jetpack_featured_media_url":"https:\/\/i0.wp.com\/elhijodelllanero.mx\/wp-content\/uploads\/2026\/02\/IMG-20260212-WA0006.jpg?fit=1280%2C655&ssl=1","jetpack-related-posts":[],"jetpack_sharing_enabled":true,"_links":{"self":[{"href":"https:\/\/elhijodelllanero.mx\/index.php\/wp-json\/wp\/v2\/posts\/12900","targetHints":{"allow":["GET"]}}],"collection":[{"href":"https:\/\/elhijodelllanero.mx\/index.php\/wp-json\/wp\/v2\/posts"}],"about":[{"href":"https:\/\/elhijodelllanero.mx\/index.php\/wp-json\/wp\/v2\/types\/post"}],"author":[{"embeddable":true,"href":"https:\/\/elhijodelllanero.mx\/index.php\/wp-json\/wp\/v2\/users\/3"}],"replies":[{"embeddable":true,"href":"https:\/\/elhijodelllanero.mx\/index.php\/wp-json\/wp\/v2\/comments?post=12900"}],"version-history":[{"count":1,"href":"https:\/\/elhijodelllanero.mx\/index.php\/wp-json\/wp\/v2\/posts\/12900\/revisions"}],"predecessor-version":[{"id":12902,"href":"https:\/\/elhijodelllanero.mx\/index.php\/wp-json\/wp\/v2\/posts\/12900\/revisions\/12902"}],"wp:featuredmedia":[{"embeddable":true,"href":"https:\/\/elhijodelllanero.mx\/index.php\/wp-json\/wp\/v2\/media\/12901"}],"wp:attachment":[{"href":"https:\/\/elhijodelllanero.mx\/index.php\/wp-json\/wp\/v2\/media?parent=12900"}],"wp:term":[{"taxonomy":"category","embeddable":true,"href":"https:\/\/elhijodelllanero.mx\/index.php\/wp-json\/wp\/v2\/categories?post=12900"},{"taxonomy":"post_tag","embeddable":true,"href":"https:\/\/elhijodelllanero.mx\/index.php\/wp-json\/wp\/v2\/tags?post=12900"}],"curies":[{"name":"wp","href":"https:\/\/api.w.org\/{rel}","templated":true}]}}