{"id":12903,"date":"2026-02-12T16:06:41","date_gmt":"2026-02-12T16:06:41","guid":{"rendered":"https:\/\/elhijodelllanero.mx\/?p=12903"},"modified":"2026-02-12T16:06:41","modified_gmt":"2026-02-12T16:06:41","slug":"nuevos-duenos-de-la-calle-vecinos-denuncian-a-agencia-nissan-en-la-colonia-renacimiento","status":"publish","type":"post","link":"https:\/\/elhijodelllanero.mx\/index.php\/2026\/02\/12\/nuevos-duenos-de-la-calle-vecinos-denuncian-a-agencia-nissan-en-la-colonia-renacimiento\/","title":{"rendered":"\u00bfNuevos due\u00f1os de la calle?\u201d Vecinos denuncian a agencia Nissan en la colonia Renacimiento."},"content":{"rendered":"<p>Celaya, Gto. 12 de febrero del 2026.- Habitantes de la colonia Renacimiento aseguran que, al parecer, las calles del sector ya tienen propietario\u2026 y no precisamente el municipio.<\/p>\n<p>De acuerdo con denuncias ciudadanas, veh\u00edculos nuevos y seminuevos presuntamente pertenecientes a la agencia Nissan Renacimiento \u2014algunos rotulados y otros no\u2014 permanecen estacionados de manera constante sobre la v\u00eda p\u00fablica, ocupando espacios frente a cocheras, banquetas y, para no perder la costumbre, hasta cajones destinados a personas con discapacidad.<\/p>\n<p>Vecinos se\u00f1alan que la situaci\u00f3n no es nueva, sino una problem\u00e1tica recurrente. Explican que las unidades ser\u00edan parte del proceso de entrega para venta, ya que en un costado del lugar se realizan dichas operaciones. Sin embargo, lo que comenz\u00f3 como algo \u201ctemporal\u201d, aseguran, se ha convertido en una apropiaci\u00f3n cotidiana del espacio p\u00fablico.<\/p>\n<p>\u201cSe les pide que no se estacionen frente a las cocheras y simplemente no hacen caso\u201d, comentan afectados, quienes a\u00f1aden que incluso trabajadores de la empresa ocupan las calles como si se tratara de un estacionamiento privado al aire libre.<\/p>\n<p>La inconformidad crece particularmente cuando los veh\u00edculos son colocados en espacios destinados a personas con discapacidad. \u201cQueda claro que no saben lo que implica vivir con una persona con discapacidad; si lo supieran, no lo har\u00edan\u201d, expresaron con evidente molestia.<\/p>\n<p>Vecinos apuntan que los gerentes podr\u00edan intervenir para ordenar a su personal evitar estas pr\u00e1cticas, aunque hasta el momento \u2014afirman\u2014 no se ha observado ninguna medida correctiva.<\/p>\n<p>Mientras tanto, en la colonia Renacimiento la pregunta sigue en el aire: \u00bflas calles siguen siendo p\u00fablicas o ya forman parte del inventario de exhibici\u00f3n?<\/p>\n","protected":false},"excerpt":{"rendered":"<p>Celaya, Gto. 12 de febrero del 2026.- Habitantes de la colonia Renacimiento aseguran que, al parecer, las calles del sector ya tienen propietario\u2026 y no precisamente el municipio. De acuerdo con denuncias ciudadanas, veh\u00edculos nuevos y seminuevos presuntamente pertenecientes a la agencia Nissan Renacimiento \u2014algunos rotulados y otros no\u2014 permanecen estacionados de manera constante sobre [&hellip;]<\/p>\n","protected":false},"author":3,"featured_media":0,"comment_status":"open","ping_status":"closed","sticky":false,"template":"","format":"standard","meta":{"_jetpack_newsletter_access":"","_jetpack_dont_email_post_to_subs":false,"_jetpack_newsletter_tier_id":0,"_jetpack_memberships_contains_paywalled_content":false,"_jetpack_memberships_contains_paid_content":false,"footnotes":""},"categories":[74],"tags":[],"class_list":{"0":"post-12903","1":"post","2":"type-post","3":"status-publish","4":"format-standard","6":"category-celaya"},"yoast_head":"<!-- This site is optimized with the Yoast SEO plugin v27.3 - https:\/\/yoast.com\/product\/yoast-seo-wordpress\/ -->\n<title>\u00bfNuevos due\u00f1os de la calle?\u201d Vecinos denuncian a agencia Nissan en la colonia Renacimiento. - El Hijo del llanero solititito<\/title>\n<meta name=\"robots\" content=\"index, follow, max-snippet:-1, max-image-preview:large, max-video-preview:-1\" \/>\n<link rel=\"canonical\" href=\"https:\/\/elhijodelllanero.mx\/index.php\/2026\/02\/12\/nuevos-duenos-de-la-calle-vecinos-denuncian-a-agencia-nissan-en-la-colonia-renacimiento\/\" \/>\n<meta property=\"og:locale\" content=\"es_ES\" \/>\n<meta property=\"og:type\" content=\"article\" \/>\n<meta property=\"og:title\" content=\"\u00bfNuevos due\u00f1os de la calle?\u201d Vecinos denuncian a agencia Nissan en la colonia Renacimiento. - El Hijo del llanero solititito\" \/>\n<meta property=\"og:description\" content=\"Celaya, Gto. 12 de febrero del 2026.- Habitantes de la colonia Renacimiento aseguran que, al parecer, las calles del sector ya tienen propietario\u2026 y no precisamente el municipio. De acuerdo con denuncias ciudadanas, veh\u00edculos nuevos y seminuevos presuntamente pertenecientes a la agencia Nissan Renacimiento \u2014algunos rotulados y otros no\u2014 permanecen estacionados de manera constante sobre [&hellip;]\" \/>\n<meta property=\"og:url\" content=\"https:\/\/elhijodelllanero.mx\/index.php\/2026\/02\/12\/nuevos-duenos-de-la-calle-vecinos-denuncian-a-agencia-nissan-en-la-colonia-renacimiento\/\" \/>\n<meta property=\"og:site_name\" content=\"El Hijo del llanero solititito\" \/>\n<meta property=\"article:published_time\" content=\"2026-02-12T16:06:41+00:00\" \/>\n<meta name=\"author\" content=\"Mar\u00eda de la Paz Rodarte Ram\u00edrez\" \/>\n<meta name=\"twitter:card\" content=\"summary_large_image\" \/>\n<meta name=\"twitter:label1\" content=\"Escrito por\" \/>\n\t<meta name=\"twitter:data1\" content=\"Mar\u00eda de la Paz Rodarte Ram\u00edrez\" \/>\n\t<meta name=\"twitter:label2\" content=\"Tiempo de lectura\" \/>\n\t<meta name=\"twitter:data2\" content=\"2 minutos\" \/>\n<script type=\"application\/ld+json\" class=\"yoast-schema-graph\">{\"@context\":\"https:\\\/\\\/schema.org\",\"@graph\":[{\"@type\":\"Article\",\"@id\":\"https:\\\/\\\/elhijodelllanero.mx\\\/index.php\\\/2026\\\/02\\\/12\\\/nuevos-duenos-de-la-calle-vecinos-denuncian-a-agencia-nissan-en-la-colonia-renacimiento\\\/#article\",\"isPartOf\":{\"@id\":\"https:\\\/\\\/elhijodelllanero.mx\\\/index.php\\\/2026\\\/02\\\/12\\\/nuevos-duenos-de-la-calle-vecinos-denuncian-a-agencia-nissan-en-la-colonia-renacimiento\\\/\"},\"author\":{\"name\":\"Mar\u00eda de la Paz Rodarte Ram\u00edrez\",\"@id\":\"https:\\\/\\\/elhijodelllanero.mx\\\/#\\\/schema\\\/person\\\/c7f8c86c55c1eab44ae2b93a9628245f\"},\"headline\":\"\u00bfNuevos due\u00f1os de la calle?\u201d Vecinos denuncian a agencia Nissan en la colonia Renacimiento.\",\"datePublished\":\"2026-02-12T16:06:41+00:00\",\"mainEntityOfPage\":{\"@id\":\"https:\\\/\\\/elhijodelllanero.mx\\\/index.php\\\/2026\\\/02\\\/12\\\/nuevos-duenos-de-la-calle-vecinos-denuncian-a-agencia-nissan-en-la-colonia-renacimiento\\\/\"},\"wordCount\":293,\"commentCount\":0,\"articleSection\":[\"CELAYA\"],\"inLanguage\":\"es\",\"potentialAction\":[{\"@type\":\"CommentAction\",\"name\":\"Comment\",\"target\":[\"https:\\\/\\\/elhijodelllanero.mx\\\/index.php\\\/2026\\\/02\\\/12\\\/nuevos-duenos-de-la-calle-vecinos-denuncian-a-agencia-nissan-en-la-colonia-renacimiento\\\/#respond\"]}]},{\"@type\":\"WebPage\",\"@id\":\"https:\\\/\\\/elhijodelllanero.mx\\\/index.php\\\/2026\\\/02\\\/12\\\/nuevos-duenos-de-la-calle-vecinos-denuncian-a-agencia-nissan-en-la-colonia-renacimiento\\\/\",\"url\":\"https:\\\/\\\/elhijodelllanero.mx\\\/index.php\\\/2026\\\/02\\\/12\\\/nuevos-duenos-de-la-calle-vecinos-denuncian-a-agencia-nissan-en-la-colonia-renacimiento\\\/\",\"name\":\"\u00bfNuevos due\u00f1os de la calle?\u201d Vecinos denuncian a agencia Nissan en la colonia Renacimiento. - El Hijo del llanero solititito\",\"isPartOf\":{\"@id\":\"https:\\\/\\\/elhijodelllanero.mx\\\/#website\"},\"datePublished\":\"2026-02-12T16:06:41+00:00\",\"author\":{\"@id\":\"https:\\\/\\\/elhijodelllanero.mx\\\/#\\\/schema\\\/person\\\/c7f8c86c55c1eab44ae2b93a9628245f\"},\"breadcrumb\":{\"@id\":\"https:\\\/\\\/elhijodelllanero.mx\\\/index.php\\\/2026\\\/02\\\/12\\\/nuevos-duenos-de-la-calle-vecinos-denuncian-a-agencia-nissan-en-la-colonia-renacimiento\\\/#breadcrumb\"},\"inLanguage\":\"es\",\"potentialAction\":[{\"@type\":\"ReadAction\",\"target\":[\"https:\\\/\\\/elhijodelllanero.mx\\\/index.php\\\/2026\\\/02\\\/12\\\/nuevos-duenos-de-la-calle-vecinos-denuncian-a-agencia-nissan-en-la-colonia-renacimiento\\\/\"]}]},{\"@type\":\"BreadcrumbList\",\"@id\":\"https:\\\/\\\/elhijodelllanero.mx\\\/index.php\\\/2026\\\/02\\\/12\\\/nuevos-duenos-de-la-calle-vecinos-denuncian-a-agencia-nissan-en-la-colonia-renacimiento\\\/#breadcrumb\",\"itemListElement\":[{\"@type\":\"ListItem\",\"position\":1,\"name\":\"Portada\",\"item\":\"https:\\\/\\\/elhijodelllanero.mx\\\/\"},{\"@type\":\"ListItem\",\"position\":2,\"name\":\"\u00bfNuevos due\u00f1os de la calle?\u201d Vecinos denuncian a agencia Nissan en la colonia Renacimiento.\"}]},{\"@type\":\"WebSite\",\"@id\":\"https:\\\/\\\/elhijodelllanero.mx\\\/#website\",\"url\":\"https:\\\/\\\/elhijodelllanero.mx\\\/\",\"name\":\"El Hijo del llanero solititito\",\"description\":\"\",\"potentialAction\":[{\"@type\":\"SearchAction\",\"target\":{\"@type\":\"EntryPoint\",\"urlTemplate\":\"https:\\\/\\\/elhijodelllanero.mx\\\/?s={search_term_string}\"},\"query-input\":{\"@type\":\"PropertyValueSpecification\",\"valueRequired\":true,\"valueName\":\"search_term_string\"}}],\"inLanguage\":\"es\"},{\"@type\":\"Person\",\"@id\":\"https:\\\/\\\/elhijodelllanero.mx\\\/#\\\/schema\\\/person\\\/c7f8c86c55c1eab44ae2b93a9628245f\",\"name\":\"Mar\u00eda de la Paz Rodarte Ram\u00edrez\",\"image\":{\"@type\":\"ImageObject\",\"inLanguage\":\"es\",\"@id\":\"https:\\\/\\\/secure.gravatar.com\\\/avatar\\\/1f38f8518b09a266af73da2bce78d69e7d1275299970134ed62f572e0487e1d0?s=96&d=mm&r=g\",\"url\":\"https:\\\/\\\/secure.gravatar.com\\\/avatar\\\/1f38f8518b09a266af73da2bce78d69e7d1275299970134ed62f572e0487e1d0?s=96&d=mm&r=g\",\"contentUrl\":\"https:\\\/\\\/secure.gravatar.com\\\/avatar\\\/1f38f8518b09a266af73da2bce78d69e7d1275299970134ed62f572e0487e1d0?s=96&d=mm&r=g\",\"caption\":\"Mar\u00eda de la Paz Rodarte Ram\u00edrez\"},\"sameAs\":[\"https:\\\/\\\/www.elhijodelllanero.mx\"],\"url\":\"https:\\\/\\\/elhijodelllanero.mx\\\/index.php\\\/author\\\/maricuas\\\/\"}]}<\/script>\n<!-- \/ Yoast SEO plugin. -->","yoast_head_json":{"title":"\u00bfNuevos due\u00f1os de la calle?\u201d Vecinos denuncian a agencia Nissan en la colonia Renacimiento. - El Hijo del llanero solititito","robots":{"index":"index","follow":"follow","max-snippet":"max-snippet:-1","max-image-preview":"max-image-preview:large","max-video-preview":"max-video-preview:-1"},"canonical":"https:\/\/elhijodelllanero.mx\/index.php\/2026\/02\/12\/nuevos-duenos-de-la-calle-vecinos-denuncian-a-agencia-nissan-en-la-colonia-renacimiento\/","og_locale":"es_ES","og_type":"article","og_title":"\u00bfNuevos due\u00f1os de la calle?\u201d Vecinos denuncian a agencia Nissan en la colonia Renacimiento. - El Hijo del llanero solititito","og_description":"Celaya, Gto. 12 de febrero del 2026.- Habitantes de la colonia Renacimiento aseguran que, al parecer, las calles del sector ya tienen propietario\u2026 y no precisamente el municipio. De acuerdo con denuncias ciudadanas, veh\u00edculos nuevos y seminuevos presuntamente pertenecientes a la agencia Nissan Renacimiento \u2014algunos rotulados y otros no\u2014 permanecen estacionados de manera constante sobre [&hellip;]","og_url":"https:\/\/elhijodelllanero.mx\/index.php\/2026\/02\/12\/nuevos-duenos-de-la-calle-vecinos-denuncian-a-agencia-nissan-en-la-colonia-renacimiento\/","og_site_name":"El Hijo del llanero solititito","article_published_time":"2026-02-12T16:06:41+00:00","author":"Mar\u00eda de la Paz Rodarte Ram\u00edrez","twitter_card":"summary_large_image","twitter_misc":{"Escrito por":"Mar\u00eda de la Paz Rodarte Ram\u00edrez","Tiempo de lectura":"2 minutos"},"schema":{"@context":"https:\/\/schema.org","@graph":[{"@type":"Article","@id":"https:\/\/elhijodelllanero.mx\/index.php\/2026\/02\/12\/nuevos-duenos-de-la-calle-vecinos-denuncian-a-agencia-nissan-en-la-colonia-renacimiento\/#article","isPartOf":{"@id":"https:\/\/elhijodelllanero.mx\/index.php\/2026\/02\/12\/nuevos-duenos-de-la-calle-vecinos-denuncian-a-agencia-nissan-en-la-colonia-renacimiento\/"},"author":{"name":"Mar\u00eda de la Paz Rodarte Ram\u00edrez","@id":"https:\/\/elhijodelllanero.mx\/#\/schema\/person\/c7f8c86c55c1eab44ae2b93a9628245f"},"headline":"\u00bfNuevos due\u00f1os de la calle?\u201d Vecinos denuncian a agencia Nissan en la colonia Renacimiento.","datePublished":"2026-02-12T16:06:41+00:00","mainEntityOfPage":{"@id":"https:\/\/elhijodelllanero.mx\/index.php\/2026\/02\/12\/nuevos-duenos-de-la-calle-vecinos-denuncian-a-agencia-nissan-en-la-colonia-renacimiento\/"},"wordCount":293,"commentCount":0,"articleSection":["CELAYA"],"inLanguage":"es","potentialAction":[{"@type":"CommentAction","name":"Comment","target":["https:\/\/elhijodelllanero.mx\/index.php\/2026\/02\/12\/nuevos-duenos-de-la-calle-vecinos-denuncian-a-agencia-nissan-en-la-colonia-renacimiento\/#respond"]}]},{"@type":"WebPage","@id":"https:\/\/elhijodelllanero.mx\/index.php\/2026\/02\/12\/nuevos-duenos-de-la-calle-vecinos-denuncian-a-agencia-nissan-en-la-colonia-renacimiento\/","url":"https:\/\/elhijodelllanero.mx\/index.php\/2026\/02\/12\/nuevos-duenos-de-la-calle-vecinos-denuncian-a-agencia-nissan-en-la-colonia-renacimiento\/","name":"\u00bfNuevos due\u00f1os de la calle?\u201d Vecinos denuncian a agencia Nissan en la colonia Renacimiento. - El Hijo del llanero solititito","isPartOf":{"@id":"https:\/\/elhijodelllanero.mx\/#website"},"datePublished":"2026-02-12T16:06:41+00:00","author":{"@id":"https:\/\/elhijodelllanero.mx\/#\/schema\/person\/c7f8c86c55c1eab44ae2b93a9628245f"},"breadcrumb":{"@id":"https:\/\/elhijodelllanero.mx\/index.php\/2026\/02\/12\/nuevos-duenos-de-la-calle-vecinos-denuncian-a-agencia-nissan-en-la-colonia-renacimiento\/#breadcrumb"},"inLanguage":"es","potentialAction":[{"@type":"ReadAction","target":["https:\/\/elhijodelllanero.mx\/index.php\/2026\/02\/12\/nuevos-duenos-de-la-calle-vecinos-denuncian-a-agencia-nissan-en-la-colonia-renacimiento\/"]}]},{"@type":"BreadcrumbList","@id":"https:\/\/elhijodelllanero.mx\/index.php\/2026\/02\/12\/nuevos-duenos-de-la-calle-vecinos-denuncian-a-agencia-nissan-en-la-colonia-renacimiento\/#breadcrumb","itemListElement":[{"@type":"ListItem","position":1,"name":"Portada","item":"https:\/\/elhijodelllanero.mx\/"},{"@type":"ListItem","position":2,"name":"\u00bfNuevos due\u00f1os de la calle?\u201d Vecinos denuncian a agencia Nissan en la colonia Renacimiento."}]},{"@type":"WebSite","@id":"https:\/\/elhijodelllanero.mx\/#website","url":"https:\/\/elhijodelllanero.mx\/","name":"El Hijo del llanero solititito","description":"","potentialAction":[{"@type":"SearchAction","target":{"@type":"EntryPoint","urlTemplate":"https:\/\/elhijodelllanero.mx\/?s={search_term_string}"},"query-input":{"@type":"PropertyValueSpecification","valueRequired":true,"valueName":"search_term_string"}}],"inLanguage":"es"},{"@type":"Person","@id":"https:\/\/elhijodelllanero.mx\/#\/schema\/person\/c7f8c86c55c1eab44ae2b93a9628245f","name":"Mar\u00eda de la Paz Rodarte Ram\u00edrez","image":{"@type":"ImageObject","inLanguage":"es","@id":"https:\/\/secure.gravatar.com\/avatar\/1f38f8518b09a266af73da2bce78d69e7d1275299970134ed62f572e0487e1d0?s=96&d=mm&r=g","url":"https:\/\/secure.gravatar.com\/avatar\/1f38f8518b09a266af73da2bce78d69e7d1275299970134ed62f572e0487e1d0?s=96&d=mm&r=g","contentUrl":"https:\/\/secure.gravatar.com\/avatar\/1f38f8518b09a266af73da2bce78d69e7d1275299970134ed62f572e0487e1d0?s=96&d=mm&r=g","caption":"Mar\u00eda de la Paz Rodarte Ram\u00edrez"},"sameAs":["https:\/\/www.elhijodelllanero.mx"],"url":"https:\/\/elhijodelllanero.mx\/index.php\/author\/maricuas\/"}]}},"jetpack_featured_media_url":"","jetpack-related-posts":[],"jetpack_sharing_enabled":true,"_links":{"self":[{"href":"https:\/\/elhijodelllanero.mx\/index.php\/wp-json\/wp\/v2\/posts\/12903","targetHints":{"allow":["GET"]}}],"collection":[{"href":"https:\/\/elhijodelllanero.mx\/index.php\/wp-json\/wp\/v2\/posts"}],"about":[{"href":"https:\/\/elhijodelllanero.mx\/index.php\/wp-json\/wp\/v2\/types\/post"}],"author":[{"embeddable":true,"href":"https:\/\/elhijodelllanero.mx\/index.php\/wp-json\/wp\/v2\/users\/3"}],"replies":[{"embeddable":true,"href":"https:\/\/elhijodelllanero.mx\/index.php\/wp-json\/wp\/v2\/comments?post=12903"}],"version-history":[{"count":1,"href":"https:\/\/elhijodelllanero.mx\/index.php\/wp-json\/wp\/v2\/posts\/12903\/revisions"}],"predecessor-version":[{"id":12905,"href":"https:\/\/elhijodelllanero.mx\/index.php\/wp-json\/wp\/v2\/posts\/12903\/revisions\/12905"}],"wp:attachment":[{"href":"https:\/\/elhijodelllanero.mx\/index.php\/wp-json\/wp\/v2\/media?parent=12903"}],"wp:term":[{"taxonomy":"category","embeddable":true,"href":"https:\/\/elhijodelllanero.mx\/index.php\/wp-json\/wp\/v2\/categories?post=12903"},{"taxonomy":"post_tag","embeddable":true,"href":"https:\/\/elhijodelllanero.mx\/index.php\/wp-json\/wp\/v2\/tags?post=12903"}],"curies":[{"name":"wp","href":"https:\/\/api.w.org\/{rel}","templated":true}]}}