{"id":12910,"date":"2026-02-12T16:09:16","date_gmt":"2026-02-12T16:09:16","guid":{"rendered":"https:\/\/elhijodelllanero.mx\/?p=12910"},"modified":"2026-02-12T16:09:16","modified_gmt":"2026-02-12T16:09:16","slug":"entregan-mas-de-mil-despensas-del-programa-red-movil-en-villagran","status":"publish","type":"post","link":"https:\/\/elhijodelllanero.mx\/index.php\/2026\/02\/12\/entregan-mas-de-mil-despensas-del-programa-red-movil-en-villagran\/","title":{"rendered":"Entregan m\u00e1s de mil despensas del programa Red M\u00f3vil en Villagr\u00e1n."},"content":{"rendered":"<p>Villagr\u00e1n, Gto. 11 de febrero del 2026.-Familias de tres comunidades de Villagr\u00e1n recibieron apoyos alimentarios como parte del programa estatal Red M\u00f3vil, en una jornada coordinada entre el DIF Municipal y el DIF Estatal para fortalecer la econom\u00eda de hogares en zonas vulnerables.<\/p>\n<p>La entrega se realiz\u00f3 en la Colonia 18 de Marzo, San Antonio el Chico y Los \u00c1ngeles, donde se distribuyeron paquetes de despensa entre personas inscritas y activas en este esquema de desarrollo comunitario. En total se otorgaron 630 despensas en la Colonia 18 de Marzo, 190 en San Antonio el Chico y 330 en Los \u00c1ngeles, con cinco apoyos por beneficiario.<\/p>\n<p>Red M\u00f3vil es una estrategia enfocada en impulsar la autosuficiencia y la organizaci\u00f3n social mediante talleres, capacitaciones y pl\u00e1ticas sobre salud, bienestar, econom\u00eda familiar, emprendimiento, crianza positiva y actividades formativas, adem\u00e1s de apoyos en especie.<\/p>\n<p>La presidenta municipal, Cinthia Teniente Mendoza, encabez\u00f3 la jornada junto con Isabel Navarro, representante del Gobierno del Estado. Durante el acto, se destac\u00f3 la coordinaci\u00f3n entre niveles de gobierno para acercar programas sociales y generar mejores condiciones de vida para las familias.<\/p>\n<p>Autoridades se\u00f1alaron que este tipo de acciones se mantendr\u00e1n en el municipio como parte de una estrategia integral que combina apoyo inmediato con herramientas de capacitaci\u00f3n para el desarrollo comunitario.<\/p>\n","protected":false},"excerpt":{"rendered":"<p>Villagr\u00e1n, Gto. 11 de febrero del 2026.-Familias de tres comunidades de Villagr\u00e1n recibieron apoyos alimentarios como parte del programa estatal Red M\u00f3vil, en una jornada coordinada entre el DIF Municipal y el DIF Estatal para fortalecer la econom\u00eda de hogares en zonas vulnerables. La entrega se realiz\u00f3 en la Colonia 18 de Marzo, San Antonio [&hellip;]<\/p>\n","protected":false},"author":3,"featured_media":12911,"comment_status":"open","ping_status":"closed","sticky":false,"template":"","format":"standard","meta":{"_jetpack_newsletter_access":"","_jetpack_dont_email_post_to_subs":false,"_jetpack_newsletter_tier_id":0,"_jetpack_memberships_contains_paywalled_content":false,"_jetpack_memberships_contains_paid_content":false,"footnotes":""},"categories":[76,85],"tags":[],"class_list":{"0":"post-12910","1":"post","2":"type-post","3":"status-publish","4":"format-standard","5":"has-post-thumbnail","7":"category-municipios","8":"category-villagran"},"yoast_head":"<!-- This site is optimized with the Yoast SEO plugin v27.3 - https:\/\/yoast.com\/product\/yoast-seo-wordpress\/ -->\n<title>Entregan m\u00e1s de mil despensas del programa Red M\u00f3vil en Villagr\u00e1n. - El Hijo del llanero solititito<\/title>\n<meta name=\"robots\" content=\"index, follow, max-snippet:-1, max-image-preview:large, max-video-preview:-1\" \/>\n<link rel=\"canonical\" href=\"https:\/\/elhijodelllanero.mx\/index.php\/2026\/02\/12\/entregan-mas-de-mil-despensas-del-programa-red-movil-en-villagran\/\" \/>\n<meta property=\"og:locale\" content=\"es_ES\" \/>\n<meta property=\"og:type\" content=\"article\" \/>\n<meta property=\"og:title\" content=\"Entregan m\u00e1s de mil despensas del programa Red M\u00f3vil en Villagr\u00e1n. - El Hijo del llanero solititito\" \/>\n<meta property=\"og:description\" content=\"Villagr\u00e1n, Gto. 11 de febrero del 2026.-Familias de tres comunidades de Villagr\u00e1n recibieron apoyos alimentarios como parte del programa estatal Red M\u00f3vil, en una jornada coordinada entre el DIF Municipal y el DIF Estatal para fortalecer la econom\u00eda de hogares en zonas vulnerables. La entrega se realiz\u00f3 en la Colonia 18 de Marzo, San Antonio [&hellip;]\" \/>\n<meta property=\"og:url\" content=\"https:\/\/elhijodelllanero.mx\/index.php\/2026\/02\/12\/entregan-mas-de-mil-despensas-del-programa-red-movil-en-villagran\/\" \/>\n<meta property=\"og:site_name\" content=\"El Hijo del llanero solititito\" \/>\n<meta property=\"article:published_time\" content=\"2026-02-12T16:09:16+00:00\" \/>\n<meta property=\"og:image\" content=\"https:\/\/elhijodelllanero.mx\/wp-content\/uploads\/2026\/02\/IMG-20260212-WA0002.jpg\" \/>\n\t<meta property=\"og:image:width\" content=\"1071\" \/>\n\t<meta property=\"og:image:height\" content=\"1280\" \/>\n\t<meta property=\"og:image:type\" content=\"image\/jpeg\" \/>\n<meta name=\"author\" content=\"Mar\u00eda de la Paz Rodarte Ram\u00edrez\" \/>\n<meta name=\"twitter:card\" content=\"summary_large_image\" \/>\n<meta name=\"twitter:label1\" content=\"Escrito por\" \/>\n\t<meta name=\"twitter:data1\" content=\"Mar\u00eda de la Paz Rodarte Ram\u00edrez\" \/>\n\t<meta name=\"twitter:label2\" content=\"Tiempo de lectura\" \/>\n\t<meta name=\"twitter:data2\" content=\"2 minutos\" \/>\n<script type=\"application\/ld+json\" class=\"yoast-schema-graph\">{\"@context\":\"https:\\\/\\\/schema.org\",\"@graph\":[{\"@type\":\"Article\",\"@id\":\"https:\\\/\\\/elhijodelllanero.mx\\\/index.php\\\/2026\\\/02\\\/12\\\/entregan-mas-de-mil-despensas-del-programa-red-movil-en-villagran\\\/#article\",\"isPartOf\":{\"@id\":\"https:\\\/\\\/elhijodelllanero.mx\\\/index.php\\\/2026\\\/02\\\/12\\\/entregan-mas-de-mil-despensas-del-programa-red-movil-en-villagran\\\/\"},\"author\":{\"name\":\"Mar\u00eda de la Paz Rodarte Ram\u00edrez\",\"@id\":\"https:\\\/\\\/elhijodelllanero.mx\\\/#\\\/schema\\\/person\\\/c7f8c86c55c1eab44ae2b93a9628245f\"},\"headline\":\"Entregan m\u00e1s de mil despensas del programa Red M\u00f3vil en Villagr\u00e1n.\",\"datePublished\":\"2026-02-12T16:09:16+00:00\",\"mainEntityOfPage\":{\"@id\":\"https:\\\/\\\/elhijodelllanero.mx\\\/index.php\\\/2026\\\/02\\\/12\\\/entregan-mas-de-mil-despensas-del-programa-red-movil-en-villagran\\\/\"},\"wordCount\":233,\"commentCount\":0,\"image\":{\"@id\":\"https:\\\/\\\/elhijodelllanero.mx\\\/index.php\\\/2026\\\/02\\\/12\\\/entregan-mas-de-mil-despensas-del-programa-red-movil-en-villagran\\\/#primaryimage\"},\"thumbnailUrl\":\"https:\\\/\\\/i0.wp.com\\\/elhijodelllanero.mx\\\/wp-content\\\/uploads\\\/2026\\\/02\\\/IMG-20260212-WA0002.jpg?fit=1071%2C1280&ssl=1\",\"articleSection\":[\"MUNICIPIOS\",\"Villagr\u00e1n\"],\"inLanguage\":\"es\",\"potentialAction\":[{\"@type\":\"CommentAction\",\"name\":\"Comment\",\"target\":[\"https:\\\/\\\/elhijodelllanero.mx\\\/index.php\\\/2026\\\/02\\\/12\\\/entregan-mas-de-mil-despensas-del-programa-red-movil-en-villagran\\\/#respond\"]}]},{\"@type\":\"WebPage\",\"@id\":\"https:\\\/\\\/elhijodelllanero.mx\\\/index.php\\\/2026\\\/02\\\/12\\\/entregan-mas-de-mil-despensas-del-programa-red-movil-en-villagran\\\/\",\"url\":\"https:\\\/\\\/elhijodelllanero.mx\\\/index.php\\\/2026\\\/02\\\/12\\\/entregan-mas-de-mil-despensas-del-programa-red-movil-en-villagran\\\/\",\"name\":\"Entregan m\u00e1s de mil despensas del programa Red M\u00f3vil en Villagr\u00e1n. - El Hijo del llanero solititito\",\"isPartOf\":{\"@id\":\"https:\\\/\\\/elhijodelllanero.mx\\\/#website\"},\"primaryImageOfPage\":{\"@id\":\"https:\\\/\\\/elhijodelllanero.mx\\\/index.php\\\/2026\\\/02\\\/12\\\/entregan-mas-de-mil-despensas-del-programa-red-movil-en-villagran\\\/#primaryimage\"},\"image\":{\"@id\":\"https:\\\/\\\/elhijodelllanero.mx\\\/index.php\\\/2026\\\/02\\\/12\\\/entregan-mas-de-mil-despensas-del-programa-red-movil-en-villagran\\\/#primaryimage\"},\"thumbnailUrl\":\"https:\\\/\\\/i0.wp.com\\\/elhijodelllanero.mx\\\/wp-content\\\/uploads\\\/2026\\\/02\\\/IMG-20260212-WA0002.jpg?fit=1071%2C1280&ssl=1\",\"datePublished\":\"2026-02-12T16:09:16+00:00\",\"author\":{\"@id\":\"https:\\\/\\\/elhijodelllanero.mx\\\/#\\\/schema\\\/person\\\/c7f8c86c55c1eab44ae2b93a9628245f\"},\"breadcrumb\":{\"@id\":\"https:\\\/\\\/elhijodelllanero.mx\\\/index.php\\\/2026\\\/02\\\/12\\\/entregan-mas-de-mil-despensas-del-programa-red-movil-en-villagran\\\/#breadcrumb\"},\"inLanguage\":\"es\",\"potentialAction\":[{\"@type\":\"ReadAction\",\"target\":[\"https:\\\/\\\/elhijodelllanero.mx\\\/index.php\\\/2026\\\/02\\\/12\\\/entregan-mas-de-mil-despensas-del-programa-red-movil-en-villagran\\\/\"]}]},{\"@type\":\"ImageObject\",\"inLanguage\":\"es\",\"@id\":\"https:\\\/\\\/elhijodelllanero.mx\\\/index.php\\\/2026\\\/02\\\/12\\\/entregan-mas-de-mil-despensas-del-programa-red-movil-en-villagran\\\/#primaryimage\",\"url\":\"https:\\\/\\\/i0.wp.com\\\/elhijodelllanero.mx\\\/wp-content\\\/uploads\\\/2026\\\/02\\\/IMG-20260212-WA0002.jpg?fit=1071%2C1280&ssl=1\",\"contentUrl\":\"https:\\\/\\\/i0.wp.com\\\/elhijodelllanero.mx\\\/wp-content\\\/uploads\\\/2026\\\/02\\\/IMG-20260212-WA0002.jpg?fit=1071%2C1280&ssl=1\",\"width\":1071,\"height\":1280},{\"@type\":\"BreadcrumbList\",\"@id\":\"https:\\\/\\\/elhijodelllanero.mx\\\/index.php\\\/2026\\\/02\\\/12\\\/entregan-mas-de-mil-despensas-del-programa-red-movil-en-villagran\\\/#breadcrumb\",\"itemListElement\":[{\"@type\":\"ListItem\",\"position\":1,\"name\":\"Portada\",\"item\":\"https:\\\/\\\/elhijodelllanero.mx\\\/\"},{\"@type\":\"ListItem\",\"position\":2,\"name\":\"Entregan m\u00e1s de mil despensas del programa Red M\u00f3vil en Villagr\u00e1n.\"}]},{\"@type\":\"WebSite\",\"@id\":\"https:\\\/\\\/elhijodelllanero.mx\\\/#website\",\"url\":\"https:\\\/\\\/elhijodelllanero.mx\\\/\",\"name\":\"El Hijo del llanero solititito\",\"description\":\"\",\"potentialAction\":[{\"@type\":\"SearchAction\",\"target\":{\"@type\":\"EntryPoint\",\"urlTemplate\":\"https:\\\/\\\/elhijodelllanero.mx\\\/?s={search_term_string}\"},\"query-input\":{\"@type\":\"PropertyValueSpecification\",\"valueRequired\":true,\"valueName\":\"search_term_string\"}}],\"inLanguage\":\"es\"},{\"@type\":\"Person\",\"@id\":\"https:\\\/\\\/elhijodelllanero.mx\\\/#\\\/schema\\\/person\\\/c7f8c86c55c1eab44ae2b93a9628245f\",\"name\":\"Mar\u00eda de la Paz Rodarte Ram\u00edrez\",\"image\":{\"@type\":\"ImageObject\",\"inLanguage\":\"es\",\"@id\":\"https:\\\/\\\/secure.gravatar.com\\\/avatar\\\/1f38f8518b09a266af73da2bce78d69e7d1275299970134ed62f572e0487e1d0?s=96&d=mm&r=g\",\"url\":\"https:\\\/\\\/secure.gravatar.com\\\/avatar\\\/1f38f8518b09a266af73da2bce78d69e7d1275299970134ed62f572e0487e1d0?s=96&d=mm&r=g\",\"contentUrl\":\"https:\\\/\\\/secure.gravatar.com\\\/avatar\\\/1f38f8518b09a266af73da2bce78d69e7d1275299970134ed62f572e0487e1d0?s=96&d=mm&r=g\",\"caption\":\"Mar\u00eda de la Paz Rodarte Ram\u00edrez\"},\"sameAs\":[\"https:\\\/\\\/www.elhijodelllanero.mx\"],\"url\":\"https:\\\/\\\/elhijodelllanero.mx\\\/index.php\\\/author\\\/maricuas\\\/\"}]}<\/script>\n<!-- \/ Yoast SEO plugin. -->","yoast_head_json":{"title":"Entregan m\u00e1s de mil despensas del programa Red M\u00f3vil en Villagr\u00e1n. - El Hijo del llanero solititito","robots":{"index":"index","follow":"follow","max-snippet":"max-snippet:-1","max-image-preview":"max-image-preview:large","max-video-preview":"max-video-preview:-1"},"canonical":"https:\/\/elhijodelllanero.mx\/index.php\/2026\/02\/12\/entregan-mas-de-mil-despensas-del-programa-red-movil-en-villagran\/","og_locale":"es_ES","og_type":"article","og_title":"Entregan m\u00e1s de mil despensas del programa Red M\u00f3vil en Villagr\u00e1n. - El Hijo del llanero solititito","og_description":"Villagr\u00e1n, Gto. 11 de febrero del 2026.-Familias de tres comunidades de Villagr\u00e1n recibieron apoyos alimentarios como parte del programa estatal Red M\u00f3vil, en una jornada coordinada entre el DIF Municipal y el DIF Estatal para fortalecer la econom\u00eda de hogares en zonas vulnerables. La entrega se realiz\u00f3 en la Colonia 18 de Marzo, San Antonio [&hellip;]","og_url":"https:\/\/elhijodelllanero.mx\/index.php\/2026\/02\/12\/entregan-mas-de-mil-despensas-del-programa-red-movil-en-villagran\/","og_site_name":"El Hijo del llanero solititito","article_published_time":"2026-02-12T16:09:16+00:00","og_image":[{"width":1071,"height":1280,"url":"https:\/\/elhijodelllanero.mx\/wp-content\/uploads\/2026\/02\/IMG-20260212-WA0002.jpg","type":"image\/jpeg"}],"author":"Mar\u00eda de la Paz Rodarte Ram\u00edrez","twitter_card":"summary_large_image","twitter_misc":{"Escrito por":"Mar\u00eda de la Paz Rodarte Ram\u00edrez","Tiempo de lectura":"2 minutos"},"schema":{"@context":"https:\/\/schema.org","@graph":[{"@type":"Article","@id":"https:\/\/elhijodelllanero.mx\/index.php\/2026\/02\/12\/entregan-mas-de-mil-despensas-del-programa-red-movil-en-villagran\/#article","isPartOf":{"@id":"https:\/\/elhijodelllanero.mx\/index.php\/2026\/02\/12\/entregan-mas-de-mil-despensas-del-programa-red-movil-en-villagran\/"},"author":{"name":"Mar\u00eda de la Paz Rodarte Ram\u00edrez","@id":"https:\/\/elhijodelllanero.mx\/#\/schema\/person\/c7f8c86c55c1eab44ae2b93a9628245f"},"headline":"Entregan m\u00e1s de mil despensas del programa Red M\u00f3vil en Villagr\u00e1n.","datePublished":"2026-02-12T16:09:16+00:00","mainEntityOfPage":{"@id":"https:\/\/elhijodelllanero.mx\/index.php\/2026\/02\/12\/entregan-mas-de-mil-despensas-del-programa-red-movil-en-villagran\/"},"wordCount":233,"commentCount":0,"image":{"@id":"https:\/\/elhijodelllanero.mx\/index.php\/2026\/02\/12\/entregan-mas-de-mil-despensas-del-programa-red-movil-en-villagran\/#primaryimage"},"thumbnailUrl":"https:\/\/i0.wp.com\/elhijodelllanero.mx\/wp-content\/uploads\/2026\/02\/IMG-20260212-WA0002.jpg?fit=1071%2C1280&ssl=1","articleSection":["MUNICIPIOS","Villagr\u00e1n"],"inLanguage":"es","potentialAction":[{"@type":"CommentAction","name":"Comment","target":["https:\/\/elhijodelllanero.mx\/index.php\/2026\/02\/12\/entregan-mas-de-mil-despensas-del-programa-red-movil-en-villagran\/#respond"]}]},{"@type":"WebPage","@id":"https:\/\/elhijodelllanero.mx\/index.php\/2026\/02\/12\/entregan-mas-de-mil-despensas-del-programa-red-movil-en-villagran\/","url":"https:\/\/elhijodelllanero.mx\/index.php\/2026\/02\/12\/entregan-mas-de-mil-despensas-del-programa-red-movil-en-villagran\/","name":"Entregan m\u00e1s de mil despensas del programa Red M\u00f3vil en Villagr\u00e1n. - El Hijo del llanero solititito","isPartOf":{"@id":"https:\/\/elhijodelllanero.mx\/#website"},"primaryImageOfPage":{"@id":"https:\/\/elhijodelllanero.mx\/index.php\/2026\/02\/12\/entregan-mas-de-mil-despensas-del-programa-red-movil-en-villagran\/#primaryimage"},"image":{"@id":"https:\/\/elhijodelllanero.mx\/index.php\/2026\/02\/12\/entregan-mas-de-mil-despensas-del-programa-red-movil-en-villagran\/#primaryimage"},"thumbnailUrl":"https:\/\/i0.wp.com\/elhijodelllanero.mx\/wp-content\/uploads\/2026\/02\/IMG-20260212-WA0002.jpg?fit=1071%2C1280&ssl=1","datePublished":"2026-02-12T16:09:16+00:00","author":{"@id":"https:\/\/elhijodelllanero.mx\/#\/schema\/person\/c7f8c86c55c1eab44ae2b93a9628245f"},"breadcrumb":{"@id":"https:\/\/elhijodelllanero.mx\/index.php\/2026\/02\/12\/entregan-mas-de-mil-despensas-del-programa-red-movil-en-villagran\/#breadcrumb"},"inLanguage":"es","potentialAction":[{"@type":"ReadAction","target":["https:\/\/elhijodelllanero.mx\/index.php\/2026\/02\/12\/entregan-mas-de-mil-despensas-del-programa-red-movil-en-villagran\/"]}]},{"@type":"ImageObject","inLanguage":"es","@id":"https:\/\/elhijodelllanero.mx\/index.php\/2026\/02\/12\/entregan-mas-de-mil-despensas-del-programa-red-movil-en-villagran\/#primaryimage","url":"https:\/\/i0.wp.com\/elhijodelllanero.mx\/wp-content\/uploads\/2026\/02\/IMG-20260212-WA0002.jpg?fit=1071%2C1280&ssl=1","contentUrl":"https:\/\/i0.wp.com\/elhijodelllanero.mx\/wp-content\/uploads\/2026\/02\/IMG-20260212-WA0002.jpg?fit=1071%2C1280&ssl=1","width":1071,"height":1280},{"@type":"BreadcrumbList","@id":"https:\/\/elhijodelllanero.mx\/index.php\/2026\/02\/12\/entregan-mas-de-mil-despensas-del-programa-red-movil-en-villagran\/#breadcrumb","itemListElement":[{"@type":"ListItem","position":1,"name":"Portada","item":"https:\/\/elhijodelllanero.mx\/"},{"@type":"ListItem","position":2,"name":"Entregan m\u00e1s de mil despensas del programa Red M\u00f3vil en Villagr\u00e1n."}]},{"@type":"WebSite","@id":"https:\/\/elhijodelllanero.mx\/#website","url":"https:\/\/elhijodelllanero.mx\/","name":"El Hijo del llanero solititito","description":"","potentialAction":[{"@type":"SearchAction","target":{"@type":"EntryPoint","urlTemplate":"https:\/\/elhijodelllanero.mx\/?s={search_term_string}"},"query-input":{"@type":"PropertyValueSpecification","valueRequired":true,"valueName":"search_term_string"}}],"inLanguage":"es"},{"@type":"Person","@id":"https:\/\/elhijodelllanero.mx\/#\/schema\/person\/c7f8c86c55c1eab44ae2b93a9628245f","name":"Mar\u00eda de la Paz Rodarte Ram\u00edrez","image":{"@type":"ImageObject","inLanguage":"es","@id":"https:\/\/secure.gravatar.com\/avatar\/1f38f8518b09a266af73da2bce78d69e7d1275299970134ed62f572e0487e1d0?s=96&d=mm&r=g","url":"https:\/\/secure.gravatar.com\/avatar\/1f38f8518b09a266af73da2bce78d69e7d1275299970134ed62f572e0487e1d0?s=96&d=mm&r=g","contentUrl":"https:\/\/secure.gravatar.com\/avatar\/1f38f8518b09a266af73da2bce78d69e7d1275299970134ed62f572e0487e1d0?s=96&d=mm&r=g","caption":"Mar\u00eda de la Paz Rodarte Ram\u00edrez"},"sameAs":["https:\/\/www.elhijodelllanero.mx"],"url":"https:\/\/elhijodelllanero.mx\/index.php\/author\/maricuas\/"}]}},"jetpack_featured_media_url":"https:\/\/i0.wp.com\/elhijodelllanero.mx\/wp-content\/uploads\/2026\/02\/IMG-20260212-WA0002.jpg?fit=1071%2C1280&ssl=1","jetpack-related-posts":[],"jetpack_sharing_enabled":true,"_links":{"self":[{"href":"https:\/\/elhijodelllanero.mx\/index.php\/wp-json\/wp\/v2\/posts\/12910","targetHints":{"allow":["GET"]}}],"collection":[{"href":"https:\/\/elhijodelllanero.mx\/index.php\/wp-json\/wp\/v2\/posts"}],"about":[{"href":"https:\/\/elhijodelllanero.mx\/index.php\/wp-json\/wp\/v2\/types\/post"}],"author":[{"embeddable":true,"href":"https:\/\/elhijodelllanero.mx\/index.php\/wp-json\/wp\/v2\/users\/3"}],"replies":[{"embeddable":true,"href":"https:\/\/elhijodelllanero.mx\/index.php\/wp-json\/wp\/v2\/comments?post=12910"}],"version-history":[{"count":1,"href":"https:\/\/elhijodelllanero.mx\/index.php\/wp-json\/wp\/v2\/posts\/12910\/revisions"}],"predecessor-version":[{"id":12912,"href":"https:\/\/elhijodelllanero.mx\/index.php\/wp-json\/wp\/v2\/posts\/12910\/revisions\/12912"}],"wp:featuredmedia":[{"embeddable":true,"href":"https:\/\/elhijodelllanero.mx\/index.php\/wp-json\/wp\/v2\/media\/12911"}],"wp:attachment":[{"href":"https:\/\/elhijodelllanero.mx\/index.php\/wp-json\/wp\/v2\/media?parent=12910"}],"wp:term":[{"taxonomy":"category","embeddable":true,"href":"https:\/\/elhijodelllanero.mx\/index.php\/wp-json\/wp\/v2\/categories?post=12910"},{"taxonomy":"post_tag","embeddable":true,"href":"https:\/\/elhijodelllanero.mx\/index.php\/wp-json\/wp\/v2\/tags?post=12910"}],"curies":[{"name":"wp","href":"https:\/\/api.w.org\/{rel}","templated":true}]}}