{"id":12917,"date":"2026-02-12T16:12:07","date_gmt":"2026-02-12T16:12:07","guid":{"rendered":"https:\/\/elhijodelllanero.mx\/?p=12917"},"modified":"2026-02-12T16:12:07","modified_gmt":"2026-02-12T16:12:07","slug":"este-fin-de-semana-primera-carrera-con-causa-por-perros-rescatados","status":"publish","type":"post","link":"https:\/\/elhijodelllanero.mx\/index.php\/2026\/02\/12\/este-fin-de-semana-primera-carrera-con-causa-por-perros-rescatados\/","title":{"rendered":"Este fin de semana: primera carrera con causa por perros rescatados."},"content":{"rendered":"<p>Celaya, Gto. 11 de febrero del 1026.- Con la meta de reunir al menos 150 participantes y apoyar directamente a asociaciones civiles que rescatan perros en situaci\u00f3n de calle \u2014que siempre tienen m\u00e1s lomitos que croquetas\u2014 este fin de semana se realizar\u00e1 la primera carrera con causa impulsada por Totalplay en el Parque Lineal.<\/p>\n<p>El evento se llevar\u00e1 a cabo este s\u00e1bado 14 de febrero a las 8:00 de la ma\u00f1ana, bajo el concepto de correr con prop\u00f3sito: hacer deporte mientras se dona alimento para perros rescatados.<\/p>\n<p>De acuerdo con Alejandra Citlali Orozco, organizadora de la iniciativa, la carrera surge como respuesta a una problem\u00e1tica cotidiana: la sobrepoblaci\u00f3n de perros abandonados y la falta constante de recursos para quienes los rescatan.<\/p>\n<p>La din\u00e1mica de inscripci\u00f3n es sencilla y m\u00e1s \u00fatil que muchas buenas intenciones en redes sociales: los participantes deber\u00e1n aportar un kilo de croquetas y 250 pesos, que ser\u00e1n destinados a asociaciones con alta cantidad de perros bajo resguardo. Adem\u00e1s, la empresa organizadora sumar\u00e1 10 costales de 20 kilos de alimento para reforzar el apoyo.<\/p>\n<p>El d\u00eda del evento tambi\u00e9n se pueden escribir.<\/p>\n<p>Los organizadores explicaron que los principales retos que enfrentan estos grupos son el alimento \u2014porque 50 perros no comen como uno\u2014 adem\u00e1s de productos de limpieza y gastos veterinarios. Tambi\u00e9n subrayaron que gran parte del problema nace del abandono y de la falta de esterilizaci\u00f3n.<\/p>\n<p>La carrera permitir\u00e1 participar con mascota o sin ella; es decir, puedes correr acompa\u00f1ado de tu perro o solo, pero la causa sigue siendo la misma.<\/p>\n<p>Se trata de la primera edici\u00f3n de esta carrera y, si la respuesta ciudadana acompa\u00f1a \u2014y corre\u2014, se buscar\u00e1 repetirla en el futuro.<\/p>\n","protected":false},"excerpt":{"rendered":"<p>Celaya, Gto. 11 de febrero del 1026.- Con la meta de reunir al menos 150 participantes y apoyar directamente a asociaciones civiles que rescatan perros en situaci\u00f3n de calle \u2014que siempre tienen m\u00e1s lomitos que croquetas\u2014 este fin de semana se realizar\u00e1 la primera carrera con causa impulsada por Totalplay en el Parque Lineal. El [&hellip;]<\/p>\n","protected":false},"author":3,"featured_media":12918,"comment_status":"open","ping_status":"closed","sticky":false,"template":"","format":"standard","meta":{"_jetpack_newsletter_access":"","_jetpack_dont_email_post_to_subs":false,"_jetpack_newsletter_tier_id":0,"_jetpack_memberships_contains_paywalled_content":false,"_jetpack_memberships_contains_paid_content":false,"footnotes":""},"categories":[74,40],"tags":[],"class_list":{"0":"post-12917","1":"post","2":"type-post","3":"status-publish","4":"format-standard","5":"has-post-thumbnail","7":"category-celaya","8":"category-deportes"},"yoast_head":"<!-- This site is optimized with the Yoast SEO plugin v27.3 - https:\/\/yoast.com\/product\/yoast-seo-wordpress\/ -->\n<title>Este fin de semana: primera carrera con causa por perros rescatados. - El Hijo del llanero solititito<\/title>\n<meta name=\"robots\" content=\"index, follow, max-snippet:-1, max-image-preview:large, max-video-preview:-1\" \/>\n<link rel=\"canonical\" href=\"https:\/\/elhijodelllanero.mx\/index.php\/2026\/02\/12\/este-fin-de-semana-primera-carrera-con-causa-por-perros-rescatados\/\" \/>\n<meta property=\"og:locale\" content=\"es_ES\" \/>\n<meta property=\"og:type\" content=\"article\" \/>\n<meta property=\"og:title\" content=\"Este fin de semana: primera carrera con causa por perros rescatados. - El Hijo del llanero solititito\" \/>\n<meta property=\"og:description\" content=\"Celaya, Gto. 11 de febrero del 1026.- Con la meta de reunir al menos 150 participantes y apoyar directamente a asociaciones civiles que rescatan perros en situaci\u00f3n de calle \u2014que siempre tienen m\u00e1s lomitos que croquetas\u2014 este fin de semana se realizar\u00e1 la primera carrera con causa impulsada por Totalplay en el Parque Lineal. El [&hellip;]\" \/>\n<meta property=\"og:url\" content=\"https:\/\/elhijodelllanero.mx\/index.php\/2026\/02\/12\/este-fin-de-semana-primera-carrera-con-causa-por-perros-rescatados\/\" \/>\n<meta property=\"og:site_name\" content=\"El Hijo del llanero solititito\" \/>\n<meta property=\"article:published_time\" content=\"2026-02-12T16:12:07+00:00\" \/>\n<meta property=\"og:image\" content=\"https:\/\/elhijodelllanero.mx\/wp-content\/uploads\/2026\/02\/IMG-20260212-WA0000.jpg\" \/>\n\t<meta property=\"og:image:width\" content=\"1280\" \/>\n\t<meta property=\"og:image:height\" content=\"960\" \/>\n\t<meta property=\"og:image:type\" content=\"image\/jpeg\" \/>\n<meta name=\"author\" content=\"Mar\u00eda de la Paz Rodarte Ram\u00edrez\" \/>\n<meta name=\"twitter:card\" content=\"summary_large_image\" \/>\n<meta name=\"twitter:label1\" content=\"Escrito por\" \/>\n\t<meta name=\"twitter:data1\" content=\"Mar\u00eda de la Paz Rodarte Ram\u00edrez\" \/>\n\t<meta name=\"twitter:label2\" content=\"Tiempo de lectura\" \/>\n\t<meta name=\"twitter:data2\" content=\"2 minutos\" \/>\n<script type=\"application\/ld+json\" class=\"yoast-schema-graph\">{\"@context\":\"https:\\\/\\\/schema.org\",\"@graph\":[{\"@type\":\"Article\",\"@id\":\"https:\\\/\\\/elhijodelllanero.mx\\\/index.php\\\/2026\\\/02\\\/12\\\/este-fin-de-semana-primera-carrera-con-causa-por-perros-rescatados\\\/#article\",\"isPartOf\":{\"@id\":\"https:\\\/\\\/elhijodelllanero.mx\\\/index.php\\\/2026\\\/02\\\/12\\\/este-fin-de-semana-primera-carrera-con-causa-por-perros-rescatados\\\/\"},\"author\":{\"name\":\"Mar\u00eda de la Paz Rodarte Ram\u00edrez\",\"@id\":\"https:\\\/\\\/elhijodelllanero.mx\\\/#\\\/schema\\\/person\\\/c7f8c86c55c1eab44ae2b93a9628245f\"},\"headline\":\"Este fin de semana: primera carrera con causa por perros rescatados.\",\"datePublished\":\"2026-02-12T16:12:07+00:00\",\"mainEntityOfPage\":{\"@id\":\"https:\\\/\\\/elhijodelllanero.mx\\\/index.php\\\/2026\\\/02\\\/12\\\/este-fin-de-semana-primera-carrera-con-causa-por-perros-rescatados\\\/\"},\"wordCount\":302,\"commentCount\":0,\"image\":{\"@id\":\"https:\\\/\\\/elhijodelllanero.mx\\\/index.php\\\/2026\\\/02\\\/12\\\/este-fin-de-semana-primera-carrera-con-causa-por-perros-rescatados\\\/#primaryimage\"},\"thumbnailUrl\":\"https:\\\/\\\/i0.wp.com\\\/elhijodelllanero.mx\\\/wp-content\\\/uploads\\\/2026\\\/02\\\/IMG-20260212-WA0000.jpg?fit=1280%2C960&ssl=1\",\"articleSection\":[\"CELAYA\",\"DEPORTES\"],\"inLanguage\":\"es\",\"potentialAction\":[{\"@type\":\"CommentAction\",\"name\":\"Comment\",\"target\":[\"https:\\\/\\\/elhijodelllanero.mx\\\/index.php\\\/2026\\\/02\\\/12\\\/este-fin-de-semana-primera-carrera-con-causa-por-perros-rescatados\\\/#respond\"]}]},{\"@type\":\"WebPage\",\"@id\":\"https:\\\/\\\/elhijodelllanero.mx\\\/index.php\\\/2026\\\/02\\\/12\\\/este-fin-de-semana-primera-carrera-con-causa-por-perros-rescatados\\\/\",\"url\":\"https:\\\/\\\/elhijodelllanero.mx\\\/index.php\\\/2026\\\/02\\\/12\\\/este-fin-de-semana-primera-carrera-con-causa-por-perros-rescatados\\\/\",\"name\":\"Este fin de semana: primera carrera con causa por perros rescatados. - El Hijo del llanero solititito\",\"isPartOf\":{\"@id\":\"https:\\\/\\\/elhijodelllanero.mx\\\/#website\"},\"primaryImageOfPage\":{\"@id\":\"https:\\\/\\\/elhijodelllanero.mx\\\/index.php\\\/2026\\\/02\\\/12\\\/este-fin-de-semana-primera-carrera-con-causa-por-perros-rescatados\\\/#primaryimage\"},\"image\":{\"@id\":\"https:\\\/\\\/elhijodelllanero.mx\\\/index.php\\\/2026\\\/02\\\/12\\\/este-fin-de-semana-primera-carrera-con-causa-por-perros-rescatados\\\/#primaryimage\"},\"thumbnailUrl\":\"https:\\\/\\\/i0.wp.com\\\/elhijodelllanero.mx\\\/wp-content\\\/uploads\\\/2026\\\/02\\\/IMG-20260212-WA0000.jpg?fit=1280%2C960&ssl=1\",\"datePublished\":\"2026-02-12T16:12:07+00:00\",\"author\":{\"@id\":\"https:\\\/\\\/elhijodelllanero.mx\\\/#\\\/schema\\\/person\\\/c7f8c86c55c1eab44ae2b93a9628245f\"},\"breadcrumb\":{\"@id\":\"https:\\\/\\\/elhijodelllanero.mx\\\/index.php\\\/2026\\\/02\\\/12\\\/este-fin-de-semana-primera-carrera-con-causa-por-perros-rescatados\\\/#breadcrumb\"},\"inLanguage\":\"es\",\"potentialAction\":[{\"@type\":\"ReadAction\",\"target\":[\"https:\\\/\\\/elhijodelllanero.mx\\\/index.php\\\/2026\\\/02\\\/12\\\/este-fin-de-semana-primera-carrera-con-causa-por-perros-rescatados\\\/\"]}]},{\"@type\":\"ImageObject\",\"inLanguage\":\"es\",\"@id\":\"https:\\\/\\\/elhijodelllanero.mx\\\/index.php\\\/2026\\\/02\\\/12\\\/este-fin-de-semana-primera-carrera-con-causa-por-perros-rescatados\\\/#primaryimage\",\"url\":\"https:\\\/\\\/i0.wp.com\\\/elhijodelllanero.mx\\\/wp-content\\\/uploads\\\/2026\\\/02\\\/IMG-20260212-WA0000.jpg?fit=1280%2C960&ssl=1\",\"contentUrl\":\"https:\\\/\\\/i0.wp.com\\\/elhijodelllanero.mx\\\/wp-content\\\/uploads\\\/2026\\\/02\\\/IMG-20260212-WA0000.jpg?fit=1280%2C960&ssl=1\",\"width\":1280,\"height\":960},{\"@type\":\"BreadcrumbList\",\"@id\":\"https:\\\/\\\/elhijodelllanero.mx\\\/index.php\\\/2026\\\/02\\\/12\\\/este-fin-de-semana-primera-carrera-con-causa-por-perros-rescatados\\\/#breadcrumb\",\"itemListElement\":[{\"@type\":\"ListItem\",\"position\":1,\"name\":\"Portada\",\"item\":\"https:\\\/\\\/elhijodelllanero.mx\\\/\"},{\"@type\":\"ListItem\",\"position\":2,\"name\":\"Este fin de semana: primera carrera con causa por perros rescatados.\"}]},{\"@type\":\"WebSite\",\"@id\":\"https:\\\/\\\/elhijodelllanero.mx\\\/#website\",\"url\":\"https:\\\/\\\/elhijodelllanero.mx\\\/\",\"name\":\"El Hijo del llanero solititito\",\"description\":\"\",\"potentialAction\":[{\"@type\":\"SearchAction\",\"target\":{\"@type\":\"EntryPoint\",\"urlTemplate\":\"https:\\\/\\\/elhijodelllanero.mx\\\/?s={search_term_string}\"},\"query-input\":{\"@type\":\"PropertyValueSpecification\",\"valueRequired\":true,\"valueName\":\"search_term_string\"}}],\"inLanguage\":\"es\"},{\"@type\":\"Person\",\"@id\":\"https:\\\/\\\/elhijodelllanero.mx\\\/#\\\/schema\\\/person\\\/c7f8c86c55c1eab44ae2b93a9628245f\",\"name\":\"Mar\u00eda de la Paz Rodarte Ram\u00edrez\",\"image\":{\"@type\":\"ImageObject\",\"inLanguage\":\"es\",\"@id\":\"https:\\\/\\\/secure.gravatar.com\\\/avatar\\\/1f38f8518b09a266af73da2bce78d69e7d1275299970134ed62f572e0487e1d0?s=96&d=mm&r=g\",\"url\":\"https:\\\/\\\/secure.gravatar.com\\\/avatar\\\/1f38f8518b09a266af73da2bce78d69e7d1275299970134ed62f572e0487e1d0?s=96&d=mm&r=g\",\"contentUrl\":\"https:\\\/\\\/secure.gravatar.com\\\/avatar\\\/1f38f8518b09a266af73da2bce78d69e7d1275299970134ed62f572e0487e1d0?s=96&d=mm&r=g\",\"caption\":\"Mar\u00eda de la Paz Rodarte Ram\u00edrez\"},\"sameAs\":[\"https:\\\/\\\/www.elhijodelllanero.mx\"],\"url\":\"https:\\\/\\\/elhijodelllanero.mx\\\/index.php\\\/author\\\/maricuas\\\/\"}]}<\/script>\n<!-- \/ Yoast SEO plugin. -->","yoast_head_json":{"title":"Este fin de semana: primera carrera con causa por perros rescatados. - El Hijo del llanero solititito","robots":{"index":"index","follow":"follow","max-snippet":"max-snippet:-1","max-image-preview":"max-image-preview:large","max-video-preview":"max-video-preview:-1"},"canonical":"https:\/\/elhijodelllanero.mx\/index.php\/2026\/02\/12\/este-fin-de-semana-primera-carrera-con-causa-por-perros-rescatados\/","og_locale":"es_ES","og_type":"article","og_title":"Este fin de semana: primera carrera con causa por perros rescatados. - El Hijo del llanero solititito","og_description":"Celaya, Gto. 11 de febrero del 1026.- Con la meta de reunir al menos 150 participantes y apoyar directamente a asociaciones civiles que rescatan perros en situaci\u00f3n de calle \u2014que siempre tienen m\u00e1s lomitos que croquetas\u2014 este fin de semana se realizar\u00e1 la primera carrera con causa impulsada por Totalplay en el Parque Lineal. El [&hellip;]","og_url":"https:\/\/elhijodelllanero.mx\/index.php\/2026\/02\/12\/este-fin-de-semana-primera-carrera-con-causa-por-perros-rescatados\/","og_site_name":"El Hijo del llanero solititito","article_published_time":"2026-02-12T16:12:07+00:00","og_image":[{"width":1280,"height":960,"url":"https:\/\/elhijodelllanero.mx\/wp-content\/uploads\/2026\/02\/IMG-20260212-WA0000.jpg","type":"image\/jpeg"}],"author":"Mar\u00eda de la Paz Rodarte Ram\u00edrez","twitter_card":"summary_large_image","twitter_misc":{"Escrito por":"Mar\u00eda de la Paz Rodarte Ram\u00edrez","Tiempo de lectura":"2 minutos"},"schema":{"@context":"https:\/\/schema.org","@graph":[{"@type":"Article","@id":"https:\/\/elhijodelllanero.mx\/index.php\/2026\/02\/12\/este-fin-de-semana-primera-carrera-con-causa-por-perros-rescatados\/#article","isPartOf":{"@id":"https:\/\/elhijodelllanero.mx\/index.php\/2026\/02\/12\/este-fin-de-semana-primera-carrera-con-causa-por-perros-rescatados\/"},"author":{"name":"Mar\u00eda de la Paz Rodarte Ram\u00edrez","@id":"https:\/\/elhijodelllanero.mx\/#\/schema\/person\/c7f8c86c55c1eab44ae2b93a9628245f"},"headline":"Este fin de semana: primera carrera con causa por perros rescatados.","datePublished":"2026-02-12T16:12:07+00:00","mainEntityOfPage":{"@id":"https:\/\/elhijodelllanero.mx\/index.php\/2026\/02\/12\/este-fin-de-semana-primera-carrera-con-causa-por-perros-rescatados\/"},"wordCount":302,"commentCount":0,"image":{"@id":"https:\/\/elhijodelllanero.mx\/index.php\/2026\/02\/12\/este-fin-de-semana-primera-carrera-con-causa-por-perros-rescatados\/#primaryimage"},"thumbnailUrl":"https:\/\/i0.wp.com\/elhijodelllanero.mx\/wp-content\/uploads\/2026\/02\/IMG-20260212-WA0000.jpg?fit=1280%2C960&ssl=1","articleSection":["CELAYA","DEPORTES"],"inLanguage":"es","potentialAction":[{"@type":"CommentAction","name":"Comment","target":["https:\/\/elhijodelllanero.mx\/index.php\/2026\/02\/12\/este-fin-de-semana-primera-carrera-con-causa-por-perros-rescatados\/#respond"]}]},{"@type":"WebPage","@id":"https:\/\/elhijodelllanero.mx\/index.php\/2026\/02\/12\/este-fin-de-semana-primera-carrera-con-causa-por-perros-rescatados\/","url":"https:\/\/elhijodelllanero.mx\/index.php\/2026\/02\/12\/este-fin-de-semana-primera-carrera-con-causa-por-perros-rescatados\/","name":"Este fin de semana: primera carrera con causa por perros rescatados. - El Hijo del llanero solititito","isPartOf":{"@id":"https:\/\/elhijodelllanero.mx\/#website"},"primaryImageOfPage":{"@id":"https:\/\/elhijodelllanero.mx\/index.php\/2026\/02\/12\/este-fin-de-semana-primera-carrera-con-causa-por-perros-rescatados\/#primaryimage"},"image":{"@id":"https:\/\/elhijodelllanero.mx\/index.php\/2026\/02\/12\/este-fin-de-semana-primera-carrera-con-causa-por-perros-rescatados\/#primaryimage"},"thumbnailUrl":"https:\/\/i0.wp.com\/elhijodelllanero.mx\/wp-content\/uploads\/2026\/02\/IMG-20260212-WA0000.jpg?fit=1280%2C960&ssl=1","datePublished":"2026-02-12T16:12:07+00:00","author":{"@id":"https:\/\/elhijodelllanero.mx\/#\/schema\/person\/c7f8c86c55c1eab44ae2b93a9628245f"},"breadcrumb":{"@id":"https:\/\/elhijodelllanero.mx\/index.php\/2026\/02\/12\/este-fin-de-semana-primera-carrera-con-causa-por-perros-rescatados\/#breadcrumb"},"inLanguage":"es","potentialAction":[{"@type":"ReadAction","target":["https:\/\/elhijodelllanero.mx\/index.php\/2026\/02\/12\/este-fin-de-semana-primera-carrera-con-causa-por-perros-rescatados\/"]}]},{"@type":"ImageObject","inLanguage":"es","@id":"https:\/\/elhijodelllanero.mx\/index.php\/2026\/02\/12\/este-fin-de-semana-primera-carrera-con-causa-por-perros-rescatados\/#primaryimage","url":"https:\/\/i0.wp.com\/elhijodelllanero.mx\/wp-content\/uploads\/2026\/02\/IMG-20260212-WA0000.jpg?fit=1280%2C960&ssl=1","contentUrl":"https:\/\/i0.wp.com\/elhijodelllanero.mx\/wp-content\/uploads\/2026\/02\/IMG-20260212-WA0000.jpg?fit=1280%2C960&ssl=1","width":1280,"height":960},{"@type":"BreadcrumbList","@id":"https:\/\/elhijodelllanero.mx\/index.php\/2026\/02\/12\/este-fin-de-semana-primera-carrera-con-causa-por-perros-rescatados\/#breadcrumb","itemListElement":[{"@type":"ListItem","position":1,"name":"Portada","item":"https:\/\/elhijodelllanero.mx\/"},{"@type":"ListItem","position":2,"name":"Este fin de semana: primera carrera con causa por perros rescatados."}]},{"@type":"WebSite","@id":"https:\/\/elhijodelllanero.mx\/#website","url":"https:\/\/elhijodelllanero.mx\/","name":"El Hijo del llanero solititito","description":"","potentialAction":[{"@type":"SearchAction","target":{"@type":"EntryPoint","urlTemplate":"https:\/\/elhijodelllanero.mx\/?s={search_term_string}"},"query-input":{"@type":"PropertyValueSpecification","valueRequired":true,"valueName":"search_term_string"}}],"inLanguage":"es"},{"@type":"Person","@id":"https:\/\/elhijodelllanero.mx\/#\/schema\/person\/c7f8c86c55c1eab44ae2b93a9628245f","name":"Mar\u00eda de la Paz Rodarte Ram\u00edrez","image":{"@type":"ImageObject","inLanguage":"es","@id":"https:\/\/secure.gravatar.com\/avatar\/1f38f8518b09a266af73da2bce78d69e7d1275299970134ed62f572e0487e1d0?s=96&d=mm&r=g","url":"https:\/\/secure.gravatar.com\/avatar\/1f38f8518b09a266af73da2bce78d69e7d1275299970134ed62f572e0487e1d0?s=96&d=mm&r=g","contentUrl":"https:\/\/secure.gravatar.com\/avatar\/1f38f8518b09a266af73da2bce78d69e7d1275299970134ed62f572e0487e1d0?s=96&d=mm&r=g","caption":"Mar\u00eda de la Paz Rodarte Ram\u00edrez"},"sameAs":["https:\/\/www.elhijodelllanero.mx"],"url":"https:\/\/elhijodelllanero.mx\/index.php\/author\/maricuas\/"}]}},"jetpack_featured_media_url":"https:\/\/i0.wp.com\/elhijodelllanero.mx\/wp-content\/uploads\/2026\/02\/IMG-20260212-WA0000.jpg?fit=1280%2C960&ssl=1","jetpack-related-posts":[],"jetpack_sharing_enabled":true,"_links":{"self":[{"href":"https:\/\/elhijodelllanero.mx\/index.php\/wp-json\/wp\/v2\/posts\/12917","targetHints":{"allow":["GET"]}}],"collection":[{"href":"https:\/\/elhijodelllanero.mx\/index.php\/wp-json\/wp\/v2\/posts"}],"about":[{"href":"https:\/\/elhijodelllanero.mx\/index.php\/wp-json\/wp\/v2\/types\/post"}],"author":[{"embeddable":true,"href":"https:\/\/elhijodelllanero.mx\/index.php\/wp-json\/wp\/v2\/users\/3"}],"replies":[{"embeddable":true,"href":"https:\/\/elhijodelllanero.mx\/index.php\/wp-json\/wp\/v2\/comments?post=12917"}],"version-history":[{"count":1,"href":"https:\/\/elhijodelllanero.mx\/index.php\/wp-json\/wp\/v2\/posts\/12917\/revisions"}],"predecessor-version":[{"id":12919,"href":"https:\/\/elhijodelllanero.mx\/index.php\/wp-json\/wp\/v2\/posts\/12917\/revisions\/12919"}],"wp:featuredmedia":[{"embeddable":true,"href":"https:\/\/elhijodelllanero.mx\/index.php\/wp-json\/wp\/v2\/media\/12918"}],"wp:attachment":[{"href":"https:\/\/elhijodelllanero.mx\/index.php\/wp-json\/wp\/v2\/media?parent=12917"}],"wp:term":[{"taxonomy":"category","embeddable":true,"href":"https:\/\/elhijodelllanero.mx\/index.php\/wp-json\/wp\/v2\/categories?post=12917"},{"taxonomy":"post_tag","embeddable":true,"href":"https:\/\/elhijodelllanero.mx\/index.php\/wp-json\/wp\/v2\/tags?post=12917"}],"curies":[{"name":"wp","href":"https:\/\/api.w.org\/{rel}","templated":true}]}}