{"id":12920,"date":"2026-02-12T16:45:15","date_gmt":"2026-02-12T16:45:15","guid":{"rendered":"https:\/\/elhijodelllanero.mx\/?p=12920"},"modified":"2026-02-12T16:45:15","modified_gmt":"2026-02-12T16:45:15","slug":"prender-fuego-no-es-opcion-villagran-va-contra-lotes-sucios","status":"publish","type":"post","link":"https:\/\/elhijodelllanero.mx\/index.php\/2026\/02\/12\/prender-fuego-no-es-opcion-villagran-va-contra-lotes-sucios\/","title":{"rendered":"Prender fuego no es opci\u00f3n: Villagr\u00e1n va contra lotes sucios."},"content":{"rendered":"<p>Villagr\u00e1n, Gto. 12 de febrero del 2026.- Si limpiar un terreno parece complicado, prenderle un cerillo no deber\u00eda ser la soluci\u00f3n. Sin embargo, esa pr\u00e1ctica se ha vuelto m\u00e1s com\u00fan de lo que deber\u00eda en lotes bald\u00edos del municipio, donde la hierba seca y la basura acumulada han provocado m\u00faltiples incendios.<\/p>\n<p>La directora de Ordenamiento Territorial y Medio Ambiente, Santa Mar\u00eda Le\u00f3n, inform\u00f3 que durante el a\u00f1o pasado y lo que va del actual se ha registrado un incremento en incendios de pastizales, muchos de ellos presuntamente ocasionados para \u201cahorrarse\u201d la limpieza.<\/p>\n<p>Adem\u00e1s del riesgo de fuego, estos espacios se convierten en focos de infecci\u00f3n debido a la acumulaci\u00f3n constante de residuos. La funcionaria se\u00f1al\u00f3 que ya se tienen identificados varios predios problem\u00e1ticos e hizo un llamado a los propietarios para que se acerquen al municipio y busquen alternativas de apoyo antes de que el problema crezca\u2026 o arda.<\/p>\n<p>El gobierno municipal advirti\u00f3 que se actuar\u00e1 conforme al reglamento para evitar que contin\u00fae la acumulaci\u00f3n de basura en predios y espacios p\u00fablicos. De hecho, ya se registr\u00f3 la detenci\u00f3n de una persona por una falta administrativa al tirar residuos en la v\u00eda p\u00fablica.<\/p>\n<p>Porque s\u00ed, deshierbar toma tiempo. Pero apagar incendios \u2014y pagar multas\u2014 suele ser m\u00e1s caro.<\/p>\n","protected":false},"excerpt":{"rendered":"<p>Villagr\u00e1n, Gto. 12 de febrero del 2026.- Si limpiar un terreno parece complicado, prenderle un cerillo no deber\u00eda ser la soluci\u00f3n. Sin embargo, esa pr\u00e1ctica se ha vuelto m\u00e1s com\u00fan de lo que deber\u00eda en lotes bald\u00edos del municipio, donde la hierba seca y la basura acumulada han provocado m\u00faltiples incendios. La directora de Ordenamiento [&hellip;]<\/p>\n","protected":false},"author":3,"featured_media":12921,"comment_status":"open","ping_status":"closed","sticky":false,"template":"","format":"standard","meta":{"_jetpack_newsletter_access":"","_jetpack_dont_email_post_to_subs":false,"_jetpack_newsletter_tier_id":0,"_jetpack_memberships_contains_paywalled_content":false,"_jetpack_memberships_contains_paid_content":false,"footnotes":""},"categories":[76,85],"tags":[],"class_list":{"0":"post-12920","1":"post","2":"type-post","3":"status-publish","4":"format-standard","5":"has-post-thumbnail","7":"category-municipios","8":"category-villagran"},"yoast_head":"<!-- This site is optimized with the Yoast SEO plugin v27.3 - https:\/\/yoast.com\/product\/yoast-seo-wordpress\/ -->\n<title>Prender fuego no es opci\u00f3n: Villagr\u00e1n va contra lotes sucios. - El Hijo del llanero solititito<\/title>\n<meta name=\"robots\" content=\"index, follow, max-snippet:-1, max-image-preview:large, max-video-preview:-1\" \/>\n<link rel=\"canonical\" href=\"https:\/\/elhijodelllanero.mx\/index.php\/2026\/02\/12\/prender-fuego-no-es-opcion-villagran-va-contra-lotes-sucios\/\" \/>\n<meta property=\"og:locale\" content=\"es_ES\" \/>\n<meta property=\"og:type\" content=\"article\" \/>\n<meta property=\"og:title\" content=\"Prender fuego no es opci\u00f3n: Villagr\u00e1n va contra lotes sucios. - El Hijo del llanero solititito\" \/>\n<meta property=\"og:description\" content=\"Villagr\u00e1n, Gto. 12 de febrero del 2026.- Si limpiar un terreno parece complicado, prenderle un cerillo no deber\u00eda ser la soluci\u00f3n. Sin embargo, esa pr\u00e1ctica se ha vuelto m\u00e1s com\u00fan de lo que deber\u00eda en lotes bald\u00edos del municipio, donde la hierba seca y la basura acumulada han provocado m\u00faltiples incendios. La directora de Ordenamiento [&hellip;]\" \/>\n<meta property=\"og:url\" content=\"https:\/\/elhijodelllanero.mx\/index.php\/2026\/02\/12\/prender-fuego-no-es-opcion-villagran-va-contra-lotes-sucios\/\" \/>\n<meta property=\"og:site_name\" content=\"El Hijo del llanero solititito\" \/>\n<meta property=\"article:published_time\" content=\"2026-02-12T16:45:15+00:00\" \/>\n<meta property=\"og:image\" content=\"https:\/\/elhijodelllanero.mx\/wp-content\/uploads\/2026\/02\/IMG-20260212-WA0009.jpg\" \/>\n\t<meta property=\"og:image:width\" content=\"1280\" \/>\n\t<meta property=\"og:image:height\" content=\"716\" \/>\n\t<meta property=\"og:image:type\" content=\"image\/jpeg\" \/>\n<meta name=\"author\" content=\"Mar\u00eda de la Paz Rodarte Ram\u00edrez\" \/>\n<meta name=\"twitter:card\" content=\"summary_large_image\" \/>\n<meta name=\"twitter:label1\" content=\"Escrito por\" \/>\n\t<meta name=\"twitter:data1\" content=\"Mar\u00eda de la Paz Rodarte Ram\u00edrez\" \/>\n\t<meta name=\"twitter:label2\" content=\"Tiempo de lectura\" \/>\n\t<meta name=\"twitter:data2\" content=\"1 minuto\" \/>\n<script type=\"application\/ld+json\" class=\"yoast-schema-graph\">{\"@context\":\"https:\\\/\\\/schema.org\",\"@graph\":[{\"@type\":\"Article\",\"@id\":\"https:\\\/\\\/elhijodelllanero.mx\\\/index.php\\\/2026\\\/02\\\/12\\\/prender-fuego-no-es-opcion-villagran-va-contra-lotes-sucios\\\/#article\",\"isPartOf\":{\"@id\":\"https:\\\/\\\/elhijodelllanero.mx\\\/index.php\\\/2026\\\/02\\\/12\\\/prender-fuego-no-es-opcion-villagran-va-contra-lotes-sucios\\\/\"},\"author\":{\"name\":\"Mar\u00eda de la Paz Rodarte Ram\u00edrez\",\"@id\":\"https:\\\/\\\/elhijodelllanero.mx\\\/#\\\/schema\\\/person\\\/c7f8c86c55c1eab44ae2b93a9628245f\"},\"headline\":\"Prender fuego no es opci\u00f3n: Villagr\u00e1n va contra lotes sucios.\",\"datePublished\":\"2026-02-12T16:45:15+00:00\",\"mainEntityOfPage\":{\"@id\":\"https:\\\/\\\/elhijodelllanero.mx\\\/index.php\\\/2026\\\/02\\\/12\\\/prender-fuego-no-es-opcion-villagran-va-contra-lotes-sucios\\\/\"},\"wordCount\":243,\"commentCount\":0,\"image\":{\"@id\":\"https:\\\/\\\/elhijodelllanero.mx\\\/index.php\\\/2026\\\/02\\\/12\\\/prender-fuego-no-es-opcion-villagran-va-contra-lotes-sucios\\\/#primaryimage\"},\"thumbnailUrl\":\"https:\\\/\\\/i0.wp.com\\\/elhijodelllanero.mx\\\/wp-content\\\/uploads\\\/2026\\\/02\\\/IMG-20260212-WA0009.jpg?fit=1280%2C716&ssl=1\",\"articleSection\":[\"MUNICIPIOS\",\"Villagr\u00e1n\"],\"inLanguage\":\"es\",\"potentialAction\":[{\"@type\":\"CommentAction\",\"name\":\"Comment\",\"target\":[\"https:\\\/\\\/elhijodelllanero.mx\\\/index.php\\\/2026\\\/02\\\/12\\\/prender-fuego-no-es-opcion-villagran-va-contra-lotes-sucios\\\/#respond\"]}]},{\"@type\":\"WebPage\",\"@id\":\"https:\\\/\\\/elhijodelllanero.mx\\\/index.php\\\/2026\\\/02\\\/12\\\/prender-fuego-no-es-opcion-villagran-va-contra-lotes-sucios\\\/\",\"url\":\"https:\\\/\\\/elhijodelllanero.mx\\\/index.php\\\/2026\\\/02\\\/12\\\/prender-fuego-no-es-opcion-villagran-va-contra-lotes-sucios\\\/\",\"name\":\"Prender fuego no es opci\u00f3n: Villagr\u00e1n va contra lotes sucios. - El Hijo del llanero solititito\",\"isPartOf\":{\"@id\":\"https:\\\/\\\/elhijodelllanero.mx\\\/#website\"},\"primaryImageOfPage\":{\"@id\":\"https:\\\/\\\/elhijodelllanero.mx\\\/index.php\\\/2026\\\/02\\\/12\\\/prender-fuego-no-es-opcion-villagran-va-contra-lotes-sucios\\\/#primaryimage\"},\"image\":{\"@id\":\"https:\\\/\\\/elhijodelllanero.mx\\\/index.php\\\/2026\\\/02\\\/12\\\/prender-fuego-no-es-opcion-villagran-va-contra-lotes-sucios\\\/#primaryimage\"},\"thumbnailUrl\":\"https:\\\/\\\/i0.wp.com\\\/elhijodelllanero.mx\\\/wp-content\\\/uploads\\\/2026\\\/02\\\/IMG-20260212-WA0009.jpg?fit=1280%2C716&ssl=1\",\"datePublished\":\"2026-02-12T16:45:15+00:00\",\"author\":{\"@id\":\"https:\\\/\\\/elhijodelllanero.mx\\\/#\\\/schema\\\/person\\\/c7f8c86c55c1eab44ae2b93a9628245f\"},\"breadcrumb\":{\"@id\":\"https:\\\/\\\/elhijodelllanero.mx\\\/index.php\\\/2026\\\/02\\\/12\\\/prender-fuego-no-es-opcion-villagran-va-contra-lotes-sucios\\\/#breadcrumb\"},\"inLanguage\":\"es\",\"potentialAction\":[{\"@type\":\"ReadAction\",\"target\":[\"https:\\\/\\\/elhijodelllanero.mx\\\/index.php\\\/2026\\\/02\\\/12\\\/prender-fuego-no-es-opcion-villagran-va-contra-lotes-sucios\\\/\"]}]},{\"@type\":\"ImageObject\",\"inLanguage\":\"es\",\"@id\":\"https:\\\/\\\/elhijodelllanero.mx\\\/index.php\\\/2026\\\/02\\\/12\\\/prender-fuego-no-es-opcion-villagran-va-contra-lotes-sucios\\\/#primaryimage\",\"url\":\"https:\\\/\\\/i0.wp.com\\\/elhijodelllanero.mx\\\/wp-content\\\/uploads\\\/2026\\\/02\\\/IMG-20260212-WA0009.jpg?fit=1280%2C716&ssl=1\",\"contentUrl\":\"https:\\\/\\\/i0.wp.com\\\/elhijodelllanero.mx\\\/wp-content\\\/uploads\\\/2026\\\/02\\\/IMG-20260212-WA0009.jpg?fit=1280%2C716&ssl=1\",\"width\":1280,\"height\":716},{\"@type\":\"BreadcrumbList\",\"@id\":\"https:\\\/\\\/elhijodelllanero.mx\\\/index.php\\\/2026\\\/02\\\/12\\\/prender-fuego-no-es-opcion-villagran-va-contra-lotes-sucios\\\/#breadcrumb\",\"itemListElement\":[{\"@type\":\"ListItem\",\"position\":1,\"name\":\"Portada\",\"item\":\"https:\\\/\\\/elhijodelllanero.mx\\\/\"},{\"@type\":\"ListItem\",\"position\":2,\"name\":\"Prender fuego no es opci\u00f3n: Villagr\u00e1n va contra lotes sucios.\"}]},{\"@type\":\"WebSite\",\"@id\":\"https:\\\/\\\/elhijodelllanero.mx\\\/#website\",\"url\":\"https:\\\/\\\/elhijodelllanero.mx\\\/\",\"name\":\"El Hijo del llanero solititito\",\"description\":\"\",\"potentialAction\":[{\"@type\":\"SearchAction\",\"target\":{\"@type\":\"EntryPoint\",\"urlTemplate\":\"https:\\\/\\\/elhijodelllanero.mx\\\/?s={search_term_string}\"},\"query-input\":{\"@type\":\"PropertyValueSpecification\",\"valueRequired\":true,\"valueName\":\"search_term_string\"}}],\"inLanguage\":\"es\"},{\"@type\":\"Person\",\"@id\":\"https:\\\/\\\/elhijodelllanero.mx\\\/#\\\/schema\\\/person\\\/c7f8c86c55c1eab44ae2b93a9628245f\",\"name\":\"Mar\u00eda de la Paz Rodarte Ram\u00edrez\",\"image\":{\"@type\":\"ImageObject\",\"inLanguage\":\"es\",\"@id\":\"https:\\\/\\\/secure.gravatar.com\\\/avatar\\\/1f38f8518b09a266af73da2bce78d69e7d1275299970134ed62f572e0487e1d0?s=96&d=mm&r=g\",\"url\":\"https:\\\/\\\/secure.gravatar.com\\\/avatar\\\/1f38f8518b09a266af73da2bce78d69e7d1275299970134ed62f572e0487e1d0?s=96&d=mm&r=g\",\"contentUrl\":\"https:\\\/\\\/secure.gravatar.com\\\/avatar\\\/1f38f8518b09a266af73da2bce78d69e7d1275299970134ed62f572e0487e1d0?s=96&d=mm&r=g\",\"caption\":\"Mar\u00eda de la Paz Rodarte Ram\u00edrez\"},\"sameAs\":[\"https:\\\/\\\/www.elhijodelllanero.mx\"],\"url\":\"https:\\\/\\\/elhijodelllanero.mx\\\/index.php\\\/author\\\/maricuas\\\/\"}]}<\/script>\n<!-- \/ Yoast SEO plugin. -->","yoast_head_json":{"title":"Prender fuego no es opci\u00f3n: Villagr\u00e1n va contra lotes sucios. - El Hijo del llanero solititito","robots":{"index":"index","follow":"follow","max-snippet":"max-snippet:-1","max-image-preview":"max-image-preview:large","max-video-preview":"max-video-preview:-1"},"canonical":"https:\/\/elhijodelllanero.mx\/index.php\/2026\/02\/12\/prender-fuego-no-es-opcion-villagran-va-contra-lotes-sucios\/","og_locale":"es_ES","og_type":"article","og_title":"Prender fuego no es opci\u00f3n: Villagr\u00e1n va contra lotes sucios. - El Hijo del llanero solititito","og_description":"Villagr\u00e1n, Gto. 12 de febrero del 2026.- Si limpiar un terreno parece complicado, prenderle un cerillo no deber\u00eda ser la soluci\u00f3n. Sin embargo, esa pr\u00e1ctica se ha vuelto m\u00e1s com\u00fan de lo que deber\u00eda en lotes bald\u00edos del municipio, donde la hierba seca y la basura acumulada han provocado m\u00faltiples incendios. La directora de Ordenamiento [&hellip;]","og_url":"https:\/\/elhijodelllanero.mx\/index.php\/2026\/02\/12\/prender-fuego-no-es-opcion-villagran-va-contra-lotes-sucios\/","og_site_name":"El Hijo del llanero solititito","article_published_time":"2026-02-12T16:45:15+00:00","og_image":[{"width":1280,"height":716,"url":"https:\/\/elhijodelllanero.mx\/wp-content\/uploads\/2026\/02\/IMG-20260212-WA0009.jpg","type":"image\/jpeg"}],"author":"Mar\u00eda de la Paz Rodarte Ram\u00edrez","twitter_card":"summary_large_image","twitter_misc":{"Escrito por":"Mar\u00eda de la Paz Rodarte Ram\u00edrez","Tiempo de lectura":"1 minuto"},"schema":{"@context":"https:\/\/schema.org","@graph":[{"@type":"Article","@id":"https:\/\/elhijodelllanero.mx\/index.php\/2026\/02\/12\/prender-fuego-no-es-opcion-villagran-va-contra-lotes-sucios\/#article","isPartOf":{"@id":"https:\/\/elhijodelllanero.mx\/index.php\/2026\/02\/12\/prender-fuego-no-es-opcion-villagran-va-contra-lotes-sucios\/"},"author":{"name":"Mar\u00eda de la Paz Rodarte Ram\u00edrez","@id":"https:\/\/elhijodelllanero.mx\/#\/schema\/person\/c7f8c86c55c1eab44ae2b93a9628245f"},"headline":"Prender fuego no es opci\u00f3n: Villagr\u00e1n va contra lotes sucios.","datePublished":"2026-02-12T16:45:15+00:00","mainEntityOfPage":{"@id":"https:\/\/elhijodelllanero.mx\/index.php\/2026\/02\/12\/prender-fuego-no-es-opcion-villagran-va-contra-lotes-sucios\/"},"wordCount":243,"commentCount":0,"image":{"@id":"https:\/\/elhijodelllanero.mx\/index.php\/2026\/02\/12\/prender-fuego-no-es-opcion-villagran-va-contra-lotes-sucios\/#primaryimage"},"thumbnailUrl":"https:\/\/i0.wp.com\/elhijodelllanero.mx\/wp-content\/uploads\/2026\/02\/IMG-20260212-WA0009.jpg?fit=1280%2C716&ssl=1","articleSection":["MUNICIPIOS","Villagr\u00e1n"],"inLanguage":"es","potentialAction":[{"@type":"CommentAction","name":"Comment","target":["https:\/\/elhijodelllanero.mx\/index.php\/2026\/02\/12\/prender-fuego-no-es-opcion-villagran-va-contra-lotes-sucios\/#respond"]}]},{"@type":"WebPage","@id":"https:\/\/elhijodelllanero.mx\/index.php\/2026\/02\/12\/prender-fuego-no-es-opcion-villagran-va-contra-lotes-sucios\/","url":"https:\/\/elhijodelllanero.mx\/index.php\/2026\/02\/12\/prender-fuego-no-es-opcion-villagran-va-contra-lotes-sucios\/","name":"Prender fuego no es opci\u00f3n: Villagr\u00e1n va contra lotes sucios. - El Hijo del llanero solititito","isPartOf":{"@id":"https:\/\/elhijodelllanero.mx\/#website"},"primaryImageOfPage":{"@id":"https:\/\/elhijodelllanero.mx\/index.php\/2026\/02\/12\/prender-fuego-no-es-opcion-villagran-va-contra-lotes-sucios\/#primaryimage"},"image":{"@id":"https:\/\/elhijodelllanero.mx\/index.php\/2026\/02\/12\/prender-fuego-no-es-opcion-villagran-va-contra-lotes-sucios\/#primaryimage"},"thumbnailUrl":"https:\/\/i0.wp.com\/elhijodelllanero.mx\/wp-content\/uploads\/2026\/02\/IMG-20260212-WA0009.jpg?fit=1280%2C716&ssl=1","datePublished":"2026-02-12T16:45:15+00:00","author":{"@id":"https:\/\/elhijodelllanero.mx\/#\/schema\/person\/c7f8c86c55c1eab44ae2b93a9628245f"},"breadcrumb":{"@id":"https:\/\/elhijodelllanero.mx\/index.php\/2026\/02\/12\/prender-fuego-no-es-opcion-villagran-va-contra-lotes-sucios\/#breadcrumb"},"inLanguage":"es","potentialAction":[{"@type":"ReadAction","target":["https:\/\/elhijodelllanero.mx\/index.php\/2026\/02\/12\/prender-fuego-no-es-opcion-villagran-va-contra-lotes-sucios\/"]}]},{"@type":"ImageObject","inLanguage":"es","@id":"https:\/\/elhijodelllanero.mx\/index.php\/2026\/02\/12\/prender-fuego-no-es-opcion-villagran-va-contra-lotes-sucios\/#primaryimage","url":"https:\/\/i0.wp.com\/elhijodelllanero.mx\/wp-content\/uploads\/2026\/02\/IMG-20260212-WA0009.jpg?fit=1280%2C716&ssl=1","contentUrl":"https:\/\/i0.wp.com\/elhijodelllanero.mx\/wp-content\/uploads\/2026\/02\/IMG-20260212-WA0009.jpg?fit=1280%2C716&ssl=1","width":1280,"height":716},{"@type":"BreadcrumbList","@id":"https:\/\/elhijodelllanero.mx\/index.php\/2026\/02\/12\/prender-fuego-no-es-opcion-villagran-va-contra-lotes-sucios\/#breadcrumb","itemListElement":[{"@type":"ListItem","position":1,"name":"Portada","item":"https:\/\/elhijodelllanero.mx\/"},{"@type":"ListItem","position":2,"name":"Prender fuego no es opci\u00f3n: Villagr\u00e1n va contra lotes sucios."}]},{"@type":"WebSite","@id":"https:\/\/elhijodelllanero.mx\/#website","url":"https:\/\/elhijodelllanero.mx\/","name":"El Hijo del llanero solititito","description":"","potentialAction":[{"@type":"SearchAction","target":{"@type":"EntryPoint","urlTemplate":"https:\/\/elhijodelllanero.mx\/?s={search_term_string}"},"query-input":{"@type":"PropertyValueSpecification","valueRequired":true,"valueName":"search_term_string"}}],"inLanguage":"es"},{"@type":"Person","@id":"https:\/\/elhijodelllanero.mx\/#\/schema\/person\/c7f8c86c55c1eab44ae2b93a9628245f","name":"Mar\u00eda de la Paz Rodarte Ram\u00edrez","image":{"@type":"ImageObject","inLanguage":"es","@id":"https:\/\/secure.gravatar.com\/avatar\/1f38f8518b09a266af73da2bce78d69e7d1275299970134ed62f572e0487e1d0?s=96&d=mm&r=g","url":"https:\/\/secure.gravatar.com\/avatar\/1f38f8518b09a266af73da2bce78d69e7d1275299970134ed62f572e0487e1d0?s=96&d=mm&r=g","contentUrl":"https:\/\/secure.gravatar.com\/avatar\/1f38f8518b09a266af73da2bce78d69e7d1275299970134ed62f572e0487e1d0?s=96&d=mm&r=g","caption":"Mar\u00eda de la Paz Rodarte Ram\u00edrez"},"sameAs":["https:\/\/www.elhijodelllanero.mx"],"url":"https:\/\/elhijodelllanero.mx\/index.php\/author\/maricuas\/"}]}},"jetpack_featured_media_url":"https:\/\/i0.wp.com\/elhijodelllanero.mx\/wp-content\/uploads\/2026\/02\/IMG-20260212-WA0009.jpg?fit=1280%2C716&ssl=1","jetpack-related-posts":[],"jetpack_sharing_enabled":true,"_links":{"self":[{"href":"https:\/\/elhijodelllanero.mx\/index.php\/wp-json\/wp\/v2\/posts\/12920","targetHints":{"allow":["GET"]}}],"collection":[{"href":"https:\/\/elhijodelllanero.mx\/index.php\/wp-json\/wp\/v2\/posts"}],"about":[{"href":"https:\/\/elhijodelllanero.mx\/index.php\/wp-json\/wp\/v2\/types\/post"}],"author":[{"embeddable":true,"href":"https:\/\/elhijodelllanero.mx\/index.php\/wp-json\/wp\/v2\/users\/3"}],"replies":[{"embeddable":true,"href":"https:\/\/elhijodelllanero.mx\/index.php\/wp-json\/wp\/v2\/comments?post=12920"}],"version-history":[{"count":1,"href":"https:\/\/elhijodelllanero.mx\/index.php\/wp-json\/wp\/v2\/posts\/12920\/revisions"}],"predecessor-version":[{"id":12922,"href":"https:\/\/elhijodelllanero.mx\/index.php\/wp-json\/wp\/v2\/posts\/12920\/revisions\/12922"}],"wp:featuredmedia":[{"embeddable":true,"href":"https:\/\/elhijodelllanero.mx\/index.php\/wp-json\/wp\/v2\/media\/12921"}],"wp:attachment":[{"href":"https:\/\/elhijodelllanero.mx\/index.php\/wp-json\/wp\/v2\/media?parent=12920"}],"wp:term":[{"taxonomy":"category","embeddable":true,"href":"https:\/\/elhijodelllanero.mx\/index.php\/wp-json\/wp\/v2\/categories?post=12920"},{"taxonomy":"post_tag","embeddable":true,"href":"https:\/\/elhijodelllanero.mx\/index.php\/wp-json\/wp\/v2\/tags?post=12920"}],"curies":[{"name":"wp","href":"https:\/\/api.w.org\/{rel}","templated":true}]}}