{"id":13023,"date":"2026-02-20T00:00:23","date_gmt":"2026-02-20T00:00:23","guid":{"rendered":"https:\/\/elhijodelllanero.mx\/?p=13023"},"modified":"2026-02-20T00:00:23","modified_gmt":"2026-02-20T00:00:23","slug":"cortazar-reparte-deporte-y-de-paso-espacios-dignos","status":"publish","type":"post","link":"https:\/\/elhijodelllanero.mx\/index.php\/2026\/02\/20\/cortazar-reparte-deporte-y-de-paso-espacios-dignos\/","title":{"rendered":"Cortazar reparte deporte\u2026 y de paso espacios dignos."},"content":{"rendered":"<p>Cortazar, Gto. 19 de febrero del 2026.-Con la promesa de que ahora s\u00ed no habr\u00e1 pretextos para no hacer ejercicio, el presidente municipal Mauricio Estefan\u00eda encabez\u00f3 una entrega masiva de material deportivo, uniformes y equipo de mantenimiento para las instalaciones municipales.<\/p>\n<p>En coordinaci\u00f3n con la Direcci\u00f3n Municipal del Deporte (DIMUDE), el gobierno local dot\u00f3 de balones, uniformes y equipo especializado a m\u00e1s de 700 atletas que entrenan en disciplinas como f\u00fatbol, b\u00e1squetbol, nataci\u00f3n y voleibol, con la intenci\u00f3n de fortalecer el talento deportivo y fomentar la activaci\u00f3n f\u00edsica.<\/p>\n<p>Entre los apoyos entregados destacan tablas y paletas profesionales para nataci\u00f3n, balones de f\u00fatbol y voleibol, as\u00ed como 150 uniformes para equipos locales, con la promesa de que vendr\u00e1n m\u00e1s en los pr\u00f3ximos meses.<\/p>\n<p>Porque el deporte no solo vive de buenas intenciones, tambi\u00e9n se incluy\u00f3 equipo de mantenimiento para las dos unidades deportivas del municipio, buscando que canchas, \u00e1reas verdes y albercas se mantengan en condiciones dignas para los m\u00e1s de 1,800 usuarios que las utilizan regularmente.<\/p>\n<p>As\u00ed, entre balones nuevos y pasto que ahora s\u00ed promete lucir cuidado, Cortazar apuesta a que la salud, la convivencia y el talento local jueguen en la misma cancha\u2026 y esta vez con uniforme completo.<\/p>\n","protected":false},"excerpt":{"rendered":"<p>Cortazar, Gto. 19 de febrero del 2026.-Con la promesa de que ahora s\u00ed no habr\u00e1 pretextos para no hacer ejercicio, el presidente municipal Mauricio Estefan\u00eda encabez\u00f3 una entrega masiva de material deportivo, uniformes y equipo de mantenimiento para las instalaciones municipales. En coordinaci\u00f3n con la Direcci\u00f3n Municipal del Deporte (DIMUDE), el gobierno local dot\u00f3 de [&hellip;]<\/p>\n","protected":false},"author":3,"featured_media":13024,"comment_status":"open","ping_status":"closed","sticky":false,"template":"","format":"standard","meta":{"_jetpack_newsletter_access":"","_jetpack_dont_email_post_to_subs":false,"_jetpack_newsletter_tier_id":0,"_jetpack_memberships_contains_paywalled_content":false,"_jetpack_memberships_contains_paid_content":false,"footnotes":""},"categories":[77,76],"tags":[],"class_list":{"0":"post-13023","1":"post","2":"type-post","3":"status-publish","4":"format-standard","5":"has-post-thumbnail","7":"category-cortazar","8":"category-municipios"},"yoast_head":"<!-- This site is optimized with the Yoast SEO plugin v27.3 - https:\/\/yoast.com\/product\/yoast-seo-wordpress\/ -->\n<title>Cortazar reparte deporte\u2026 y de paso espacios dignos. - El Hijo del llanero solititito<\/title>\n<meta name=\"robots\" content=\"index, follow, max-snippet:-1, max-image-preview:large, max-video-preview:-1\" \/>\n<link rel=\"canonical\" href=\"https:\/\/elhijodelllanero.mx\/index.php\/2026\/02\/20\/cortazar-reparte-deporte-y-de-paso-espacios-dignos\/\" \/>\n<meta property=\"og:locale\" content=\"es_ES\" \/>\n<meta property=\"og:type\" content=\"article\" \/>\n<meta property=\"og:title\" content=\"Cortazar reparte deporte\u2026 y de paso espacios dignos. - El Hijo del llanero solititito\" \/>\n<meta property=\"og:description\" content=\"Cortazar, Gto. 19 de febrero del 2026.-Con la promesa de que ahora s\u00ed no habr\u00e1 pretextos para no hacer ejercicio, el presidente municipal Mauricio Estefan\u00eda encabez\u00f3 una entrega masiva de material deportivo, uniformes y equipo de mantenimiento para las instalaciones municipales. En coordinaci\u00f3n con la Direcci\u00f3n Municipal del Deporte (DIMUDE), el gobierno local dot\u00f3 de [&hellip;]\" \/>\n<meta property=\"og:url\" content=\"https:\/\/elhijodelllanero.mx\/index.php\/2026\/02\/20\/cortazar-reparte-deporte-y-de-paso-espacios-dignos\/\" \/>\n<meta property=\"og:site_name\" content=\"El Hijo del llanero solititito\" \/>\n<meta property=\"article:published_time\" content=\"2026-02-20T00:00:23+00:00\" \/>\n<meta property=\"og:image\" content=\"https:\/\/elhijodelllanero.mx\/wp-content\/uploads\/2026\/02\/IMG-20260219-WA0013.jpg\" \/>\n\t<meta property=\"og:image:width\" content=\"1600\" \/>\n\t<meta property=\"og:image:height\" content=\"1218\" \/>\n\t<meta property=\"og:image:type\" content=\"image\/jpeg\" \/>\n<meta name=\"author\" content=\"Mar\u00eda de la Paz Rodarte Ram\u00edrez\" \/>\n<meta name=\"twitter:card\" content=\"summary_large_image\" \/>\n<meta name=\"twitter:label1\" content=\"Escrito por\" \/>\n\t<meta name=\"twitter:data1\" content=\"Mar\u00eda de la Paz Rodarte Ram\u00edrez\" \/>\n\t<meta name=\"twitter:label2\" content=\"Tiempo de lectura\" \/>\n\t<meta name=\"twitter:data2\" content=\"1 minuto\" \/>\n<script type=\"application\/ld+json\" class=\"yoast-schema-graph\">{\"@context\":\"https:\\\/\\\/schema.org\",\"@graph\":[{\"@type\":\"Article\",\"@id\":\"https:\\\/\\\/elhijodelllanero.mx\\\/index.php\\\/2026\\\/02\\\/20\\\/cortazar-reparte-deporte-y-de-paso-espacios-dignos\\\/#article\",\"isPartOf\":{\"@id\":\"https:\\\/\\\/elhijodelllanero.mx\\\/index.php\\\/2026\\\/02\\\/20\\\/cortazar-reparte-deporte-y-de-paso-espacios-dignos\\\/\"},\"author\":{\"name\":\"Mar\u00eda de la Paz Rodarte Ram\u00edrez\",\"@id\":\"https:\\\/\\\/elhijodelllanero.mx\\\/#\\\/schema\\\/person\\\/c7f8c86c55c1eab44ae2b93a9628245f\"},\"headline\":\"Cortazar reparte deporte\u2026 y de paso espacios dignos.\",\"datePublished\":\"2026-02-20T00:00:23+00:00\",\"mainEntityOfPage\":{\"@id\":\"https:\\\/\\\/elhijodelllanero.mx\\\/index.php\\\/2026\\\/02\\\/20\\\/cortazar-reparte-deporte-y-de-paso-espacios-dignos\\\/\"},\"wordCount\":222,\"commentCount\":0,\"image\":{\"@id\":\"https:\\\/\\\/elhijodelllanero.mx\\\/index.php\\\/2026\\\/02\\\/20\\\/cortazar-reparte-deporte-y-de-paso-espacios-dignos\\\/#primaryimage\"},\"thumbnailUrl\":\"https:\\\/\\\/i0.wp.com\\\/elhijodelllanero.mx\\\/wp-content\\\/uploads\\\/2026\\\/02\\\/IMG-20260219-WA0013.jpg?fit=1600%2C1218&ssl=1\",\"articleSection\":[\"CORTAZAR\",\"MUNICIPIOS\"],\"inLanguage\":\"es\",\"potentialAction\":[{\"@type\":\"CommentAction\",\"name\":\"Comment\",\"target\":[\"https:\\\/\\\/elhijodelllanero.mx\\\/index.php\\\/2026\\\/02\\\/20\\\/cortazar-reparte-deporte-y-de-paso-espacios-dignos\\\/#respond\"]}]},{\"@type\":\"WebPage\",\"@id\":\"https:\\\/\\\/elhijodelllanero.mx\\\/index.php\\\/2026\\\/02\\\/20\\\/cortazar-reparte-deporte-y-de-paso-espacios-dignos\\\/\",\"url\":\"https:\\\/\\\/elhijodelllanero.mx\\\/index.php\\\/2026\\\/02\\\/20\\\/cortazar-reparte-deporte-y-de-paso-espacios-dignos\\\/\",\"name\":\"Cortazar reparte deporte\u2026 y de paso espacios dignos. - El Hijo del llanero solititito\",\"isPartOf\":{\"@id\":\"https:\\\/\\\/elhijodelllanero.mx\\\/#website\"},\"primaryImageOfPage\":{\"@id\":\"https:\\\/\\\/elhijodelllanero.mx\\\/index.php\\\/2026\\\/02\\\/20\\\/cortazar-reparte-deporte-y-de-paso-espacios-dignos\\\/#primaryimage\"},\"image\":{\"@id\":\"https:\\\/\\\/elhijodelllanero.mx\\\/index.php\\\/2026\\\/02\\\/20\\\/cortazar-reparte-deporte-y-de-paso-espacios-dignos\\\/#primaryimage\"},\"thumbnailUrl\":\"https:\\\/\\\/i0.wp.com\\\/elhijodelllanero.mx\\\/wp-content\\\/uploads\\\/2026\\\/02\\\/IMG-20260219-WA0013.jpg?fit=1600%2C1218&ssl=1\",\"datePublished\":\"2026-02-20T00:00:23+00:00\",\"author\":{\"@id\":\"https:\\\/\\\/elhijodelllanero.mx\\\/#\\\/schema\\\/person\\\/c7f8c86c55c1eab44ae2b93a9628245f\"},\"breadcrumb\":{\"@id\":\"https:\\\/\\\/elhijodelllanero.mx\\\/index.php\\\/2026\\\/02\\\/20\\\/cortazar-reparte-deporte-y-de-paso-espacios-dignos\\\/#breadcrumb\"},\"inLanguage\":\"es\",\"potentialAction\":[{\"@type\":\"ReadAction\",\"target\":[\"https:\\\/\\\/elhijodelllanero.mx\\\/index.php\\\/2026\\\/02\\\/20\\\/cortazar-reparte-deporte-y-de-paso-espacios-dignos\\\/\"]}]},{\"@type\":\"ImageObject\",\"inLanguage\":\"es\",\"@id\":\"https:\\\/\\\/elhijodelllanero.mx\\\/index.php\\\/2026\\\/02\\\/20\\\/cortazar-reparte-deporte-y-de-paso-espacios-dignos\\\/#primaryimage\",\"url\":\"https:\\\/\\\/i0.wp.com\\\/elhijodelllanero.mx\\\/wp-content\\\/uploads\\\/2026\\\/02\\\/IMG-20260219-WA0013.jpg?fit=1600%2C1218&ssl=1\",\"contentUrl\":\"https:\\\/\\\/i0.wp.com\\\/elhijodelllanero.mx\\\/wp-content\\\/uploads\\\/2026\\\/02\\\/IMG-20260219-WA0013.jpg?fit=1600%2C1218&ssl=1\",\"width\":1600,\"height\":1218},{\"@type\":\"BreadcrumbList\",\"@id\":\"https:\\\/\\\/elhijodelllanero.mx\\\/index.php\\\/2026\\\/02\\\/20\\\/cortazar-reparte-deporte-y-de-paso-espacios-dignos\\\/#breadcrumb\",\"itemListElement\":[{\"@type\":\"ListItem\",\"position\":1,\"name\":\"Portada\",\"item\":\"https:\\\/\\\/elhijodelllanero.mx\\\/\"},{\"@type\":\"ListItem\",\"position\":2,\"name\":\"Cortazar reparte deporte\u2026 y de paso espacios dignos.\"}]},{\"@type\":\"WebSite\",\"@id\":\"https:\\\/\\\/elhijodelllanero.mx\\\/#website\",\"url\":\"https:\\\/\\\/elhijodelllanero.mx\\\/\",\"name\":\"El Hijo del llanero solititito\",\"description\":\"\",\"potentialAction\":[{\"@type\":\"SearchAction\",\"target\":{\"@type\":\"EntryPoint\",\"urlTemplate\":\"https:\\\/\\\/elhijodelllanero.mx\\\/?s={search_term_string}\"},\"query-input\":{\"@type\":\"PropertyValueSpecification\",\"valueRequired\":true,\"valueName\":\"search_term_string\"}}],\"inLanguage\":\"es\"},{\"@type\":\"Person\",\"@id\":\"https:\\\/\\\/elhijodelllanero.mx\\\/#\\\/schema\\\/person\\\/c7f8c86c55c1eab44ae2b93a9628245f\",\"name\":\"Mar\u00eda de la Paz Rodarte Ram\u00edrez\",\"image\":{\"@type\":\"ImageObject\",\"inLanguage\":\"es\",\"@id\":\"https:\\\/\\\/secure.gravatar.com\\\/avatar\\\/1f38f8518b09a266af73da2bce78d69e7d1275299970134ed62f572e0487e1d0?s=96&d=mm&r=g\",\"url\":\"https:\\\/\\\/secure.gravatar.com\\\/avatar\\\/1f38f8518b09a266af73da2bce78d69e7d1275299970134ed62f572e0487e1d0?s=96&d=mm&r=g\",\"contentUrl\":\"https:\\\/\\\/secure.gravatar.com\\\/avatar\\\/1f38f8518b09a266af73da2bce78d69e7d1275299970134ed62f572e0487e1d0?s=96&d=mm&r=g\",\"caption\":\"Mar\u00eda de la Paz Rodarte Ram\u00edrez\"},\"sameAs\":[\"https:\\\/\\\/www.elhijodelllanero.mx\"],\"url\":\"https:\\\/\\\/elhijodelllanero.mx\\\/index.php\\\/author\\\/maricuas\\\/\"}]}<\/script>\n<!-- \/ Yoast SEO plugin. -->","yoast_head_json":{"title":"Cortazar reparte deporte\u2026 y de paso espacios dignos. - El Hijo del llanero solititito","robots":{"index":"index","follow":"follow","max-snippet":"max-snippet:-1","max-image-preview":"max-image-preview:large","max-video-preview":"max-video-preview:-1"},"canonical":"https:\/\/elhijodelllanero.mx\/index.php\/2026\/02\/20\/cortazar-reparte-deporte-y-de-paso-espacios-dignos\/","og_locale":"es_ES","og_type":"article","og_title":"Cortazar reparte deporte\u2026 y de paso espacios dignos. - El Hijo del llanero solititito","og_description":"Cortazar, Gto. 19 de febrero del 2026.-Con la promesa de que ahora s\u00ed no habr\u00e1 pretextos para no hacer ejercicio, el presidente municipal Mauricio Estefan\u00eda encabez\u00f3 una entrega masiva de material deportivo, uniformes y equipo de mantenimiento para las instalaciones municipales. En coordinaci\u00f3n con la Direcci\u00f3n Municipal del Deporte (DIMUDE), el gobierno local dot\u00f3 de [&hellip;]","og_url":"https:\/\/elhijodelllanero.mx\/index.php\/2026\/02\/20\/cortazar-reparte-deporte-y-de-paso-espacios-dignos\/","og_site_name":"El Hijo del llanero solititito","article_published_time":"2026-02-20T00:00:23+00:00","og_image":[{"width":1600,"height":1218,"url":"https:\/\/elhijodelllanero.mx\/wp-content\/uploads\/2026\/02\/IMG-20260219-WA0013.jpg","type":"image\/jpeg"}],"author":"Mar\u00eda de la Paz Rodarte Ram\u00edrez","twitter_card":"summary_large_image","twitter_misc":{"Escrito por":"Mar\u00eda de la Paz Rodarte Ram\u00edrez","Tiempo de lectura":"1 minuto"},"schema":{"@context":"https:\/\/schema.org","@graph":[{"@type":"Article","@id":"https:\/\/elhijodelllanero.mx\/index.php\/2026\/02\/20\/cortazar-reparte-deporte-y-de-paso-espacios-dignos\/#article","isPartOf":{"@id":"https:\/\/elhijodelllanero.mx\/index.php\/2026\/02\/20\/cortazar-reparte-deporte-y-de-paso-espacios-dignos\/"},"author":{"name":"Mar\u00eda de la Paz Rodarte Ram\u00edrez","@id":"https:\/\/elhijodelllanero.mx\/#\/schema\/person\/c7f8c86c55c1eab44ae2b93a9628245f"},"headline":"Cortazar reparte deporte\u2026 y de paso espacios dignos.","datePublished":"2026-02-20T00:00:23+00:00","mainEntityOfPage":{"@id":"https:\/\/elhijodelllanero.mx\/index.php\/2026\/02\/20\/cortazar-reparte-deporte-y-de-paso-espacios-dignos\/"},"wordCount":222,"commentCount":0,"image":{"@id":"https:\/\/elhijodelllanero.mx\/index.php\/2026\/02\/20\/cortazar-reparte-deporte-y-de-paso-espacios-dignos\/#primaryimage"},"thumbnailUrl":"https:\/\/i0.wp.com\/elhijodelllanero.mx\/wp-content\/uploads\/2026\/02\/IMG-20260219-WA0013.jpg?fit=1600%2C1218&ssl=1","articleSection":["CORTAZAR","MUNICIPIOS"],"inLanguage":"es","potentialAction":[{"@type":"CommentAction","name":"Comment","target":["https:\/\/elhijodelllanero.mx\/index.php\/2026\/02\/20\/cortazar-reparte-deporte-y-de-paso-espacios-dignos\/#respond"]}]},{"@type":"WebPage","@id":"https:\/\/elhijodelllanero.mx\/index.php\/2026\/02\/20\/cortazar-reparte-deporte-y-de-paso-espacios-dignos\/","url":"https:\/\/elhijodelllanero.mx\/index.php\/2026\/02\/20\/cortazar-reparte-deporte-y-de-paso-espacios-dignos\/","name":"Cortazar reparte deporte\u2026 y de paso espacios dignos. - El Hijo del llanero solititito","isPartOf":{"@id":"https:\/\/elhijodelllanero.mx\/#website"},"primaryImageOfPage":{"@id":"https:\/\/elhijodelllanero.mx\/index.php\/2026\/02\/20\/cortazar-reparte-deporte-y-de-paso-espacios-dignos\/#primaryimage"},"image":{"@id":"https:\/\/elhijodelllanero.mx\/index.php\/2026\/02\/20\/cortazar-reparte-deporte-y-de-paso-espacios-dignos\/#primaryimage"},"thumbnailUrl":"https:\/\/i0.wp.com\/elhijodelllanero.mx\/wp-content\/uploads\/2026\/02\/IMG-20260219-WA0013.jpg?fit=1600%2C1218&ssl=1","datePublished":"2026-02-20T00:00:23+00:00","author":{"@id":"https:\/\/elhijodelllanero.mx\/#\/schema\/person\/c7f8c86c55c1eab44ae2b93a9628245f"},"breadcrumb":{"@id":"https:\/\/elhijodelllanero.mx\/index.php\/2026\/02\/20\/cortazar-reparte-deporte-y-de-paso-espacios-dignos\/#breadcrumb"},"inLanguage":"es","potentialAction":[{"@type":"ReadAction","target":["https:\/\/elhijodelllanero.mx\/index.php\/2026\/02\/20\/cortazar-reparte-deporte-y-de-paso-espacios-dignos\/"]}]},{"@type":"ImageObject","inLanguage":"es","@id":"https:\/\/elhijodelllanero.mx\/index.php\/2026\/02\/20\/cortazar-reparte-deporte-y-de-paso-espacios-dignos\/#primaryimage","url":"https:\/\/i0.wp.com\/elhijodelllanero.mx\/wp-content\/uploads\/2026\/02\/IMG-20260219-WA0013.jpg?fit=1600%2C1218&ssl=1","contentUrl":"https:\/\/i0.wp.com\/elhijodelllanero.mx\/wp-content\/uploads\/2026\/02\/IMG-20260219-WA0013.jpg?fit=1600%2C1218&ssl=1","width":1600,"height":1218},{"@type":"BreadcrumbList","@id":"https:\/\/elhijodelllanero.mx\/index.php\/2026\/02\/20\/cortazar-reparte-deporte-y-de-paso-espacios-dignos\/#breadcrumb","itemListElement":[{"@type":"ListItem","position":1,"name":"Portada","item":"https:\/\/elhijodelllanero.mx\/"},{"@type":"ListItem","position":2,"name":"Cortazar reparte deporte\u2026 y de paso espacios dignos."}]},{"@type":"WebSite","@id":"https:\/\/elhijodelllanero.mx\/#website","url":"https:\/\/elhijodelllanero.mx\/","name":"El Hijo del llanero solititito","description":"","potentialAction":[{"@type":"SearchAction","target":{"@type":"EntryPoint","urlTemplate":"https:\/\/elhijodelllanero.mx\/?s={search_term_string}"},"query-input":{"@type":"PropertyValueSpecification","valueRequired":true,"valueName":"search_term_string"}}],"inLanguage":"es"},{"@type":"Person","@id":"https:\/\/elhijodelllanero.mx\/#\/schema\/person\/c7f8c86c55c1eab44ae2b93a9628245f","name":"Mar\u00eda de la Paz Rodarte Ram\u00edrez","image":{"@type":"ImageObject","inLanguage":"es","@id":"https:\/\/secure.gravatar.com\/avatar\/1f38f8518b09a266af73da2bce78d69e7d1275299970134ed62f572e0487e1d0?s=96&d=mm&r=g","url":"https:\/\/secure.gravatar.com\/avatar\/1f38f8518b09a266af73da2bce78d69e7d1275299970134ed62f572e0487e1d0?s=96&d=mm&r=g","contentUrl":"https:\/\/secure.gravatar.com\/avatar\/1f38f8518b09a266af73da2bce78d69e7d1275299970134ed62f572e0487e1d0?s=96&d=mm&r=g","caption":"Mar\u00eda de la Paz Rodarte Ram\u00edrez"},"sameAs":["https:\/\/www.elhijodelllanero.mx"],"url":"https:\/\/elhijodelllanero.mx\/index.php\/author\/maricuas\/"}]}},"jetpack_featured_media_url":"https:\/\/i0.wp.com\/elhijodelllanero.mx\/wp-content\/uploads\/2026\/02\/IMG-20260219-WA0013.jpg?fit=1600%2C1218&ssl=1","jetpack-related-posts":[],"jetpack_sharing_enabled":true,"_links":{"self":[{"href":"https:\/\/elhijodelllanero.mx\/index.php\/wp-json\/wp\/v2\/posts\/13023","targetHints":{"allow":["GET"]}}],"collection":[{"href":"https:\/\/elhijodelllanero.mx\/index.php\/wp-json\/wp\/v2\/posts"}],"about":[{"href":"https:\/\/elhijodelllanero.mx\/index.php\/wp-json\/wp\/v2\/types\/post"}],"author":[{"embeddable":true,"href":"https:\/\/elhijodelllanero.mx\/index.php\/wp-json\/wp\/v2\/users\/3"}],"replies":[{"embeddable":true,"href":"https:\/\/elhijodelllanero.mx\/index.php\/wp-json\/wp\/v2\/comments?post=13023"}],"version-history":[{"count":1,"href":"https:\/\/elhijodelllanero.mx\/index.php\/wp-json\/wp\/v2\/posts\/13023\/revisions"}],"predecessor-version":[{"id":13025,"href":"https:\/\/elhijodelllanero.mx\/index.php\/wp-json\/wp\/v2\/posts\/13023\/revisions\/13025"}],"wp:featuredmedia":[{"embeddable":true,"href":"https:\/\/elhijodelllanero.mx\/index.php\/wp-json\/wp\/v2\/media\/13024"}],"wp:attachment":[{"href":"https:\/\/elhijodelllanero.mx\/index.php\/wp-json\/wp\/v2\/media?parent=13023"}],"wp:term":[{"taxonomy":"category","embeddable":true,"href":"https:\/\/elhijodelllanero.mx\/index.php\/wp-json\/wp\/v2\/categories?post=13023"},{"taxonomy":"post_tag","embeddable":true,"href":"https:\/\/elhijodelllanero.mx\/index.php\/wp-json\/wp\/v2\/tags?post=13023"}],"curies":[{"name":"wp","href":"https:\/\/api.w.org\/{rel}","templated":true}]}}