{"id":13026,"date":"2026-02-20T00:01:43","date_gmt":"2026-02-20T00:01:43","guid":{"rendered":"https:\/\/elhijodelllanero.mx\/?p=13026"},"modified":"2026-02-20T00:01:43","modified_gmt":"2026-02-20T00:01:43","slug":"anuncia-caida-del-52-en-homicidiospero-aun-falta-casi-la-mitad-reconoce-el-alcalde","status":"publish","type":"post","link":"https:\/\/elhijodelllanero.mx\/index.php\/2026\/02\/20\/anuncia-caida-del-52-en-homicidiospero-aun-falta-casi-la-mitad-reconoce-el-alcalde\/","title":{"rendered":"Anuncia ca\u00edda del 52% en homicidios\u2026pero a\u00fan falta casi la mitad, reconoce el alcalde."},"content":{"rendered":"<p>Celaya, Gto. 19 de febrero del 2026.1En un giro digno de presumirse \u2014aunque con margen de mejora\u2014 el presidente municipal Juan Miguel Ram\u00edrez inform\u00f3 que en un a\u00f1o y cuatro meses de su administraci\u00f3n el municipio ha logrado reducir en un 52 por ciento los homicidios, coloc\u00e1ndose, seg\u00fan dijo, como el que m\u00e1s ha bajado este delito en todo el pa\u00eds.<\/p>\n<p>\u201cEn un a\u00f1o y cuatro meses de la actual administraci\u00f3n, Celaya ha logrado una reducci\u00f3n del 52 por ciento en los asesinatos\u2026 Celaya se posiciona como el municipio que m\u00e1s ha reducido los homicidios a nivel nacional, entre cerca de 2 mil 500 municipios, nosotros los hemos bajado mucho m\u00e1s\u201d, afirm\u00f3.<\/p>\n<p>Eso s\u00ed, el propio edil reconoci\u00f3 que el trabajo no est\u00e1 terminado y que todav\u00eda queda un 48 por ciento pendiente, por si alguien pensaba que el tema ya estaba resuelto.<\/p>\n<p>\u201cNos falta 48 %, queremos que esta ciudad sea una ciudad de seguridad, una ciudad de paz, pero para eso necesitamos como antes lo hicieron el concurso, la participaci\u00f3n de todas y de todos ustedes, hemos hecho cosas extraordinarias, luego cuando lo digo, la gente no lo cree, pero nosotros somos el municipio que m\u00e1s ha bajado en asesinatos de todo M\u00e9xico de 2,500 de cerca de 2,500 municipios nosotros sernos los que hemos bajado mucho m\u00e1s\u201d.<\/p>\n<p>El alcalde record\u00f3 que por a\u00f1os la ciudad figur\u00f3 en los primeros lugares de violencia en Guanajuato, en M\u00e9xico y hasta en rankings internacionales, situaci\u00f3n que \u2014seg\u00fan se\u00f1al\u00f3\u2014 no se logr\u00f3 revertir en administraciones anteriores, pero que ahora s\u00ed empieza a cambiar.<\/p>\n<p>Para explicar los resultados, el presidente municipal destac\u00f3 la \u201cestrategia integral de seguridad\u201d implementada desde el inicio de su gesti\u00f3n, que incluy\u00f3 una depuraci\u00f3n de la polic\u00eda municipal con 527 despidos, m\u00e1s de 100 de ellos derivados de resoluciones de la Comisi\u00f3n de Honor y Justicia.<\/p>\n<p>\u201cY ven\u00eda un presidente y no bajaba, ven\u00eda una presidenta y no bajaba ven\u00eda otro presidente y no bajaba, llegamos nosotros y se baj\u00f3, entre otras muchas cosas, porque tenemos un buen equipo de seguridad, tenemos un director y un subdirector en seguridad que viene de Sedena, el concepto de ciudad inteligente es una ciudad donde se aprovecha el medio ambiente, donde se aprovechen los recursos t\u00e9cnicos- cient\u00edficos, las computadoras, el internet, los software, etc\u00e9tera; entonces nosotros vamos a hacer una seguridad integral que est\u00e9 vinculada al desarrollo de las sociedad de Celaya\u201d.<\/p>\n<p>Mientras tanto, el municipio avanza en la elaboraci\u00f3n de su Plan Integral de Seguridad, con la promesa de convertirse en una \u201cciudad inteligente\u201d donde la tecnolog\u00eda y la coordinaci\u00f3n institucional \u2014y ahora s\u00ed\u2014 logren mantener a raya la violencia. Porque si algo queda claro, es que el optimismo oficial va un paso adelante de las cifras que a\u00fan faltan por reducir.<\/p>\n","protected":false},"excerpt":{"rendered":"<p>Celaya, Gto. 19 de febrero del 2026.1En un giro digno de presumirse \u2014aunque con margen de mejora\u2014 el presidente municipal Juan Miguel Ram\u00edrez inform\u00f3 que en un a\u00f1o y cuatro meses de su administraci\u00f3n el municipio ha logrado reducir en un 52 por ciento los homicidios, coloc\u00e1ndose, seg\u00fan dijo, como el que m\u00e1s ha bajado [&hellip;]<\/p>\n","protected":false},"author":3,"featured_media":13027,"comment_status":"open","ping_status":"closed","sticky":false,"template":"","format":"standard","meta":{"_jetpack_newsletter_access":"","_jetpack_dont_email_post_to_subs":false,"_jetpack_newsletter_tier_id":0,"_jetpack_memberships_contains_paywalled_content":false,"_jetpack_memberships_contains_paid_content":false,"footnotes":""},"categories":[74],"tags":[],"class_list":{"0":"post-13026","1":"post","2":"type-post","3":"status-publish","4":"format-standard","5":"has-post-thumbnail","7":"category-celaya"},"yoast_head":"<!-- This site is optimized with the Yoast SEO plugin v27.3 - https:\/\/yoast.com\/product\/yoast-seo-wordpress\/ -->\n<title>Anuncia ca\u00edda del 52% en homicidios\u2026pero a\u00fan falta casi la mitad, reconoce el alcalde. - El Hijo del llanero solititito<\/title>\n<meta name=\"robots\" content=\"index, follow, max-snippet:-1, max-image-preview:large, max-video-preview:-1\" \/>\n<link rel=\"canonical\" href=\"https:\/\/elhijodelllanero.mx\/index.php\/2026\/02\/20\/anuncia-caida-del-52-en-homicidiospero-aun-falta-casi-la-mitad-reconoce-el-alcalde\/\" \/>\n<meta property=\"og:locale\" content=\"es_ES\" \/>\n<meta property=\"og:type\" content=\"article\" \/>\n<meta property=\"og:title\" content=\"Anuncia ca\u00edda del 52% en homicidios\u2026pero a\u00fan falta casi la mitad, reconoce el alcalde. - El Hijo del llanero solititito\" \/>\n<meta property=\"og:description\" content=\"Celaya, Gto. 19 de febrero del 2026.1En un giro digno de presumirse \u2014aunque con margen de mejora\u2014 el presidente municipal Juan Miguel Ram\u00edrez inform\u00f3 que en un a\u00f1o y cuatro meses de su administraci\u00f3n el municipio ha logrado reducir en un 52 por ciento los homicidios, coloc\u00e1ndose, seg\u00fan dijo, como el que m\u00e1s ha bajado [&hellip;]\" \/>\n<meta property=\"og:url\" content=\"https:\/\/elhijodelllanero.mx\/index.php\/2026\/02\/20\/anuncia-caida-del-52-en-homicidiospero-aun-falta-casi-la-mitad-reconoce-el-alcalde\/\" \/>\n<meta property=\"og:site_name\" content=\"El Hijo del llanero solititito\" \/>\n<meta property=\"article:published_time\" content=\"2026-02-20T00:01:43+00:00\" \/>\n<meta property=\"og:image\" content=\"https:\/\/elhijodelllanero.mx\/wp-content\/uploads\/2026\/02\/IMG-20260219-WA0011.jpg\" \/>\n\t<meta property=\"og:image:width\" content=\"1600\" \/>\n\t<meta property=\"og:image:height\" content=\"1353\" \/>\n\t<meta property=\"og:image:type\" content=\"image\/jpeg\" \/>\n<meta name=\"author\" content=\"Mar\u00eda de la Paz Rodarte Ram\u00edrez\" \/>\n<meta name=\"twitter:card\" content=\"summary_large_image\" \/>\n<meta name=\"twitter:label1\" content=\"Escrito por\" \/>\n\t<meta name=\"twitter:data1\" content=\"Mar\u00eda de la Paz Rodarte Ram\u00edrez\" \/>\n\t<meta name=\"twitter:label2\" content=\"Tiempo de lectura\" \/>\n\t<meta name=\"twitter:data2\" content=\"3 minutos\" \/>\n<script type=\"application\/ld+json\" class=\"yoast-schema-graph\">{\"@context\":\"https:\\\/\\\/schema.org\",\"@graph\":[{\"@type\":\"Article\",\"@id\":\"https:\\\/\\\/elhijodelllanero.mx\\\/index.php\\\/2026\\\/02\\\/20\\\/anuncia-caida-del-52-en-homicidiospero-aun-falta-casi-la-mitad-reconoce-el-alcalde\\\/#article\",\"isPartOf\":{\"@id\":\"https:\\\/\\\/elhijodelllanero.mx\\\/index.php\\\/2026\\\/02\\\/20\\\/anuncia-caida-del-52-en-homicidiospero-aun-falta-casi-la-mitad-reconoce-el-alcalde\\\/\"},\"author\":{\"name\":\"Mar\u00eda de la Paz Rodarte Ram\u00edrez\",\"@id\":\"https:\\\/\\\/elhijodelllanero.mx\\\/#\\\/schema\\\/person\\\/c7f8c86c55c1eab44ae2b93a9628245f\"},\"headline\":\"Anuncia ca\u00edda del 52% en homicidios\u2026pero a\u00fan falta casi la mitad, reconoce el alcalde.\",\"datePublished\":\"2026-02-20T00:01:43+00:00\",\"mainEntityOfPage\":{\"@id\":\"https:\\\/\\\/elhijodelllanero.mx\\\/index.php\\\/2026\\\/02\\\/20\\\/anuncia-caida-del-52-en-homicidiospero-aun-falta-casi-la-mitad-reconoce-el-alcalde\\\/\"},\"wordCount\":503,\"commentCount\":0,\"image\":{\"@id\":\"https:\\\/\\\/elhijodelllanero.mx\\\/index.php\\\/2026\\\/02\\\/20\\\/anuncia-caida-del-52-en-homicidiospero-aun-falta-casi-la-mitad-reconoce-el-alcalde\\\/#primaryimage\"},\"thumbnailUrl\":\"https:\\\/\\\/i0.wp.com\\\/elhijodelllanero.mx\\\/wp-content\\\/uploads\\\/2026\\\/02\\\/IMG-20260219-WA0011.jpg?fit=1600%2C1353&ssl=1\",\"articleSection\":[\"CELAYA\"],\"inLanguage\":\"es\",\"potentialAction\":[{\"@type\":\"CommentAction\",\"name\":\"Comment\",\"target\":[\"https:\\\/\\\/elhijodelllanero.mx\\\/index.php\\\/2026\\\/02\\\/20\\\/anuncia-caida-del-52-en-homicidiospero-aun-falta-casi-la-mitad-reconoce-el-alcalde\\\/#respond\"]}]},{\"@type\":\"WebPage\",\"@id\":\"https:\\\/\\\/elhijodelllanero.mx\\\/index.php\\\/2026\\\/02\\\/20\\\/anuncia-caida-del-52-en-homicidiospero-aun-falta-casi-la-mitad-reconoce-el-alcalde\\\/\",\"url\":\"https:\\\/\\\/elhijodelllanero.mx\\\/index.php\\\/2026\\\/02\\\/20\\\/anuncia-caida-del-52-en-homicidiospero-aun-falta-casi-la-mitad-reconoce-el-alcalde\\\/\",\"name\":\"Anuncia ca\u00edda del 52% en homicidios\u2026pero a\u00fan falta casi la mitad, reconoce el alcalde. - El Hijo del llanero solititito\",\"isPartOf\":{\"@id\":\"https:\\\/\\\/elhijodelllanero.mx\\\/#website\"},\"primaryImageOfPage\":{\"@id\":\"https:\\\/\\\/elhijodelllanero.mx\\\/index.php\\\/2026\\\/02\\\/20\\\/anuncia-caida-del-52-en-homicidiospero-aun-falta-casi-la-mitad-reconoce-el-alcalde\\\/#primaryimage\"},\"image\":{\"@id\":\"https:\\\/\\\/elhijodelllanero.mx\\\/index.php\\\/2026\\\/02\\\/20\\\/anuncia-caida-del-52-en-homicidiospero-aun-falta-casi-la-mitad-reconoce-el-alcalde\\\/#primaryimage\"},\"thumbnailUrl\":\"https:\\\/\\\/i0.wp.com\\\/elhijodelllanero.mx\\\/wp-content\\\/uploads\\\/2026\\\/02\\\/IMG-20260219-WA0011.jpg?fit=1600%2C1353&ssl=1\",\"datePublished\":\"2026-02-20T00:01:43+00:00\",\"author\":{\"@id\":\"https:\\\/\\\/elhijodelllanero.mx\\\/#\\\/schema\\\/person\\\/c7f8c86c55c1eab44ae2b93a9628245f\"},\"breadcrumb\":{\"@id\":\"https:\\\/\\\/elhijodelllanero.mx\\\/index.php\\\/2026\\\/02\\\/20\\\/anuncia-caida-del-52-en-homicidiospero-aun-falta-casi-la-mitad-reconoce-el-alcalde\\\/#breadcrumb\"},\"inLanguage\":\"es\",\"potentialAction\":[{\"@type\":\"ReadAction\",\"target\":[\"https:\\\/\\\/elhijodelllanero.mx\\\/index.php\\\/2026\\\/02\\\/20\\\/anuncia-caida-del-52-en-homicidiospero-aun-falta-casi-la-mitad-reconoce-el-alcalde\\\/\"]}]},{\"@type\":\"ImageObject\",\"inLanguage\":\"es\",\"@id\":\"https:\\\/\\\/elhijodelllanero.mx\\\/index.php\\\/2026\\\/02\\\/20\\\/anuncia-caida-del-52-en-homicidiospero-aun-falta-casi-la-mitad-reconoce-el-alcalde\\\/#primaryimage\",\"url\":\"https:\\\/\\\/i0.wp.com\\\/elhijodelllanero.mx\\\/wp-content\\\/uploads\\\/2026\\\/02\\\/IMG-20260219-WA0011.jpg?fit=1600%2C1353&ssl=1\",\"contentUrl\":\"https:\\\/\\\/i0.wp.com\\\/elhijodelllanero.mx\\\/wp-content\\\/uploads\\\/2026\\\/02\\\/IMG-20260219-WA0011.jpg?fit=1600%2C1353&ssl=1\",\"width\":1600,\"height\":1353},{\"@type\":\"BreadcrumbList\",\"@id\":\"https:\\\/\\\/elhijodelllanero.mx\\\/index.php\\\/2026\\\/02\\\/20\\\/anuncia-caida-del-52-en-homicidiospero-aun-falta-casi-la-mitad-reconoce-el-alcalde\\\/#breadcrumb\",\"itemListElement\":[{\"@type\":\"ListItem\",\"position\":1,\"name\":\"Portada\",\"item\":\"https:\\\/\\\/elhijodelllanero.mx\\\/\"},{\"@type\":\"ListItem\",\"position\":2,\"name\":\"Anuncia ca\u00edda del 52% en homicidios\u2026pero a\u00fan falta casi la mitad, reconoce el alcalde.\"}]},{\"@type\":\"WebSite\",\"@id\":\"https:\\\/\\\/elhijodelllanero.mx\\\/#website\",\"url\":\"https:\\\/\\\/elhijodelllanero.mx\\\/\",\"name\":\"El Hijo del llanero solititito\",\"description\":\"\",\"potentialAction\":[{\"@type\":\"SearchAction\",\"target\":{\"@type\":\"EntryPoint\",\"urlTemplate\":\"https:\\\/\\\/elhijodelllanero.mx\\\/?s={search_term_string}\"},\"query-input\":{\"@type\":\"PropertyValueSpecification\",\"valueRequired\":true,\"valueName\":\"search_term_string\"}}],\"inLanguage\":\"es\"},{\"@type\":\"Person\",\"@id\":\"https:\\\/\\\/elhijodelllanero.mx\\\/#\\\/schema\\\/person\\\/c7f8c86c55c1eab44ae2b93a9628245f\",\"name\":\"Mar\u00eda de la Paz Rodarte Ram\u00edrez\",\"image\":{\"@type\":\"ImageObject\",\"inLanguage\":\"es\",\"@id\":\"https:\\\/\\\/secure.gravatar.com\\\/avatar\\\/1f38f8518b09a266af73da2bce78d69e7d1275299970134ed62f572e0487e1d0?s=96&d=mm&r=g\",\"url\":\"https:\\\/\\\/secure.gravatar.com\\\/avatar\\\/1f38f8518b09a266af73da2bce78d69e7d1275299970134ed62f572e0487e1d0?s=96&d=mm&r=g\",\"contentUrl\":\"https:\\\/\\\/secure.gravatar.com\\\/avatar\\\/1f38f8518b09a266af73da2bce78d69e7d1275299970134ed62f572e0487e1d0?s=96&d=mm&r=g\",\"caption\":\"Mar\u00eda de la Paz Rodarte Ram\u00edrez\"},\"sameAs\":[\"https:\\\/\\\/www.elhijodelllanero.mx\"],\"url\":\"https:\\\/\\\/elhijodelllanero.mx\\\/index.php\\\/author\\\/maricuas\\\/\"}]}<\/script>\n<!-- \/ Yoast SEO plugin. -->","yoast_head_json":{"title":"Anuncia ca\u00edda del 52% en homicidios\u2026pero a\u00fan falta casi la mitad, reconoce el alcalde. - El Hijo del llanero solititito","robots":{"index":"index","follow":"follow","max-snippet":"max-snippet:-1","max-image-preview":"max-image-preview:large","max-video-preview":"max-video-preview:-1"},"canonical":"https:\/\/elhijodelllanero.mx\/index.php\/2026\/02\/20\/anuncia-caida-del-52-en-homicidiospero-aun-falta-casi-la-mitad-reconoce-el-alcalde\/","og_locale":"es_ES","og_type":"article","og_title":"Anuncia ca\u00edda del 52% en homicidios\u2026pero a\u00fan falta casi la mitad, reconoce el alcalde. - El Hijo del llanero solititito","og_description":"Celaya, Gto. 19 de febrero del 2026.1En un giro digno de presumirse \u2014aunque con margen de mejora\u2014 el presidente municipal Juan Miguel Ram\u00edrez inform\u00f3 que en un a\u00f1o y cuatro meses de su administraci\u00f3n el municipio ha logrado reducir en un 52 por ciento los homicidios, coloc\u00e1ndose, seg\u00fan dijo, como el que m\u00e1s ha bajado [&hellip;]","og_url":"https:\/\/elhijodelllanero.mx\/index.php\/2026\/02\/20\/anuncia-caida-del-52-en-homicidiospero-aun-falta-casi-la-mitad-reconoce-el-alcalde\/","og_site_name":"El Hijo del llanero solititito","article_published_time":"2026-02-20T00:01:43+00:00","og_image":[{"width":1600,"height":1353,"url":"https:\/\/elhijodelllanero.mx\/wp-content\/uploads\/2026\/02\/IMG-20260219-WA0011.jpg","type":"image\/jpeg"}],"author":"Mar\u00eda de la Paz Rodarte Ram\u00edrez","twitter_card":"summary_large_image","twitter_misc":{"Escrito por":"Mar\u00eda de la Paz Rodarte Ram\u00edrez","Tiempo de lectura":"3 minutos"},"schema":{"@context":"https:\/\/schema.org","@graph":[{"@type":"Article","@id":"https:\/\/elhijodelllanero.mx\/index.php\/2026\/02\/20\/anuncia-caida-del-52-en-homicidiospero-aun-falta-casi-la-mitad-reconoce-el-alcalde\/#article","isPartOf":{"@id":"https:\/\/elhijodelllanero.mx\/index.php\/2026\/02\/20\/anuncia-caida-del-52-en-homicidiospero-aun-falta-casi-la-mitad-reconoce-el-alcalde\/"},"author":{"name":"Mar\u00eda de la Paz Rodarte Ram\u00edrez","@id":"https:\/\/elhijodelllanero.mx\/#\/schema\/person\/c7f8c86c55c1eab44ae2b93a9628245f"},"headline":"Anuncia ca\u00edda del 52% en homicidios\u2026pero a\u00fan falta casi la mitad, reconoce el alcalde.","datePublished":"2026-02-20T00:01:43+00:00","mainEntityOfPage":{"@id":"https:\/\/elhijodelllanero.mx\/index.php\/2026\/02\/20\/anuncia-caida-del-52-en-homicidiospero-aun-falta-casi-la-mitad-reconoce-el-alcalde\/"},"wordCount":503,"commentCount":0,"image":{"@id":"https:\/\/elhijodelllanero.mx\/index.php\/2026\/02\/20\/anuncia-caida-del-52-en-homicidiospero-aun-falta-casi-la-mitad-reconoce-el-alcalde\/#primaryimage"},"thumbnailUrl":"https:\/\/i0.wp.com\/elhijodelllanero.mx\/wp-content\/uploads\/2026\/02\/IMG-20260219-WA0011.jpg?fit=1600%2C1353&ssl=1","articleSection":["CELAYA"],"inLanguage":"es","potentialAction":[{"@type":"CommentAction","name":"Comment","target":["https:\/\/elhijodelllanero.mx\/index.php\/2026\/02\/20\/anuncia-caida-del-52-en-homicidiospero-aun-falta-casi-la-mitad-reconoce-el-alcalde\/#respond"]}]},{"@type":"WebPage","@id":"https:\/\/elhijodelllanero.mx\/index.php\/2026\/02\/20\/anuncia-caida-del-52-en-homicidiospero-aun-falta-casi-la-mitad-reconoce-el-alcalde\/","url":"https:\/\/elhijodelllanero.mx\/index.php\/2026\/02\/20\/anuncia-caida-del-52-en-homicidiospero-aun-falta-casi-la-mitad-reconoce-el-alcalde\/","name":"Anuncia ca\u00edda del 52% en homicidios\u2026pero a\u00fan falta casi la mitad, reconoce el alcalde. - El Hijo del llanero solititito","isPartOf":{"@id":"https:\/\/elhijodelllanero.mx\/#website"},"primaryImageOfPage":{"@id":"https:\/\/elhijodelllanero.mx\/index.php\/2026\/02\/20\/anuncia-caida-del-52-en-homicidiospero-aun-falta-casi-la-mitad-reconoce-el-alcalde\/#primaryimage"},"image":{"@id":"https:\/\/elhijodelllanero.mx\/index.php\/2026\/02\/20\/anuncia-caida-del-52-en-homicidiospero-aun-falta-casi-la-mitad-reconoce-el-alcalde\/#primaryimage"},"thumbnailUrl":"https:\/\/i0.wp.com\/elhijodelllanero.mx\/wp-content\/uploads\/2026\/02\/IMG-20260219-WA0011.jpg?fit=1600%2C1353&ssl=1","datePublished":"2026-02-20T00:01:43+00:00","author":{"@id":"https:\/\/elhijodelllanero.mx\/#\/schema\/person\/c7f8c86c55c1eab44ae2b93a9628245f"},"breadcrumb":{"@id":"https:\/\/elhijodelllanero.mx\/index.php\/2026\/02\/20\/anuncia-caida-del-52-en-homicidiospero-aun-falta-casi-la-mitad-reconoce-el-alcalde\/#breadcrumb"},"inLanguage":"es","potentialAction":[{"@type":"ReadAction","target":["https:\/\/elhijodelllanero.mx\/index.php\/2026\/02\/20\/anuncia-caida-del-52-en-homicidiospero-aun-falta-casi-la-mitad-reconoce-el-alcalde\/"]}]},{"@type":"ImageObject","inLanguage":"es","@id":"https:\/\/elhijodelllanero.mx\/index.php\/2026\/02\/20\/anuncia-caida-del-52-en-homicidiospero-aun-falta-casi-la-mitad-reconoce-el-alcalde\/#primaryimage","url":"https:\/\/i0.wp.com\/elhijodelllanero.mx\/wp-content\/uploads\/2026\/02\/IMG-20260219-WA0011.jpg?fit=1600%2C1353&ssl=1","contentUrl":"https:\/\/i0.wp.com\/elhijodelllanero.mx\/wp-content\/uploads\/2026\/02\/IMG-20260219-WA0011.jpg?fit=1600%2C1353&ssl=1","width":1600,"height":1353},{"@type":"BreadcrumbList","@id":"https:\/\/elhijodelllanero.mx\/index.php\/2026\/02\/20\/anuncia-caida-del-52-en-homicidiospero-aun-falta-casi-la-mitad-reconoce-el-alcalde\/#breadcrumb","itemListElement":[{"@type":"ListItem","position":1,"name":"Portada","item":"https:\/\/elhijodelllanero.mx\/"},{"@type":"ListItem","position":2,"name":"Anuncia ca\u00edda del 52% en homicidios\u2026pero a\u00fan falta casi la mitad, reconoce el alcalde."}]},{"@type":"WebSite","@id":"https:\/\/elhijodelllanero.mx\/#website","url":"https:\/\/elhijodelllanero.mx\/","name":"El Hijo del llanero solititito","description":"","potentialAction":[{"@type":"SearchAction","target":{"@type":"EntryPoint","urlTemplate":"https:\/\/elhijodelllanero.mx\/?s={search_term_string}"},"query-input":{"@type":"PropertyValueSpecification","valueRequired":true,"valueName":"search_term_string"}}],"inLanguage":"es"},{"@type":"Person","@id":"https:\/\/elhijodelllanero.mx\/#\/schema\/person\/c7f8c86c55c1eab44ae2b93a9628245f","name":"Mar\u00eda de la Paz Rodarte Ram\u00edrez","image":{"@type":"ImageObject","inLanguage":"es","@id":"https:\/\/secure.gravatar.com\/avatar\/1f38f8518b09a266af73da2bce78d69e7d1275299970134ed62f572e0487e1d0?s=96&d=mm&r=g","url":"https:\/\/secure.gravatar.com\/avatar\/1f38f8518b09a266af73da2bce78d69e7d1275299970134ed62f572e0487e1d0?s=96&d=mm&r=g","contentUrl":"https:\/\/secure.gravatar.com\/avatar\/1f38f8518b09a266af73da2bce78d69e7d1275299970134ed62f572e0487e1d0?s=96&d=mm&r=g","caption":"Mar\u00eda de la Paz Rodarte Ram\u00edrez"},"sameAs":["https:\/\/www.elhijodelllanero.mx"],"url":"https:\/\/elhijodelllanero.mx\/index.php\/author\/maricuas\/"}]}},"jetpack_featured_media_url":"https:\/\/i0.wp.com\/elhijodelllanero.mx\/wp-content\/uploads\/2026\/02\/IMG-20260219-WA0011.jpg?fit=1600%2C1353&ssl=1","jetpack-related-posts":[],"jetpack_sharing_enabled":true,"_links":{"self":[{"href":"https:\/\/elhijodelllanero.mx\/index.php\/wp-json\/wp\/v2\/posts\/13026","targetHints":{"allow":["GET"]}}],"collection":[{"href":"https:\/\/elhijodelllanero.mx\/index.php\/wp-json\/wp\/v2\/posts"}],"about":[{"href":"https:\/\/elhijodelllanero.mx\/index.php\/wp-json\/wp\/v2\/types\/post"}],"author":[{"embeddable":true,"href":"https:\/\/elhijodelllanero.mx\/index.php\/wp-json\/wp\/v2\/users\/3"}],"replies":[{"embeddable":true,"href":"https:\/\/elhijodelllanero.mx\/index.php\/wp-json\/wp\/v2\/comments?post=13026"}],"version-history":[{"count":1,"href":"https:\/\/elhijodelllanero.mx\/index.php\/wp-json\/wp\/v2\/posts\/13026\/revisions"}],"predecessor-version":[{"id":13028,"href":"https:\/\/elhijodelllanero.mx\/index.php\/wp-json\/wp\/v2\/posts\/13026\/revisions\/13028"}],"wp:featuredmedia":[{"embeddable":true,"href":"https:\/\/elhijodelllanero.mx\/index.php\/wp-json\/wp\/v2\/media\/13027"}],"wp:attachment":[{"href":"https:\/\/elhijodelllanero.mx\/index.php\/wp-json\/wp\/v2\/media?parent=13026"}],"wp:term":[{"taxonomy":"category","embeddable":true,"href":"https:\/\/elhijodelllanero.mx\/index.php\/wp-json\/wp\/v2\/categories?post=13026"},{"taxonomy":"post_tag","embeddable":true,"href":"https:\/\/elhijodelllanero.mx\/index.php\/wp-json\/wp\/v2\/tags?post=13026"}],"curies":[{"name":"wp","href":"https:\/\/api.w.org\/{rel}","templated":true}]}}