{"id":13098,"date":"2026-02-26T18:47:45","date_gmt":"2026-02-26T18:47:45","guid":{"rendered":"https:\/\/elhijodelllanero.mx\/?p=13098"},"modified":"2026-02-26T18:47:45","modified_gmt":"2026-02-26T18:47:45","slug":"gobierno-estatal-respalda-a-victimas-de-ataque-a-aficionados-del-celaya","status":"publish","type":"post","link":"https:\/\/elhijodelllanero.mx\/index.php\/2026\/02\/26\/gobierno-estatal-respalda-a-victimas-de-ataque-a-aficionados-del-celaya\/","title":{"rendered":"Gobierno estatal respalda a v\u00edctimas de ataque a aficionados del Celaya."},"content":{"rendered":"<p>Celaya, Gto. 26 de febrero del 2026.-El Gobierno del Estado de Guanajuato inform\u00f3 que brindar\u00e1 acompa\u00f1amiento integral a las familias de los aficionados del Club Celaya que resultaron afectados en un hecho violento registrado en Veracruz, donde una persona perdi\u00f3 la vida y otras dos m\u00e1s resultaron lesionadas.<\/p>\n<p>El secretario de Gobierno, Jorge Jim\u00e9nez Lona, detall\u00f3 que desde el momento en que se tuvo conocimiento del incidente se activaron los mecanismos de atenci\u00f3n y apoyo institucional para las v\u00edctimas.<\/p>\n<p>Indic\u00f3 que uno de los lesionados ya fue dado de alta y regres\u00f3 a Guanajuato, donde actualmente recibe atenci\u00f3n m\u00e9dica en Celaya, mientras que el segundo permanece hospitalizado en Veracruz, estable, aunque a\u00fan sin condiciones para viajar por recomendaci\u00f3n m\u00e9dica.<\/p>\n<p>El funcionario estatal confirm\u00f3 que el Gobierno de Guanajuato asumir\u00e1 los gastos funerarios de la persona fallecida, adem\u00e1s de haber apoyado con el traslado del cuerpo para que sus familiares puedan despedirlo.<\/p>\n<p>Respecto a los heridos, explic\u00f3 que uno cuenta con seguro de gastos m\u00e9dicos que cubre su tratamiento, mientras que el otro recibe atenci\u00f3n en un hospital p\u00fablico en Veracruz, con el respaldo del estado para su eventual traslado cuando su condici\u00f3n lo permita.<\/p>\n<p>A\u00f1adi\u00f3 que la coordinaci\u00f3n institucional se mantiene con la Comisi\u00f3n de V\u00edctimas de Veracruz, con el objetivo de garantizar la atenci\u00f3n, protecci\u00f3n y acompa\u00f1amiento a las familias afectadas por este lamentable suceso.<\/p>\n<p>Finalmente, el secretario reiter\u00f3 el compromiso del Gobierno estatal de mantenerse cercano a las v\u00edctimas y asegurar que el lesionado que a\u00fan permanece hospitalizado pueda regresar a Guanajuato en condiciones seguras.<\/p>\n","protected":false},"excerpt":{"rendered":"<p>Celaya, Gto. 26 de febrero del 2026.-El Gobierno del Estado de Guanajuato inform\u00f3 que brindar\u00e1 acompa\u00f1amiento integral a las familias de los aficionados del Club Celaya que resultaron afectados en un hecho violento registrado en Veracruz, donde una persona perdi\u00f3 la vida y otras dos m\u00e1s resultaron lesionadas. El secretario de Gobierno, Jorge Jim\u00e9nez Lona, [&hellip;]<\/p>\n","protected":false},"author":3,"featured_media":13099,"comment_status":"open","ping_status":"closed","sticky":false,"template":"","format":"standard","meta":{"_jetpack_newsletter_access":"","_jetpack_dont_email_post_to_subs":false,"_jetpack_newsletter_tier_id":0,"_jetpack_memberships_contains_paywalled_content":false,"_jetpack_memberships_contains_paid_content":false,"footnotes":""},"categories":[40],"tags":[],"class_list":{"0":"post-13098","1":"post","2":"type-post","3":"status-publish","4":"format-standard","5":"has-post-thumbnail","7":"category-deportes"},"yoast_head":"<!-- This site is optimized with the Yoast SEO plugin v27.3 - https:\/\/yoast.com\/product\/yoast-seo-wordpress\/ -->\n<title>Gobierno estatal respalda a v\u00edctimas de ataque a aficionados del Celaya. - El Hijo del llanero solititito<\/title>\n<meta name=\"robots\" content=\"index, follow, max-snippet:-1, max-image-preview:large, max-video-preview:-1\" \/>\n<link rel=\"canonical\" href=\"https:\/\/elhijodelllanero.mx\/index.php\/2026\/02\/26\/gobierno-estatal-respalda-a-victimas-de-ataque-a-aficionados-del-celaya\/\" \/>\n<meta property=\"og:locale\" content=\"es_ES\" \/>\n<meta property=\"og:type\" content=\"article\" \/>\n<meta property=\"og:title\" content=\"Gobierno estatal respalda a v\u00edctimas de ataque a aficionados del Celaya. - El Hijo del llanero solititito\" \/>\n<meta property=\"og:description\" content=\"Celaya, Gto. 26 de febrero del 2026.-El Gobierno del Estado de Guanajuato inform\u00f3 que brindar\u00e1 acompa\u00f1amiento integral a las familias de los aficionados del Club Celaya que resultaron afectados en un hecho violento registrado en Veracruz, donde una persona perdi\u00f3 la vida y otras dos m\u00e1s resultaron lesionadas. El secretario de Gobierno, Jorge Jim\u00e9nez Lona, [&hellip;]\" \/>\n<meta property=\"og:url\" content=\"https:\/\/elhijodelllanero.mx\/index.php\/2026\/02\/26\/gobierno-estatal-respalda-a-victimas-de-ataque-a-aficionados-del-celaya\/\" \/>\n<meta property=\"og:site_name\" content=\"El Hijo del llanero solititito\" \/>\n<meta property=\"article:published_time\" content=\"2026-02-26T18:47:45+00:00\" \/>\n<meta property=\"og:image\" content=\"https:\/\/elhijodelllanero.mx\/wp-content\/uploads\/2026\/02\/IMG-20260226-WA0009.jpg\" \/>\n\t<meta property=\"og:image:width\" content=\"1600\" \/>\n\t<meta property=\"og:image:height\" content=\"894\" \/>\n\t<meta property=\"og:image:type\" content=\"image\/jpeg\" \/>\n<meta name=\"author\" content=\"Mar\u00eda de la Paz Rodarte Ram\u00edrez\" \/>\n<meta name=\"twitter:card\" content=\"summary_large_image\" \/>\n<meta name=\"twitter:label1\" content=\"Escrito por\" \/>\n\t<meta name=\"twitter:data1\" content=\"Mar\u00eda de la Paz Rodarte Ram\u00edrez\" \/>\n\t<meta name=\"twitter:label2\" content=\"Tiempo de lectura\" \/>\n\t<meta name=\"twitter:data2\" content=\"2 minutos\" \/>\n<script type=\"application\/ld+json\" class=\"yoast-schema-graph\">{\"@context\":\"https:\\\/\\\/schema.org\",\"@graph\":[{\"@type\":\"Article\",\"@id\":\"https:\\\/\\\/elhijodelllanero.mx\\\/index.php\\\/2026\\\/02\\\/26\\\/gobierno-estatal-respalda-a-victimas-de-ataque-a-aficionados-del-celaya\\\/#article\",\"isPartOf\":{\"@id\":\"https:\\\/\\\/elhijodelllanero.mx\\\/index.php\\\/2026\\\/02\\\/26\\\/gobierno-estatal-respalda-a-victimas-de-ataque-a-aficionados-del-celaya\\\/\"},\"author\":{\"name\":\"Mar\u00eda de la Paz Rodarte Ram\u00edrez\",\"@id\":\"https:\\\/\\\/elhijodelllanero.mx\\\/#\\\/schema\\\/person\\\/c7f8c86c55c1eab44ae2b93a9628245f\"},\"headline\":\"Gobierno estatal respalda a v\u00edctimas de ataque a aficionados del Celaya.\",\"datePublished\":\"2026-02-26T18:47:45+00:00\",\"mainEntityOfPage\":{\"@id\":\"https:\\\/\\\/elhijodelllanero.mx\\\/index.php\\\/2026\\\/02\\\/26\\\/gobierno-estatal-respalda-a-victimas-de-ataque-a-aficionados-del-celaya\\\/\"},\"wordCount\":292,\"commentCount\":0,\"image\":{\"@id\":\"https:\\\/\\\/elhijodelllanero.mx\\\/index.php\\\/2026\\\/02\\\/26\\\/gobierno-estatal-respalda-a-victimas-de-ataque-a-aficionados-del-celaya\\\/#primaryimage\"},\"thumbnailUrl\":\"https:\\\/\\\/i0.wp.com\\\/elhijodelllanero.mx\\\/wp-content\\\/uploads\\\/2026\\\/02\\\/IMG-20260226-WA0009.jpg?fit=1600%2C894&ssl=1\",\"articleSection\":[\"DEPORTES\"],\"inLanguage\":\"es\",\"potentialAction\":[{\"@type\":\"CommentAction\",\"name\":\"Comment\",\"target\":[\"https:\\\/\\\/elhijodelllanero.mx\\\/index.php\\\/2026\\\/02\\\/26\\\/gobierno-estatal-respalda-a-victimas-de-ataque-a-aficionados-del-celaya\\\/#respond\"]}]},{\"@type\":\"WebPage\",\"@id\":\"https:\\\/\\\/elhijodelllanero.mx\\\/index.php\\\/2026\\\/02\\\/26\\\/gobierno-estatal-respalda-a-victimas-de-ataque-a-aficionados-del-celaya\\\/\",\"url\":\"https:\\\/\\\/elhijodelllanero.mx\\\/index.php\\\/2026\\\/02\\\/26\\\/gobierno-estatal-respalda-a-victimas-de-ataque-a-aficionados-del-celaya\\\/\",\"name\":\"Gobierno estatal respalda a v\u00edctimas de ataque a aficionados del Celaya. - El Hijo del llanero solititito\",\"isPartOf\":{\"@id\":\"https:\\\/\\\/elhijodelllanero.mx\\\/#website\"},\"primaryImageOfPage\":{\"@id\":\"https:\\\/\\\/elhijodelllanero.mx\\\/index.php\\\/2026\\\/02\\\/26\\\/gobierno-estatal-respalda-a-victimas-de-ataque-a-aficionados-del-celaya\\\/#primaryimage\"},\"image\":{\"@id\":\"https:\\\/\\\/elhijodelllanero.mx\\\/index.php\\\/2026\\\/02\\\/26\\\/gobierno-estatal-respalda-a-victimas-de-ataque-a-aficionados-del-celaya\\\/#primaryimage\"},\"thumbnailUrl\":\"https:\\\/\\\/i0.wp.com\\\/elhijodelllanero.mx\\\/wp-content\\\/uploads\\\/2026\\\/02\\\/IMG-20260226-WA0009.jpg?fit=1600%2C894&ssl=1\",\"datePublished\":\"2026-02-26T18:47:45+00:00\",\"author\":{\"@id\":\"https:\\\/\\\/elhijodelllanero.mx\\\/#\\\/schema\\\/person\\\/c7f8c86c55c1eab44ae2b93a9628245f\"},\"breadcrumb\":{\"@id\":\"https:\\\/\\\/elhijodelllanero.mx\\\/index.php\\\/2026\\\/02\\\/26\\\/gobierno-estatal-respalda-a-victimas-de-ataque-a-aficionados-del-celaya\\\/#breadcrumb\"},\"inLanguage\":\"es\",\"potentialAction\":[{\"@type\":\"ReadAction\",\"target\":[\"https:\\\/\\\/elhijodelllanero.mx\\\/index.php\\\/2026\\\/02\\\/26\\\/gobierno-estatal-respalda-a-victimas-de-ataque-a-aficionados-del-celaya\\\/\"]}]},{\"@type\":\"ImageObject\",\"inLanguage\":\"es\",\"@id\":\"https:\\\/\\\/elhijodelllanero.mx\\\/index.php\\\/2026\\\/02\\\/26\\\/gobierno-estatal-respalda-a-victimas-de-ataque-a-aficionados-del-celaya\\\/#primaryimage\",\"url\":\"https:\\\/\\\/i0.wp.com\\\/elhijodelllanero.mx\\\/wp-content\\\/uploads\\\/2026\\\/02\\\/IMG-20260226-WA0009.jpg?fit=1600%2C894&ssl=1\",\"contentUrl\":\"https:\\\/\\\/i0.wp.com\\\/elhijodelllanero.mx\\\/wp-content\\\/uploads\\\/2026\\\/02\\\/IMG-20260226-WA0009.jpg?fit=1600%2C894&ssl=1\",\"width\":1600,\"height\":894},{\"@type\":\"BreadcrumbList\",\"@id\":\"https:\\\/\\\/elhijodelllanero.mx\\\/index.php\\\/2026\\\/02\\\/26\\\/gobierno-estatal-respalda-a-victimas-de-ataque-a-aficionados-del-celaya\\\/#breadcrumb\",\"itemListElement\":[{\"@type\":\"ListItem\",\"position\":1,\"name\":\"Portada\",\"item\":\"https:\\\/\\\/elhijodelllanero.mx\\\/\"},{\"@type\":\"ListItem\",\"position\":2,\"name\":\"Gobierno estatal respalda a v\u00edctimas de ataque a aficionados del Celaya.\"}]},{\"@type\":\"WebSite\",\"@id\":\"https:\\\/\\\/elhijodelllanero.mx\\\/#website\",\"url\":\"https:\\\/\\\/elhijodelllanero.mx\\\/\",\"name\":\"El Hijo del llanero solititito\",\"description\":\"\",\"potentialAction\":[{\"@type\":\"SearchAction\",\"target\":{\"@type\":\"EntryPoint\",\"urlTemplate\":\"https:\\\/\\\/elhijodelllanero.mx\\\/?s={search_term_string}\"},\"query-input\":{\"@type\":\"PropertyValueSpecification\",\"valueRequired\":true,\"valueName\":\"search_term_string\"}}],\"inLanguage\":\"es\"},{\"@type\":\"Person\",\"@id\":\"https:\\\/\\\/elhijodelllanero.mx\\\/#\\\/schema\\\/person\\\/c7f8c86c55c1eab44ae2b93a9628245f\",\"name\":\"Mar\u00eda de la Paz Rodarte Ram\u00edrez\",\"image\":{\"@type\":\"ImageObject\",\"inLanguage\":\"es\",\"@id\":\"https:\\\/\\\/secure.gravatar.com\\\/avatar\\\/1f38f8518b09a266af73da2bce78d69e7d1275299970134ed62f572e0487e1d0?s=96&d=mm&r=g\",\"url\":\"https:\\\/\\\/secure.gravatar.com\\\/avatar\\\/1f38f8518b09a266af73da2bce78d69e7d1275299970134ed62f572e0487e1d0?s=96&d=mm&r=g\",\"contentUrl\":\"https:\\\/\\\/secure.gravatar.com\\\/avatar\\\/1f38f8518b09a266af73da2bce78d69e7d1275299970134ed62f572e0487e1d0?s=96&d=mm&r=g\",\"caption\":\"Mar\u00eda de la Paz Rodarte Ram\u00edrez\"},\"sameAs\":[\"https:\\\/\\\/www.elhijodelllanero.mx\"],\"url\":\"https:\\\/\\\/elhijodelllanero.mx\\\/index.php\\\/author\\\/maricuas\\\/\"}]}<\/script>\n<!-- \/ Yoast SEO plugin. -->","yoast_head_json":{"title":"Gobierno estatal respalda a v\u00edctimas de ataque a aficionados del Celaya. - El Hijo del llanero solititito","robots":{"index":"index","follow":"follow","max-snippet":"max-snippet:-1","max-image-preview":"max-image-preview:large","max-video-preview":"max-video-preview:-1"},"canonical":"https:\/\/elhijodelllanero.mx\/index.php\/2026\/02\/26\/gobierno-estatal-respalda-a-victimas-de-ataque-a-aficionados-del-celaya\/","og_locale":"es_ES","og_type":"article","og_title":"Gobierno estatal respalda a v\u00edctimas de ataque a aficionados del Celaya. - El Hijo del llanero solititito","og_description":"Celaya, Gto. 26 de febrero del 2026.-El Gobierno del Estado de Guanajuato inform\u00f3 que brindar\u00e1 acompa\u00f1amiento integral a las familias de los aficionados del Club Celaya que resultaron afectados en un hecho violento registrado en Veracruz, donde una persona perdi\u00f3 la vida y otras dos m\u00e1s resultaron lesionadas. El secretario de Gobierno, Jorge Jim\u00e9nez Lona, [&hellip;]","og_url":"https:\/\/elhijodelllanero.mx\/index.php\/2026\/02\/26\/gobierno-estatal-respalda-a-victimas-de-ataque-a-aficionados-del-celaya\/","og_site_name":"El Hijo del llanero solititito","article_published_time":"2026-02-26T18:47:45+00:00","og_image":[{"width":1600,"height":894,"url":"https:\/\/elhijodelllanero.mx\/wp-content\/uploads\/2026\/02\/IMG-20260226-WA0009.jpg","type":"image\/jpeg"}],"author":"Mar\u00eda de la Paz Rodarte Ram\u00edrez","twitter_card":"summary_large_image","twitter_misc":{"Escrito por":"Mar\u00eda de la Paz Rodarte Ram\u00edrez","Tiempo de lectura":"2 minutos"},"schema":{"@context":"https:\/\/schema.org","@graph":[{"@type":"Article","@id":"https:\/\/elhijodelllanero.mx\/index.php\/2026\/02\/26\/gobierno-estatal-respalda-a-victimas-de-ataque-a-aficionados-del-celaya\/#article","isPartOf":{"@id":"https:\/\/elhijodelllanero.mx\/index.php\/2026\/02\/26\/gobierno-estatal-respalda-a-victimas-de-ataque-a-aficionados-del-celaya\/"},"author":{"name":"Mar\u00eda de la Paz Rodarte Ram\u00edrez","@id":"https:\/\/elhijodelllanero.mx\/#\/schema\/person\/c7f8c86c55c1eab44ae2b93a9628245f"},"headline":"Gobierno estatal respalda a v\u00edctimas de ataque a aficionados del Celaya.","datePublished":"2026-02-26T18:47:45+00:00","mainEntityOfPage":{"@id":"https:\/\/elhijodelllanero.mx\/index.php\/2026\/02\/26\/gobierno-estatal-respalda-a-victimas-de-ataque-a-aficionados-del-celaya\/"},"wordCount":292,"commentCount":0,"image":{"@id":"https:\/\/elhijodelllanero.mx\/index.php\/2026\/02\/26\/gobierno-estatal-respalda-a-victimas-de-ataque-a-aficionados-del-celaya\/#primaryimage"},"thumbnailUrl":"https:\/\/i0.wp.com\/elhijodelllanero.mx\/wp-content\/uploads\/2026\/02\/IMG-20260226-WA0009.jpg?fit=1600%2C894&ssl=1","articleSection":["DEPORTES"],"inLanguage":"es","potentialAction":[{"@type":"CommentAction","name":"Comment","target":["https:\/\/elhijodelllanero.mx\/index.php\/2026\/02\/26\/gobierno-estatal-respalda-a-victimas-de-ataque-a-aficionados-del-celaya\/#respond"]}]},{"@type":"WebPage","@id":"https:\/\/elhijodelllanero.mx\/index.php\/2026\/02\/26\/gobierno-estatal-respalda-a-victimas-de-ataque-a-aficionados-del-celaya\/","url":"https:\/\/elhijodelllanero.mx\/index.php\/2026\/02\/26\/gobierno-estatal-respalda-a-victimas-de-ataque-a-aficionados-del-celaya\/","name":"Gobierno estatal respalda a v\u00edctimas de ataque a aficionados del Celaya. - El Hijo del llanero solititito","isPartOf":{"@id":"https:\/\/elhijodelllanero.mx\/#website"},"primaryImageOfPage":{"@id":"https:\/\/elhijodelllanero.mx\/index.php\/2026\/02\/26\/gobierno-estatal-respalda-a-victimas-de-ataque-a-aficionados-del-celaya\/#primaryimage"},"image":{"@id":"https:\/\/elhijodelllanero.mx\/index.php\/2026\/02\/26\/gobierno-estatal-respalda-a-victimas-de-ataque-a-aficionados-del-celaya\/#primaryimage"},"thumbnailUrl":"https:\/\/i0.wp.com\/elhijodelllanero.mx\/wp-content\/uploads\/2026\/02\/IMG-20260226-WA0009.jpg?fit=1600%2C894&ssl=1","datePublished":"2026-02-26T18:47:45+00:00","author":{"@id":"https:\/\/elhijodelllanero.mx\/#\/schema\/person\/c7f8c86c55c1eab44ae2b93a9628245f"},"breadcrumb":{"@id":"https:\/\/elhijodelllanero.mx\/index.php\/2026\/02\/26\/gobierno-estatal-respalda-a-victimas-de-ataque-a-aficionados-del-celaya\/#breadcrumb"},"inLanguage":"es","potentialAction":[{"@type":"ReadAction","target":["https:\/\/elhijodelllanero.mx\/index.php\/2026\/02\/26\/gobierno-estatal-respalda-a-victimas-de-ataque-a-aficionados-del-celaya\/"]}]},{"@type":"ImageObject","inLanguage":"es","@id":"https:\/\/elhijodelllanero.mx\/index.php\/2026\/02\/26\/gobierno-estatal-respalda-a-victimas-de-ataque-a-aficionados-del-celaya\/#primaryimage","url":"https:\/\/i0.wp.com\/elhijodelllanero.mx\/wp-content\/uploads\/2026\/02\/IMG-20260226-WA0009.jpg?fit=1600%2C894&ssl=1","contentUrl":"https:\/\/i0.wp.com\/elhijodelllanero.mx\/wp-content\/uploads\/2026\/02\/IMG-20260226-WA0009.jpg?fit=1600%2C894&ssl=1","width":1600,"height":894},{"@type":"BreadcrumbList","@id":"https:\/\/elhijodelllanero.mx\/index.php\/2026\/02\/26\/gobierno-estatal-respalda-a-victimas-de-ataque-a-aficionados-del-celaya\/#breadcrumb","itemListElement":[{"@type":"ListItem","position":1,"name":"Portada","item":"https:\/\/elhijodelllanero.mx\/"},{"@type":"ListItem","position":2,"name":"Gobierno estatal respalda a v\u00edctimas de ataque a aficionados del Celaya."}]},{"@type":"WebSite","@id":"https:\/\/elhijodelllanero.mx\/#website","url":"https:\/\/elhijodelllanero.mx\/","name":"El Hijo del llanero solititito","description":"","potentialAction":[{"@type":"SearchAction","target":{"@type":"EntryPoint","urlTemplate":"https:\/\/elhijodelllanero.mx\/?s={search_term_string}"},"query-input":{"@type":"PropertyValueSpecification","valueRequired":true,"valueName":"search_term_string"}}],"inLanguage":"es"},{"@type":"Person","@id":"https:\/\/elhijodelllanero.mx\/#\/schema\/person\/c7f8c86c55c1eab44ae2b93a9628245f","name":"Mar\u00eda de la Paz Rodarte Ram\u00edrez","image":{"@type":"ImageObject","inLanguage":"es","@id":"https:\/\/secure.gravatar.com\/avatar\/1f38f8518b09a266af73da2bce78d69e7d1275299970134ed62f572e0487e1d0?s=96&d=mm&r=g","url":"https:\/\/secure.gravatar.com\/avatar\/1f38f8518b09a266af73da2bce78d69e7d1275299970134ed62f572e0487e1d0?s=96&d=mm&r=g","contentUrl":"https:\/\/secure.gravatar.com\/avatar\/1f38f8518b09a266af73da2bce78d69e7d1275299970134ed62f572e0487e1d0?s=96&d=mm&r=g","caption":"Mar\u00eda de la Paz Rodarte Ram\u00edrez"},"sameAs":["https:\/\/www.elhijodelllanero.mx"],"url":"https:\/\/elhijodelllanero.mx\/index.php\/author\/maricuas\/"}]}},"jetpack_featured_media_url":"https:\/\/i0.wp.com\/elhijodelllanero.mx\/wp-content\/uploads\/2026\/02\/IMG-20260226-WA0009.jpg?fit=1600%2C894&ssl=1","jetpack-related-posts":[],"jetpack_sharing_enabled":true,"_links":{"self":[{"href":"https:\/\/elhijodelllanero.mx\/index.php\/wp-json\/wp\/v2\/posts\/13098","targetHints":{"allow":["GET"]}}],"collection":[{"href":"https:\/\/elhijodelllanero.mx\/index.php\/wp-json\/wp\/v2\/posts"}],"about":[{"href":"https:\/\/elhijodelllanero.mx\/index.php\/wp-json\/wp\/v2\/types\/post"}],"author":[{"embeddable":true,"href":"https:\/\/elhijodelllanero.mx\/index.php\/wp-json\/wp\/v2\/users\/3"}],"replies":[{"embeddable":true,"href":"https:\/\/elhijodelllanero.mx\/index.php\/wp-json\/wp\/v2\/comments?post=13098"}],"version-history":[{"count":1,"href":"https:\/\/elhijodelllanero.mx\/index.php\/wp-json\/wp\/v2\/posts\/13098\/revisions"}],"predecessor-version":[{"id":13100,"href":"https:\/\/elhijodelllanero.mx\/index.php\/wp-json\/wp\/v2\/posts\/13098\/revisions\/13100"}],"wp:featuredmedia":[{"embeddable":true,"href":"https:\/\/elhijodelllanero.mx\/index.php\/wp-json\/wp\/v2\/media\/13099"}],"wp:attachment":[{"href":"https:\/\/elhijodelllanero.mx\/index.php\/wp-json\/wp\/v2\/media?parent=13098"}],"wp:term":[{"taxonomy":"category","embeddable":true,"href":"https:\/\/elhijodelllanero.mx\/index.php\/wp-json\/wp\/v2\/categories?post=13098"},{"taxonomy":"post_tag","embeddable":true,"href":"https:\/\/elhijodelllanero.mx\/index.php\/wp-json\/wp\/v2\/tags?post=13098"}],"curies":[{"name":"wp","href":"https:\/\/api.w.org\/{rel}","templated":true}]}}