{"id":13104,"date":"2026-02-26T23:04:13","date_gmt":"2026-02-26T23:04:13","guid":{"rendered":"https:\/\/elhijodelllanero.mx\/?p=13104"},"modified":"2026-02-26T23:04:13","modified_gmt":"2026-02-26T23:04:13","slug":"celaya-presume-apoyo-estatal-de-78-mdp-mientras-espera-el-resto-de-los-millones","status":"publish","type":"post","link":"https:\/\/elhijodelllanero.mx\/index.php\/2026\/02\/26\/celaya-presume-apoyo-estatal-de-78-mdp-mientras-espera-el-resto-de-los-millones\/","title":{"rendered":"Celaya presume \u201capoyo estatal\u201d de 78 mdp\u2026 mientras espera el resto de los millones."},"content":{"rendered":"<p>Celaya, Gto. 26 de febrero del 2026.-El presidente municipal de Celaya, Juan Miguel Ram\u00edrez, inform\u00f3 que el Gobierno del Estado asign\u00f3 alrededor de 78 millones de pesos al municipio para la ejecuci\u00f3n de obras, una cifra que \u2014seg\u00fan dijo\u2014 forma parte de una bolsa destinada a proyectos menores de 60 millones de pesos.<\/p>\n<p>Aunque el municipio habr\u00eda presentado cerca de 150 proyectos completos (sin proyecto ejecutivo, pero completos), el resultado fue una asignaci\u00f3n que representa una fracci\u00f3n del monto total gestionado, el cual rondaba los 280 millones de pesos dentro de ese rubro. El propio alcalde se\u00f1al\u00f3 que incluso dejaron \u201cen pausa\u201d esos 78 millones, por si otros municipios no logran cumplir con los requisitos y Celaya pudiera acceder a m\u00e1s recursos.<\/p>\n<p>En sus declaraciones, el edil insisti\u00f3 en que el monto ya fue confirmado en mesas de trabajo con autoridades estatales y que, de hecho, cualquier presidente municipal de la regi\u00f3n conoce cu\u00e1nto le corresponde. \u201cPor eso cuando dicen que no es cierto\u2026 pues ya saben qui\u00e9nes son los mentirosos\u201d, expres\u00f3, en un tono que dej\u00f3 ver que la discusi\u00f3n es m\u00e1s pol\u00edtica que presupuestal.<\/p>\n<p>Mientras tanto, sobre las obras estrat\u00e9gicas, el municipio sigue avanzando \u2014a su ritmo\u2014 en los accesos Oriente y Poniente. En el caso del acceso Oriente, se reporta un 97% de liberaci\u00f3n de terrenos, con pendientes menores ligados a ejidatarios que a\u00fan esperan pagos de afectaciones de obras pasadas que nunca se liquidaron. En el acceso Poniente, se mantienen negociaciones con 118 propietarios para el derecho de v\u00eda.<\/p>\n<p>El costo para liberar ambas zonas se estima entre 9 y 30 millones de pesos, monto que el municipio analiza cubrir para acelerar procesos que, como suele ocurrir, ya debieron estar resueltos desde hace a\u00f1os.<\/p>\n<p>El alcalde tambi\u00e9n record\u00f3 que dentro de la bolsa estatal de 4 mil millones de pesos, s\u00f3lo se han definido 2 mil millones hasta ahora, por lo que \u2014en teor\u00eda\u2014 Celaya todav\u00eda podr\u00eda aspirar a m\u00e1s recursos. Por ahora, el municipio celebra los 78 millones confirmados\u2026 mientras espera que en la siguiente ronda la suerte presupuestal sea m\u00e1s generosa.<\/p>\n","protected":false},"excerpt":{"rendered":"<p>Celaya, Gto. 26 de febrero del 2026.-El presidente municipal de Celaya, Juan Miguel Ram\u00edrez, inform\u00f3 que el Gobierno del Estado asign\u00f3 alrededor de 78 millones de pesos al municipio para la ejecuci\u00f3n de obras, una cifra que \u2014seg\u00fan dijo\u2014 forma parte de una bolsa destinada a proyectos menores de 60 millones de pesos. Aunque el [&hellip;]<\/p>\n","protected":false},"author":3,"featured_media":13105,"comment_status":"open","ping_status":"closed","sticky":false,"template":"","format":"standard","meta":{"_jetpack_newsletter_access":"","_jetpack_dont_email_post_to_subs":false,"_jetpack_newsletter_tier_id":0,"_jetpack_memberships_contains_paywalled_content":false,"_jetpack_memberships_contains_paid_content":false,"footnotes":""},"categories":[74],"tags":[],"class_list":{"0":"post-13104","1":"post","2":"type-post","3":"status-publish","4":"format-standard","5":"has-post-thumbnail","7":"category-celaya"},"yoast_head":"<!-- This site is optimized with the Yoast SEO plugin v27.3 - https:\/\/yoast.com\/product\/yoast-seo-wordpress\/ -->\n<title>Celaya presume \u201capoyo estatal\u201d de 78 mdp\u2026 mientras espera el resto de los millones. - El Hijo del llanero solititito<\/title>\n<meta name=\"robots\" content=\"index, follow, max-snippet:-1, max-image-preview:large, max-video-preview:-1\" \/>\n<link rel=\"canonical\" href=\"https:\/\/elhijodelllanero.mx\/index.php\/2026\/02\/26\/celaya-presume-apoyo-estatal-de-78-mdp-mientras-espera-el-resto-de-los-millones\/\" \/>\n<meta property=\"og:locale\" content=\"es_ES\" \/>\n<meta property=\"og:type\" content=\"article\" \/>\n<meta property=\"og:title\" content=\"Celaya presume \u201capoyo estatal\u201d de 78 mdp\u2026 mientras espera el resto de los millones. - El Hijo del llanero solititito\" \/>\n<meta property=\"og:description\" content=\"Celaya, Gto. 26 de febrero del 2026.-El presidente municipal de Celaya, Juan Miguel Ram\u00edrez, inform\u00f3 que el Gobierno del Estado asign\u00f3 alrededor de 78 millones de pesos al municipio para la ejecuci\u00f3n de obras, una cifra que \u2014seg\u00fan dijo\u2014 forma parte de una bolsa destinada a proyectos menores de 60 millones de pesos. Aunque el [&hellip;]\" \/>\n<meta property=\"og:url\" content=\"https:\/\/elhijodelllanero.mx\/index.php\/2026\/02\/26\/celaya-presume-apoyo-estatal-de-78-mdp-mientras-espera-el-resto-de-los-millones\/\" \/>\n<meta property=\"og:site_name\" content=\"El Hijo del llanero solititito\" \/>\n<meta property=\"article:published_time\" content=\"2026-02-26T23:04:13+00:00\" \/>\n<meta property=\"og:image\" content=\"https:\/\/elhijodelllanero.mx\/wp-content\/uploads\/2026\/02\/IMG-20260226-WA0012-scaled.jpg\" \/>\n\t<meta property=\"og:image:width\" content=\"2560\" \/>\n\t<meta property=\"og:image:height\" content=\"1920\" \/>\n\t<meta property=\"og:image:type\" content=\"image\/jpeg\" \/>\n<meta name=\"author\" content=\"Mar\u00eda de la Paz Rodarte Ram\u00edrez\" \/>\n<meta name=\"twitter:card\" content=\"summary_large_image\" \/>\n<meta name=\"twitter:label1\" content=\"Escrito por\" \/>\n\t<meta name=\"twitter:data1\" content=\"Mar\u00eda de la Paz Rodarte Ram\u00edrez\" \/>\n\t<meta name=\"twitter:label2\" content=\"Tiempo de lectura\" \/>\n\t<meta name=\"twitter:data2\" content=\"2 minutos\" \/>\n<script type=\"application\/ld+json\" class=\"yoast-schema-graph\">{\"@context\":\"https:\\\/\\\/schema.org\",\"@graph\":[{\"@type\":\"Article\",\"@id\":\"https:\\\/\\\/elhijodelllanero.mx\\\/index.php\\\/2026\\\/02\\\/26\\\/celaya-presume-apoyo-estatal-de-78-mdp-mientras-espera-el-resto-de-los-millones\\\/#article\",\"isPartOf\":{\"@id\":\"https:\\\/\\\/elhijodelllanero.mx\\\/index.php\\\/2026\\\/02\\\/26\\\/celaya-presume-apoyo-estatal-de-78-mdp-mientras-espera-el-resto-de-los-millones\\\/\"},\"author\":{\"name\":\"Mar\u00eda de la Paz Rodarte Ram\u00edrez\",\"@id\":\"https:\\\/\\\/elhijodelllanero.mx\\\/#\\\/schema\\\/person\\\/c7f8c86c55c1eab44ae2b93a9628245f\"},\"headline\":\"Celaya presume \u201capoyo estatal\u201d de 78 mdp\u2026 mientras espera el resto de los millones.\",\"datePublished\":\"2026-02-26T23:04:13+00:00\",\"mainEntityOfPage\":{\"@id\":\"https:\\\/\\\/elhijodelllanero.mx\\\/index.php\\\/2026\\\/02\\\/26\\\/celaya-presume-apoyo-estatal-de-78-mdp-mientras-espera-el-resto-de-los-millones\\\/\"},\"wordCount\":373,\"commentCount\":0,\"image\":{\"@id\":\"https:\\\/\\\/elhijodelllanero.mx\\\/index.php\\\/2026\\\/02\\\/26\\\/celaya-presume-apoyo-estatal-de-78-mdp-mientras-espera-el-resto-de-los-millones\\\/#primaryimage\"},\"thumbnailUrl\":\"https:\\\/\\\/i0.wp.com\\\/elhijodelllanero.mx\\\/wp-content\\\/uploads\\\/2026\\\/02\\\/IMG-20260226-WA0012-scaled.jpg?fit=2560%2C1920&ssl=1\",\"articleSection\":[\"CELAYA\"],\"inLanguage\":\"es\",\"potentialAction\":[{\"@type\":\"CommentAction\",\"name\":\"Comment\",\"target\":[\"https:\\\/\\\/elhijodelllanero.mx\\\/index.php\\\/2026\\\/02\\\/26\\\/celaya-presume-apoyo-estatal-de-78-mdp-mientras-espera-el-resto-de-los-millones\\\/#respond\"]}]},{\"@type\":\"WebPage\",\"@id\":\"https:\\\/\\\/elhijodelllanero.mx\\\/index.php\\\/2026\\\/02\\\/26\\\/celaya-presume-apoyo-estatal-de-78-mdp-mientras-espera-el-resto-de-los-millones\\\/\",\"url\":\"https:\\\/\\\/elhijodelllanero.mx\\\/index.php\\\/2026\\\/02\\\/26\\\/celaya-presume-apoyo-estatal-de-78-mdp-mientras-espera-el-resto-de-los-millones\\\/\",\"name\":\"Celaya presume \u201capoyo estatal\u201d de 78 mdp\u2026 mientras espera el resto de los millones. - El Hijo del llanero solititito\",\"isPartOf\":{\"@id\":\"https:\\\/\\\/elhijodelllanero.mx\\\/#website\"},\"primaryImageOfPage\":{\"@id\":\"https:\\\/\\\/elhijodelllanero.mx\\\/index.php\\\/2026\\\/02\\\/26\\\/celaya-presume-apoyo-estatal-de-78-mdp-mientras-espera-el-resto-de-los-millones\\\/#primaryimage\"},\"image\":{\"@id\":\"https:\\\/\\\/elhijodelllanero.mx\\\/index.php\\\/2026\\\/02\\\/26\\\/celaya-presume-apoyo-estatal-de-78-mdp-mientras-espera-el-resto-de-los-millones\\\/#primaryimage\"},\"thumbnailUrl\":\"https:\\\/\\\/i0.wp.com\\\/elhijodelllanero.mx\\\/wp-content\\\/uploads\\\/2026\\\/02\\\/IMG-20260226-WA0012-scaled.jpg?fit=2560%2C1920&ssl=1\",\"datePublished\":\"2026-02-26T23:04:13+00:00\",\"author\":{\"@id\":\"https:\\\/\\\/elhijodelllanero.mx\\\/#\\\/schema\\\/person\\\/c7f8c86c55c1eab44ae2b93a9628245f\"},\"breadcrumb\":{\"@id\":\"https:\\\/\\\/elhijodelllanero.mx\\\/index.php\\\/2026\\\/02\\\/26\\\/celaya-presume-apoyo-estatal-de-78-mdp-mientras-espera-el-resto-de-los-millones\\\/#breadcrumb\"},\"inLanguage\":\"es\",\"potentialAction\":[{\"@type\":\"ReadAction\",\"target\":[\"https:\\\/\\\/elhijodelllanero.mx\\\/index.php\\\/2026\\\/02\\\/26\\\/celaya-presume-apoyo-estatal-de-78-mdp-mientras-espera-el-resto-de-los-millones\\\/\"]}]},{\"@type\":\"ImageObject\",\"inLanguage\":\"es\",\"@id\":\"https:\\\/\\\/elhijodelllanero.mx\\\/index.php\\\/2026\\\/02\\\/26\\\/celaya-presume-apoyo-estatal-de-78-mdp-mientras-espera-el-resto-de-los-millones\\\/#primaryimage\",\"url\":\"https:\\\/\\\/i0.wp.com\\\/elhijodelllanero.mx\\\/wp-content\\\/uploads\\\/2026\\\/02\\\/IMG-20260226-WA0012-scaled.jpg?fit=2560%2C1920&ssl=1\",\"contentUrl\":\"https:\\\/\\\/i0.wp.com\\\/elhijodelllanero.mx\\\/wp-content\\\/uploads\\\/2026\\\/02\\\/IMG-20260226-WA0012-scaled.jpg?fit=2560%2C1920&ssl=1\",\"width\":2560,\"height\":1920},{\"@type\":\"BreadcrumbList\",\"@id\":\"https:\\\/\\\/elhijodelllanero.mx\\\/index.php\\\/2026\\\/02\\\/26\\\/celaya-presume-apoyo-estatal-de-78-mdp-mientras-espera-el-resto-de-los-millones\\\/#breadcrumb\",\"itemListElement\":[{\"@type\":\"ListItem\",\"position\":1,\"name\":\"Portada\",\"item\":\"https:\\\/\\\/elhijodelllanero.mx\\\/\"},{\"@type\":\"ListItem\",\"position\":2,\"name\":\"Celaya presume \u201capoyo estatal\u201d de 78 mdp\u2026 mientras espera el resto de los millones.\"}]},{\"@type\":\"WebSite\",\"@id\":\"https:\\\/\\\/elhijodelllanero.mx\\\/#website\",\"url\":\"https:\\\/\\\/elhijodelllanero.mx\\\/\",\"name\":\"El Hijo del llanero solititito\",\"description\":\"\",\"potentialAction\":[{\"@type\":\"SearchAction\",\"target\":{\"@type\":\"EntryPoint\",\"urlTemplate\":\"https:\\\/\\\/elhijodelllanero.mx\\\/?s={search_term_string}\"},\"query-input\":{\"@type\":\"PropertyValueSpecification\",\"valueRequired\":true,\"valueName\":\"search_term_string\"}}],\"inLanguage\":\"es\"},{\"@type\":\"Person\",\"@id\":\"https:\\\/\\\/elhijodelllanero.mx\\\/#\\\/schema\\\/person\\\/c7f8c86c55c1eab44ae2b93a9628245f\",\"name\":\"Mar\u00eda de la Paz Rodarte Ram\u00edrez\",\"image\":{\"@type\":\"ImageObject\",\"inLanguage\":\"es\",\"@id\":\"https:\\\/\\\/secure.gravatar.com\\\/avatar\\\/1f38f8518b09a266af73da2bce78d69e7d1275299970134ed62f572e0487e1d0?s=96&d=mm&r=g\",\"url\":\"https:\\\/\\\/secure.gravatar.com\\\/avatar\\\/1f38f8518b09a266af73da2bce78d69e7d1275299970134ed62f572e0487e1d0?s=96&d=mm&r=g\",\"contentUrl\":\"https:\\\/\\\/secure.gravatar.com\\\/avatar\\\/1f38f8518b09a266af73da2bce78d69e7d1275299970134ed62f572e0487e1d0?s=96&d=mm&r=g\",\"caption\":\"Mar\u00eda de la Paz Rodarte Ram\u00edrez\"},\"sameAs\":[\"https:\\\/\\\/www.elhijodelllanero.mx\"],\"url\":\"https:\\\/\\\/elhijodelllanero.mx\\\/index.php\\\/author\\\/maricuas\\\/\"}]}<\/script>\n<!-- \/ Yoast SEO plugin. -->","yoast_head_json":{"title":"Celaya presume \u201capoyo estatal\u201d de 78 mdp\u2026 mientras espera el resto de los millones. - El Hijo del llanero solititito","robots":{"index":"index","follow":"follow","max-snippet":"max-snippet:-1","max-image-preview":"max-image-preview:large","max-video-preview":"max-video-preview:-1"},"canonical":"https:\/\/elhijodelllanero.mx\/index.php\/2026\/02\/26\/celaya-presume-apoyo-estatal-de-78-mdp-mientras-espera-el-resto-de-los-millones\/","og_locale":"es_ES","og_type":"article","og_title":"Celaya presume \u201capoyo estatal\u201d de 78 mdp\u2026 mientras espera el resto de los millones. - El Hijo del llanero solititito","og_description":"Celaya, Gto. 26 de febrero del 2026.-El presidente municipal de Celaya, Juan Miguel Ram\u00edrez, inform\u00f3 que el Gobierno del Estado asign\u00f3 alrededor de 78 millones de pesos al municipio para la ejecuci\u00f3n de obras, una cifra que \u2014seg\u00fan dijo\u2014 forma parte de una bolsa destinada a proyectos menores de 60 millones de pesos. Aunque el [&hellip;]","og_url":"https:\/\/elhijodelllanero.mx\/index.php\/2026\/02\/26\/celaya-presume-apoyo-estatal-de-78-mdp-mientras-espera-el-resto-de-los-millones\/","og_site_name":"El Hijo del llanero solititito","article_published_time":"2026-02-26T23:04:13+00:00","og_image":[{"width":2560,"height":1920,"url":"https:\/\/elhijodelllanero.mx\/wp-content\/uploads\/2026\/02\/IMG-20260226-WA0012-scaled.jpg","type":"image\/jpeg"}],"author":"Mar\u00eda de la Paz Rodarte Ram\u00edrez","twitter_card":"summary_large_image","twitter_misc":{"Escrito por":"Mar\u00eda de la Paz Rodarte Ram\u00edrez","Tiempo de lectura":"2 minutos"},"schema":{"@context":"https:\/\/schema.org","@graph":[{"@type":"Article","@id":"https:\/\/elhijodelllanero.mx\/index.php\/2026\/02\/26\/celaya-presume-apoyo-estatal-de-78-mdp-mientras-espera-el-resto-de-los-millones\/#article","isPartOf":{"@id":"https:\/\/elhijodelllanero.mx\/index.php\/2026\/02\/26\/celaya-presume-apoyo-estatal-de-78-mdp-mientras-espera-el-resto-de-los-millones\/"},"author":{"name":"Mar\u00eda de la Paz Rodarte Ram\u00edrez","@id":"https:\/\/elhijodelllanero.mx\/#\/schema\/person\/c7f8c86c55c1eab44ae2b93a9628245f"},"headline":"Celaya presume \u201capoyo estatal\u201d de 78 mdp\u2026 mientras espera el resto de los millones.","datePublished":"2026-02-26T23:04:13+00:00","mainEntityOfPage":{"@id":"https:\/\/elhijodelllanero.mx\/index.php\/2026\/02\/26\/celaya-presume-apoyo-estatal-de-78-mdp-mientras-espera-el-resto-de-los-millones\/"},"wordCount":373,"commentCount":0,"image":{"@id":"https:\/\/elhijodelllanero.mx\/index.php\/2026\/02\/26\/celaya-presume-apoyo-estatal-de-78-mdp-mientras-espera-el-resto-de-los-millones\/#primaryimage"},"thumbnailUrl":"https:\/\/i0.wp.com\/elhijodelllanero.mx\/wp-content\/uploads\/2026\/02\/IMG-20260226-WA0012-scaled.jpg?fit=2560%2C1920&ssl=1","articleSection":["CELAYA"],"inLanguage":"es","potentialAction":[{"@type":"CommentAction","name":"Comment","target":["https:\/\/elhijodelllanero.mx\/index.php\/2026\/02\/26\/celaya-presume-apoyo-estatal-de-78-mdp-mientras-espera-el-resto-de-los-millones\/#respond"]}]},{"@type":"WebPage","@id":"https:\/\/elhijodelllanero.mx\/index.php\/2026\/02\/26\/celaya-presume-apoyo-estatal-de-78-mdp-mientras-espera-el-resto-de-los-millones\/","url":"https:\/\/elhijodelllanero.mx\/index.php\/2026\/02\/26\/celaya-presume-apoyo-estatal-de-78-mdp-mientras-espera-el-resto-de-los-millones\/","name":"Celaya presume \u201capoyo estatal\u201d de 78 mdp\u2026 mientras espera el resto de los millones. - El Hijo del llanero solititito","isPartOf":{"@id":"https:\/\/elhijodelllanero.mx\/#website"},"primaryImageOfPage":{"@id":"https:\/\/elhijodelllanero.mx\/index.php\/2026\/02\/26\/celaya-presume-apoyo-estatal-de-78-mdp-mientras-espera-el-resto-de-los-millones\/#primaryimage"},"image":{"@id":"https:\/\/elhijodelllanero.mx\/index.php\/2026\/02\/26\/celaya-presume-apoyo-estatal-de-78-mdp-mientras-espera-el-resto-de-los-millones\/#primaryimage"},"thumbnailUrl":"https:\/\/i0.wp.com\/elhijodelllanero.mx\/wp-content\/uploads\/2026\/02\/IMG-20260226-WA0012-scaled.jpg?fit=2560%2C1920&ssl=1","datePublished":"2026-02-26T23:04:13+00:00","author":{"@id":"https:\/\/elhijodelllanero.mx\/#\/schema\/person\/c7f8c86c55c1eab44ae2b93a9628245f"},"breadcrumb":{"@id":"https:\/\/elhijodelllanero.mx\/index.php\/2026\/02\/26\/celaya-presume-apoyo-estatal-de-78-mdp-mientras-espera-el-resto-de-los-millones\/#breadcrumb"},"inLanguage":"es","potentialAction":[{"@type":"ReadAction","target":["https:\/\/elhijodelllanero.mx\/index.php\/2026\/02\/26\/celaya-presume-apoyo-estatal-de-78-mdp-mientras-espera-el-resto-de-los-millones\/"]}]},{"@type":"ImageObject","inLanguage":"es","@id":"https:\/\/elhijodelllanero.mx\/index.php\/2026\/02\/26\/celaya-presume-apoyo-estatal-de-78-mdp-mientras-espera-el-resto-de-los-millones\/#primaryimage","url":"https:\/\/i0.wp.com\/elhijodelllanero.mx\/wp-content\/uploads\/2026\/02\/IMG-20260226-WA0012-scaled.jpg?fit=2560%2C1920&ssl=1","contentUrl":"https:\/\/i0.wp.com\/elhijodelllanero.mx\/wp-content\/uploads\/2026\/02\/IMG-20260226-WA0012-scaled.jpg?fit=2560%2C1920&ssl=1","width":2560,"height":1920},{"@type":"BreadcrumbList","@id":"https:\/\/elhijodelllanero.mx\/index.php\/2026\/02\/26\/celaya-presume-apoyo-estatal-de-78-mdp-mientras-espera-el-resto-de-los-millones\/#breadcrumb","itemListElement":[{"@type":"ListItem","position":1,"name":"Portada","item":"https:\/\/elhijodelllanero.mx\/"},{"@type":"ListItem","position":2,"name":"Celaya presume \u201capoyo estatal\u201d de 78 mdp\u2026 mientras espera el resto de los millones."}]},{"@type":"WebSite","@id":"https:\/\/elhijodelllanero.mx\/#website","url":"https:\/\/elhijodelllanero.mx\/","name":"El Hijo del llanero solititito","description":"","potentialAction":[{"@type":"SearchAction","target":{"@type":"EntryPoint","urlTemplate":"https:\/\/elhijodelllanero.mx\/?s={search_term_string}"},"query-input":{"@type":"PropertyValueSpecification","valueRequired":true,"valueName":"search_term_string"}}],"inLanguage":"es"},{"@type":"Person","@id":"https:\/\/elhijodelllanero.mx\/#\/schema\/person\/c7f8c86c55c1eab44ae2b93a9628245f","name":"Mar\u00eda de la Paz Rodarte Ram\u00edrez","image":{"@type":"ImageObject","inLanguage":"es","@id":"https:\/\/secure.gravatar.com\/avatar\/1f38f8518b09a266af73da2bce78d69e7d1275299970134ed62f572e0487e1d0?s=96&d=mm&r=g","url":"https:\/\/secure.gravatar.com\/avatar\/1f38f8518b09a266af73da2bce78d69e7d1275299970134ed62f572e0487e1d0?s=96&d=mm&r=g","contentUrl":"https:\/\/secure.gravatar.com\/avatar\/1f38f8518b09a266af73da2bce78d69e7d1275299970134ed62f572e0487e1d0?s=96&d=mm&r=g","caption":"Mar\u00eda de la Paz Rodarte Ram\u00edrez"},"sameAs":["https:\/\/www.elhijodelllanero.mx"],"url":"https:\/\/elhijodelllanero.mx\/index.php\/author\/maricuas\/"}]}},"jetpack_featured_media_url":"https:\/\/i0.wp.com\/elhijodelllanero.mx\/wp-content\/uploads\/2026\/02\/IMG-20260226-WA0012-scaled.jpg?fit=2560%2C1920&ssl=1","jetpack-related-posts":[],"jetpack_sharing_enabled":true,"_links":{"self":[{"href":"https:\/\/elhijodelllanero.mx\/index.php\/wp-json\/wp\/v2\/posts\/13104","targetHints":{"allow":["GET"]}}],"collection":[{"href":"https:\/\/elhijodelllanero.mx\/index.php\/wp-json\/wp\/v2\/posts"}],"about":[{"href":"https:\/\/elhijodelllanero.mx\/index.php\/wp-json\/wp\/v2\/types\/post"}],"author":[{"embeddable":true,"href":"https:\/\/elhijodelllanero.mx\/index.php\/wp-json\/wp\/v2\/users\/3"}],"replies":[{"embeddable":true,"href":"https:\/\/elhijodelllanero.mx\/index.php\/wp-json\/wp\/v2\/comments?post=13104"}],"version-history":[{"count":1,"href":"https:\/\/elhijodelllanero.mx\/index.php\/wp-json\/wp\/v2\/posts\/13104\/revisions"}],"predecessor-version":[{"id":13106,"href":"https:\/\/elhijodelllanero.mx\/index.php\/wp-json\/wp\/v2\/posts\/13104\/revisions\/13106"}],"wp:featuredmedia":[{"embeddable":true,"href":"https:\/\/elhijodelllanero.mx\/index.php\/wp-json\/wp\/v2\/media\/13105"}],"wp:attachment":[{"href":"https:\/\/elhijodelllanero.mx\/index.php\/wp-json\/wp\/v2\/media?parent=13104"}],"wp:term":[{"taxonomy":"category","embeddable":true,"href":"https:\/\/elhijodelllanero.mx\/index.php\/wp-json\/wp\/v2\/categories?post=13104"},{"taxonomy":"post_tag","embeddable":true,"href":"https:\/\/elhijodelllanero.mx\/index.php\/wp-json\/wp\/v2\/tags?post=13104"}],"curies":[{"name":"wp","href":"https:\/\/api.w.org\/{rel}","templated":true}]}}