{"id":13108,"date":"2026-02-28T14:38:40","date_gmt":"2026-02-28T14:38:40","guid":{"rendered":"https:\/\/elhijodelllanero.mx\/?p=13108"},"modified":"2026-02-28T14:38:40","modified_gmt":"2026-02-28T14:38:40","slug":"reconoce-alcalde-posibles-irregularidades-en-comites-de-agua","status":"publish","type":"post","link":"https:\/\/elhijodelllanero.mx\/index.php\/2026\/02\/28\/reconoce-alcalde-posibles-irregularidades-en-comites-de-agua\/","title":{"rendered":"Reconoce alcalde posibles irregularidades en comit\u00e9s de agua"},"content":{"rendered":"<p>Juventino Rosas, Gto. 28 de febrero del 2026.- El alcalde Fidel Ru\u00edz se\u00f1al\u00f3 que la problem\u00e1tica del agua en comunidades rurales del municipio es compleja, debido a la resistencia de algunos comit\u00e9s a ser revisados e incluso a permitir acciones de mejora, lo que podr\u00eda derivar en posibles malos manejos de recursos.<\/p>\n<p>Expuso como ejemplo la comunidad de Las Pilas, donde se proyect\u00f3 la renovaci\u00f3n total de la red de agua potable. Sin embargo, estudios realizados arrojaron que aproximadamente el 57 por ciento del consumo en los hogares no es pagado por los usuarios.<\/p>\n<p>El edil reconoci\u00f3 que, aunque la obra representa un beneficio para la poblaci\u00f3n, tambi\u00e9n implicar\u00e1 ajustes para quienes no cubren el costo real del servicio. Indic\u00f3 que su administraci\u00f3n ha procurado respetar la autonom\u00eda de los comit\u00e9s, pero admiti\u00f3 que en algunos casos podr\u00eda haber irregularidades en el manejo del recurso.<\/p>\n<p>A pesar de ello, tambi\u00e9n destac\u00f3 casos positivos como el del comit\u00e9 de El Sauz, el cual ha logrado abastecer de agua a comunidades como Los Pinos y se prepara para ampliar el servicio a un nuevo fraccionamiento, adem\u00e1s de contar con la capacidad de adquirir su propio equipamiento.<\/p>\n<p>Finalmente, el alcalde puntualiz\u00f3 que cuando existe una administraci\u00f3n eficiente, el gobierno municipal no interviene; sin embargo, en aquellas comunidades donde hay conflictos por el pago del servicio o deficiencias en la gesti\u00f3n, se busca participar respetando los usos y costumbres de cada localidad.<\/p>\n","protected":false},"excerpt":{"rendered":"<p>Juventino Rosas, Gto. 28 de febrero del 2026.- El alcalde Fidel Ru\u00edz se\u00f1al\u00f3 que la problem\u00e1tica del agua en comunidades rurales del municipio es compleja, debido a la resistencia de algunos comit\u00e9s a ser revisados e incluso a permitir acciones de mejora, lo que podr\u00eda derivar en posibles malos manejos de recursos. Expuso como ejemplo [&hellip;]<\/p>\n","protected":false},"author":3,"featured_media":13109,"comment_status":"open","ping_status":"closed","sticky":false,"template":"","format":"standard","meta":{"_jetpack_newsletter_access":"","_jetpack_dont_email_post_to_subs":false,"_jetpack_newsletter_tier_id":0,"_jetpack_memberships_contains_paywalled_content":false,"_jetpack_memberships_contains_paid_content":false,"footnotes":""},"categories":[81,76],"tags":[],"class_list":{"0":"post-13108","1":"post","2":"type-post","3":"status-publish","4":"format-standard","5":"has-post-thumbnail","7":"category-juventino-rosas","8":"category-municipios"},"yoast_head":"<!-- This site is optimized with the Yoast SEO plugin v27.3 - https:\/\/yoast.com\/product\/yoast-seo-wordpress\/ -->\n<title>Reconoce alcalde posibles irregularidades en comit\u00e9s de agua - El Hijo del llanero solititito<\/title>\n<meta name=\"robots\" content=\"index, follow, max-snippet:-1, max-image-preview:large, max-video-preview:-1\" \/>\n<link rel=\"canonical\" href=\"https:\/\/elhijodelllanero.mx\/index.php\/2026\/02\/28\/reconoce-alcalde-posibles-irregularidades-en-comites-de-agua\/\" \/>\n<meta property=\"og:locale\" content=\"es_ES\" \/>\n<meta property=\"og:type\" content=\"article\" \/>\n<meta property=\"og:title\" content=\"Reconoce alcalde posibles irregularidades en comit\u00e9s de agua - El Hijo del llanero solititito\" \/>\n<meta property=\"og:description\" content=\"Juventino Rosas, Gto. 28 de febrero del 2026.- El alcalde Fidel Ru\u00edz se\u00f1al\u00f3 que la problem\u00e1tica del agua en comunidades rurales del municipio es compleja, debido a la resistencia de algunos comit\u00e9s a ser revisados e incluso a permitir acciones de mejora, lo que podr\u00eda derivar en posibles malos manejos de recursos. Expuso como ejemplo [&hellip;]\" \/>\n<meta property=\"og:url\" content=\"https:\/\/elhijodelllanero.mx\/index.php\/2026\/02\/28\/reconoce-alcalde-posibles-irregularidades-en-comites-de-agua\/\" \/>\n<meta property=\"og:site_name\" content=\"El Hijo del llanero solititito\" \/>\n<meta property=\"article:published_time\" content=\"2026-02-28T14:38:40+00:00\" \/>\n<meta property=\"og:image\" content=\"https:\/\/elhijodelllanero.mx\/wp-content\/uploads\/2026\/02\/IMG-20260228-WA0000.jpg\" \/>\n\t<meta property=\"og:image:width\" content=\"1280\" \/>\n\t<meta property=\"og:image:height\" content=\"989\" \/>\n\t<meta property=\"og:image:type\" content=\"image\/jpeg\" \/>\n<meta name=\"author\" content=\"Mar\u00eda de la Paz Rodarte Ram\u00edrez\" \/>\n<meta name=\"twitter:card\" content=\"summary_large_image\" \/>\n<meta name=\"twitter:label1\" content=\"Escrito por\" \/>\n\t<meta name=\"twitter:data1\" content=\"Mar\u00eda de la Paz Rodarte Ram\u00edrez\" \/>\n\t<meta name=\"twitter:label2\" content=\"Tiempo de lectura\" \/>\n\t<meta name=\"twitter:data2\" content=\"2 minutos\" \/>\n<script type=\"application\/ld+json\" class=\"yoast-schema-graph\">{\"@context\":\"https:\\\/\\\/schema.org\",\"@graph\":[{\"@type\":\"Article\",\"@id\":\"https:\\\/\\\/elhijodelllanero.mx\\\/index.php\\\/2026\\\/02\\\/28\\\/reconoce-alcalde-posibles-irregularidades-en-comites-de-agua\\\/#article\",\"isPartOf\":{\"@id\":\"https:\\\/\\\/elhijodelllanero.mx\\\/index.php\\\/2026\\\/02\\\/28\\\/reconoce-alcalde-posibles-irregularidades-en-comites-de-agua\\\/\"},\"author\":{\"name\":\"Mar\u00eda de la Paz Rodarte Ram\u00edrez\",\"@id\":\"https:\\\/\\\/elhijodelllanero.mx\\\/#\\\/schema\\\/person\\\/c7f8c86c55c1eab44ae2b93a9628245f\"},\"headline\":\"Reconoce alcalde posibles irregularidades en comit\u00e9s de agua\",\"datePublished\":\"2026-02-28T14:38:40+00:00\",\"mainEntityOfPage\":{\"@id\":\"https:\\\/\\\/elhijodelllanero.mx\\\/index.php\\\/2026\\\/02\\\/28\\\/reconoce-alcalde-posibles-irregularidades-en-comites-de-agua\\\/\"},\"wordCount\":261,\"commentCount\":0,\"image\":{\"@id\":\"https:\\\/\\\/elhijodelllanero.mx\\\/index.php\\\/2026\\\/02\\\/28\\\/reconoce-alcalde-posibles-irregularidades-en-comites-de-agua\\\/#primaryimage\"},\"thumbnailUrl\":\"https:\\\/\\\/i0.wp.com\\\/elhijodelllanero.mx\\\/wp-content\\\/uploads\\\/2026\\\/02\\\/IMG-20260228-WA0000.jpg?fit=1280%2C989&ssl=1\",\"articleSection\":[\"JUVENTINO ROSAS\",\"MUNICIPIOS\"],\"inLanguage\":\"es\",\"potentialAction\":[{\"@type\":\"CommentAction\",\"name\":\"Comment\",\"target\":[\"https:\\\/\\\/elhijodelllanero.mx\\\/index.php\\\/2026\\\/02\\\/28\\\/reconoce-alcalde-posibles-irregularidades-en-comites-de-agua\\\/#respond\"]}]},{\"@type\":\"WebPage\",\"@id\":\"https:\\\/\\\/elhijodelllanero.mx\\\/index.php\\\/2026\\\/02\\\/28\\\/reconoce-alcalde-posibles-irregularidades-en-comites-de-agua\\\/\",\"url\":\"https:\\\/\\\/elhijodelllanero.mx\\\/index.php\\\/2026\\\/02\\\/28\\\/reconoce-alcalde-posibles-irregularidades-en-comites-de-agua\\\/\",\"name\":\"Reconoce alcalde posibles irregularidades en comit\u00e9s de agua - El Hijo del llanero solititito\",\"isPartOf\":{\"@id\":\"https:\\\/\\\/elhijodelllanero.mx\\\/#website\"},\"primaryImageOfPage\":{\"@id\":\"https:\\\/\\\/elhijodelllanero.mx\\\/index.php\\\/2026\\\/02\\\/28\\\/reconoce-alcalde-posibles-irregularidades-en-comites-de-agua\\\/#primaryimage\"},\"image\":{\"@id\":\"https:\\\/\\\/elhijodelllanero.mx\\\/index.php\\\/2026\\\/02\\\/28\\\/reconoce-alcalde-posibles-irregularidades-en-comites-de-agua\\\/#primaryimage\"},\"thumbnailUrl\":\"https:\\\/\\\/i0.wp.com\\\/elhijodelllanero.mx\\\/wp-content\\\/uploads\\\/2026\\\/02\\\/IMG-20260228-WA0000.jpg?fit=1280%2C989&ssl=1\",\"datePublished\":\"2026-02-28T14:38:40+00:00\",\"author\":{\"@id\":\"https:\\\/\\\/elhijodelllanero.mx\\\/#\\\/schema\\\/person\\\/c7f8c86c55c1eab44ae2b93a9628245f\"},\"breadcrumb\":{\"@id\":\"https:\\\/\\\/elhijodelllanero.mx\\\/index.php\\\/2026\\\/02\\\/28\\\/reconoce-alcalde-posibles-irregularidades-en-comites-de-agua\\\/#breadcrumb\"},\"inLanguage\":\"es\",\"potentialAction\":[{\"@type\":\"ReadAction\",\"target\":[\"https:\\\/\\\/elhijodelllanero.mx\\\/index.php\\\/2026\\\/02\\\/28\\\/reconoce-alcalde-posibles-irregularidades-en-comites-de-agua\\\/\"]}]},{\"@type\":\"ImageObject\",\"inLanguage\":\"es\",\"@id\":\"https:\\\/\\\/elhijodelllanero.mx\\\/index.php\\\/2026\\\/02\\\/28\\\/reconoce-alcalde-posibles-irregularidades-en-comites-de-agua\\\/#primaryimage\",\"url\":\"https:\\\/\\\/i0.wp.com\\\/elhijodelllanero.mx\\\/wp-content\\\/uploads\\\/2026\\\/02\\\/IMG-20260228-WA0000.jpg?fit=1280%2C989&ssl=1\",\"contentUrl\":\"https:\\\/\\\/i0.wp.com\\\/elhijodelllanero.mx\\\/wp-content\\\/uploads\\\/2026\\\/02\\\/IMG-20260228-WA0000.jpg?fit=1280%2C989&ssl=1\",\"width\":1280,\"height\":989},{\"@type\":\"BreadcrumbList\",\"@id\":\"https:\\\/\\\/elhijodelllanero.mx\\\/index.php\\\/2026\\\/02\\\/28\\\/reconoce-alcalde-posibles-irregularidades-en-comites-de-agua\\\/#breadcrumb\",\"itemListElement\":[{\"@type\":\"ListItem\",\"position\":1,\"name\":\"Portada\",\"item\":\"https:\\\/\\\/elhijodelllanero.mx\\\/\"},{\"@type\":\"ListItem\",\"position\":2,\"name\":\"Reconoce alcalde posibles irregularidades en comit\u00e9s de agua\"}]},{\"@type\":\"WebSite\",\"@id\":\"https:\\\/\\\/elhijodelllanero.mx\\\/#website\",\"url\":\"https:\\\/\\\/elhijodelllanero.mx\\\/\",\"name\":\"El Hijo del llanero solititito\",\"description\":\"\",\"potentialAction\":[{\"@type\":\"SearchAction\",\"target\":{\"@type\":\"EntryPoint\",\"urlTemplate\":\"https:\\\/\\\/elhijodelllanero.mx\\\/?s={search_term_string}\"},\"query-input\":{\"@type\":\"PropertyValueSpecification\",\"valueRequired\":true,\"valueName\":\"search_term_string\"}}],\"inLanguage\":\"es\"},{\"@type\":\"Person\",\"@id\":\"https:\\\/\\\/elhijodelllanero.mx\\\/#\\\/schema\\\/person\\\/c7f8c86c55c1eab44ae2b93a9628245f\",\"name\":\"Mar\u00eda de la Paz Rodarte Ram\u00edrez\",\"image\":{\"@type\":\"ImageObject\",\"inLanguage\":\"es\",\"@id\":\"https:\\\/\\\/secure.gravatar.com\\\/avatar\\\/1f38f8518b09a266af73da2bce78d69e7d1275299970134ed62f572e0487e1d0?s=96&d=mm&r=g\",\"url\":\"https:\\\/\\\/secure.gravatar.com\\\/avatar\\\/1f38f8518b09a266af73da2bce78d69e7d1275299970134ed62f572e0487e1d0?s=96&d=mm&r=g\",\"contentUrl\":\"https:\\\/\\\/secure.gravatar.com\\\/avatar\\\/1f38f8518b09a266af73da2bce78d69e7d1275299970134ed62f572e0487e1d0?s=96&d=mm&r=g\",\"caption\":\"Mar\u00eda de la Paz Rodarte Ram\u00edrez\"},\"sameAs\":[\"https:\\\/\\\/www.elhijodelllanero.mx\"],\"url\":\"https:\\\/\\\/elhijodelllanero.mx\\\/index.php\\\/author\\\/maricuas\\\/\"}]}<\/script>\n<!-- \/ Yoast SEO plugin. -->","yoast_head_json":{"title":"Reconoce alcalde posibles irregularidades en comit\u00e9s de agua - El Hijo del llanero solititito","robots":{"index":"index","follow":"follow","max-snippet":"max-snippet:-1","max-image-preview":"max-image-preview:large","max-video-preview":"max-video-preview:-1"},"canonical":"https:\/\/elhijodelllanero.mx\/index.php\/2026\/02\/28\/reconoce-alcalde-posibles-irregularidades-en-comites-de-agua\/","og_locale":"es_ES","og_type":"article","og_title":"Reconoce alcalde posibles irregularidades en comit\u00e9s de agua - El Hijo del llanero solititito","og_description":"Juventino Rosas, Gto. 28 de febrero del 2026.- El alcalde Fidel Ru\u00edz se\u00f1al\u00f3 que la problem\u00e1tica del agua en comunidades rurales del municipio es compleja, debido a la resistencia de algunos comit\u00e9s a ser revisados e incluso a permitir acciones de mejora, lo que podr\u00eda derivar en posibles malos manejos de recursos. Expuso como ejemplo [&hellip;]","og_url":"https:\/\/elhijodelllanero.mx\/index.php\/2026\/02\/28\/reconoce-alcalde-posibles-irregularidades-en-comites-de-agua\/","og_site_name":"El Hijo del llanero solititito","article_published_time":"2026-02-28T14:38:40+00:00","og_image":[{"width":1280,"height":989,"url":"https:\/\/elhijodelllanero.mx\/wp-content\/uploads\/2026\/02\/IMG-20260228-WA0000.jpg","type":"image\/jpeg"}],"author":"Mar\u00eda de la Paz Rodarte Ram\u00edrez","twitter_card":"summary_large_image","twitter_misc":{"Escrito por":"Mar\u00eda de la Paz Rodarte Ram\u00edrez","Tiempo de lectura":"2 minutos"},"schema":{"@context":"https:\/\/schema.org","@graph":[{"@type":"Article","@id":"https:\/\/elhijodelllanero.mx\/index.php\/2026\/02\/28\/reconoce-alcalde-posibles-irregularidades-en-comites-de-agua\/#article","isPartOf":{"@id":"https:\/\/elhijodelllanero.mx\/index.php\/2026\/02\/28\/reconoce-alcalde-posibles-irregularidades-en-comites-de-agua\/"},"author":{"name":"Mar\u00eda de la Paz Rodarte Ram\u00edrez","@id":"https:\/\/elhijodelllanero.mx\/#\/schema\/person\/c7f8c86c55c1eab44ae2b93a9628245f"},"headline":"Reconoce alcalde posibles irregularidades en comit\u00e9s de agua","datePublished":"2026-02-28T14:38:40+00:00","mainEntityOfPage":{"@id":"https:\/\/elhijodelllanero.mx\/index.php\/2026\/02\/28\/reconoce-alcalde-posibles-irregularidades-en-comites-de-agua\/"},"wordCount":261,"commentCount":0,"image":{"@id":"https:\/\/elhijodelllanero.mx\/index.php\/2026\/02\/28\/reconoce-alcalde-posibles-irregularidades-en-comites-de-agua\/#primaryimage"},"thumbnailUrl":"https:\/\/i0.wp.com\/elhijodelllanero.mx\/wp-content\/uploads\/2026\/02\/IMG-20260228-WA0000.jpg?fit=1280%2C989&ssl=1","articleSection":["JUVENTINO ROSAS","MUNICIPIOS"],"inLanguage":"es","potentialAction":[{"@type":"CommentAction","name":"Comment","target":["https:\/\/elhijodelllanero.mx\/index.php\/2026\/02\/28\/reconoce-alcalde-posibles-irregularidades-en-comites-de-agua\/#respond"]}]},{"@type":"WebPage","@id":"https:\/\/elhijodelllanero.mx\/index.php\/2026\/02\/28\/reconoce-alcalde-posibles-irregularidades-en-comites-de-agua\/","url":"https:\/\/elhijodelllanero.mx\/index.php\/2026\/02\/28\/reconoce-alcalde-posibles-irregularidades-en-comites-de-agua\/","name":"Reconoce alcalde posibles irregularidades en comit\u00e9s de agua - El Hijo del llanero solititito","isPartOf":{"@id":"https:\/\/elhijodelllanero.mx\/#website"},"primaryImageOfPage":{"@id":"https:\/\/elhijodelllanero.mx\/index.php\/2026\/02\/28\/reconoce-alcalde-posibles-irregularidades-en-comites-de-agua\/#primaryimage"},"image":{"@id":"https:\/\/elhijodelllanero.mx\/index.php\/2026\/02\/28\/reconoce-alcalde-posibles-irregularidades-en-comites-de-agua\/#primaryimage"},"thumbnailUrl":"https:\/\/i0.wp.com\/elhijodelllanero.mx\/wp-content\/uploads\/2026\/02\/IMG-20260228-WA0000.jpg?fit=1280%2C989&ssl=1","datePublished":"2026-02-28T14:38:40+00:00","author":{"@id":"https:\/\/elhijodelllanero.mx\/#\/schema\/person\/c7f8c86c55c1eab44ae2b93a9628245f"},"breadcrumb":{"@id":"https:\/\/elhijodelllanero.mx\/index.php\/2026\/02\/28\/reconoce-alcalde-posibles-irregularidades-en-comites-de-agua\/#breadcrumb"},"inLanguage":"es","potentialAction":[{"@type":"ReadAction","target":["https:\/\/elhijodelllanero.mx\/index.php\/2026\/02\/28\/reconoce-alcalde-posibles-irregularidades-en-comites-de-agua\/"]}]},{"@type":"ImageObject","inLanguage":"es","@id":"https:\/\/elhijodelllanero.mx\/index.php\/2026\/02\/28\/reconoce-alcalde-posibles-irregularidades-en-comites-de-agua\/#primaryimage","url":"https:\/\/i0.wp.com\/elhijodelllanero.mx\/wp-content\/uploads\/2026\/02\/IMG-20260228-WA0000.jpg?fit=1280%2C989&ssl=1","contentUrl":"https:\/\/i0.wp.com\/elhijodelllanero.mx\/wp-content\/uploads\/2026\/02\/IMG-20260228-WA0000.jpg?fit=1280%2C989&ssl=1","width":1280,"height":989},{"@type":"BreadcrumbList","@id":"https:\/\/elhijodelllanero.mx\/index.php\/2026\/02\/28\/reconoce-alcalde-posibles-irregularidades-en-comites-de-agua\/#breadcrumb","itemListElement":[{"@type":"ListItem","position":1,"name":"Portada","item":"https:\/\/elhijodelllanero.mx\/"},{"@type":"ListItem","position":2,"name":"Reconoce alcalde posibles irregularidades en comit\u00e9s de agua"}]},{"@type":"WebSite","@id":"https:\/\/elhijodelllanero.mx\/#website","url":"https:\/\/elhijodelllanero.mx\/","name":"El Hijo del llanero solititito","description":"","potentialAction":[{"@type":"SearchAction","target":{"@type":"EntryPoint","urlTemplate":"https:\/\/elhijodelllanero.mx\/?s={search_term_string}"},"query-input":{"@type":"PropertyValueSpecification","valueRequired":true,"valueName":"search_term_string"}}],"inLanguage":"es"},{"@type":"Person","@id":"https:\/\/elhijodelllanero.mx\/#\/schema\/person\/c7f8c86c55c1eab44ae2b93a9628245f","name":"Mar\u00eda de la Paz Rodarte Ram\u00edrez","image":{"@type":"ImageObject","inLanguage":"es","@id":"https:\/\/secure.gravatar.com\/avatar\/1f38f8518b09a266af73da2bce78d69e7d1275299970134ed62f572e0487e1d0?s=96&d=mm&r=g","url":"https:\/\/secure.gravatar.com\/avatar\/1f38f8518b09a266af73da2bce78d69e7d1275299970134ed62f572e0487e1d0?s=96&d=mm&r=g","contentUrl":"https:\/\/secure.gravatar.com\/avatar\/1f38f8518b09a266af73da2bce78d69e7d1275299970134ed62f572e0487e1d0?s=96&d=mm&r=g","caption":"Mar\u00eda de la Paz Rodarte Ram\u00edrez"},"sameAs":["https:\/\/www.elhijodelllanero.mx"],"url":"https:\/\/elhijodelllanero.mx\/index.php\/author\/maricuas\/"}]}},"jetpack_featured_media_url":"https:\/\/i0.wp.com\/elhijodelllanero.mx\/wp-content\/uploads\/2026\/02\/IMG-20260228-WA0000.jpg?fit=1280%2C989&ssl=1","jetpack-related-posts":[],"jetpack_sharing_enabled":true,"_links":{"self":[{"href":"https:\/\/elhijodelllanero.mx\/index.php\/wp-json\/wp\/v2\/posts\/13108","targetHints":{"allow":["GET"]}}],"collection":[{"href":"https:\/\/elhijodelllanero.mx\/index.php\/wp-json\/wp\/v2\/posts"}],"about":[{"href":"https:\/\/elhijodelllanero.mx\/index.php\/wp-json\/wp\/v2\/types\/post"}],"author":[{"embeddable":true,"href":"https:\/\/elhijodelllanero.mx\/index.php\/wp-json\/wp\/v2\/users\/3"}],"replies":[{"embeddable":true,"href":"https:\/\/elhijodelllanero.mx\/index.php\/wp-json\/wp\/v2\/comments?post=13108"}],"version-history":[{"count":1,"href":"https:\/\/elhijodelllanero.mx\/index.php\/wp-json\/wp\/v2\/posts\/13108\/revisions"}],"predecessor-version":[{"id":13110,"href":"https:\/\/elhijodelllanero.mx\/index.php\/wp-json\/wp\/v2\/posts\/13108\/revisions\/13110"}],"wp:featuredmedia":[{"embeddable":true,"href":"https:\/\/elhijodelllanero.mx\/index.php\/wp-json\/wp\/v2\/media\/13109"}],"wp:attachment":[{"href":"https:\/\/elhijodelllanero.mx\/index.php\/wp-json\/wp\/v2\/media?parent=13108"}],"wp:term":[{"taxonomy":"category","embeddable":true,"href":"https:\/\/elhijodelllanero.mx\/index.php\/wp-json\/wp\/v2\/categories?post=13108"},{"taxonomy":"post_tag","embeddable":true,"href":"https:\/\/elhijodelllanero.mx\/index.php\/wp-json\/wp\/v2\/tags?post=13108"}],"curies":[{"name":"wp","href":"https:\/\/api.w.org\/{rel}","templated":true}]}}