{"id":13149,"date":"2026-03-02T23:01:21","date_gmt":"2026-03-02T23:01:21","guid":{"rendered":"https:\/\/elhijodelllanero.mx\/?p=13149"},"modified":"2026-03-02T23:01:21","modified_gmt":"2026-03-02T23:01:21","slug":"familias-celebran-su-dia-con-alegria-en-apaseo-el-grande","status":"publish","type":"post","link":"https:\/\/elhijodelllanero.mx\/index.php\/2026\/03\/02\/familias-celebran-su-dia-con-alegria-en-apaseo-el-grande\/","title":{"rendered":"Familias celebran su d\u00eda con alegr\u00eda en Apaseo el Grande."},"content":{"rendered":"<p>Apaseo el Grande, Gto. 2 de marzo de 2026.\u2013 El Jard\u00edn Principal se llen\u00f3 de risas, juegos y convivencia durante la celebraci\u00f3n del D\u00eda Nacional de la Familia, organizada por el Sistema DIF Municipal, donde decenas de familias compartieron una jornada pensada para fortalecer la uni\u00f3n y los valores.<\/p>\n<p>El Presidente Municipal, Jos\u00e9 Luis \u201cChelis\u201d Oliveros Usabiaga, junto con la presidenta del Patronato del DIF, F\u00e1tima Hern\u00e1ndez Rivera, integrantes del Ayuntamiento y directores de la administraci\u00f3n, acompa\u00f1aron a las familias en esta fiesta comunitaria realizada en el coraz\u00f3n de Apaseo el Grande.<\/p>\n<p>Durante su mensaje, el alcalde destac\u00f3 que la familia es la base de una sociedad fuerte, e invit\u00f3 a cuidar el di\u00e1logo, la uni\u00f3n y los valores en cada hogar. Adem\u00e1s, record\u00f3 que el DIF municipal ofrece diversos apoyos alimentarios y servicios m\u00e9dicos, incluyendo atenci\u00f3n de hemodi\u00e1lisis, exhortando a difundirlos entre quienes m\u00e1s lo necesitan.<\/p>\n<p>La celebraci\u00f3n estuvo llena de actividades recreativas, juegos de loter\u00eda y premios para las familias participantes, destacando la familia Dan Ross por su entusiasmo en las din\u00e1micas realizadas en redes sociales.<\/p>\n<p>El toque art\u00edstico lleg\u00f3 con la participaci\u00f3n del Ballet Folkl\u00f3rico del Instituto Tecnol\u00f3gico de M\u00e9xico campus Celaya y la compa\u00f1\u00eda Son Lince, quienes presentaron el espect\u00e1culo \u201cCorre y se va\u201d, llenando de tradici\u00f3n y energ\u00eda el escenario.<\/p>\n<p>Con este tipo de encuentros, el DIF Municipal reafirma su compromiso de seguir impulsando espacios donde la convivencia, la alegr\u00eda y los valores familiares sean protagonistas.<\/p>\n","protected":false},"excerpt":{"rendered":"<p>Apaseo el Grande, Gto. 2 de marzo de 2026.\u2013 El Jard\u00edn Principal se llen\u00f3 de risas, juegos y convivencia durante la celebraci\u00f3n del D\u00eda Nacional de la Familia, organizada por el Sistema DIF Municipal, donde decenas de familias compartieron una jornada pensada para fortalecer la uni\u00f3n y los valores. El Presidente Municipal, Jos\u00e9 Luis \u201cChelis\u201d [&hellip;]<\/p>\n","protected":false},"author":3,"featured_media":13150,"comment_status":"open","ping_status":"closed","sticky":false,"template":"","format":"standard","meta":{"_jetpack_newsletter_access":"","_jetpack_dont_email_post_to_subs":false,"_jetpack_newsletter_tier_id":0,"_jetpack_memberships_contains_paywalled_content":false,"_jetpack_memberships_contains_paid_content":false,"footnotes":""},"categories":[78,76],"tags":[],"class_list":{"0":"post-13149","1":"post","2":"type-post","3":"status-publish","4":"format-standard","5":"has-post-thumbnail","7":"category-apaseo-el-grande","8":"category-municipios"},"yoast_head":"<!-- This site is optimized with the Yoast SEO plugin v27.3 - https:\/\/yoast.com\/product\/yoast-seo-wordpress\/ -->\n<title>Familias celebran su d\u00eda con alegr\u00eda en Apaseo el Grande. - El Hijo del llanero solititito<\/title>\n<meta name=\"robots\" content=\"index, follow, max-snippet:-1, max-image-preview:large, max-video-preview:-1\" \/>\n<link rel=\"canonical\" href=\"https:\/\/elhijodelllanero.mx\/index.php\/2026\/03\/02\/familias-celebran-su-dia-con-alegria-en-apaseo-el-grande\/\" \/>\n<meta property=\"og:locale\" content=\"es_ES\" \/>\n<meta property=\"og:type\" content=\"article\" \/>\n<meta property=\"og:title\" content=\"Familias celebran su d\u00eda con alegr\u00eda en Apaseo el Grande. - El Hijo del llanero solititito\" \/>\n<meta property=\"og:description\" content=\"Apaseo el Grande, Gto. 2 de marzo de 2026.\u2013 El Jard\u00edn Principal se llen\u00f3 de risas, juegos y convivencia durante la celebraci\u00f3n del D\u00eda Nacional de la Familia, organizada por el Sistema DIF Municipal, donde decenas de familias compartieron una jornada pensada para fortalecer la uni\u00f3n y los valores. El Presidente Municipal, Jos\u00e9 Luis \u201cChelis\u201d [&hellip;]\" \/>\n<meta property=\"og:url\" content=\"https:\/\/elhijodelllanero.mx\/index.php\/2026\/03\/02\/familias-celebran-su-dia-con-alegria-en-apaseo-el-grande\/\" \/>\n<meta property=\"og:site_name\" content=\"El Hijo del llanero solititito\" \/>\n<meta property=\"article:published_time\" content=\"2026-03-02T23:01:21+00:00\" \/>\n<meta property=\"og:image\" content=\"https:\/\/elhijodelllanero.mx\/wp-content\/uploads\/2026\/03\/IMG-20260302-WA0007.jpg\" \/>\n\t<meta property=\"og:image:width\" content=\"1440\" \/>\n\t<meta property=\"og:image:height\" content=\"961\" \/>\n\t<meta property=\"og:image:type\" content=\"image\/jpeg\" \/>\n<meta name=\"author\" content=\"Mar\u00eda de la Paz Rodarte Ram\u00edrez\" \/>\n<meta name=\"twitter:card\" content=\"summary_large_image\" \/>\n<meta name=\"twitter:label1\" content=\"Escrito por\" \/>\n\t<meta name=\"twitter:data1\" content=\"Mar\u00eda de la Paz Rodarte Ram\u00edrez\" \/>\n\t<meta name=\"twitter:label2\" content=\"Tiempo de lectura\" \/>\n\t<meta name=\"twitter:data2\" content=\"2 minutos\" \/>\n<script type=\"application\/ld+json\" class=\"yoast-schema-graph\">{\"@context\":\"https:\\\/\\\/schema.org\",\"@graph\":[{\"@type\":\"Article\",\"@id\":\"https:\\\/\\\/elhijodelllanero.mx\\\/index.php\\\/2026\\\/03\\\/02\\\/familias-celebran-su-dia-con-alegria-en-apaseo-el-grande\\\/#article\",\"isPartOf\":{\"@id\":\"https:\\\/\\\/elhijodelllanero.mx\\\/index.php\\\/2026\\\/03\\\/02\\\/familias-celebran-su-dia-con-alegria-en-apaseo-el-grande\\\/\"},\"author\":{\"name\":\"Mar\u00eda de la Paz Rodarte Ram\u00edrez\",\"@id\":\"https:\\\/\\\/elhijodelllanero.mx\\\/#\\\/schema\\\/person\\\/c7f8c86c55c1eab44ae2b93a9628245f\"},\"headline\":\"Familias celebran su d\u00eda con alegr\u00eda en Apaseo el Grande.\",\"datePublished\":\"2026-03-02T23:01:21+00:00\",\"mainEntityOfPage\":{\"@id\":\"https:\\\/\\\/elhijodelllanero.mx\\\/index.php\\\/2026\\\/03\\\/02\\\/familias-celebran-su-dia-con-alegria-en-apaseo-el-grande\\\/\"},\"wordCount\":280,\"commentCount\":0,\"image\":{\"@id\":\"https:\\\/\\\/elhijodelllanero.mx\\\/index.php\\\/2026\\\/03\\\/02\\\/familias-celebran-su-dia-con-alegria-en-apaseo-el-grande\\\/#primaryimage\"},\"thumbnailUrl\":\"https:\\\/\\\/i0.wp.com\\\/elhijodelllanero.mx\\\/wp-content\\\/uploads\\\/2026\\\/03\\\/IMG-20260302-WA0007.jpg?fit=1440%2C961&ssl=1\",\"articleSection\":[\"APASEO EL GRANDE\",\"MUNICIPIOS\"],\"inLanguage\":\"es\",\"potentialAction\":[{\"@type\":\"CommentAction\",\"name\":\"Comment\",\"target\":[\"https:\\\/\\\/elhijodelllanero.mx\\\/index.php\\\/2026\\\/03\\\/02\\\/familias-celebran-su-dia-con-alegria-en-apaseo-el-grande\\\/#respond\"]}]},{\"@type\":\"WebPage\",\"@id\":\"https:\\\/\\\/elhijodelllanero.mx\\\/index.php\\\/2026\\\/03\\\/02\\\/familias-celebran-su-dia-con-alegria-en-apaseo-el-grande\\\/\",\"url\":\"https:\\\/\\\/elhijodelllanero.mx\\\/index.php\\\/2026\\\/03\\\/02\\\/familias-celebran-su-dia-con-alegria-en-apaseo-el-grande\\\/\",\"name\":\"Familias celebran su d\u00eda con alegr\u00eda en Apaseo el Grande. - El Hijo del llanero solititito\",\"isPartOf\":{\"@id\":\"https:\\\/\\\/elhijodelllanero.mx\\\/#website\"},\"primaryImageOfPage\":{\"@id\":\"https:\\\/\\\/elhijodelllanero.mx\\\/index.php\\\/2026\\\/03\\\/02\\\/familias-celebran-su-dia-con-alegria-en-apaseo-el-grande\\\/#primaryimage\"},\"image\":{\"@id\":\"https:\\\/\\\/elhijodelllanero.mx\\\/index.php\\\/2026\\\/03\\\/02\\\/familias-celebran-su-dia-con-alegria-en-apaseo-el-grande\\\/#primaryimage\"},\"thumbnailUrl\":\"https:\\\/\\\/i0.wp.com\\\/elhijodelllanero.mx\\\/wp-content\\\/uploads\\\/2026\\\/03\\\/IMG-20260302-WA0007.jpg?fit=1440%2C961&ssl=1\",\"datePublished\":\"2026-03-02T23:01:21+00:00\",\"author\":{\"@id\":\"https:\\\/\\\/elhijodelllanero.mx\\\/#\\\/schema\\\/person\\\/c7f8c86c55c1eab44ae2b93a9628245f\"},\"breadcrumb\":{\"@id\":\"https:\\\/\\\/elhijodelllanero.mx\\\/index.php\\\/2026\\\/03\\\/02\\\/familias-celebran-su-dia-con-alegria-en-apaseo-el-grande\\\/#breadcrumb\"},\"inLanguage\":\"es\",\"potentialAction\":[{\"@type\":\"ReadAction\",\"target\":[\"https:\\\/\\\/elhijodelllanero.mx\\\/index.php\\\/2026\\\/03\\\/02\\\/familias-celebran-su-dia-con-alegria-en-apaseo-el-grande\\\/\"]}]},{\"@type\":\"ImageObject\",\"inLanguage\":\"es\",\"@id\":\"https:\\\/\\\/elhijodelllanero.mx\\\/index.php\\\/2026\\\/03\\\/02\\\/familias-celebran-su-dia-con-alegria-en-apaseo-el-grande\\\/#primaryimage\",\"url\":\"https:\\\/\\\/i0.wp.com\\\/elhijodelllanero.mx\\\/wp-content\\\/uploads\\\/2026\\\/03\\\/IMG-20260302-WA0007.jpg?fit=1440%2C961&ssl=1\",\"contentUrl\":\"https:\\\/\\\/i0.wp.com\\\/elhijodelllanero.mx\\\/wp-content\\\/uploads\\\/2026\\\/03\\\/IMG-20260302-WA0007.jpg?fit=1440%2C961&ssl=1\",\"width\":1440,\"height\":961},{\"@type\":\"BreadcrumbList\",\"@id\":\"https:\\\/\\\/elhijodelllanero.mx\\\/index.php\\\/2026\\\/03\\\/02\\\/familias-celebran-su-dia-con-alegria-en-apaseo-el-grande\\\/#breadcrumb\",\"itemListElement\":[{\"@type\":\"ListItem\",\"position\":1,\"name\":\"Portada\",\"item\":\"https:\\\/\\\/elhijodelllanero.mx\\\/\"},{\"@type\":\"ListItem\",\"position\":2,\"name\":\"Familias celebran su d\u00eda con alegr\u00eda en Apaseo el Grande.\"}]},{\"@type\":\"WebSite\",\"@id\":\"https:\\\/\\\/elhijodelllanero.mx\\\/#website\",\"url\":\"https:\\\/\\\/elhijodelllanero.mx\\\/\",\"name\":\"El Hijo del llanero solititito\",\"description\":\"\",\"potentialAction\":[{\"@type\":\"SearchAction\",\"target\":{\"@type\":\"EntryPoint\",\"urlTemplate\":\"https:\\\/\\\/elhijodelllanero.mx\\\/?s={search_term_string}\"},\"query-input\":{\"@type\":\"PropertyValueSpecification\",\"valueRequired\":true,\"valueName\":\"search_term_string\"}}],\"inLanguage\":\"es\"},{\"@type\":\"Person\",\"@id\":\"https:\\\/\\\/elhijodelllanero.mx\\\/#\\\/schema\\\/person\\\/c7f8c86c55c1eab44ae2b93a9628245f\",\"name\":\"Mar\u00eda de la Paz Rodarte Ram\u00edrez\",\"image\":{\"@type\":\"ImageObject\",\"inLanguage\":\"es\",\"@id\":\"https:\\\/\\\/secure.gravatar.com\\\/avatar\\\/1f38f8518b09a266af73da2bce78d69e7d1275299970134ed62f572e0487e1d0?s=96&d=mm&r=g\",\"url\":\"https:\\\/\\\/secure.gravatar.com\\\/avatar\\\/1f38f8518b09a266af73da2bce78d69e7d1275299970134ed62f572e0487e1d0?s=96&d=mm&r=g\",\"contentUrl\":\"https:\\\/\\\/secure.gravatar.com\\\/avatar\\\/1f38f8518b09a266af73da2bce78d69e7d1275299970134ed62f572e0487e1d0?s=96&d=mm&r=g\",\"caption\":\"Mar\u00eda de la Paz Rodarte Ram\u00edrez\"},\"sameAs\":[\"https:\\\/\\\/www.elhijodelllanero.mx\"],\"url\":\"https:\\\/\\\/elhijodelllanero.mx\\\/index.php\\\/author\\\/maricuas\\\/\"}]}<\/script>\n<!-- \/ Yoast SEO plugin. -->","yoast_head_json":{"title":"Familias celebran su d\u00eda con alegr\u00eda en Apaseo el Grande. - El Hijo del llanero solititito","robots":{"index":"index","follow":"follow","max-snippet":"max-snippet:-1","max-image-preview":"max-image-preview:large","max-video-preview":"max-video-preview:-1"},"canonical":"https:\/\/elhijodelllanero.mx\/index.php\/2026\/03\/02\/familias-celebran-su-dia-con-alegria-en-apaseo-el-grande\/","og_locale":"es_ES","og_type":"article","og_title":"Familias celebran su d\u00eda con alegr\u00eda en Apaseo el Grande. - El Hijo del llanero solititito","og_description":"Apaseo el Grande, Gto. 2 de marzo de 2026.\u2013 El Jard\u00edn Principal se llen\u00f3 de risas, juegos y convivencia durante la celebraci\u00f3n del D\u00eda Nacional de la Familia, organizada por el Sistema DIF Municipal, donde decenas de familias compartieron una jornada pensada para fortalecer la uni\u00f3n y los valores. El Presidente Municipal, Jos\u00e9 Luis \u201cChelis\u201d [&hellip;]","og_url":"https:\/\/elhijodelllanero.mx\/index.php\/2026\/03\/02\/familias-celebran-su-dia-con-alegria-en-apaseo-el-grande\/","og_site_name":"El Hijo del llanero solititito","article_published_time":"2026-03-02T23:01:21+00:00","og_image":[{"width":1440,"height":961,"url":"https:\/\/elhijodelllanero.mx\/wp-content\/uploads\/2026\/03\/IMG-20260302-WA0007.jpg","type":"image\/jpeg"}],"author":"Mar\u00eda de la Paz Rodarte Ram\u00edrez","twitter_card":"summary_large_image","twitter_misc":{"Escrito por":"Mar\u00eda de la Paz Rodarte Ram\u00edrez","Tiempo de lectura":"2 minutos"},"schema":{"@context":"https:\/\/schema.org","@graph":[{"@type":"Article","@id":"https:\/\/elhijodelllanero.mx\/index.php\/2026\/03\/02\/familias-celebran-su-dia-con-alegria-en-apaseo-el-grande\/#article","isPartOf":{"@id":"https:\/\/elhijodelllanero.mx\/index.php\/2026\/03\/02\/familias-celebran-su-dia-con-alegria-en-apaseo-el-grande\/"},"author":{"name":"Mar\u00eda de la Paz Rodarte Ram\u00edrez","@id":"https:\/\/elhijodelllanero.mx\/#\/schema\/person\/c7f8c86c55c1eab44ae2b93a9628245f"},"headline":"Familias celebran su d\u00eda con alegr\u00eda en Apaseo el Grande.","datePublished":"2026-03-02T23:01:21+00:00","mainEntityOfPage":{"@id":"https:\/\/elhijodelllanero.mx\/index.php\/2026\/03\/02\/familias-celebran-su-dia-con-alegria-en-apaseo-el-grande\/"},"wordCount":280,"commentCount":0,"image":{"@id":"https:\/\/elhijodelllanero.mx\/index.php\/2026\/03\/02\/familias-celebran-su-dia-con-alegria-en-apaseo-el-grande\/#primaryimage"},"thumbnailUrl":"https:\/\/i0.wp.com\/elhijodelllanero.mx\/wp-content\/uploads\/2026\/03\/IMG-20260302-WA0007.jpg?fit=1440%2C961&ssl=1","articleSection":["APASEO EL GRANDE","MUNICIPIOS"],"inLanguage":"es","potentialAction":[{"@type":"CommentAction","name":"Comment","target":["https:\/\/elhijodelllanero.mx\/index.php\/2026\/03\/02\/familias-celebran-su-dia-con-alegria-en-apaseo-el-grande\/#respond"]}]},{"@type":"WebPage","@id":"https:\/\/elhijodelllanero.mx\/index.php\/2026\/03\/02\/familias-celebran-su-dia-con-alegria-en-apaseo-el-grande\/","url":"https:\/\/elhijodelllanero.mx\/index.php\/2026\/03\/02\/familias-celebran-su-dia-con-alegria-en-apaseo-el-grande\/","name":"Familias celebran su d\u00eda con alegr\u00eda en Apaseo el Grande. - El Hijo del llanero solititito","isPartOf":{"@id":"https:\/\/elhijodelllanero.mx\/#website"},"primaryImageOfPage":{"@id":"https:\/\/elhijodelllanero.mx\/index.php\/2026\/03\/02\/familias-celebran-su-dia-con-alegria-en-apaseo-el-grande\/#primaryimage"},"image":{"@id":"https:\/\/elhijodelllanero.mx\/index.php\/2026\/03\/02\/familias-celebran-su-dia-con-alegria-en-apaseo-el-grande\/#primaryimage"},"thumbnailUrl":"https:\/\/i0.wp.com\/elhijodelllanero.mx\/wp-content\/uploads\/2026\/03\/IMG-20260302-WA0007.jpg?fit=1440%2C961&ssl=1","datePublished":"2026-03-02T23:01:21+00:00","author":{"@id":"https:\/\/elhijodelllanero.mx\/#\/schema\/person\/c7f8c86c55c1eab44ae2b93a9628245f"},"breadcrumb":{"@id":"https:\/\/elhijodelllanero.mx\/index.php\/2026\/03\/02\/familias-celebran-su-dia-con-alegria-en-apaseo-el-grande\/#breadcrumb"},"inLanguage":"es","potentialAction":[{"@type":"ReadAction","target":["https:\/\/elhijodelllanero.mx\/index.php\/2026\/03\/02\/familias-celebran-su-dia-con-alegria-en-apaseo-el-grande\/"]}]},{"@type":"ImageObject","inLanguage":"es","@id":"https:\/\/elhijodelllanero.mx\/index.php\/2026\/03\/02\/familias-celebran-su-dia-con-alegria-en-apaseo-el-grande\/#primaryimage","url":"https:\/\/i0.wp.com\/elhijodelllanero.mx\/wp-content\/uploads\/2026\/03\/IMG-20260302-WA0007.jpg?fit=1440%2C961&ssl=1","contentUrl":"https:\/\/i0.wp.com\/elhijodelllanero.mx\/wp-content\/uploads\/2026\/03\/IMG-20260302-WA0007.jpg?fit=1440%2C961&ssl=1","width":1440,"height":961},{"@type":"BreadcrumbList","@id":"https:\/\/elhijodelllanero.mx\/index.php\/2026\/03\/02\/familias-celebran-su-dia-con-alegria-en-apaseo-el-grande\/#breadcrumb","itemListElement":[{"@type":"ListItem","position":1,"name":"Portada","item":"https:\/\/elhijodelllanero.mx\/"},{"@type":"ListItem","position":2,"name":"Familias celebran su d\u00eda con alegr\u00eda en Apaseo el Grande."}]},{"@type":"WebSite","@id":"https:\/\/elhijodelllanero.mx\/#website","url":"https:\/\/elhijodelllanero.mx\/","name":"El Hijo del llanero solititito","description":"","potentialAction":[{"@type":"SearchAction","target":{"@type":"EntryPoint","urlTemplate":"https:\/\/elhijodelllanero.mx\/?s={search_term_string}"},"query-input":{"@type":"PropertyValueSpecification","valueRequired":true,"valueName":"search_term_string"}}],"inLanguage":"es"},{"@type":"Person","@id":"https:\/\/elhijodelllanero.mx\/#\/schema\/person\/c7f8c86c55c1eab44ae2b93a9628245f","name":"Mar\u00eda de la Paz Rodarte Ram\u00edrez","image":{"@type":"ImageObject","inLanguage":"es","@id":"https:\/\/secure.gravatar.com\/avatar\/1f38f8518b09a266af73da2bce78d69e7d1275299970134ed62f572e0487e1d0?s=96&d=mm&r=g","url":"https:\/\/secure.gravatar.com\/avatar\/1f38f8518b09a266af73da2bce78d69e7d1275299970134ed62f572e0487e1d0?s=96&d=mm&r=g","contentUrl":"https:\/\/secure.gravatar.com\/avatar\/1f38f8518b09a266af73da2bce78d69e7d1275299970134ed62f572e0487e1d0?s=96&d=mm&r=g","caption":"Mar\u00eda de la Paz Rodarte Ram\u00edrez"},"sameAs":["https:\/\/www.elhijodelllanero.mx"],"url":"https:\/\/elhijodelllanero.mx\/index.php\/author\/maricuas\/"}]}},"jetpack_featured_media_url":"https:\/\/i0.wp.com\/elhijodelllanero.mx\/wp-content\/uploads\/2026\/03\/IMG-20260302-WA0007.jpg?fit=1440%2C961&ssl=1","jetpack-related-posts":[],"jetpack_sharing_enabled":true,"_links":{"self":[{"href":"https:\/\/elhijodelllanero.mx\/index.php\/wp-json\/wp\/v2\/posts\/13149","targetHints":{"allow":["GET"]}}],"collection":[{"href":"https:\/\/elhijodelllanero.mx\/index.php\/wp-json\/wp\/v2\/posts"}],"about":[{"href":"https:\/\/elhijodelllanero.mx\/index.php\/wp-json\/wp\/v2\/types\/post"}],"author":[{"embeddable":true,"href":"https:\/\/elhijodelllanero.mx\/index.php\/wp-json\/wp\/v2\/users\/3"}],"replies":[{"embeddable":true,"href":"https:\/\/elhijodelllanero.mx\/index.php\/wp-json\/wp\/v2\/comments?post=13149"}],"version-history":[{"count":1,"href":"https:\/\/elhijodelllanero.mx\/index.php\/wp-json\/wp\/v2\/posts\/13149\/revisions"}],"predecessor-version":[{"id":13151,"href":"https:\/\/elhijodelllanero.mx\/index.php\/wp-json\/wp\/v2\/posts\/13149\/revisions\/13151"}],"wp:featuredmedia":[{"embeddable":true,"href":"https:\/\/elhijodelllanero.mx\/index.php\/wp-json\/wp\/v2\/media\/13150"}],"wp:attachment":[{"href":"https:\/\/elhijodelllanero.mx\/index.php\/wp-json\/wp\/v2\/media?parent=13149"}],"wp:term":[{"taxonomy":"category","embeddable":true,"href":"https:\/\/elhijodelllanero.mx\/index.php\/wp-json\/wp\/v2\/categories?post=13149"},{"taxonomy":"post_tag","embeddable":true,"href":"https:\/\/elhijodelllanero.mx\/index.php\/wp-json\/wp\/v2\/tags?post=13149"}],"curies":[{"name":"wp","href":"https:\/\/api.w.org\/{rel}","templated":true}]}}