{"id":13177,"date":"2026-03-03T22:18:31","date_gmt":"2026-03-03T22:18:31","guid":{"rendered":"https:\/\/elhijodelllanero.mx\/?p=13177"},"modified":"2026-03-03T22:18:31","modified_gmt":"2026-03-03T22:18:31","slug":"mes-de-la-mujer-en-apaseo-anuncian-agenda-de-actividades-para-fortalecer-y-visibilizar-a-las-mujeres","status":"publish","type":"post","link":"https:\/\/elhijodelllanero.mx\/index.php\/2026\/03\/03\/mes-de-la-mujer-en-apaseo-anuncian-agenda-de-actividades-para-fortalecer-y-visibilizar-a-las-mujeres\/","title":{"rendered":"Mes de la Mujer en Apaseo: anuncian agenda de actividades para fortalecer y visibilizar a las mujeres."},"content":{"rendered":"<p>Apaseo el Grande, Gto. 3 de marzo del 2026.-En el marco del Mes de la Mujer, la Direcci\u00f3n de Atenci\u00f3n Integral a la Mujer anunci\u00f3 una serie de actividades que, seg\u00fan prometen, buscan algo m\u00e1s que la foto oficial: reflexi\u00f3n, autonom\u00eda y espacios reales para las mujeres del municipio.<\/p>\n<p>Desde el 1 de marzo ya est\u00e1 instalada una exposici\u00f3n infogr\u00e1fica en el jard\u00edn principal con informaci\u00f3n sobre derechos, historia y avances en la lucha por la igualdad. Porque s\u00ed, todav\u00eda hay que explicar cosas que uno pensar\u00eda ya claras en pleno 2026.<\/p>\n<p>El 8 de marzo habr\u00e1 doble actividad: la presentaci\u00f3n del libro \u201cMujeres que Resuelven\u201d en el Hotel Casa Jard\u00edn, con historias de mujeres apaseenses, y un mercado productivo en el jard\u00edn principal para impulsar el talento local y la autonom\u00eda econ\u00f3mica. Inspiraci\u00f3n y emprendimiento en el mismo d\u00eda, por si alguien dudaba de la capacidad multitarea.<\/p>\n<p>El 10 de marzo se realizar\u00e1 el taller \u201cReconstruy\u00e9ndome\u201d en el atrio del templo de San Pedro Tenango, enfocado en bienestar emocional. Un d\u00eda despu\u00e9s, en el Patio Rojo de la Presidencia Municipal, se entregar\u00e1n kits de prevenci\u00f3n de violencia digital a escuelas, dirigidos a infancias y juventudes. Porque la violencia tambi\u00e9n se moderniza y hay que ir un paso adelante.<\/p>\n<p>El 12 de marzo, la Unidad Deportiva Centenario ser\u00e1 sede de \u201cMujeres en el Deporte\u201d, con la intenci\u00f3n de fomentar la participaci\u00f3n femenina en la actividad f\u00edsica. Y el 17 de marzo la agenda cerrar\u00e1 con la conferencia \u201cEl origen no es destino\u201d, en el Auditorio Municipal, impartida por Eufrosina Cruz Mendoza, quien compartir\u00e1 un mensaje de superaci\u00f3n y liderazgo.<\/p>\n<p>La invitaci\u00f3n est\u00e1 hecha. Ahora solo falta que marzo no se quede en discursos y que lo sembrado en estas fechas realmente se note el resto del a\u00f1o.<\/p>\n","protected":false},"excerpt":{"rendered":"<p>Apaseo el Grande, Gto. 3 de marzo del 2026.-En el marco del Mes de la Mujer, la Direcci\u00f3n de Atenci\u00f3n Integral a la Mujer anunci\u00f3 una serie de actividades que, seg\u00fan prometen, buscan algo m\u00e1s que la foto oficial: reflexi\u00f3n, autonom\u00eda y espacios reales para las mujeres del municipio. Desde el 1 de marzo ya [&hellip;]<\/p>\n","protected":false},"author":3,"featured_media":13178,"comment_status":"open","ping_status":"closed","sticky":false,"template":"","format":"standard","meta":{"_jetpack_newsletter_access":"","_jetpack_dont_email_post_to_subs":false,"_jetpack_newsletter_tier_id":0,"_jetpack_memberships_contains_paywalled_content":false,"_jetpack_memberships_contains_paid_content":false,"footnotes":""},"categories":[78,76],"tags":[],"class_list":{"0":"post-13177","1":"post","2":"type-post","3":"status-publish","4":"format-standard","5":"has-post-thumbnail","7":"category-apaseo-el-grande","8":"category-municipios"},"yoast_head":"<!-- This site is optimized with the Yoast SEO plugin v27.3 - https:\/\/yoast.com\/product\/yoast-seo-wordpress\/ -->\n<title>Mes de la Mujer en Apaseo: anuncian agenda de actividades para fortalecer y visibilizar a las mujeres. - El Hijo del llanero solititito<\/title>\n<meta name=\"robots\" content=\"index, follow, max-snippet:-1, max-image-preview:large, max-video-preview:-1\" \/>\n<link rel=\"canonical\" href=\"https:\/\/elhijodelllanero.mx\/index.php\/2026\/03\/03\/mes-de-la-mujer-en-apaseo-anuncian-agenda-de-actividades-para-fortalecer-y-visibilizar-a-las-mujeres\/\" \/>\n<meta property=\"og:locale\" content=\"es_ES\" \/>\n<meta property=\"og:type\" content=\"article\" \/>\n<meta property=\"og:title\" content=\"Mes de la Mujer en Apaseo: anuncian agenda de actividades para fortalecer y visibilizar a las mujeres. - El Hijo del llanero solititito\" \/>\n<meta property=\"og:description\" content=\"Apaseo el Grande, Gto. 3 de marzo del 2026.-En el marco del Mes de la Mujer, la Direcci\u00f3n de Atenci\u00f3n Integral a la Mujer anunci\u00f3 una serie de actividades que, seg\u00fan prometen, buscan algo m\u00e1s que la foto oficial: reflexi\u00f3n, autonom\u00eda y espacios reales para las mujeres del municipio. Desde el 1 de marzo ya [&hellip;]\" \/>\n<meta property=\"og:url\" content=\"https:\/\/elhijodelllanero.mx\/index.php\/2026\/03\/03\/mes-de-la-mujer-en-apaseo-anuncian-agenda-de-actividades-para-fortalecer-y-visibilizar-a-las-mujeres\/\" \/>\n<meta property=\"og:site_name\" content=\"El Hijo del llanero solititito\" \/>\n<meta property=\"article:published_time\" content=\"2026-03-03T22:18:31+00:00\" \/>\n<meta property=\"og:image\" content=\"https:\/\/elhijodelllanero.mx\/wp-content\/uploads\/2026\/03\/IMG-20260303-WA0018.jpg\" \/>\n\t<meta property=\"og:image:width\" content=\"1023\" \/>\n\t<meta property=\"og:image:height\" content=\"1280\" \/>\n\t<meta property=\"og:image:type\" content=\"image\/jpeg\" \/>\n<meta name=\"author\" content=\"Mar\u00eda de la Paz Rodarte Ram\u00edrez\" \/>\n<meta name=\"twitter:card\" content=\"summary_large_image\" \/>\n<meta name=\"twitter:label1\" content=\"Escrito por\" \/>\n\t<meta name=\"twitter:data1\" content=\"Mar\u00eda de la Paz Rodarte Ram\u00edrez\" \/>\n\t<meta name=\"twitter:label2\" content=\"Tiempo de lectura\" \/>\n\t<meta name=\"twitter:data2\" content=\"2 minutos\" \/>\n<script type=\"application\/ld+json\" class=\"yoast-schema-graph\">{\"@context\":\"https:\\\/\\\/schema.org\",\"@graph\":[{\"@type\":\"Article\",\"@id\":\"https:\\\/\\\/elhijodelllanero.mx\\\/index.php\\\/2026\\\/03\\\/03\\\/mes-de-la-mujer-en-apaseo-anuncian-agenda-de-actividades-para-fortalecer-y-visibilizar-a-las-mujeres\\\/#article\",\"isPartOf\":{\"@id\":\"https:\\\/\\\/elhijodelllanero.mx\\\/index.php\\\/2026\\\/03\\\/03\\\/mes-de-la-mujer-en-apaseo-anuncian-agenda-de-actividades-para-fortalecer-y-visibilizar-a-las-mujeres\\\/\"},\"author\":{\"name\":\"Mar\u00eda de la Paz Rodarte Ram\u00edrez\",\"@id\":\"https:\\\/\\\/elhijodelllanero.mx\\\/#\\\/schema\\\/person\\\/c7f8c86c55c1eab44ae2b93a9628245f\"},\"headline\":\"Mes de la Mujer en Apaseo: anuncian agenda de actividades para fortalecer y visibilizar a las mujeres.\",\"datePublished\":\"2026-03-03T22:18:31+00:00\",\"mainEntityOfPage\":{\"@id\":\"https:\\\/\\\/elhijodelllanero.mx\\\/index.php\\\/2026\\\/03\\\/03\\\/mes-de-la-mujer-en-apaseo-anuncian-agenda-de-actividades-para-fortalecer-y-visibilizar-a-las-mujeres\\\/\"},\"wordCount\":338,\"commentCount\":0,\"image\":{\"@id\":\"https:\\\/\\\/elhijodelllanero.mx\\\/index.php\\\/2026\\\/03\\\/03\\\/mes-de-la-mujer-en-apaseo-anuncian-agenda-de-actividades-para-fortalecer-y-visibilizar-a-las-mujeres\\\/#primaryimage\"},\"thumbnailUrl\":\"https:\\\/\\\/i0.wp.com\\\/elhijodelllanero.mx\\\/wp-content\\\/uploads\\\/2026\\\/03\\\/IMG-20260303-WA0018.jpg?fit=1023%2C1280&ssl=1\",\"articleSection\":[\"APASEO EL GRANDE\",\"MUNICIPIOS\"],\"inLanguage\":\"es\",\"potentialAction\":[{\"@type\":\"CommentAction\",\"name\":\"Comment\",\"target\":[\"https:\\\/\\\/elhijodelllanero.mx\\\/index.php\\\/2026\\\/03\\\/03\\\/mes-de-la-mujer-en-apaseo-anuncian-agenda-de-actividades-para-fortalecer-y-visibilizar-a-las-mujeres\\\/#respond\"]}]},{\"@type\":\"WebPage\",\"@id\":\"https:\\\/\\\/elhijodelllanero.mx\\\/index.php\\\/2026\\\/03\\\/03\\\/mes-de-la-mujer-en-apaseo-anuncian-agenda-de-actividades-para-fortalecer-y-visibilizar-a-las-mujeres\\\/\",\"url\":\"https:\\\/\\\/elhijodelllanero.mx\\\/index.php\\\/2026\\\/03\\\/03\\\/mes-de-la-mujer-en-apaseo-anuncian-agenda-de-actividades-para-fortalecer-y-visibilizar-a-las-mujeres\\\/\",\"name\":\"Mes de la Mujer en Apaseo: anuncian agenda de actividades para fortalecer y visibilizar a las mujeres. - El Hijo del llanero solititito\",\"isPartOf\":{\"@id\":\"https:\\\/\\\/elhijodelllanero.mx\\\/#website\"},\"primaryImageOfPage\":{\"@id\":\"https:\\\/\\\/elhijodelllanero.mx\\\/index.php\\\/2026\\\/03\\\/03\\\/mes-de-la-mujer-en-apaseo-anuncian-agenda-de-actividades-para-fortalecer-y-visibilizar-a-las-mujeres\\\/#primaryimage\"},\"image\":{\"@id\":\"https:\\\/\\\/elhijodelllanero.mx\\\/index.php\\\/2026\\\/03\\\/03\\\/mes-de-la-mujer-en-apaseo-anuncian-agenda-de-actividades-para-fortalecer-y-visibilizar-a-las-mujeres\\\/#primaryimage\"},\"thumbnailUrl\":\"https:\\\/\\\/i0.wp.com\\\/elhijodelllanero.mx\\\/wp-content\\\/uploads\\\/2026\\\/03\\\/IMG-20260303-WA0018.jpg?fit=1023%2C1280&ssl=1\",\"datePublished\":\"2026-03-03T22:18:31+00:00\",\"author\":{\"@id\":\"https:\\\/\\\/elhijodelllanero.mx\\\/#\\\/schema\\\/person\\\/c7f8c86c55c1eab44ae2b93a9628245f\"},\"breadcrumb\":{\"@id\":\"https:\\\/\\\/elhijodelllanero.mx\\\/index.php\\\/2026\\\/03\\\/03\\\/mes-de-la-mujer-en-apaseo-anuncian-agenda-de-actividades-para-fortalecer-y-visibilizar-a-las-mujeres\\\/#breadcrumb\"},\"inLanguage\":\"es\",\"potentialAction\":[{\"@type\":\"ReadAction\",\"target\":[\"https:\\\/\\\/elhijodelllanero.mx\\\/index.php\\\/2026\\\/03\\\/03\\\/mes-de-la-mujer-en-apaseo-anuncian-agenda-de-actividades-para-fortalecer-y-visibilizar-a-las-mujeres\\\/\"]}]},{\"@type\":\"ImageObject\",\"inLanguage\":\"es\",\"@id\":\"https:\\\/\\\/elhijodelllanero.mx\\\/index.php\\\/2026\\\/03\\\/03\\\/mes-de-la-mujer-en-apaseo-anuncian-agenda-de-actividades-para-fortalecer-y-visibilizar-a-las-mujeres\\\/#primaryimage\",\"url\":\"https:\\\/\\\/i0.wp.com\\\/elhijodelllanero.mx\\\/wp-content\\\/uploads\\\/2026\\\/03\\\/IMG-20260303-WA0018.jpg?fit=1023%2C1280&ssl=1\",\"contentUrl\":\"https:\\\/\\\/i0.wp.com\\\/elhijodelllanero.mx\\\/wp-content\\\/uploads\\\/2026\\\/03\\\/IMG-20260303-WA0018.jpg?fit=1023%2C1280&ssl=1\",\"width\":1023,\"height\":1280},{\"@type\":\"BreadcrumbList\",\"@id\":\"https:\\\/\\\/elhijodelllanero.mx\\\/index.php\\\/2026\\\/03\\\/03\\\/mes-de-la-mujer-en-apaseo-anuncian-agenda-de-actividades-para-fortalecer-y-visibilizar-a-las-mujeres\\\/#breadcrumb\",\"itemListElement\":[{\"@type\":\"ListItem\",\"position\":1,\"name\":\"Portada\",\"item\":\"https:\\\/\\\/elhijodelllanero.mx\\\/\"},{\"@type\":\"ListItem\",\"position\":2,\"name\":\"Mes de la Mujer en Apaseo: anuncian agenda de actividades para fortalecer y visibilizar a las mujeres.\"}]},{\"@type\":\"WebSite\",\"@id\":\"https:\\\/\\\/elhijodelllanero.mx\\\/#website\",\"url\":\"https:\\\/\\\/elhijodelllanero.mx\\\/\",\"name\":\"El Hijo del llanero solititito\",\"description\":\"\",\"potentialAction\":[{\"@type\":\"SearchAction\",\"target\":{\"@type\":\"EntryPoint\",\"urlTemplate\":\"https:\\\/\\\/elhijodelllanero.mx\\\/?s={search_term_string}\"},\"query-input\":{\"@type\":\"PropertyValueSpecification\",\"valueRequired\":true,\"valueName\":\"search_term_string\"}}],\"inLanguage\":\"es\"},{\"@type\":\"Person\",\"@id\":\"https:\\\/\\\/elhijodelllanero.mx\\\/#\\\/schema\\\/person\\\/c7f8c86c55c1eab44ae2b93a9628245f\",\"name\":\"Mar\u00eda de la Paz Rodarte Ram\u00edrez\",\"image\":{\"@type\":\"ImageObject\",\"inLanguage\":\"es\",\"@id\":\"https:\\\/\\\/secure.gravatar.com\\\/avatar\\\/1f38f8518b09a266af73da2bce78d69e7d1275299970134ed62f572e0487e1d0?s=96&d=mm&r=g\",\"url\":\"https:\\\/\\\/secure.gravatar.com\\\/avatar\\\/1f38f8518b09a266af73da2bce78d69e7d1275299970134ed62f572e0487e1d0?s=96&d=mm&r=g\",\"contentUrl\":\"https:\\\/\\\/secure.gravatar.com\\\/avatar\\\/1f38f8518b09a266af73da2bce78d69e7d1275299970134ed62f572e0487e1d0?s=96&d=mm&r=g\",\"caption\":\"Mar\u00eda de la Paz Rodarte Ram\u00edrez\"},\"sameAs\":[\"https:\\\/\\\/www.elhijodelllanero.mx\"],\"url\":\"https:\\\/\\\/elhijodelllanero.mx\\\/index.php\\\/author\\\/maricuas\\\/\"}]}<\/script>\n<!-- \/ Yoast SEO plugin. -->","yoast_head_json":{"title":"Mes de la Mujer en Apaseo: anuncian agenda de actividades para fortalecer y visibilizar a las mujeres. - El Hijo del llanero solititito","robots":{"index":"index","follow":"follow","max-snippet":"max-snippet:-1","max-image-preview":"max-image-preview:large","max-video-preview":"max-video-preview:-1"},"canonical":"https:\/\/elhijodelllanero.mx\/index.php\/2026\/03\/03\/mes-de-la-mujer-en-apaseo-anuncian-agenda-de-actividades-para-fortalecer-y-visibilizar-a-las-mujeres\/","og_locale":"es_ES","og_type":"article","og_title":"Mes de la Mujer en Apaseo: anuncian agenda de actividades para fortalecer y visibilizar a las mujeres. - El Hijo del llanero solititito","og_description":"Apaseo el Grande, Gto. 3 de marzo del 2026.-En el marco del Mes de la Mujer, la Direcci\u00f3n de Atenci\u00f3n Integral a la Mujer anunci\u00f3 una serie de actividades que, seg\u00fan prometen, buscan algo m\u00e1s que la foto oficial: reflexi\u00f3n, autonom\u00eda y espacios reales para las mujeres del municipio. Desde el 1 de marzo ya [&hellip;]","og_url":"https:\/\/elhijodelllanero.mx\/index.php\/2026\/03\/03\/mes-de-la-mujer-en-apaseo-anuncian-agenda-de-actividades-para-fortalecer-y-visibilizar-a-las-mujeres\/","og_site_name":"El Hijo del llanero solititito","article_published_time":"2026-03-03T22:18:31+00:00","og_image":[{"width":1023,"height":1280,"url":"https:\/\/elhijodelllanero.mx\/wp-content\/uploads\/2026\/03\/IMG-20260303-WA0018.jpg","type":"image\/jpeg"}],"author":"Mar\u00eda de la Paz Rodarte Ram\u00edrez","twitter_card":"summary_large_image","twitter_misc":{"Escrito por":"Mar\u00eda de la Paz Rodarte Ram\u00edrez","Tiempo de lectura":"2 minutos"},"schema":{"@context":"https:\/\/schema.org","@graph":[{"@type":"Article","@id":"https:\/\/elhijodelllanero.mx\/index.php\/2026\/03\/03\/mes-de-la-mujer-en-apaseo-anuncian-agenda-de-actividades-para-fortalecer-y-visibilizar-a-las-mujeres\/#article","isPartOf":{"@id":"https:\/\/elhijodelllanero.mx\/index.php\/2026\/03\/03\/mes-de-la-mujer-en-apaseo-anuncian-agenda-de-actividades-para-fortalecer-y-visibilizar-a-las-mujeres\/"},"author":{"name":"Mar\u00eda de la Paz Rodarte Ram\u00edrez","@id":"https:\/\/elhijodelllanero.mx\/#\/schema\/person\/c7f8c86c55c1eab44ae2b93a9628245f"},"headline":"Mes de la Mujer en Apaseo: anuncian agenda de actividades para fortalecer y visibilizar a las mujeres.","datePublished":"2026-03-03T22:18:31+00:00","mainEntityOfPage":{"@id":"https:\/\/elhijodelllanero.mx\/index.php\/2026\/03\/03\/mes-de-la-mujer-en-apaseo-anuncian-agenda-de-actividades-para-fortalecer-y-visibilizar-a-las-mujeres\/"},"wordCount":338,"commentCount":0,"image":{"@id":"https:\/\/elhijodelllanero.mx\/index.php\/2026\/03\/03\/mes-de-la-mujer-en-apaseo-anuncian-agenda-de-actividades-para-fortalecer-y-visibilizar-a-las-mujeres\/#primaryimage"},"thumbnailUrl":"https:\/\/i0.wp.com\/elhijodelllanero.mx\/wp-content\/uploads\/2026\/03\/IMG-20260303-WA0018.jpg?fit=1023%2C1280&ssl=1","articleSection":["APASEO EL GRANDE","MUNICIPIOS"],"inLanguage":"es","potentialAction":[{"@type":"CommentAction","name":"Comment","target":["https:\/\/elhijodelllanero.mx\/index.php\/2026\/03\/03\/mes-de-la-mujer-en-apaseo-anuncian-agenda-de-actividades-para-fortalecer-y-visibilizar-a-las-mujeres\/#respond"]}]},{"@type":"WebPage","@id":"https:\/\/elhijodelllanero.mx\/index.php\/2026\/03\/03\/mes-de-la-mujer-en-apaseo-anuncian-agenda-de-actividades-para-fortalecer-y-visibilizar-a-las-mujeres\/","url":"https:\/\/elhijodelllanero.mx\/index.php\/2026\/03\/03\/mes-de-la-mujer-en-apaseo-anuncian-agenda-de-actividades-para-fortalecer-y-visibilizar-a-las-mujeres\/","name":"Mes de la Mujer en Apaseo: anuncian agenda de actividades para fortalecer y visibilizar a las mujeres. - El Hijo del llanero solititito","isPartOf":{"@id":"https:\/\/elhijodelllanero.mx\/#website"},"primaryImageOfPage":{"@id":"https:\/\/elhijodelllanero.mx\/index.php\/2026\/03\/03\/mes-de-la-mujer-en-apaseo-anuncian-agenda-de-actividades-para-fortalecer-y-visibilizar-a-las-mujeres\/#primaryimage"},"image":{"@id":"https:\/\/elhijodelllanero.mx\/index.php\/2026\/03\/03\/mes-de-la-mujer-en-apaseo-anuncian-agenda-de-actividades-para-fortalecer-y-visibilizar-a-las-mujeres\/#primaryimage"},"thumbnailUrl":"https:\/\/i0.wp.com\/elhijodelllanero.mx\/wp-content\/uploads\/2026\/03\/IMG-20260303-WA0018.jpg?fit=1023%2C1280&ssl=1","datePublished":"2026-03-03T22:18:31+00:00","author":{"@id":"https:\/\/elhijodelllanero.mx\/#\/schema\/person\/c7f8c86c55c1eab44ae2b93a9628245f"},"breadcrumb":{"@id":"https:\/\/elhijodelllanero.mx\/index.php\/2026\/03\/03\/mes-de-la-mujer-en-apaseo-anuncian-agenda-de-actividades-para-fortalecer-y-visibilizar-a-las-mujeres\/#breadcrumb"},"inLanguage":"es","potentialAction":[{"@type":"ReadAction","target":["https:\/\/elhijodelllanero.mx\/index.php\/2026\/03\/03\/mes-de-la-mujer-en-apaseo-anuncian-agenda-de-actividades-para-fortalecer-y-visibilizar-a-las-mujeres\/"]}]},{"@type":"ImageObject","inLanguage":"es","@id":"https:\/\/elhijodelllanero.mx\/index.php\/2026\/03\/03\/mes-de-la-mujer-en-apaseo-anuncian-agenda-de-actividades-para-fortalecer-y-visibilizar-a-las-mujeres\/#primaryimage","url":"https:\/\/i0.wp.com\/elhijodelllanero.mx\/wp-content\/uploads\/2026\/03\/IMG-20260303-WA0018.jpg?fit=1023%2C1280&ssl=1","contentUrl":"https:\/\/i0.wp.com\/elhijodelllanero.mx\/wp-content\/uploads\/2026\/03\/IMG-20260303-WA0018.jpg?fit=1023%2C1280&ssl=1","width":1023,"height":1280},{"@type":"BreadcrumbList","@id":"https:\/\/elhijodelllanero.mx\/index.php\/2026\/03\/03\/mes-de-la-mujer-en-apaseo-anuncian-agenda-de-actividades-para-fortalecer-y-visibilizar-a-las-mujeres\/#breadcrumb","itemListElement":[{"@type":"ListItem","position":1,"name":"Portada","item":"https:\/\/elhijodelllanero.mx\/"},{"@type":"ListItem","position":2,"name":"Mes de la Mujer en Apaseo: anuncian agenda de actividades para fortalecer y visibilizar a las mujeres."}]},{"@type":"WebSite","@id":"https:\/\/elhijodelllanero.mx\/#website","url":"https:\/\/elhijodelllanero.mx\/","name":"El Hijo del llanero solititito","description":"","potentialAction":[{"@type":"SearchAction","target":{"@type":"EntryPoint","urlTemplate":"https:\/\/elhijodelllanero.mx\/?s={search_term_string}"},"query-input":{"@type":"PropertyValueSpecification","valueRequired":true,"valueName":"search_term_string"}}],"inLanguage":"es"},{"@type":"Person","@id":"https:\/\/elhijodelllanero.mx\/#\/schema\/person\/c7f8c86c55c1eab44ae2b93a9628245f","name":"Mar\u00eda de la Paz Rodarte Ram\u00edrez","image":{"@type":"ImageObject","inLanguage":"es","@id":"https:\/\/secure.gravatar.com\/avatar\/1f38f8518b09a266af73da2bce78d69e7d1275299970134ed62f572e0487e1d0?s=96&d=mm&r=g","url":"https:\/\/secure.gravatar.com\/avatar\/1f38f8518b09a266af73da2bce78d69e7d1275299970134ed62f572e0487e1d0?s=96&d=mm&r=g","contentUrl":"https:\/\/secure.gravatar.com\/avatar\/1f38f8518b09a266af73da2bce78d69e7d1275299970134ed62f572e0487e1d0?s=96&d=mm&r=g","caption":"Mar\u00eda de la Paz Rodarte Ram\u00edrez"},"sameAs":["https:\/\/www.elhijodelllanero.mx"],"url":"https:\/\/elhijodelllanero.mx\/index.php\/author\/maricuas\/"}]}},"jetpack_featured_media_url":"https:\/\/i0.wp.com\/elhijodelllanero.mx\/wp-content\/uploads\/2026\/03\/IMG-20260303-WA0018.jpg?fit=1023%2C1280&ssl=1","jetpack-related-posts":[],"jetpack_sharing_enabled":true,"_links":{"self":[{"href":"https:\/\/elhijodelllanero.mx\/index.php\/wp-json\/wp\/v2\/posts\/13177","targetHints":{"allow":["GET"]}}],"collection":[{"href":"https:\/\/elhijodelllanero.mx\/index.php\/wp-json\/wp\/v2\/posts"}],"about":[{"href":"https:\/\/elhijodelllanero.mx\/index.php\/wp-json\/wp\/v2\/types\/post"}],"author":[{"embeddable":true,"href":"https:\/\/elhijodelllanero.mx\/index.php\/wp-json\/wp\/v2\/users\/3"}],"replies":[{"embeddable":true,"href":"https:\/\/elhijodelllanero.mx\/index.php\/wp-json\/wp\/v2\/comments?post=13177"}],"version-history":[{"count":1,"href":"https:\/\/elhijodelllanero.mx\/index.php\/wp-json\/wp\/v2\/posts\/13177\/revisions"}],"predecessor-version":[{"id":13179,"href":"https:\/\/elhijodelllanero.mx\/index.php\/wp-json\/wp\/v2\/posts\/13177\/revisions\/13179"}],"wp:featuredmedia":[{"embeddable":true,"href":"https:\/\/elhijodelllanero.mx\/index.php\/wp-json\/wp\/v2\/media\/13178"}],"wp:attachment":[{"href":"https:\/\/elhijodelllanero.mx\/index.php\/wp-json\/wp\/v2\/media?parent=13177"}],"wp:term":[{"taxonomy":"category","embeddable":true,"href":"https:\/\/elhijodelllanero.mx\/index.php\/wp-json\/wp\/v2\/categories?post=13177"},{"taxonomy":"post_tag","embeddable":true,"href":"https:\/\/elhijodelllanero.mx\/index.php\/wp-json\/wp\/v2\/tags?post=13177"}],"curies":[{"name":"wp","href":"https:\/\/api.w.org\/{rel}","templated":true}]}}