{"id":13200,"date":"2026-03-04T23:34:47","date_gmt":"2026-03-04T23:34:47","guid":{"rendered":"https:\/\/elhijodelllanero.mx\/?p=13200"},"modified":"2026-03-04T23:34:47","modified_gmt":"2026-03-04T23:34:47","slug":"en-celaya-ni-lo-pintoresco-se-salva-de-la-reglamentacion","status":"publish","type":"post","link":"https:\/\/elhijodelllanero.mx\/index.php\/2026\/03\/04\/en-celaya-ni-lo-pintoresco-se-salva-de-la-reglamentacion\/","title":{"rendered":"En Celaya, ni lo pintoresco se salva de la reglamentaci\u00f3n."},"content":{"rendered":"<p>Celaya, Gto. 4 de marzo del 2026.-El trenecito que durante a\u00f1os dio vueltas en el jard\u00edn principal fue retirado por no contar con permisos para operar y lucrar en la v\u00eda p\u00fablica.<\/p>\n<p>El director de Fiscalizaci\u00f3n, Eduardo Griss Kauffman, inform\u00f3 que el veh\u00edculo fue trasladado al corral\u00f3n, donde permanecer\u00e1 hasta que se cubran las multas correspondientes y se regularice su situaci\u00f3n. Porque s\u00ed, aunque parezca de juguete, legalmente sigue siendo un veh\u00edculo automotor.<\/p>\n<p>De acuerdo con el funcionario, el propietario fue invitado en diversas ocasiones a formalizar su actividad. Sin embargo, nunca cont\u00f3 con autorizaci\u00f3n para operar y tampoco exist\u00eda retribuci\u00f3n al \u00e1rea de ingresos del municipio. Es decir, el paseo era negocio, pero solo para un lado.<\/p>\n<p>\u201cEs un tren que si bien es emblem\u00e1tico hoy en Celaya pues no cuenta con ning\u00fan permiso en toda la vida, la insistencia de nosotros en poder regularlo nos lleva a aproximadamente a 60 infracciones impugnadas por parte del abogado del se\u00f1or Nava y eso pues es la muestra de que no quiere arreglar no pretende arreglar, por instrucciones del alcalde tratando de ser amigables le concedimos el permiso, mismo que no recibi\u00f3 no quiso pasar por \u00e9l, se le hizo caro el costo de lo que ten\u00eda que pagar en adeudos es una cantidad significativa pero finalmente para el permiso sin tomar en cuenta las 60 actas impugnadas era un promedio de $11,000 pesos por los adeudos que tra\u00edan que que no est\u00e1n considerable en realidad\u201d, declar\u00f3.<\/p>\n<p>Adem\u00e1s, el titular de Fiscalizaci\u00f3n se\u00f1al\u00f3 que se detectaron permisos ap\u00f3crifos a nombre de familiares y terceros, los cuales fueron cancelados, y se retir\u00f3 a quienes operaban bajo esa modalidad irregular. Porque si algo le faltaba a la historia era el toque creativo en la papeler\u00eda.<\/p>\n<p>El funcionario explic\u00f3 que el tren deb\u00eda ajustarse a horarios establecidos y registrar los d\u00edas de trabajo ante el \u00e1rea de ingresos, con operaciones entre semana de 11 de la ma\u00f1ana a 6 de la tarde y fines de semana hasta las 8 o 9 de la noche. No a cualquier hora y no bajo la l\u00f3gica de \u201cmientras haya ni\u00f1os, hay vueltas\u201d.<\/p>\n<p>Tambi\u00e9n precis\u00f3 que, aunque el propietario ha buscado acercamientos con otras \u00e1reas del Ayuntamiento, a la Direcci\u00f3n de Fiscalizaci\u00f3n no se ha presentado. Por ahora, el trenecito hace una pausa obligada. Esta vez, sin m\u00fasica de fondo y con boleto directo al corral\u00f3n.<\/p>\n","protected":false},"excerpt":{"rendered":"<p>Celaya, Gto. 4 de marzo del 2026.-El trenecito que durante a\u00f1os dio vueltas en el jard\u00edn principal fue retirado por no contar con permisos para operar y lucrar en la v\u00eda p\u00fablica. El director de Fiscalizaci\u00f3n, Eduardo Griss Kauffman, inform\u00f3 que el veh\u00edculo fue trasladado al corral\u00f3n, donde permanecer\u00e1 hasta que se cubran las multas [&hellip;]<\/p>\n","protected":false},"author":3,"featured_media":13201,"comment_status":"open","ping_status":"closed","sticky":false,"template":"","format":"standard","meta":{"_jetpack_newsletter_access":"","_jetpack_dont_email_post_to_subs":false,"_jetpack_newsletter_tier_id":0,"_jetpack_memberships_contains_paywalled_content":false,"_jetpack_memberships_contains_paid_content":false,"footnotes":""},"categories":[74],"tags":[],"class_list":{"0":"post-13200","1":"post","2":"type-post","3":"status-publish","4":"format-standard","5":"has-post-thumbnail","7":"category-celaya"},"yoast_head":"<!-- This site is optimized with the Yoast SEO plugin v27.3 - https:\/\/yoast.com\/product\/yoast-seo-wordpress\/ -->\n<title>En Celaya, ni lo pintoresco se salva de la reglamentaci\u00f3n. - El Hijo del llanero solititito<\/title>\n<meta name=\"robots\" content=\"index, follow, max-snippet:-1, max-image-preview:large, max-video-preview:-1\" \/>\n<link rel=\"canonical\" href=\"https:\/\/elhijodelllanero.mx\/index.php\/2026\/03\/04\/en-celaya-ni-lo-pintoresco-se-salva-de-la-reglamentacion\/\" \/>\n<meta property=\"og:locale\" content=\"es_ES\" \/>\n<meta property=\"og:type\" content=\"article\" \/>\n<meta property=\"og:title\" content=\"En Celaya, ni lo pintoresco se salva de la reglamentaci\u00f3n. - El Hijo del llanero solititito\" \/>\n<meta property=\"og:description\" content=\"Celaya, Gto. 4 de marzo del 2026.-El trenecito que durante a\u00f1os dio vueltas en el jard\u00edn principal fue retirado por no contar con permisos para operar y lucrar en la v\u00eda p\u00fablica. El director de Fiscalizaci\u00f3n, Eduardo Griss Kauffman, inform\u00f3 que el veh\u00edculo fue trasladado al corral\u00f3n, donde permanecer\u00e1 hasta que se cubran las multas [&hellip;]\" \/>\n<meta property=\"og:url\" content=\"https:\/\/elhijodelllanero.mx\/index.php\/2026\/03\/04\/en-celaya-ni-lo-pintoresco-se-salva-de-la-reglamentacion\/\" \/>\n<meta property=\"og:site_name\" content=\"El Hijo del llanero solititito\" \/>\n<meta property=\"article:published_time\" content=\"2026-03-04T23:34:47+00:00\" \/>\n<meta property=\"og:image\" content=\"https:\/\/elhijodelllanero.mx\/wp-content\/uploads\/2026\/03\/IMG-20260304-WA0005.jpg\" \/>\n\t<meta property=\"og:image:width\" content=\"1280\" \/>\n\t<meta property=\"og:image:height\" content=\"964\" \/>\n\t<meta property=\"og:image:type\" content=\"image\/jpeg\" \/>\n<meta name=\"author\" content=\"Mar\u00eda de la Paz Rodarte Ram\u00edrez\" \/>\n<meta name=\"twitter:card\" content=\"summary_large_image\" \/>\n<meta name=\"twitter:label1\" content=\"Escrito por\" \/>\n\t<meta name=\"twitter:data1\" content=\"Mar\u00eda de la Paz Rodarte Ram\u00edrez\" \/>\n\t<meta name=\"twitter:label2\" content=\"Tiempo de lectura\" \/>\n\t<meta name=\"twitter:data2\" content=\"3 minutos\" \/>\n<script type=\"application\/ld+json\" class=\"yoast-schema-graph\">{\"@context\":\"https:\\\/\\\/schema.org\",\"@graph\":[{\"@type\":\"Article\",\"@id\":\"https:\\\/\\\/elhijodelllanero.mx\\\/index.php\\\/2026\\\/03\\\/04\\\/en-celaya-ni-lo-pintoresco-se-salva-de-la-reglamentacion\\\/#article\",\"isPartOf\":{\"@id\":\"https:\\\/\\\/elhijodelllanero.mx\\\/index.php\\\/2026\\\/03\\\/04\\\/en-celaya-ni-lo-pintoresco-se-salva-de-la-reglamentacion\\\/\"},\"author\":{\"name\":\"Mar\u00eda de la Paz Rodarte Ram\u00edrez\",\"@id\":\"https:\\\/\\\/elhijodelllanero.mx\\\/#\\\/schema\\\/person\\\/c7f8c86c55c1eab44ae2b93a9628245f\"},\"headline\":\"En Celaya, ni lo pintoresco se salva de la reglamentaci\u00f3n.\",\"datePublished\":\"2026-03-04T23:34:47+00:00\",\"mainEntityOfPage\":{\"@id\":\"https:\\\/\\\/elhijodelllanero.mx\\\/index.php\\\/2026\\\/03\\\/04\\\/en-celaya-ni-lo-pintoresco-se-salva-de-la-reglamentacion\\\/\"},\"wordCount\":434,\"commentCount\":0,\"image\":{\"@id\":\"https:\\\/\\\/elhijodelllanero.mx\\\/index.php\\\/2026\\\/03\\\/04\\\/en-celaya-ni-lo-pintoresco-se-salva-de-la-reglamentacion\\\/#primaryimage\"},\"thumbnailUrl\":\"https:\\\/\\\/i0.wp.com\\\/elhijodelllanero.mx\\\/wp-content\\\/uploads\\\/2026\\\/03\\\/IMG-20260304-WA0005.jpg?fit=1280%2C964&ssl=1\",\"articleSection\":[\"CELAYA\"],\"inLanguage\":\"es\",\"potentialAction\":[{\"@type\":\"CommentAction\",\"name\":\"Comment\",\"target\":[\"https:\\\/\\\/elhijodelllanero.mx\\\/index.php\\\/2026\\\/03\\\/04\\\/en-celaya-ni-lo-pintoresco-se-salva-de-la-reglamentacion\\\/#respond\"]}]},{\"@type\":\"WebPage\",\"@id\":\"https:\\\/\\\/elhijodelllanero.mx\\\/index.php\\\/2026\\\/03\\\/04\\\/en-celaya-ni-lo-pintoresco-se-salva-de-la-reglamentacion\\\/\",\"url\":\"https:\\\/\\\/elhijodelllanero.mx\\\/index.php\\\/2026\\\/03\\\/04\\\/en-celaya-ni-lo-pintoresco-se-salva-de-la-reglamentacion\\\/\",\"name\":\"En Celaya, ni lo pintoresco se salva de la reglamentaci\u00f3n. - El Hijo del llanero solititito\",\"isPartOf\":{\"@id\":\"https:\\\/\\\/elhijodelllanero.mx\\\/#website\"},\"primaryImageOfPage\":{\"@id\":\"https:\\\/\\\/elhijodelllanero.mx\\\/index.php\\\/2026\\\/03\\\/04\\\/en-celaya-ni-lo-pintoresco-se-salva-de-la-reglamentacion\\\/#primaryimage\"},\"image\":{\"@id\":\"https:\\\/\\\/elhijodelllanero.mx\\\/index.php\\\/2026\\\/03\\\/04\\\/en-celaya-ni-lo-pintoresco-se-salva-de-la-reglamentacion\\\/#primaryimage\"},\"thumbnailUrl\":\"https:\\\/\\\/i0.wp.com\\\/elhijodelllanero.mx\\\/wp-content\\\/uploads\\\/2026\\\/03\\\/IMG-20260304-WA0005.jpg?fit=1280%2C964&ssl=1\",\"datePublished\":\"2026-03-04T23:34:47+00:00\",\"author\":{\"@id\":\"https:\\\/\\\/elhijodelllanero.mx\\\/#\\\/schema\\\/person\\\/c7f8c86c55c1eab44ae2b93a9628245f\"},\"breadcrumb\":{\"@id\":\"https:\\\/\\\/elhijodelllanero.mx\\\/index.php\\\/2026\\\/03\\\/04\\\/en-celaya-ni-lo-pintoresco-se-salva-de-la-reglamentacion\\\/#breadcrumb\"},\"inLanguage\":\"es\",\"potentialAction\":[{\"@type\":\"ReadAction\",\"target\":[\"https:\\\/\\\/elhijodelllanero.mx\\\/index.php\\\/2026\\\/03\\\/04\\\/en-celaya-ni-lo-pintoresco-se-salva-de-la-reglamentacion\\\/\"]}]},{\"@type\":\"ImageObject\",\"inLanguage\":\"es\",\"@id\":\"https:\\\/\\\/elhijodelllanero.mx\\\/index.php\\\/2026\\\/03\\\/04\\\/en-celaya-ni-lo-pintoresco-se-salva-de-la-reglamentacion\\\/#primaryimage\",\"url\":\"https:\\\/\\\/i0.wp.com\\\/elhijodelllanero.mx\\\/wp-content\\\/uploads\\\/2026\\\/03\\\/IMG-20260304-WA0005.jpg?fit=1280%2C964&ssl=1\",\"contentUrl\":\"https:\\\/\\\/i0.wp.com\\\/elhijodelllanero.mx\\\/wp-content\\\/uploads\\\/2026\\\/03\\\/IMG-20260304-WA0005.jpg?fit=1280%2C964&ssl=1\",\"width\":1280,\"height\":964},{\"@type\":\"BreadcrumbList\",\"@id\":\"https:\\\/\\\/elhijodelllanero.mx\\\/index.php\\\/2026\\\/03\\\/04\\\/en-celaya-ni-lo-pintoresco-se-salva-de-la-reglamentacion\\\/#breadcrumb\",\"itemListElement\":[{\"@type\":\"ListItem\",\"position\":1,\"name\":\"Portada\",\"item\":\"https:\\\/\\\/elhijodelllanero.mx\\\/\"},{\"@type\":\"ListItem\",\"position\":2,\"name\":\"En Celaya, ni lo pintoresco se salva de la reglamentaci\u00f3n.\"}]},{\"@type\":\"WebSite\",\"@id\":\"https:\\\/\\\/elhijodelllanero.mx\\\/#website\",\"url\":\"https:\\\/\\\/elhijodelllanero.mx\\\/\",\"name\":\"El Hijo del llanero solititito\",\"description\":\"\",\"potentialAction\":[{\"@type\":\"SearchAction\",\"target\":{\"@type\":\"EntryPoint\",\"urlTemplate\":\"https:\\\/\\\/elhijodelllanero.mx\\\/?s={search_term_string}\"},\"query-input\":{\"@type\":\"PropertyValueSpecification\",\"valueRequired\":true,\"valueName\":\"search_term_string\"}}],\"inLanguage\":\"es\"},{\"@type\":\"Person\",\"@id\":\"https:\\\/\\\/elhijodelllanero.mx\\\/#\\\/schema\\\/person\\\/c7f8c86c55c1eab44ae2b93a9628245f\",\"name\":\"Mar\u00eda de la Paz Rodarte Ram\u00edrez\",\"image\":{\"@type\":\"ImageObject\",\"inLanguage\":\"es\",\"@id\":\"https:\\\/\\\/secure.gravatar.com\\\/avatar\\\/1f38f8518b09a266af73da2bce78d69e7d1275299970134ed62f572e0487e1d0?s=96&d=mm&r=g\",\"url\":\"https:\\\/\\\/secure.gravatar.com\\\/avatar\\\/1f38f8518b09a266af73da2bce78d69e7d1275299970134ed62f572e0487e1d0?s=96&d=mm&r=g\",\"contentUrl\":\"https:\\\/\\\/secure.gravatar.com\\\/avatar\\\/1f38f8518b09a266af73da2bce78d69e7d1275299970134ed62f572e0487e1d0?s=96&d=mm&r=g\",\"caption\":\"Mar\u00eda de la Paz Rodarte Ram\u00edrez\"},\"sameAs\":[\"https:\\\/\\\/www.elhijodelllanero.mx\"],\"url\":\"https:\\\/\\\/elhijodelllanero.mx\\\/index.php\\\/author\\\/maricuas\\\/\"}]}<\/script>\n<!-- \/ Yoast SEO plugin. -->","yoast_head_json":{"title":"En Celaya, ni lo pintoresco se salva de la reglamentaci\u00f3n. - El Hijo del llanero solititito","robots":{"index":"index","follow":"follow","max-snippet":"max-snippet:-1","max-image-preview":"max-image-preview:large","max-video-preview":"max-video-preview:-1"},"canonical":"https:\/\/elhijodelllanero.mx\/index.php\/2026\/03\/04\/en-celaya-ni-lo-pintoresco-se-salva-de-la-reglamentacion\/","og_locale":"es_ES","og_type":"article","og_title":"En Celaya, ni lo pintoresco se salva de la reglamentaci\u00f3n. - El Hijo del llanero solititito","og_description":"Celaya, Gto. 4 de marzo del 2026.-El trenecito que durante a\u00f1os dio vueltas en el jard\u00edn principal fue retirado por no contar con permisos para operar y lucrar en la v\u00eda p\u00fablica. El director de Fiscalizaci\u00f3n, Eduardo Griss Kauffman, inform\u00f3 que el veh\u00edculo fue trasladado al corral\u00f3n, donde permanecer\u00e1 hasta que se cubran las multas [&hellip;]","og_url":"https:\/\/elhijodelllanero.mx\/index.php\/2026\/03\/04\/en-celaya-ni-lo-pintoresco-se-salva-de-la-reglamentacion\/","og_site_name":"El Hijo del llanero solititito","article_published_time":"2026-03-04T23:34:47+00:00","og_image":[{"width":1280,"height":964,"url":"https:\/\/elhijodelllanero.mx\/wp-content\/uploads\/2026\/03\/IMG-20260304-WA0005.jpg","type":"image\/jpeg"}],"author":"Mar\u00eda de la Paz Rodarte Ram\u00edrez","twitter_card":"summary_large_image","twitter_misc":{"Escrito por":"Mar\u00eda de la Paz Rodarte Ram\u00edrez","Tiempo de lectura":"3 minutos"},"schema":{"@context":"https:\/\/schema.org","@graph":[{"@type":"Article","@id":"https:\/\/elhijodelllanero.mx\/index.php\/2026\/03\/04\/en-celaya-ni-lo-pintoresco-se-salva-de-la-reglamentacion\/#article","isPartOf":{"@id":"https:\/\/elhijodelllanero.mx\/index.php\/2026\/03\/04\/en-celaya-ni-lo-pintoresco-se-salva-de-la-reglamentacion\/"},"author":{"name":"Mar\u00eda de la Paz Rodarte Ram\u00edrez","@id":"https:\/\/elhijodelllanero.mx\/#\/schema\/person\/c7f8c86c55c1eab44ae2b93a9628245f"},"headline":"En Celaya, ni lo pintoresco se salva de la reglamentaci\u00f3n.","datePublished":"2026-03-04T23:34:47+00:00","mainEntityOfPage":{"@id":"https:\/\/elhijodelllanero.mx\/index.php\/2026\/03\/04\/en-celaya-ni-lo-pintoresco-se-salva-de-la-reglamentacion\/"},"wordCount":434,"commentCount":0,"image":{"@id":"https:\/\/elhijodelllanero.mx\/index.php\/2026\/03\/04\/en-celaya-ni-lo-pintoresco-se-salva-de-la-reglamentacion\/#primaryimage"},"thumbnailUrl":"https:\/\/i0.wp.com\/elhijodelllanero.mx\/wp-content\/uploads\/2026\/03\/IMG-20260304-WA0005.jpg?fit=1280%2C964&ssl=1","articleSection":["CELAYA"],"inLanguage":"es","potentialAction":[{"@type":"CommentAction","name":"Comment","target":["https:\/\/elhijodelllanero.mx\/index.php\/2026\/03\/04\/en-celaya-ni-lo-pintoresco-se-salva-de-la-reglamentacion\/#respond"]}]},{"@type":"WebPage","@id":"https:\/\/elhijodelllanero.mx\/index.php\/2026\/03\/04\/en-celaya-ni-lo-pintoresco-se-salva-de-la-reglamentacion\/","url":"https:\/\/elhijodelllanero.mx\/index.php\/2026\/03\/04\/en-celaya-ni-lo-pintoresco-se-salva-de-la-reglamentacion\/","name":"En Celaya, ni lo pintoresco se salva de la reglamentaci\u00f3n. - El Hijo del llanero solititito","isPartOf":{"@id":"https:\/\/elhijodelllanero.mx\/#website"},"primaryImageOfPage":{"@id":"https:\/\/elhijodelllanero.mx\/index.php\/2026\/03\/04\/en-celaya-ni-lo-pintoresco-se-salva-de-la-reglamentacion\/#primaryimage"},"image":{"@id":"https:\/\/elhijodelllanero.mx\/index.php\/2026\/03\/04\/en-celaya-ni-lo-pintoresco-se-salva-de-la-reglamentacion\/#primaryimage"},"thumbnailUrl":"https:\/\/i0.wp.com\/elhijodelllanero.mx\/wp-content\/uploads\/2026\/03\/IMG-20260304-WA0005.jpg?fit=1280%2C964&ssl=1","datePublished":"2026-03-04T23:34:47+00:00","author":{"@id":"https:\/\/elhijodelllanero.mx\/#\/schema\/person\/c7f8c86c55c1eab44ae2b93a9628245f"},"breadcrumb":{"@id":"https:\/\/elhijodelllanero.mx\/index.php\/2026\/03\/04\/en-celaya-ni-lo-pintoresco-se-salva-de-la-reglamentacion\/#breadcrumb"},"inLanguage":"es","potentialAction":[{"@type":"ReadAction","target":["https:\/\/elhijodelllanero.mx\/index.php\/2026\/03\/04\/en-celaya-ni-lo-pintoresco-se-salva-de-la-reglamentacion\/"]}]},{"@type":"ImageObject","inLanguage":"es","@id":"https:\/\/elhijodelllanero.mx\/index.php\/2026\/03\/04\/en-celaya-ni-lo-pintoresco-se-salva-de-la-reglamentacion\/#primaryimage","url":"https:\/\/i0.wp.com\/elhijodelllanero.mx\/wp-content\/uploads\/2026\/03\/IMG-20260304-WA0005.jpg?fit=1280%2C964&ssl=1","contentUrl":"https:\/\/i0.wp.com\/elhijodelllanero.mx\/wp-content\/uploads\/2026\/03\/IMG-20260304-WA0005.jpg?fit=1280%2C964&ssl=1","width":1280,"height":964},{"@type":"BreadcrumbList","@id":"https:\/\/elhijodelllanero.mx\/index.php\/2026\/03\/04\/en-celaya-ni-lo-pintoresco-se-salva-de-la-reglamentacion\/#breadcrumb","itemListElement":[{"@type":"ListItem","position":1,"name":"Portada","item":"https:\/\/elhijodelllanero.mx\/"},{"@type":"ListItem","position":2,"name":"En Celaya, ni lo pintoresco se salva de la reglamentaci\u00f3n."}]},{"@type":"WebSite","@id":"https:\/\/elhijodelllanero.mx\/#website","url":"https:\/\/elhijodelllanero.mx\/","name":"El Hijo del llanero solititito","description":"","potentialAction":[{"@type":"SearchAction","target":{"@type":"EntryPoint","urlTemplate":"https:\/\/elhijodelllanero.mx\/?s={search_term_string}"},"query-input":{"@type":"PropertyValueSpecification","valueRequired":true,"valueName":"search_term_string"}}],"inLanguage":"es"},{"@type":"Person","@id":"https:\/\/elhijodelllanero.mx\/#\/schema\/person\/c7f8c86c55c1eab44ae2b93a9628245f","name":"Mar\u00eda de la Paz Rodarte Ram\u00edrez","image":{"@type":"ImageObject","inLanguage":"es","@id":"https:\/\/secure.gravatar.com\/avatar\/1f38f8518b09a266af73da2bce78d69e7d1275299970134ed62f572e0487e1d0?s=96&d=mm&r=g","url":"https:\/\/secure.gravatar.com\/avatar\/1f38f8518b09a266af73da2bce78d69e7d1275299970134ed62f572e0487e1d0?s=96&d=mm&r=g","contentUrl":"https:\/\/secure.gravatar.com\/avatar\/1f38f8518b09a266af73da2bce78d69e7d1275299970134ed62f572e0487e1d0?s=96&d=mm&r=g","caption":"Mar\u00eda de la Paz Rodarte Ram\u00edrez"},"sameAs":["https:\/\/www.elhijodelllanero.mx"],"url":"https:\/\/elhijodelllanero.mx\/index.php\/author\/maricuas\/"}]}},"jetpack_featured_media_url":"https:\/\/i0.wp.com\/elhijodelllanero.mx\/wp-content\/uploads\/2026\/03\/IMG-20260304-WA0005.jpg?fit=1280%2C964&ssl=1","jetpack-related-posts":[],"jetpack_sharing_enabled":true,"_links":{"self":[{"href":"https:\/\/elhijodelllanero.mx\/index.php\/wp-json\/wp\/v2\/posts\/13200","targetHints":{"allow":["GET"]}}],"collection":[{"href":"https:\/\/elhijodelllanero.mx\/index.php\/wp-json\/wp\/v2\/posts"}],"about":[{"href":"https:\/\/elhijodelllanero.mx\/index.php\/wp-json\/wp\/v2\/types\/post"}],"author":[{"embeddable":true,"href":"https:\/\/elhijodelllanero.mx\/index.php\/wp-json\/wp\/v2\/users\/3"}],"replies":[{"embeddable":true,"href":"https:\/\/elhijodelllanero.mx\/index.php\/wp-json\/wp\/v2\/comments?post=13200"}],"version-history":[{"count":1,"href":"https:\/\/elhijodelllanero.mx\/index.php\/wp-json\/wp\/v2\/posts\/13200\/revisions"}],"predecessor-version":[{"id":13202,"href":"https:\/\/elhijodelllanero.mx\/index.php\/wp-json\/wp\/v2\/posts\/13200\/revisions\/13202"}],"wp:featuredmedia":[{"embeddable":true,"href":"https:\/\/elhijodelllanero.mx\/index.php\/wp-json\/wp\/v2\/media\/13201"}],"wp:attachment":[{"href":"https:\/\/elhijodelllanero.mx\/index.php\/wp-json\/wp\/v2\/media?parent=13200"}],"wp:term":[{"taxonomy":"category","embeddable":true,"href":"https:\/\/elhijodelllanero.mx\/index.php\/wp-json\/wp\/v2\/categories?post=13200"},{"taxonomy":"post_tag","embeddable":true,"href":"https:\/\/elhijodelllanero.mx\/index.php\/wp-json\/wp\/v2\/tags?post=13200"}],"curies":[{"name":"wp","href":"https:\/\/api.w.org\/{rel}","templated":true}]}}