{"id":13204,"date":"2026-03-08T05:32:02","date_gmt":"2026-03-08T05:32:02","guid":{"rendered":"https:\/\/elhijodelllanero.mx\/?p=13204"},"modified":"2026-03-08T05:32:02","modified_gmt":"2026-03-08T05:32:02","slug":"realizan-en-villagran-carrera-escolar-para-promover-convivencia-familiar","status":"publish","type":"post","link":"https:\/\/elhijodelllanero.mx\/index.php\/2026\/03\/08\/realizan-en-villagran-carrera-escolar-para-promover-convivencia-familiar\/","title":{"rendered":"Realizan en Villagr\u00e1n carrera escolar para promover convivencia familiar."},"content":{"rendered":"<p>Villagr\u00e1n, Gto. 7 de marzo del 2026.-En un ambiente de convivencia y participaci\u00f3n comunitaria, la escuela primaria Primaria La Gran Tenochtitl\u00e1n llev\u00f3 a cabo la tercera edici\u00f3n de la carrera escolar \u201cPor una Familia Educadora\u201d, actividad que busca promover la activaci\u00f3n f\u00edsica y fortalecer la convivencia entre estudiantes y sus familias.<\/p>\n<p>El evento se realiz\u00f3 en la comunidad El Rehilete, donde participaron alumnas, alumnos, madres y padres de familia en una carrera recreativa de tres kil\u00f3metros, organizada por la instituci\u00f3n educativa.<\/p>\n<p>Durante la actividad estuvieron presentes la presidenta municipal Cinthia Teniente Mendoza, el senador Emmanuel Reyes Carmona y el regidor Jos\u00e9 Luis Medina Guapo, quienes acompa\u00f1aron a la comunidad escolar en esta jornada deportiva.<\/p>\n<p>Autoridades y organizadores destacaron que esta carrera, que se realiza por tercer a\u00f1o consecutivo, tiene como prop\u00f3sito fortalecer valores como el compa\u00f1erismo, la participaci\u00f3n y el trabajo en equipo, adem\u00e1s de fomentar estilos de vida saludables desde la infancia.<\/p>\n<p>Tras los mensajes de las autoridades, se dio el banderazo de salida a la carrera, en la que ni\u00f1as y ni\u00f1os recorrieron el circuito acompa\u00f1ados por sus familias, en un ambiente de entusiasmo y convivencia.<\/p>\n<p>Con este tipo de actividades, la comunidad educativa busca impulsar la participaci\u00f3n de las familias en la formaci\u00f3n de las infancias, al tiempo que promueve el deporte y la integraci\u00f3n social dentro del municipio.<\/p>\n","protected":false},"excerpt":{"rendered":"<p>Villagr\u00e1n, Gto. 7 de marzo del 2026.-En un ambiente de convivencia y participaci\u00f3n comunitaria, la escuela primaria Primaria La Gran Tenochtitl\u00e1n llev\u00f3 a cabo la tercera edici\u00f3n de la carrera escolar \u201cPor una Familia Educadora\u201d, actividad que busca promover la activaci\u00f3n f\u00edsica y fortalecer la convivencia entre estudiantes y sus familias. El evento se realiz\u00f3 [&hellip;]<\/p>\n","protected":false},"author":3,"featured_media":13205,"comment_status":"open","ping_status":"closed","sticky":false,"template":"","format":"standard","meta":{"_jetpack_newsletter_access":"","_jetpack_dont_email_post_to_subs":false,"_jetpack_newsletter_tier_id":0,"_jetpack_memberships_contains_paywalled_content":false,"_jetpack_memberships_contains_paid_content":false,"footnotes":""},"categories":[85],"tags":[],"class_list":{"0":"post-13204","1":"post","2":"type-post","3":"status-publish","4":"format-standard","5":"has-post-thumbnail","7":"category-villagran"},"yoast_head":"<!-- This site is optimized with the Yoast SEO plugin v27.3 - https:\/\/yoast.com\/product\/yoast-seo-wordpress\/ -->\n<title>Realizan en Villagr\u00e1n carrera escolar para promover convivencia familiar. - El Hijo del llanero solititito<\/title>\n<meta name=\"robots\" content=\"index, follow, max-snippet:-1, max-image-preview:large, max-video-preview:-1\" \/>\n<link rel=\"canonical\" href=\"https:\/\/elhijodelllanero.mx\/index.php\/2026\/03\/08\/realizan-en-villagran-carrera-escolar-para-promover-convivencia-familiar\/\" \/>\n<meta property=\"og:locale\" content=\"es_ES\" \/>\n<meta property=\"og:type\" content=\"article\" \/>\n<meta property=\"og:title\" content=\"Realizan en Villagr\u00e1n carrera escolar para promover convivencia familiar. - El Hijo del llanero solititito\" \/>\n<meta property=\"og:description\" content=\"Villagr\u00e1n, Gto. 7 de marzo del 2026.-En un ambiente de convivencia y participaci\u00f3n comunitaria, la escuela primaria Primaria La Gran Tenochtitl\u00e1n llev\u00f3 a cabo la tercera edici\u00f3n de la carrera escolar \u201cPor una Familia Educadora\u201d, actividad que busca promover la activaci\u00f3n f\u00edsica y fortalecer la convivencia entre estudiantes y sus familias. El evento se realiz\u00f3 [&hellip;]\" \/>\n<meta property=\"og:url\" content=\"https:\/\/elhijodelllanero.mx\/index.php\/2026\/03\/08\/realizan-en-villagran-carrera-escolar-para-promover-convivencia-familiar\/\" \/>\n<meta property=\"og:site_name\" content=\"El Hijo del llanero solititito\" \/>\n<meta property=\"article:published_time\" content=\"2026-03-08T05:32:02+00:00\" \/>\n<meta property=\"og:image\" content=\"https:\/\/elhijodelllanero.mx\/wp-content\/uploads\/2026\/03\/IMG-20260307-WA0009.jpg\" \/>\n\t<meta property=\"og:image:width\" content=\"1280\" \/>\n\t<meta property=\"og:image:height\" content=\"854\" \/>\n\t<meta property=\"og:image:type\" content=\"image\/jpeg\" \/>\n<meta name=\"author\" content=\"Mar\u00eda de la Paz Rodarte Ram\u00edrez\" \/>\n<meta name=\"twitter:card\" content=\"summary_large_image\" \/>\n<meta name=\"twitter:label1\" content=\"Escrito por\" \/>\n\t<meta name=\"twitter:data1\" content=\"Mar\u00eda de la Paz Rodarte Ram\u00edrez\" \/>\n\t<meta name=\"twitter:label2\" content=\"Tiempo de lectura\" \/>\n\t<meta name=\"twitter:data2\" content=\"2 minutos\" \/>\n<script type=\"application\/ld+json\" class=\"yoast-schema-graph\">{\"@context\":\"https:\\\/\\\/schema.org\",\"@graph\":[{\"@type\":\"Article\",\"@id\":\"https:\\\/\\\/elhijodelllanero.mx\\\/index.php\\\/2026\\\/03\\\/08\\\/realizan-en-villagran-carrera-escolar-para-promover-convivencia-familiar\\\/#article\",\"isPartOf\":{\"@id\":\"https:\\\/\\\/elhijodelllanero.mx\\\/index.php\\\/2026\\\/03\\\/08\\\/realizan-en-villagran-carrera-escolar-para-promover-convivencia-familiar\\\/\"},\"author\":{\"name\":\"Mar\u00eda de la Paz Rodarte Ram\u00edrez\",\"@id\":\"https:\\\/\\\/elhijodelllanero.mx\\\/#\\\/schema\\\/person\\\/c7f8c86c55c1eab44ae2b93a9628245f\"},\"headline\":\"Realizan en Villagr\u00e1n carrera escolar para promover convivencia familiar.\",\"datePublished\":\"2026-03-08T05:32:02+00:00\",\"mainEntityOfPage\":{\"@id\":\"https:\\\/\\\/elhijodelllanero.mx\\\/index.php\\\/2026\\\/03\\\/08\\\/realizan-en-villagran-carrera-escolar-para-promover-convivencia-familiar\\\/\"},\"wordCount\":251,\"commentCount\":0,\"image\":{\"@id\":\"https:\\\/\\\/elhijodelllanero.mx\\\/index.php\\\/2026\\\/03\\\/08\\\/realizan-en-villagran-carrera-escolar-para-promover-convivencia-familiar\\\/#primaryimage\"},\"thumbnailUrl\":\"https:\\\/\\\/i0.wp.com\\\/elhijodelllanero.mx\\\/wp-content\\\/uploads\\\/2026\\\/03\\\/IMG-20260307-WA0009.jpg?fit=1280%2C854&ssl=1\",\"articleSection\":[\"Villagr\u00e1n\"],\"inLanguage\":\"es\",\"potentialAction\":[{\"@type\":\"CommentAction\",\"name\":\"Comment\",\"target\":[\"https:\\\/\\\/elhijodelllanero.mx\\\/index.php\\\/2026\\\/03\\\/08\\\/realizan-en-villagran-carrera-escolar-para-promover-convivencia-familiar\\\/#respond\"]}]},{\"@type\":\"WebPage\",\"@id\":\"https:\\\/\\\/elhijodelllanero.mx\\\/index.php\\\/2026\\\/03\\\/08\\\/realizan-en-villagran-carrera-escolar-para-promover-convivencia-familiar\\\/\",\"url\":\"https:\\\/\\\/elhijodelllanero.mx\\\/index.php\\\/2026\\\/03\\\/08\\\/realizan-en-villagran-carrera-escolar-para-promover-convivencia-familiar\\\/\",\"name\":\"Realizan en Villagr\u00e1n carrera escolar para promover convivencia familiar. - El Hijo del llanero solititito\",\"isPartOf\":{\"@id\":\"https:\\\/\\\/elhijodelllanero.mx\\\/#website\"},\"primaryImageOfPage\":{\"@id\":\"https:\\\/\\\/elhijodelllanero.mx\\\/index.php\\\/2026\\\/03\\\/08\\\/realizan-en-villagran-carrera-escolar-para-promover-convivencia-familiar\\\/#primaryimage\"},\"image\":{\"@id\":\"https:\\\/\\\/elhijodelllanero.mx\\\/index.php\\\/2026\\\/03\\\/08\\\/realizan-en-villagran-carrera-escolar-para-promover-convivencia-familiar\\\/#primaryimage\"},\"thumbnailUrl\":\"https:\\\/\\\/i0.wp.com\\\/elhijodelllanero.mx\\\/wp-content\\\/uploads\\\/2026\\\/03\\\/IMG-20260307-WA0009.jpg?fit=1280%2C854&ssl=1\",\"datePublished\":\"2026-03-08T05:32:02+00:00\",\"author\":{\"@id\":\"https:\\\/\\\/elhijodelllanero.mx\\\/#\\\/schema\\\/person\\\/c7f8c86c55c1eab44ae2b93a9628245f\"},\"breadcrumb\":{\"@id\":\"https:\\\/\\\/elhijodelllanero.mx\\\/index.php\\\/2026\\\/03\\\/08\\\/realizan-en-villagran-carrera-escolar-para-promover-convivencia-familiar\\\/#breadcrumb\"},\"inLanguage\":\"es\",\"potentialAction\":[{\"@type\":\"ReadAction\",\"target\":[\"https:\\\/\\\/elhijodelllanero.mx\\\/index.php\\\/2026\\\/03\\\/08\\\/realizan-en-villagran-carrera-escolar-para-promover-convivencia-familiar\\\/\"]}]},{\"@type\":\"ImageObject\",\"inLanguage\":\"es\",\"@id\":\"https:\\\/\\\/elhijodelllanero.mx\\\/index.php\\\/2026\\\/03\\\/08\\\/realizan-en-villagran-carrera-escolar-para-promover-convivencia-familiar\\\/#primaryimage\",\"url\":\"https:\\\/\\\/i0.wp.com\\\/elhijodelllanero.mx\\\/wp-content\\\/uploads\\\/2026\\\/03\\\/IMG-20260307-WA0009.jpg?fit=1280%2C854&ssl=1\",\"contentUrl\":\"https:\\\/\\\/i0.wp.com\\\/elhijodelllanero.mx\\\/wp-content\\\/uploads\\\/2026\\\/03\\\/IMG-20260307-WA0009.jpg?fit=1280%2C854&ssl=1\",\"width\":1280,\"height\":854},{\"@type\":\"BreadcrumbList\",\"@id\":\"https:\\\/\\\/elhijodelllanero.mx\\\/index.php\\\/2026\\\/03\\\/08\\\/realizan-en-villagran-carrera-escolar-para-promover-convivencia-familiar\\\/#breadcrumb\",\"itemListElement\":[{\"@type\":\"ListItem\",\"position\":1,\"name\":\"Portada\",\"item\":\"https:\\\/\\\/elhijodelllanero.mx\\\/\"},{\"@type\":\"ListItem\",\"position\":2,\"name\":\"Realizan en Villagr\u00e1n carrera escolar para promover convivencia familiar.\"}]},{\"@type\":\"WebSite\",\"@id\":\"https:\\\/\\\/elhijodelllanero.mx\\\/#website\",\"url\":\"https:\\\/\\\/elhijodelllanero.mx\\\/\",\"name\":\"El Hijo del llanero solititito\",\"description\":\"\",\"potentialAction\":[{\"@type\":\"SearchAction\",\"target\":{\"@type\":\"EntryPoint\",\"urlTemplate\":\"https:\\\/\\\/elhijodelllanero.mx\\\/?s={search_term_string}\"},\"query-input\":{\"@type\":\"PropertyValueSpecification\",\"valueRequired\":true,\"valueName\":\"search_term_string\"}}],\"inLanguage\":\"es\"},{\"@type\":\"Person\",\"@id\":\"https:\\\/\\\/elhijodelllanero.mx\\\/#\\\/schema\\\/person\\\/c7f8c86c55c1eab44ae2b93a9628245f\",\"name\":\"Mar\u00eda de la Paz Rodarte Ram\u00edrez\",\"image\":{\"@type\":\"ImageObject\",\"inLanguage\":\"es\",\"@id\":\"https:\\\/\\\/secure.gravatar.com\\\/avatar\\\/1f38f8518b09a266af73da2bce78d69e7d1275299970134ed62f572e0487e1d0?s=96&d=mm&r=g\",\"url\":\"https:\\\/\\\/secure.gravatar.com\\\/avatar\\\/1f38f8518b09a266af73da2bce78d69e7d1275299970134ed62f572e0487e1d0?s=96&d=mm&r=g\",\"contentUrl\":\"https:\\\/\\\/secure.gravatar.com\\\/avatar\\\/1f38f8518b09a266af73da2bce78d69e7d1275299970134ed62f572e0487e1d0?s=96&d=mm&r=g\",\"caption\":\"Mar\u00eda de la Paz Rodarte Ram\u00edrez\"},\"sameAs\":[\"https:\\\/\\\/www.elhijodelllanero.mx\"],\"url\":\"https:\\\/\\\/elhijodelllanero.mx\\\/index.php\\\/author\\\/maricuas\\\/\"}]}<\/script>\n<!-- \/ Yoast SEO plugin. -->","yoast_head_json":{"title":"Realizan en Villagr\u00e1n carrera escolar para promover convivencia familiar. - El Hijo del llanero solititito","robots":{"index":"index","follow":"follow","max-snippet":"max-snippet:-1","max-image-preview":"max-image-preview:large","max-video-preview":"max-video-preview:-1"},"canonical":"https:\/\/elhijodelllanero.mx\/index.php\/2026\/03\/08\/realizan-en-villagran-carrera-escolar-para-promover-convivencia-familiar\/","og_locale":"es_ES","og_type":"article","og_title":"Realizan en Villagr\u00e1n carrera escolar para promover convivencia familiar. - El Hijo del llanero solititito","og_description":"Villagr\u00e1n, Gto. 7 de marzo del 2026.-En un ambiente de convivencia y participaci\u00f3n comunitaria, la escuela primaria Primaria La Gran Tenochtitl\u00e1n llev\u00f3 a cabo la tercera edici\u00f3n de la carrera escolar \u201cPor una Familia Educadora\u201d, actividad que busca promover la activaci\u00f3n f\u00edsica y fortalecer la convivencia entre estudiantes y sus familias. El evento se realiz\u00f3 [&hellip;]","og_url":"https:\/\/elhijodelllanero.mx\/index.php\/2026\/03\/08\/realizan-en-villagran-carrera-escolar-para-promover-convivencia-familiar\/","og_site_name":"El Hijo del llanero solititito","article_published_time":"2026-03-08T05:32:02+00:00","og_image":[{"width":1280,"height":854,"url":"https:\/\/elhijodelllanero.mx\/wp-content\/uploads\/2026\/03\/IMG-20260307-WA0009.jpg","type":"image\/jpeg"}],"author":"Mar\u00eda de la Paz Rodarte Ram\u00edrez","twitter_card":"summary_large_image","twitter_misc":{"Escrito por":"Mar\u00eda de la Paz Rodarte Ram\u00edrez","Tiempo de lectura":"2 minutos"},"schema":{"@context":"https:\/\/schema.org","@graph":[{"@type":"Article","@id":"https:\/\/elhijodelllanero.mx\/index.php\/2026\/03\/08\/realizan-en-villagran-carrera-escolar-para-promover-convivencia-familiar\/#article","isPartOf":{"@id":"https:\/\/elhijodelllanero.mx\/index.php\/2026\/03\/08\/realizan-en-villagran-carrera-escolar-para-promover-convivencia-familiar\/"},"author":{"name":"Mar\u00eda de la Paz Rodarte Ram\u00edrez","@id":"https:\/\/elhijodelllanero.mx\/#\/schema\/person\/c7f8c86c55c1eab44ae2b93a9628245f"},"headline":"Realizan en Villagr\u00e1n carrera escolar para promover convivencia familiar.","datePublished":"2026-03-08T05:32:02+00:00","mainEntityOfPage":{"@id":"https:\/\/elhijodelllanero.mx\/index.php\/2026\/03\/08\/realizan-en-villagran-carrera-escolar-para-promover-convivencia-familiar\/"},"wordCount":251,"commentCount":0,"image":{"@id":"https:\/\/elhijodelllanero.mx\/index.php\/2026\/03\/08\/realizan-en-villagran-carrera-escolar-para-promover-convivencia-familiar\/#primaryimage"},"thumbnailUrl":"https:\/\/i0.wp.com\/elhijodelllanero.mx\/wp-content\/uploads\/2026\/03\/IMG-20260307-WA0009.jpg?fit=1280%2C854&ssl=1","articleSection":["Villagr\u00e1n"],"inLanguage":"es","potentialAction":[{"@type":"CommentAction","name":"Comment","target":["https:\/\/elhijodelllanero.mx\/index.php\/2026\/03\/08\/realizan-en-villagran-carrera-escolar-para-promover-convivencia-familiar\/#respond"]}]},{"@type":"WebPage","@id":"https:\/\/elhijodelllanero.mx\/index.php\/2026\/03\/08\/realizan-en-villagran-carrera-escolar-para-promover-convivencia-familiar\/","url":"https:\/\/elhijodelllanero.mx\/index.php\/2026\/03\/08\/realizan-en-villagran-carrera-escolar-para-promover-convivencia-familiar\/","name":"Realizan en Villagr\u00e1n carrera escolar para promover convivencia familiar. - El Hijo del llanero solititito","isPartOf":{"@id":"https:\/\/elhijodelllanero.mx\/#website"},"primaryImageOfPage":{"@id":"https:\/\/elhijodelllanero.mx\/index.php\/2026\/03\/08\/realizan-en-villagran-carrera-escolar-para-promover-convivencia-familiar\/#primaryimage"},"image":{"@id":"https:\/\/elhijodelllanero.mx\/index.php\/2026\/03\/08\/realizan-en-villagran-carrera-escolar-para-promover-convivencia-familiar\/#primaryimage"},"thumbnailUrl":"https:\/\/i0.wp.com\/elhijodelllanero.mx\/wp-content\/uploads\/2026\/03\/IMG-20260307-WA0009.jpg?fit=1280%2C854&ssl=1","datePublished":"2026-03-08T05:32:02+00:00","author":{"@id":"https:\/\/elhijodelllanero.mx\/#\/schema\/person\/c7f8c86c55c1eab44ae2b93a9628245f"},"breadcrumb":{"@id":"https:\/\/elhijodelllanero.mx\/index.php\/2026\/03\/08\/realizan-en-villagran-carrera-escolar-para-promover-convivencia-familiar\/#breadcrumb"},"inLanguage":"es","potentialAction":[{"@type":"ReadAction","target":["https:\/\/elhijodelllanero.mx\/index.php\/2026\/03\/08\/realizan-en-villagran-carrera-escolar-para-promover-convivencia-familiar\/"]}]},{"@type":"ImageObject","inLanguage":"es","@id":"https:\/\/elhijodelllanero.mx\/index.php\/2026\/03\/08\/realizan-en-villagran-carrera-escolar-para-promover-convivencia-familiar\/#primaryimage","url":"https:\/\/i0.wp.com\/elhijodelllanero.mx\/wp-content\/uploads\/2026\/03\/IMG-20260307-WA0009.jpg?fit=1280%2C854&ssl=1","contentUrl":"https:\/\/i0.wp.com\/elhijodelllanero.mx\/wp-content\/uploads\/2026\/03\/IMG-20260307-WA0009.jpg?fit=1280%2C854&ssl=1","width":1280,"height":854},{"@type":"BreadcrumbList","@id":"https:\/\/elhijodelllanero.mx\/index.php\/2026\/03\/08\/realizan-en-villagran-carrera-escolar-para-promover-convivencia-familiar\/#breadcrumb","itemListElement":[{"@type":"ListItem","position":1,"name":"Portada","item":"https:\/\/elhijodelllanero.mx\/"},{"@type":"ListItem","position":2,"name":"Realizan en Villagr\u00e1n carrera escolar para promover convivencia familiar."}]},{"@type":"WebSite","@id":"https:\/\/elhijodelllanero.mx\/#website","url":"https:\/\/elhijodelllanero.mx\/","name":"El Hijo del llanero solititito","description":"","potentialAction":[{"@type":"SearchAction","target":{"@type":"EntryPoint","urlTemplate":"https:\/\/elhijodelllanero.mx\/?s={search_term_string}"},"query-input":{"@type":"PropertyValueSpecification","valueRequired":true,"valueName":"search_term_string"}}],"inLanguage":"es"},{"@type":"Person","@id":"https:\/\/elhijodelllanero.mx\/#\/schema\/person\/c7f8c86c55c1eab44ae2b93a9628245f","name":"Mar\u00eda de la Paz Rodarte Ram\u00edrez","image":{"@type":"ImageObject","inLanguage":"es","@id":"https:\/\/secure.gravatar.com\/avatar\/1f38f8518b09a266af73da2bce78d69e7d1275299970134ed62f572e0487e1d0?s=96&d=mm&r=g","url":"https:\/\/secure.gravatar.com\/avatar\/1f38f8518b09a266af73da2bce78d69e7d1275299970134ed62f572e0487e1d0?s=96&d=mm&r=g","contentUrl":"https:\/\/secure.gravatar.com\/avatar\/1f38f8518b09a266af73da2bce78d69e7d1275299970134ed62f572e0487e1d0?s=96&d=mm&r=g","caption":"Mar\u00eda de la Paz Rodarte Ram\u00edrez"},"sameAs":["https:\/\/www.elhijodelllanero.mx"],"url":"https:\/\/elhijodelllanero.mx\/index.php\/author\/maricuas\/"}]}},"jetpack_featured_media_url":"https:\/\/i0.wp.com\/elhijodelllanero.mx\/wp-content\/uploads\/2026\/03\/IMG-20260307-WA0009.jpg?fit=1280%2C854&ssl=1","jetpack-related-posts":[],"jetpack_sharing_enabled":true,"_links":{"self":[{"href":"https:\/\/elhijodelllanero.mx\/index.php\/wp-json\/wp\/v2\/posts\/13204","targetHints":{"allow":["GET"]}}],"collection":[{"href":"https:\/\/elhijodelllanero.mx\/index.php\/wp-json\/wp\/v2\/posts"}],"about":[{"href":"https:\/\/elhijodelllanero.mx\/index.php\/wp-json\/wp\/v2\/types\/post"}],"author":[{"embeddable":true,"href":"https:\/\/elhijodelllanero.mx\/index.php\/wp-json\/wp\/v2\/users\/3"}],"replies":[{"embeddable":true,"href":"https:\/\/elhijodelllanero.mx\/index.php\/wp-json\/wp\/v2\/comments?post=13204"}],"version-history":[{"count":1,"href":"https:\/\/elhijodelllanero.mx\/index.php\/wp-json\/wp\/v2\/posts\/13204\/revisions"}],"predecessor-version":[{"id":13206,"href":"https:\/\/elhijodelllanero.mx\/index.php\/wp-json\/wp\/v2\/posts\/13204\/revisions\/13206"}],"wp:featuredmedia":[{"embeddable":true,"href":"https:\/\/elhijodelllanero.mx\/index.php\/wp-json\/wp\/v2\/media\/13205"}],"wp:attachment":[{"href":"https:\/\/elhijodelllanero.mx\/index.php\/wp-json\/wp\/v2\/media?parent=13204"}],"wp:term":[{"taxonomy":"category","embeddable":true,"href":"https:\/\/elhijodelllanero.mx\/index.php\/wp-json\/wp\/v2\/categories?post=13204"},{"taxonomy":"post_tag","embeddable":true,"href":"https:\/\/elhijodelllanero.mx\/index.php\/wp-json\/wp\/v2\/tags?post=13204"}],"curies":[{"name":"wp","href":"https:\/\/api.w.org\/{rel}","templated":true}]}}