{"id":13207,"date":"2026-03-08T05:33:43","date_gmt":"2026-03-08T05:33:43","guid":{"rendered":"https:\/\/elhijodelllanero.mx\/?p=13207"},"modified":"2026-03-08T05:33:43","modified_gmt":"2026-03-08T05:33:43","slug":"inauguran-inspira-plataforma-para-impulsar-emprendimientos","status":"publish","type":"post","link":"https:\/\/elhijodelllanero.mx\/index.php\/2026\/03\/08\/inauguran-inspira-plataforma-para-impulsar-emprendimientos\/","title":{"rendered":"Inauguran \u201cInspira\u201d, plataforma para impulsar emprendimientos."},"content":{"rendered":"<p>Cortazar, Gto. 7 de marzo del 2026.-Con el objetivo de fortalecer el desarrollo econ\u00f3mico local y apoyar a ciudadanos que buscan consolidar sus proyectos productivos, el presidente municipal Mauricio Estefan\u00eda inaugur\u00f3 la primera edici\u00f3n de \u201cInspira\u201d, una plataforma orientada a la aceleraci\u00f3n comercial de emprendedores del municipio.<\/p>\n<p>El evento, impulsado por la Direcci\u00f3n de Desarrollo Econ\u00f3mico, busca transformar el capital humano capacitado en microempresas formales, brindando herramientas para que los participantes puedan estructurar y consolidar sus negocios.<\/p>\n<p>Durante el arranque del programa, el alcalde estuvo acompa\u00f1ado por integrantes del Ayuntamiento, as\u00ed como representantes de la Secretar\u00eda de Econom\u00eda y del Gobierno Federal a trav\u00e9s de la Brigada Rural No. 12.<\/p>\n<p>De acuerdo con las autoridades, Inspira surge como una estrategia para cerrar el ciclo de capacitaci\u00f3n que han recibido diversos ciudadanos, facilitando su transici\u00f3n del autoempleo informal hacia negocios formalmente establecidos.<\/p>\n<p>Adem\u00e1s de funcionar como un espacio de exhibici\u00f3n, la plataforma busca convertirse en un mecanismo de validaci\u00f3n de mercado, donde los emprendedores puedan mostrar sus productos, generar v\u00ednculos comerciales y fortalecer sus capacidades de venta.<\/p>\n<p>El programa tambi\u00e9n contempla la integraci\u00f3n de productores locales a cadenas de valor regionales, con la finalidad de que los proyectos desarrollados en el municipio puedan competir en mercados m\u00e1s amplios y generar mayor derrama econ\u00f3mica.<\/p>\n<p>Con esta iniciativa, el gobierno municipal apuesta por impulsar el talento local y fomentar la autonom\u00eda financiera de las familias cortazarenses, promoviendo que los emprendimientos se conviertan en proyectos sostenibles que contribuyan al crecimiento econ\u00f3mico del municipio.<\/p>\n","protected":false},"excerpt":{"rendered":"<p>Cortazar, Gto. 7 de marzo del 2026.-Con el objetivo de fortalecer el desarrollo econ\u00f3mico local y apoyar a ciudadanos que buscan consolidar sus proyectos productivos, el presidente municipal Mauricio Estefan\u00eda inaugur\u00f3 la primera edici\u00f3n de \u201cInspira\u201d, una plataforma orientada a la aceleraci\u00f3n comercial de emprendedores del municipio. El evento, impulsado por la Direcci\u00f3n de Desarrollo [&hellip;]<\/p>\n","protected":false},"author":3,"featured_media":13208,"comment_status":"open","ping_status":"closed","sticky":false,"template":"","format":"standard","meta":{"_jetpack_newsletter_access":"","_jetpack_dont_email_post_to_subs":false,"_jetpack_newsletter_tier_id":0,"_jetpack_memberships_contains_paywalled_content":false,"_jetpack_memberships_contains_paid_content":false,"footnotes":""},"categories":[77,76],"tags":[],"class_list":{"0":"post-13207","1":"post","2":"type-post","3":"status-publish","4":"format-standard","5":"has-post-thumbnail","7":"category-cortazar","8":"category-municipios"},"yoast_head":"<!-- This site is optimized with the Yoast SEO plugin v27.3 - https:\/\/yoast.com\/product\/yoast-seo-wordpress\/ -->\n<title>Inauguran \u201cInspira\u201d, plataforma para impulsar emprendimientos. - El Hijo del llanero solititito<\/title>\n<meta name=\"robots\" content=\"index, follow, max-snippet:-1, max-image-preview:large, max-video-preview:-1\" \/>\n<link rel=\"canonical\" href=\"https:\/\/elhijodelllanero.mx\/index.php\/2026\/03\/08\/inauguran-inspira-plataforma-para-impulsar-emprendimientos\/\" \/>\n<meta property=\"og:locale\" content=\"es_ES\" \/>\n<meta property=\"og:type\" content=\"article\" \/>\n<meta property=\"og:title\" content=\"Inauguran \u201cInspira\u201d, plataforma para impulsar emprendimientos. - El Hijo del llanero solititito\" \/>\n<meta property=\"og:description\" content=\"Cortazar, Gto. 7 de marzo del 2026.-Con el objetivo de fortalecer el desarrollo econ\u00f3mico local y apoyar a ciudadanos que buscan consolidar sus proyectos productivos, el presidente municipal Mauricio Estefan\u00eda inaugur\u00f3 la primera edici\u00f3n de \u201cInspira\u201d, una plataforma orientada a la aceleraci\u00f3n comercial de emprendedores del municipio. El evento, impulsado por la Direcci\u00f3n de Desarrollo [&hellip;]\" \/>\n<meta property=\"og:url\" content=\"https:\/\/elhijodelllanero.mx\/index.php\/2026\/03\/08\/inauguran-inspira-plataforma-para-impulsar-emprendimientos\/\" \/>\n<meta property=\"og:site_name\" content=\"El Hijo del llanero solititito\" \/>\n<meta property=\"article:published_time\" content=\"2026-03-08T05:33:43+00:00\" \/>\n<meta property=\"og:image\" content=\"https:\/\/elhijodelllanero.mx\/wp-content\/uploads\/2026\/03\/IMG-20260307-WA0006.jpg\" \/>\n\t<meta property=\"og:image:width\" content=\"1600\" \/>\n\t<meta property=\"og:image:height\" content=\"1068\" \/>\n\t<meta property=\"og:image:type\" content=\"image\/jpeg\" \/>\n<meta name=\"author\" content=\"Mar\u00eda de la Paz Rodarte Ram\u00edrez\" \/>\n<meta name=\"twitter:card\" content=\"summary_large_image\" \/>\n<meta name=\"twitter:label1\" content=\"Escrito por\" \/>\n\t<meta name=\"twitter:data1\" content=\"Mar\u00eda de la Paz Rodarte Ram\u00edrez\" \/>\n\t<meta name=\"twitter:label2\" content=\"Tiempo de lectura\" \/>\n\t<meta name=\"twitter:data2\" content=\"2 minutos\" \/>\n<script type=\"application\/ld+json\" class=\"yoast-schema-graph\">{\"@context\":\"https:\\\/\\\/schema.org\",\"@graph\":[{\"@type\":\"Article\",\"@id\":\"https:\\\/\\\/elhijodelllanero.mx\\\/index.php\\\/2026\\\/03\\\/08\\\/inauguran-inspira-plataforma-para-impulsar-emprendimientos\\\/#article\",\"isPartOf\":{\"@id\":\"https:\\\/\\\/elhijodelllanero.mx\\\/index.php\\\/2026\\\/03\\\/08\\\/inauguran-inspira-plataforma-para-impulsar-emprendimientos\\\/\"},\"author\":{\"name\":\"Mar\u00eda de la Paz Rodarte Ram\u00edrez\",\"@id\":\"https:\\\/\\\/elhijodelllanero.mx\\\/#\\\/schema\\\/person\\\/c7f8c86c55c1eab44ae2b93a9628245f\"},\"headline\":\"Inauguran \u201cInspira\u201d, plataforma para impulsar emprendimientos.\",\"datePublished\":\"2026-03-08T05:33:43+00:00\",\"mainEntityOfPage\":{\"@id\":\"https:\\\/\\\/elhijodelllanero.mx\\\/index.php\\\/2026\\\/03\\\/08\\\/inauguran-inspira-plataforma-para-impulsar-emprendimientos\\\/\"},\"wordCount\":275,\"commentCount\":0,\"image\":{\"@id\":\"https:\\\/\\\/elhijodelllanero.mx\\\/index.php\\\/2026\\\/03\\\/08\\\/inauguran-inspira-plataforma-para-impulsar-emprendimientos\\\/#primaryimage\"},\"thumbnailUrl\":\"https:\\\/\\\/i0.wp.com\\\/elhijodelllanero.mx\\\/wp-content\\\/uploads\\\/2026\\\/03\\\/IMG-20260307-WA0006.jpg?fit=1600%2C1068&ssl=1\",\"articleSection\":[\"CORTAZAR\",\"MUNICIPIOS\"],\"inLanguage\":\"es\",\"potentialAction\":[{\"@type\":\"CommentAction\",\"name\":\"Comment\",\"target\":[\"https:\\\/\\\/elhijodelllanero.mx\\\/index.php\\\/2026\\\/03\\\/08\\\/inauguran-inspira-plataforma-para-impulsar-emprendimientos\\\/#respond\"]}]},{\"@type\":\"WebPage\",\"@id\":\"https:\\\/\\\/elhijodelllanero.mx\\\/index.php\\\/2026\\\/03\\\/08\\\/inauguran-inspira-plataforma-para-impulsar-emprendimientos\\\/\",\"url\":\"https:\\\/\\\/elhijodelllanero.mx\\\/index.php\\\/2026\\\/03\\\/08\\\/inauguran-inspira-plataforma-para-impulsar-emprendimientos\\\/\",\"name\":\"Inauguran \u201cInspira\u201d, plataforma para impulsar emprendimientos. - El Hijo del llanero solititito\",\"isPartOf\":{\"@id\":\"https:\\\/\\\/elhijodelllanero.mx\\\/#website\"},\"primaryImageOfPage\":{\"@id\":\"https:\\\/\\\/elhijodelllanero.mx\\\/index.php\\\/2026\\\/03\\\/08\\\/inauguran-inspira-plataforma-para-impulsar-emprendimientos\\\/#primaryimage\"},\"image\":{\"@id\":\"https:\\\/\\\/elhijodelllanero.mx\\\/index.php\\\/2026\\\/03\\\/08\\\/inauguran-inspira-plataforma-para-impulsar-emprendimientos\\\/#primaryimage\"},\"thumbnailUrl\":\"https:\\\/\\\/i0.wp.com\\\/elhijodelllanero.mx\\\/wp-content\\\/uploads\\\/2026\\\/03\\\/IMG-20260307-WA0006.jpg?fit=1600%2C1068&ssl=1\",\"datePublished\":\"2026-03-08T05:33:43+00:00\",\"author\":{\"@id\":\"https:\\\/\\\/elhijodelllanero.mx\\\/#\\\/schema\\\/person\\\/c7f8c86c55c1eab44ae2b93a9628245f\"},\"breadcrumb\":{\"@id\":\"https:\\\/\\\/elhijodelllanero.mx\\\/index.php\\\/2026\\\/03\\\/08\\\/inauguran-inspira-plataforma-para-impulsar-emprendimientos\\\/#breadcrumb\"},\"inLanguage\":\"es\",\"potentialAction\":[{\"@type\":\"ReadAction\",\"target\":[\"https:\\\/\\\/elhijodelllanero.mx\\\/index.php\\\/2026\\\/03\\\/08\\\/inauguran-inspira-plataforma-para-impulsar-emprendimientos\\\/\"]}]},{\"@type\":\"ImageObject\",\"inLanguage\":\"es\",\"@id\":\"https:\\\/\\\/elhijodelllanero.mx\\\/index.php\\\/2026\\\/03\\\/08\\\/inauguran-inspira-plataforma-para-impulsar-emprendimientos\\\/#primaryimage\",\"url\":\"https:\\\/\\\/i0.wp.com\\\/elhijodelllanero.mx\\\/wp-content\\\/uploads\\\/2026\\\/03\\\/IMG-20260307-WA0006.jpg?fit=1600%2C1068&ssl=1\",\"contentUrl\":\"https:\\\/\\\/i0.wp.com\\\/elhijodelllanero.mx\\\/wp-content\\\/uploads\\\/2026\\\/03\\\/IMG-20260307-WA0006.jpg?fit=1600%2C1068&ssl=1\",\"width\":1600,\"height\":1068},{\"@type\":\"BreadcrumbList\",\"@id\":\"https:\\\/\\\/elhijodelllanero.mx\\\/index.php\\\/2026\\\/03\\\/08\\\/inauguran-inspira-plataforma-para-impulsar-emprendimientos\\\/#breadcrumb\",\"itemListElement\":[{\"@type\":\"ListItem\",\"position\":1,\"name\":\"Portada\",\"item\":\"https:\\\/\\\/elhijodelllanero.mx\\\/\"},{\"@type\":\"ListItem\",\"position\":2,\"name\":\"Inauguran \u201cInspira\u201d, plataforma para impulsar emprendimientos.\"}]},{\"@type\":\"WebSite\",\"@id\":\"https:\\\/\\\/elhijodelllanero.mx\\\/#website\",\"url\":\"https:\\\/\\\/elhijodelllanero.mx\\\/\",\"name\":\"El Hijo del llanero solititito\",\"description\":\"\",\"potentialAction\":[{\"@type\":\"SearchAction\",\"target\":{\"@type\":\"EntryPoint\",\"urlTemplate\":\"https:\\\/\\\/elhijodelllanero.mx\\\/?s={search_term_string}\"},\"query-input\":{\"@type\":\"PropertyValueSpecification\",\"valueRequired\":true,\"valueName\":\"search_term_string\"}}],\"inLanguage\":\"es\"},{\"@type\":\"Person\",\"@id\":\"https:\\\/\\\/elhijodelllanero.mx\\\/#\\\/schema\\\/person\\\/c7f8c86c55c1eab44ae2b93a9628245f\",\"name\":\"Mar\u00eda de la Paz Rodarte Ram\u00edrez\",\"image\":{\"@type\":\"ImageObject\",\"inLanguage\":\"es\",\"@id\":\"https:\\\/\\\/secure.gravatar.com\\\/avatar\\\/1f38f8518b09a266af73da2bce78d69e7d1275299970134ed62f572e0487e1d0?s=96&d=mm&r=g\",\"url\":\"https:\\\/\\\/secure.gravatar.com\\\/avatar\\\/1f38f8518b09a266af73da2bce78d69e7d1275299970134ed62f572e0487e1d0?s=96&d=mm&r=g\",\"contentUrl\":\"https:\\\/\\\/secure.gravatar.com\\\/avatar\\\/1f38f8518b09a266af73da2bce78d69e7d1275299970134ed62f572e0487e1d0?s=96&d=mm&r=g\",\"caption\":\"Mar\u00eda de la Paz Rodarte Ram\u00edrez\"},\"sameAs\":[\"https:\\\/\\\/www.elhijodelllanero.mx\"],\"url\":\"https:\\\/\\\/elhijodelllanero.mx\\\/index.php\\\/author\\\/maricuas\\\/\"}]}<\/script>\n<!-- \/ Yoast SEO plugin. -->","yoast_head_json":{"title":"Inauguran \u201cInspira\u201d, plataforma para impulsar emprendimientos. - El Hijo del llanero solititito","robots":{"index":"index","follow":"follow","max-snippet":"max-snippet:-1","max-image-preview":"max-image-preview:large","max-video-preview":"max-video-preview:-1"},"canonical":"https:\/\/elhijodelllanero.mx\/index.php\/2026\/03\/08\/inauguran-inspira-plataforma-para-impulsar-emprendimientos\/","og_locale":"es_ES","og_type":"article","og_title":"Inauguran \u201cInspira\u201d, plataforma para impulsar emprendimientos. - El Hijo del llanero solititito","og_description":"Cortazar, Gto. 7 de marzo del 2026.-Con el objetivo de fortalecer el desarrollo econ\u00f3mico local y apoyar a ciudadanos que buscan consolidar sus proyectos productivos, el presidente municipal Mauricio Estefan\u00eda inaugur\u00f3 la primera edici\u00f3n de \u201cInspira\u201d, una plataforma orientada a la aceleraci\u00f3n comercial de emprendedores del municipio. El evento, impulsado por la Direcci\u00f3n de Desarrollo [&hellip;]","og_url":"https:\/\/elhijodelllanero.mx\/index.php\/2026\/03\/08\/inauguran-inspira-plataforma-para-impulsar-emprendimientos\/","og_site_name":"El Hijo del llanero solititito","article_published_time":"2026-03-08T05:33:43+00:00","og_image":[{"width":1600,"height":1068,"url":"https:\/\/elhijodelllanero.mx\/wp-content\/uploads\/2026\/03\/IMG-20260307-WA0006.jpg","type":"image\/jpeg"}],"author":"Mar\u00eda de la Paz Rodarte Ram\u00edrez","twitter_card":"summary_large_image","twitter_misc":{"Escrito por":"Mar\u00eda de la Paz Rodarte Ram\u00edrez","Tiempo de lectura":"2 minutos"},"schema":{"@context":"https:\/\/schema.org","@graph":[{"@type":"Article","@id":"https:\/\/elhijodelllanero.mx\/index.php\/2026\/03\/08\/inauguran-inspira-plataforma-para-impulsar-emprendimientos\/#article","isPartOf":{"@id":"https:\/\/elhijodelllanero.mx\/index.php\/2026\/03\/08\/inauguran-inspira-plataforma-para-impulsar-emprendimientos\/"},"author":{"name":"Mar\u00eda de la Paz Rodarte Ram\u00edrez","@id":"https:\/\/elhijodelllanero.mx\/#\/schema\/person\/c7f8c86c55c1eab44ae2b93a9628245f"},"headline":"Inauguran \u201cInspira\u201d, plataforma para impulsar emprendimientos.","datePublished":"2026-03-08T05:33:43+00:00","mainEntityOfPage":{"@id":"https:\/\/elhijodelllanero.mx\/index.php\/2026\/03\/08\/inauguran-inspira-plataforma-para-impulsar-emprendimientos\/"},"wordCount":275,"commentCount":0,"image":{"@id":"https:\/\/elhijodelllanero.mx\/index.php\/2026\/03\/08\/inauguran-inspira-plataforma-para-impulsar-emprendimientos\/#primaryimage"},"thumbnailUrl":"https:\/\/i0.wp.com\/elhijodelllanero.mx\/wp-content\/uploads\/2026\/03\/IMG-20260307-WA0006.jpg?fit=1600%2C1068&ssl=1","articleSection":["CORTAZAR","MUNICIPIOS"],"inLanguage":"es","potentialAction":[{"@type":"CommentAction","name":"Comment","target":["https:\/\/elhijodelllanero.mx\/index.php\/2026\/03\/08\/inauguran-inspira-plataforma-para-impulsar-emprendimientos\/#respond"]}]},{"@type":"WebPage","@id":"https:\/\/elhijodelllanero.mx\/index.php\/2026\/03\/08\/inauguran-inspira-plataforma-para-impulsar-emprendimientos\/","url":"https:\/\/elhijodelllanero.mx\/index.php\/2026\/03\/08\/inauguran-inspira-plataforma-para-impulsar-emprendimientos\/","name":"Inauguran \u201cInspira\u201d, plataforma para impulsar emprendimientos. - El Hijo del llanero solititito","isPartOf":{"@id":"https:\/\/elhijodelllanero.mx\/#website"},"primaryImageOfPage":{"@id":"https:\/\/elhijodelllanero.mx\/index.php\/2026\/03\/08\/inauguran-inspira-plataforma-para-impulsar-emprendimientos\/#primaryimage"},"image":{"@id":"https:\/\/elhijodelllanero.mx\/index.php\/2026\/03\/08\/inauguran-inspira-plataforma-para-impulsar-emprendimientos\/#primaryimage"},"thumbnailUrl":"https:\/\/i0.wp.com\/elhijodelllanero.mx\/wp-content\/uploads\/2026\/03\/IMG-20260307-WA0006.jpg?fit=1600%2C1068&ssl=1","datePublished":"2026-03-08T05:33:43+00:00","author":{"@id":"https:\/\/elhijodelllanero.mx\/#\/schema\/person\/c7f8c86c55c1eab44ae2b93a9628245f"},"breadcrumb":{"@id":"https:\/\/elhijodelllanero.mx\/index.php\/2026\/03\/08\/inauguran-inspira-plataforma-para-impulsar-emprendimientos\/#breadcrumb"},"inLanguage":"es","potentialAction":[{"@type":"ReadAction","target":["https:\/\/elhijodelllanero.mx\/index.php\/2026\/03\/08\/inauguran-inspira-plataforma-para-impulsar-emprendimientos\/"]}]},{"@type":"ImageObject","inLanguage":"es","@id":"https:\/\/elhijodelllanero.mx\/index.php\/2026\/03\/08\/inauguran-inspira-plataforma-para-impulsar-emprendimientos\/#primaryimage","url":"https:\/\/i0.wp.com\/elhijodelllanero.mx\/wp-content\/uploads\/2026\/03\/IMG-20260307-WA0006.jpg?fit=1600%2C1068&ssl=1","contentUrl":"https:\/\/i0.wp.com\/elhijodelllanero.mx\/wp-content\/uploads\/2026\/03\/IMG-20260307-WA0006.jpg?fit=1600%2C1068&ssl=1","width":1600,"height":1068},{"@type":"BreadcrumbList","@id":"https:\/\/elhijodelllanero.mx\/index.php\/2026\/03\/08\/inauguran-inspira-plataforma-para-impulsar-emprendimientos\/#breadcrumb","itemListElement":[{"@type":"ListItem","position":1,"name":"Portada","item":"https:\/\/elhijodelllanero.mx\/"},{"@type":"ListItem","position":2,"name":"Inauguran \u201cInspira\u201d, plataforma para impulsar emprendimientos."}]},{"@type":"WebSite","@id":"https:\/\/elhijodelllanero.mx\/#website","url":"https:\/\/elhijodelllanero.mx\/","name":"El Hijo del llanero solititito","description":"","potentialAction":[{"@type":"SearchAction","target":{"@type":"EntryPoint","urlTemplate":"https:\/\/elhijodelllanero.mx\/?s={search_term_string}"},"query-input":{"@type":"PropertyValueSpecification","valueRequired":true,"valueName":"search_term_string"}}],"inLanguage":"es"},{"@type":"Person","@id":"https:\/\/elhijodelllanero.mx\/#\/schema\/person\/c7f8c86c55c1eab44ae2b93a9628245f","name":"Mar\u00eda de la Paz Rodarte Ram\u00edrez","image":{"@type":"ImageObject","inLanguage":"es","@id":"https:\/\/secure.gravatar.com\/avatar\/1f38f8518b09a266af73da2bce78d69e7d1275299970134ed62f572e0487e1d0?s=96&d=mm&r=g","url":"https:\/\/secure.gravatar.com\/avatar\/1f38f8518b09a266af73da2bce78d69e7d1275299970134ed62f572e0487e1d0?s=96&d=mm&r=g","contentUrl":"https:\/\/secure.gravatar.com\/avatar\/1f38f8518b09a266af73da2bce78d69e7d1275299970134ed62f572e0487e1d0?s=96&d=mm&r=g","caption":"Mar\u00eda de la Paz Rodarte Ram\u00edrez"},"sameAs":["https:\/\/www.elhijodelllanero.mx"],"url":"https:\/\/elhijodelllanero.mx\/index.php\/author\/maricuas\/"}]}},"jetpack_featured_media_url":"https:\/\/i0.wp.com\/elhijodelllanero.mx\/wp-content\/uploads\/2026\/03\/IMG-20260307-WA0006.jpg?fit=1600%2C1068&ssl=1","jetpack-related-posts":[],"jetpack_sharing_enabled":true,"_links":{"self":[{"href":"https:\/\/elhijodelllanero.mx\/index.php\/wp-json\/wp\/v2\/posts\/13207","targetHints":{"allow":["GET"]}}],"collection":[{"href":"https:\/\/elhijodelllanero.mx\/index.php\/wp-json\/wp\/v2\/posts"}],"about":[{"href":"https:\/\/elhijodelllanero.mx\/index.php\/wp-json\/wp\/v2\/types\/post"}],"author":[{"embeddable":true,"href":"https:\/\/elhijodelllanero.mx\/index.php\/wp-json\/wp\/v2\/users\/3"}],"replies":[{"embeddable":true,"href":"https:\/\/elhijodelllanero.mx\/index.php\/wp-json\/wp\/v2\/comments?post=13207"}],"version-history":[{"count":1,"href":"https:\/\/elhijodelllanero.mx\/index.php\/wp-json\/wp\/v2\/posts\/13207\/revisions"}],"predecessor-version":[{"id":13209,"href":"https:\/\/elhijodelllanero.mx\/index.php\/wp-json\/wp\/v2\/posts\/13207\/revisions\/13209"}],"wp:featuredmedia":[{"embeddable":true,"href":"https:\/\/elhijodelllanero.mx\/index.php\/wp-json\/wp\/v2\/media\/13208"}],"wp:attachment":[{"href":"https:\/\/elhijodelllanero.mx\/index.php\/wp-json\/wp\/v2\/media?parent=13207"}],"wp:term":[{"taxonomy":"category","embeddable":true,"href":"https:\/\/elhijodelllanero.mx\/index.php\/wp-json\/wp\/v2\/categories?post=13207"},{"taxonomy":"post_tag","embeddable":true,"href":"https:\/\/elhijodelllanero.mx\/index.php\/wp-json\/wp\/v2\/tags?post=13207"}],"curies":[{"name":"wp","href":"https:\/\/api.w.org\/{rel}","templated":true}]}}