{"id":13243,"date":"2026-03-09T23:19:24","date_gmt":"2026-03-09T23:19:24","guid":{"rendered":"https:\/\/elhijodelllanero.mx\/?p=13243"},"modified":"2026-03-09T23:19:24","modified_gmt":"2026-03-09T23:19:24","slug":"esperan-resultados-de-auditoria-en-la-junta-de-agua-de-cortazar","status":"publish","type":"post","link":"https:\/\/elhijodelllanero.mx\/index.php\/2026\/03\/09\/esperan-resultados-de-auditoria-en-la-junta-de-agua-de-cortazar\/","title":{"rendered":"Esperan resultados de auditor\u00eda en la Junta de Agua de Cortazar."},"content":{"rendered":"<p>Cortazar, Gto. 9 de marzo del 2026.-El presidente municipal Mauricio Estefan\u00eda inform\u00f3 que su administraci\u00f3n se mantiene a la espera de los resultados de la auditor\u00eda realizada por la Contralor\u00eda a la Junta Municipal de Agua Potable y Alcantarillado de Cortazar, donde se investigan presuntas irregularidades administrativas.<\/p>\n<p>El alcalde se\u00f1al\u00f3 que durante la revisi\u00f3n se han detectado algunas situaciones, aunque aclar\u00f3 que los detalles se dar\u00e1n a conocer hasta que concluya la investigaci\u00f3n, con el fin de no afectar el proceso.<\/p>\n<p>La auditor\u00eda tambi\u00e9n busca esclarecer la presunta falta de alrededor de 400 mil pesos se\u00f1alada anteriormente por la exsubdirectora Viridiana Mendoza, adem\u00e1s de denuncias relacionadas con posibles despidos injustificados dentro del organismo.<\/p>\n<p>Estefan\u00eda destac\u00f3 que los cambios realizados en la direcci\u00f3n de la junta han permitido mejorar el servicio de agua potable en el municipio. Afirm\u00f3 que actualmente ya se registra mayor disponibilidad del recurso y que se trabaja en un proyecto para eliminar el sistema de tandeo y lograr suministro diario en las viviendas.<\/p>\n<p>El alcalde reiter\u00f3 que su gobierno dar\u00e1 a conocer los resultados de la auditor\u00eda una vez que concluya el proceso, con el compromiso de actuar conforme a lo que determinen las investigaciones.<\/p>\n","protected":false},"excerpt":{"rendered":"<p>Cortazar, Gto. 9 de marzo del 2026.-El presidente municipal Mauricio Estefan\u00eda inform\u00f3 que su administraci\u00f3n se mantiene a la espera de los resultados de la auditor\u00eda realizada por la Contralor\u00eda a la Junta Municipal de Agua Potable y Alcantarillado de Cortazar, donde se investigan presuntas irregularidades administrativas. El alcalde se\u00f1al\u00f3 que durante la revisi\u00f3n se [&hellip;]<\/p>\n","protected":false},"author":3,"featured_media":13244,"comment_status":"open","ping_status":"closed","sticky":false,"template":"","format":"standard","meta":{"_jetpack_newsletter_access":"","_jetpack_dont_email_post_to_subs":false,"_jetpack_newsletter_tier_id":0,"_jetpack_memberships_contains_paywalled_content":false,"_jetpack_memberships_contains_paid_content":false,"footnotes":""},"categories":[77,76],"tags":[],"class_list":{"0":"post-13243","1":"post","2":"type-post","3":"status-publish","4":"format-standard","5":"has-post-thumbnail","7":"category-cortazar","8":"category-municipios"},"yoast_head":"<!-- This site is optimized with the Yoast SEO plugin v27.3 - https:\/\/yoast.com\/product\/yoast-seo-wordpress\/ -->\n<title>Esperan resultados de auditor\u00eda en la Junta de Agua de Cortazar. - El Hijo del llanero solititito<\/title>\n<meta name=\"robots\" content=\"index, follow, max-snippet:-1, max-image-preview:large, max-video-preview:-1\" \/>\n<link rel=\"canonical\" href=\"https:\/\/elhijodelllanero.mx\/index.php\/2026\/03\/09\/esperan-resultados-de-auditoria-en-la-junta-de-agua-de-cortazar\/\" \/>\n<meta property=\"og:locale\" content=\"es_ES\" \/>\n<meta property=\"og:type\" content=\"article\" \/>\n<meta property=\"og:title\" content=\"Esperan resultados de auditor\u00eda en la Junta de Agua de Cortazar. - El Hijo del llanero solititito\" \/>\n<meta property=\"og:description\" content=\"Cortazar, Gto. 9 de marzo del 2026.-El presidente municipal Mauricio Estefan\u00eda inform\u00f3 que su administraci\u00f3n se mantiene a la espera de los resultados de la auditor\u00eda realizada por la Contralor\u00eda a la Junta Municipal de Agua Potable y Alcantarillado de Cortazar, donde se investigan presuntas irregularidades administrativas. El alcalde se\u00f1al\u00f3 que durante la revisi\u00f3n se [&hellip;]\" \/>\n<meta property=\"og:url\" content=\"https:\/\/elhijodelllanero.mx\/index.php\/2026\/03\/09\/esperan-resultados-de-auditoria-en-la-junta-de-agua-de-cortazar\/\" \/>\n<meta property=\"og:site_name\" content=\"El Hijo del llanero solititito\" \/>\n<meta property=\"article:published_time\" content=\"2026-03-09T23:19:24+00:00\" \/>\n<meta property=\"og:image\" content=\"https:\/\/elhijodelllanero.mx\/wp-content\/uploads\/2026\/03\/IMG-20260309-WA0014.jpg\" \/>\n\t<meta property=\"og:image:width\" content=\"1280\" \/>\n\t<meta property=\"og:image:height\" content=\"960\" \/>\n\t<meta property=\"og:image:type\" content=\"image\/jpeg\" \/>\n<meta name=\"author\" content=\"Mar\u00eda de la Paz Rodarte Ram\u00edrez\" \/>\n<meta name=\"twitter:card\" content=\"summary_large_image\" \/>\n<meta name=\"twitter:label1\" content=\"Escrito por\" \/>\n\t<meta name=\"twitter:data1\" content=\"Mar\u00eda de la Paz Rodarte Ram\u00edrez\" \/>\n\t<meta name=\"twitter:label2\" content=\"Tiempo de lectura\" \/>\n\t<meta name=\"twitter:data2\" content=\"2 minutos\" \/>\n<script type=\"application\/ld+json\" class=\"yoast-schema-graph\">{\"@context\":\"https:\\\/\\\/schema.org\",\"@graph\":[{\"@type\":\"Article\",\"@id\":\"https:\\\/\\\/elhijodelllanero.mx\\\/index.php\\\/2026\\\/03\\\/09\\\/esperan-resultados-de-auditoria-en-la-junta-de-agua-de-cortazar\\\/#article\",\"isPartOf\":{\"@id\":\"https:\\\/\\\/elhijodelllanero.mx\\\/index.php\\\/2026\\\/03\\\/09\\\/esperan-resultados-de-auditoria-en-la-junta-de-agua-de-cortazar\\\/\"},\"author\":{\"name\":\"Mar\u00eda de la Paz Rodarte Ram\u00edrez\",\"@id\":\"https:\\\/\\\/elhijodelllanero.mx\\\/#\\\/schema\\\/person\\\/c7f8c86c55c1eab44ae2b93a9628245f\"},\"headline\":\"Esperan resultados de auditor\u00eda en la Junta de Agua de Cortazar.\",\"datePublished\":\"2026-03-09T23:19:24+00:00\",\"mainEntityOfPage\":{\"@id\":\"https:\\\/\\\/elhijodelllanero.mx\\\/index.php\\\/2026\\\/03\\\/09\\\/esperan-resultados-de-auditoria-en-la-junta-de-agua-de-cortazar\\\/\"},\"wordCount\":223,\"commentCount\":0,\"image\":{\"@id\":\"https:\\\/\\\/elhijodelllanero.mx\\\/index.php\\\/2026\\\/03\\\/09\\\/esperan-resultados-de-auditoria-en-la-junta-de-agua-de-cortazar\\\/#primaryimage\"},\"thumbnailUrl\":\"https:\\\/\\\/i0.wp.com\\\/elhijodelllanero.mx\\\/wp-content\\\/uploads\\\/2026\\\/03\\\/IMG-20260309-WA0014.jpg?fit=1280%2C960&ssl=1\",\"articleSection\":[\"CORTAZAR\",\"MUNICIPIOS\"],\"inLanguage\":\"es\",\"potentialAction\":[{\"@type\":\"CommentAction\",\"name\":\"Comment\",\"target\":[\"https:\\\/\\\/elhijodelllanero.mx\\\/index.php\\\/2026\\\/03\\\/09\\\/esperan-resultados-de-auditoria-en-la-junta-de-agua-de-cortazar\\\/#respond\"]}]},{\"@type\":\"WebPage\",\"@id\":\"https:\\\/\\\/elhijodelllanero.mx\\\/index.php\\\/2026\\\/03\\\/09\\\/esperan-resultados-de-auditoria-en-la-junta-de-agua-de-cortazar\\\/\",\"url\":\"https:\\\/\\\/elhijodelllanero.mx\\\/index.php\\\/2026\\\/03\\\/09\\\/esperan-resultados-de-auditoria-en-la-junta-de-agua-de-cortazar\\\/\",\"name\":\"Esperan resultados de auditor\u00eda en la Junta de Agua de Cortazar. - El Hijo del llanero solititito\",\"isPartOf\":{\"@id\":\"https:\\\/\\\/elhijodelllanero.mx\\\/#website\"},\"primaryImageOfPage\":{\"@id\":\"https:\\\/\\\/elhijodelllanero.mx\\\/index.php\\\/2026\\\/03\\\/09\\\/esperan-resultados-de-auditoria-en-la-junta-de-agua-de-cortazar\\\/#primaryimage\"},\"image\":{\"@id\":\"https:\\\/\\\/elhijodelllanero.mx\\\/index.php\\\/2026\\\/03\\\/09\\\/esperan-resultados-de-auditoria-en-la-junta-de-agua-de-cortazar\\\/#primaryimage\"},\"thumbnailUrl\":\"https:\\\/\\\/i0.wp.com\\\/elhijodelllanero.mx\\\/wp-content\\\/uploads\\\/2026\\\/03\\\/IMG-20260309-WA0014.jpg?fit=1280%2C960&ssl=1\",\"datePublished\":\"2026-03-09T23:19:24+00:00\",\"author\":{\"@id\":\"https:\\\/\\\/elhijodelllanero.mx\\\/#\\\/schema\\\/person\\\/c7f8c86c55c1eab44ae2b93a9628245f\"},\"breadcrumb\":{\"@id\":\"https:\\\/\\\/elhijodelllanero.mx\\\/index.php\\\/2026\\\/03\\\/09\\\/esperan-resultados-de-auditoria-en-la-junta-de-agua-de-cortazar\\\/#breadcrumb\"},\"inLanguage\":\"es\",\"potentialAction\":[{\"@type\":\"ReadAction\",\"target\":[\"https:\\\/\\\/elhijodelllanero.mx\\\/index.php\\\/2026\\\/03\\\/09\\\/esperan-resultados-de-auditoria-en-la-junta-de-agua-de-cortazar\\\/\"]}]},{\"@type\":\"ImageObject\",\"inLanguage\":\"es\",\"@id\":\"https:\\\/\\\/elhijodelllanero.mx\\\/index.php\\\/2026\\\/03\\\/09\\\/esperan-resultados-de-auditoria-en-la-junta-de-agua-de-cortazar\\\/#primaryimage\",\"url\":\"https:\\\/\\\/i0.wp.com\\\/elhijodelllanero.mx\\\/wp-content\\\/uploads\\\/2026\\\/03\\\/IMG-20260309-WA0014.jpg?fit=1280%2C960&ssl=1\",\"contentUrl\":\"https:\\\/\\\/i0.wp.com\\\/elhijodelllanero.mx\\\/wp-content\\\/uploads\\\/2026\\\/03\\\/IMG-20260309-WA0014.jpg?fit=1280%2C960&ssl=1\",\"width\":1280,\"height\":960},{\"@type\":\"BreadcrumbList\",\"@id\":\"https:\\\/\\\/elhijodelllanero.mx\\\/index.php\\\/2026\\\/03\\\/09\\\/esperan-resultados-de-auditoria-en-la-junta-de-agua-de-cortazar\\\/#breadcrumb\",\"itemListElement\":[{\"@type\":\"ListItem\",\"position\":1,\"name\":\"Portada\",\"item\":\"https:\\\/\\\/elhijodelllanero.mx\\\/\"},{\"@type\":\"ListItem\",\"position\":2,\"name\":\"Esperan resultados de auditor\u00eda en la Junta de Agua de Cortazar.\"}]},{\"@type\":\"WebSite\",\"@id\":\"https:\\\/\\\/elhijodelllanero.mx\\\/#website\",\"url\":\"https:\\\/\\\/elhijodelllanero.mx\\\/\",\"name\":\"El Hijo del llanero solititito\",\"description\":\"\",\"potentialAction\":[{\"@type\":\"SearchAction\",\"target\":{\"@type\":\"EntryPoint\",\"urlTemplate\":\"https:\\\/\\\/elhijodelllanero.mx\\\/?s={search_term_string}\"},\"query-input\":{\"@type\":\"PropertyValueSpecification\",\"valueRequired\":true,\"valueName\":\"search_term_string\"}}],\"inLanguage\":\"es\"},{\"@type\":\"Person\",\"@id\":\"https:\\\/\\\/elhijodelllanero.mx\\\/#\\\/schema\\\/person\\\/c7f8c86c55c1eab44ae2b93a9628245f\",\"name\":\"Mar\u00eda de la Paz Rodarte Ram\u00edrez\",\"image\":{\"@type\":\"ImageObject\",\"inLanguage\":\"es\",\"@id\":\"https:\\\/\\\/secure.gravatar.com\\\/avatar\\\/1f38f8518b09a266af73da2bce78d69e7d1275299970134ed62f572e0487e1d0?s=96&d=mm&r=g\",\"url\":\"https:\\\/\\\/secure.gravatar.com\\\/avatar\\\/1f38f8518b09a266af73da2bce78d69e7d1275299970134ed62f572e0487e1d0?s=96&d=mm&r=g\",\"contentUrl\":\"https:\\\/\\\/secure.gravatar.com\\\/avatar\\\/1f38f8518b09a266af73da2bce78d69e7d1275299970134ed62f572e0487e1d0?s=96&d=mm&r=g\",\"caption\":\"Mar\u00eda de la Paz Rodarte Ram\u00edrez\"},\"sameAs\":[\"https:\\\/\\\/www.elhijodelllanero.mx\"],\"url\":\"https:\\\/\\\/elhijodelllanero.mx\\\/index.php\\\/author\\\/maricuas\\\/\"}]}<\/script>\n<!-- \/ Yoast SEO plugin. -->","yoast_head_json":{"title":"Esperan resultados de auditor\u00eda en la Junta de Agua de Cortazar. - El Hijo del llanero solititito","robots":{"index":"index","follow":"follow","max-snippet":"max-snippet:-1","max-image-preview":"max-image-preview:large","max-video-preview":"max-video-preview:-1"},"canonical":"https:\/\/elhijodelllanero.mx\/index.php\/2026\/03\/09\/esperan-resultados-de-auditoria-en-la-junta-de-agua-de-cortazar\/","og_locale":"es_ES","og_type":"article","og_title":"Esperan resultados de auditor\u00eda en la Junta de Agua de Cortazar. - El Hijo del llanero solititito","og_description":"Cortazar, Gto. 9 de marzo del 2026.-El presidente municipal Mauricio Estefan\u00eda inform\u00f3 que su administraci\u00f3n se mantiene a la espera de los resultados de la auditor\u00eda realizada por la Contralor\u00eda a la Junta Municipal de Agua Potable y Alcantarillado de Cortazar, donde se investigan presuntas irregularidades administrativas. El alcalde se\u00f1al\u00f3 que durante la revisi\u00f3n se [&hellip;]","og_url":"https:\/\/elhijodelllanero.mx\/index.php\/2026\/03\/09\/esperan-resultados-de-auditoria-en-la-junta-de-agua-de-cortazar\/","og_site_name":"El Hijo del llanero solititito","article_published_time":"2026-03-09T23:19:24+00:00","og_image":[{"width":1280,"height":960,"url":"https:\/\/elhijodelllanero.mx\/wp-content\/uploads\/2026\/03\/IMG-20260309-WA0014.jpg","type":"image\/jpeg"}],"author":"Mar\u00eda de la Paz Rodarte Ram\u00edrez","twitter_card":"summary_large_image","twitter_misc":{"Escrito por":"Mar\u00eda de la Paz Rodarte Ram\u00edrez","Tiempo de lectura":"2 minutos"},"schema":{"@context":"https:\/\/schema.org","@graph":[{"@type":"Article","@id":"https:\/\/elhijodelllanero.mx\/index.php\/2026\/03\/09\/esperan-resultados-de-auditoria-en-la-junta-de-agua-de-cortazar\/#article","isPartOf":{"@id":"https:\/\/elhijodelllanero.mx\/index.php\/2026\/03\/09\/esperan-resultados-de-auditoria-en-la-junta-de-agua-de-cortazar\/"},"author":{"name":"Mar\u00eda de la Paz Rodarte Ram\u00edrez","@id":"https:\/\/elhijodelllanero.mx\/#\/schema\/person\/c7f8c86c55c1eab44ae2b93a9628245f"},"headline":"Esperan resultados de auditor\u00eda en la Junta de Agua de Cortazar.","datePublished":"2026-03-09T23:19:24+00:00","mainEntityOfPage":{"@id":"https:\/\/elhijodelllanero.mx\/index.php\/2026\/03\/09\/esperan-resultados-de-auditoria-en-la-junta-de-agua-de-cortazar\/"},"wordCount":223,"commentCount":0,"image":{"@id":"https:\/\/elhijodelllanero.mx\/index.php\/2026\/03\/09\/esperan-resultados-de-auditoria-en-la-junta-de-agua-de-cortazar\/#primaryimage"},"thumbnailUrl":"https:\/\/i0.wp.com\/elhijodelllanero.mx\/wp-content\/uploads\/2026\/03\/IMG-20260309-WA0014.jpg?fit=1280%2C960&ssl=1","articleSection":["CORTAZAR","MUNICIPIOS"],"inLanguage":"es","potentialAction":[{"@type":"CommentAction","name":"Comment","target":["https:\/\/elhijodelllanero.mx\/index.php\/2026\/03\/09\/esperan-resultados-de-auditoria-en-la-junta-de-agua-de-cortazar\/#respond"]}]},{"@type":"WebPage","@id":"https:\/\/elhijodelllanero.mx\/index.php\/2026\/03\/09\/esperan-resultados-de-auditoria-en-la-junta-de-agua-de-cortazar\/","url":"https:\/\/elhijodelllanero.mx\/index.php\/2026\/03\/09\/esperan-resultados-de-auditoria-en-la-junta-de-agua-de-cortazar\/","name":"Esperan resultados de auditor\u00eda en la Junta de Agua de Cortazar. - El Hijo del llanero solititito","isPartOf":{"@id":"https:\/\/elhijodelllanero.mx\/#website"},"primaryImageOfPage":{"@id":"https:\/\/elhijodelllanero.mx\/index.php\/2026\/03\/09\/esperan-resultados-de-auditoria-en-la-junta-de-agua-de-cortazar\/#primaryimage"},"image":{"@id":"https:\/\/elhijodelllanero.mx\/index.php\/2026\/03\/09\/esperan-resultados-de-auditoria-en-la-junta-de-agua-de-cortazar\/#primaryimage"},"thumbnailUrl":"https:\/\/i0.wp.com\/elhijodelllanero.mx\/wp-content\/uploads\/2026\/03\/IMG-20260309-WA0014.jpg?fit=1280%2C960&ssl=1","datePublished":"2026-03-09T23:19:24+00:00","author":{"@id":"https:\/\/elhijodelllanero.mx\/#\/schema\/person\/c7f8c86c55c1eab44ae2b93a9628245f"},"breadcrumb":{"@id":"https:\/\/elhijodelllanero.mx\/index.php\/2026\/03\/09\/esperan-resultados-de-auditoria-en-la-junta-de-agua-de-cortazar\/#breadcrumb"},"inLanguage":"es","potentialAction":[{"@type":"ReadAction","target":["https:\/\/elhijodelllanero.mx\/index.php\/2026\/03\/09\/esperan-resultados-de-auditoria-en-la-junta-de-agua-de-cortazar\/"]}]},{"@type":"ImageObject","inLanguage":"es","@id":"https:\/\/elhijodelllanero.mx\/index.php\/2026\/03\/09\/esperan-resultados-de-auditoria-en-la-junta-de-agua-de-cortazar\/#primaryimage","url":"https:\/\/i0.wp.com\/elhijodelllanero.mx\/wp-content\/uploads\/2026\/03\/IMG-20260309-WA0014.jpg?fit=1280%2C960&ssl=1","contentUrl":"https:\/\/i0.wp.com\/elhijodelllanero.mx\/wp-content\/uploads\/2026\/03\/IMG-20260309-WA0014.jpg?fit=1280%2C960&ssl=1","width":1280,"height":960},{"@type":"BreadcrumbList","@id":"https:\/\/elhijodelllanero.mx\/index.php\/2026\/03\/09\/esperan-resultados-de-auditoria-en-la-junta-de-agua-de-cortazar\/#breadcrumb","itemListElement":[{"@type":"ListItem","position":1,"name":"Portada","item":"https:\/\/elhijodelllanero.mx\/"},{"@type":"ListItem","position":2,"name":"Esperan resultados de auditor\u00eda en la Junta de Agua de Cortazar."}]},{"@type":"WebSite","@id":"https:\/\/elhijodelllanero.mx\/#website","url":"https:\/\/elhijodelllanero.mx\/","name":"El Hijo del llanero solititito","description":"","potentialAction":[{"@type":"SearchAction","target":{"@type":"EntryPoint","urlTemplate":"https:\/\/elhijodelllanero.mx\/?s={search_term_string}"},"query-input":{"@type":"PropertyValueSpecification","valueRequired":true,"valueName":"search_term_string"}}],"inLanguage":"es"},{"@type":"Person","@id":"https:\/\/elhijodelllanero.mx\/#\/schema\/person\/c7f8c86c55c1eab44ae2b93a9628245f","name":"Mar\u00eda de la Paz Rodarte Ram\u00edrez","image":{"@type":"ImageObject","inLanguage":"es","@id":"https:\/\/secure.gravatar.com\/avatar\/1f38f8518b09a266af73da2bce78d69e7d1275299970134ed62f572e0487e1d0?s=96&d=mm&r=g","url":"https:\/\/secure.gravatar.com\/avatar\/1f38f8518b09a266af73da2bce78d69e7d1275299970134ed62f572e0487e1d0?s=96&d=mm&r=g","contentUrl":"https:\/\/secure.gravatar.com\/avatar\/1f38f8518b09a266af73da2bce78d69e7d1275299970134ed62f572e0487e1d0?s=96&d=mm&r=g","caption":"Mar\u00eda de la Paz Rodarte Ram\u00edrez"},"sameAs":["https:\/\/www.elhijodelllanero.mx"],"url":"https:\/\/elhijodelllanero.mx\/index.php\/author\/maricuas\/"}]}},"jetpack_featured_media_url":"https:\/\/i0.wp.com\/elhijodelllanero.mx\/wp-content\/uploads\/2026\/03\/IMG-20260309-WA0014.jpg?fit=1280%2C960&ssl=1","jetpack-related-posts":[],"jetpack_sharing_enabled":true,"_links":{"self":[{"href":"https:\/\/elhijodelllanero.mx\/index.php\/wp-json\/wp\/v2\/posts\/13243","targetHints":{"allow":["GET"]}}],"collection":[{"href":"https:\/\/elhijodelllanero.mx\/index.php\/wp-json\/wp\/v2\/posts"}],"about":[{"href":"https:\/\/elhijodelllanero.mx\/index.php\/wp-json\/wp\/v2\/types\/post"}],"author":[{"embeddable":true,"href":"https:\/\/elhijodelllanero.mx\/index.php\/wp-json\/wp\/v2\/users\/3"}],"replies":[{"embeddable":true,"href":"https:\/\/elhijodelllanero.mx\/index.php\/wp-json\/wp\/v2\/comments?post=13243"}],"version-history":[{"count":1,"href":"https:\/\/elhijodelllanero.mx\/index.php\/wp-json\/wp\/v2\/posts\/13243\/revisions"}],"predecessor-version":[{"id":13245,"href":"https:\/\/elhijodelllanero.mx\/index.php\/wp-json\/wp\/v2\/posts\/13243\/revisions\/13245"}],"wp:featuredmedia":[{"embeddable":true,"href":"https:\/\/elhijodelllanero.mx\/index.php\/wp-json\/wp\/v2\/media\/13244"}],"wp:attachment":[{"href":"https:\/\/elhijodelllanero.mx\/index.php\/wp-json\/wp\/v2\/media?parent=13243"}],"wp:term":[{"taxonomy":"category","embeddable":true,"href":"https:\/\/elhijodelllanero.mx\/index.php\/wp-json\/wp\/v2\/categories?post=13243"},{"taxonomy":"post_tag","embeddable":true,"href":"https:\/\/elhijodelllanero.mx\/index.php\/wp-json\/wp\/v2\/tags?post=13243"}],"curies":[{"name":"wp","href":"https:\/\/api.w.org\/{rel}","templated":true}]}}