{"id":13264,"date":"2026-03-11T00:29:50","date_gmt":"2026-03-11T00:29:50","guid":{"rendered":"https:\/\/elhijodelllanero.mx\/?p=13264"},"modified":"2026-03-11T00:29:50","modified_gmt":"2026-03-11T00:29:50","slug":"inauguran-pavimentacion-de-calle-pino-suarez-en-zona-del-tianguis","status":"publish","type":"post","link":"https:\/\/elhijodelllanero.mx\/index.php\/2026\/03\/11\/inauguran-pavimentacion-de-calle-pino-suarez-en-zona-del-tianguis\/","title":{"rendered":"Inauguran pavimentaci\u00f3n de calle Pino Su\u00e1rez en zona del tianguis."},"content":{"rendered":"<p>Apaseo el Grande, Gto. 10 de marzo del 2026.-Autoridades municipales y estatales inauguraron la pavimentaci\u00f3n con empedrado ahogado en concreto de la calle Pino Su\u00e1rez, ubicada en la zona centro, una obra que beneficiar\u00e1 a comerciantes del tianguis, usuarios de la Casa de la Juventud y vecinos del \u00e1rea.<\/p>\n<p>El proyecto incluy\u00f3 adem\u00e1s la instalaci\u00f3n de nuevas l\u00edneas de drenaje y agua potable para mejorar los servicios en la zona donde cada semana se instala el tianguis.<\/p>\n<p>De acuerdo con el director de Obras P\u00fablicas, Marcos Ornelas, la obra tuvo una inversi\u00f3n cercana a los 3 millones de pesos y se realiz\u00f3 en coordinaci\u00f3n con comerciantes y autoridades municipales.<\/p>\n<p>Durante el acto, representantes del tianguis agradecieron la intervenci\u00f3n, ya que la pavimentaci\u00f3n de esta vialidad hab\u00eda sido una solicitud constante debido al deterioro que presentaba.<\/p>\n<p>El presidente municipal, Jos\u00e9 Luis \u201cChelis\u201d Oliveros Usabiaga, se\u00f1al\u00f3 que esta obra forma parte de las acciones de mejoramiento urbano que se han realizado en el sector para fortalecer la seguridad y los accesos en la zona.<\/p>\n<p>En el evento tambi\u00e9n participaron autoridades estatales, integrantes del Ayuntamiento, comerciantes y vecinos del lugar.<\/p>\n","protected":false},"excerpt":{"rendered":"<p>Apaseo el Grande, Gto. 10 de marzo del 2026.-Autoridades municipales y estatales inauguraron la pavimentaci\u00f3n con empedrado ahogado en concreto de la calle Pino Su\u00e1rez, ubicada en la zona centro, una obra que beneficiar\u00e1 a comerciantes del tianguis, usuarios de la Casa de la Juventud y vecinos del \u00e1rea. El proyecto incluy\u00f3 adem\u00e1s la instalaci\u00f3n [&hellip;]<\/p>\n","protected":false},"author":3,"featured_media":13265,"comment_status":"open","ping_status":"closed","sticky":false,"template":"","format":"standard","meta":{"_jetpack_newsletter_access":"","_jetpack_dont_email_post_to_subs":false,"_jetpack_newsletter_tier_id":0,"_jetpack_memberships_contains_paywalled_content":false,"_jetpack_memberships_contains_paid_content":false,"footnotes":""},"categories":[78,76],"tags":[],"class_list":{"0":"post-13264","1":"post","2":"type-post","3":"status-publish","4":"format-standard","5":"has-post-thumbnail","7":"category-apaseo-el-grande","8":"category-municipios"},"yoast_head":"<!-- This site is optimized with the Yoast SEO plugin v27.3 - https:\/\/yoast.com\/product\/yoast-seo-wordpress\/ -->\n<title>Inauguran pavimentaci\u00f3n de calle Pino Su\u00e1rez en zona del tianguis. - El Hijo del llanero solititito<\/title>\n<meta name=\"robots\" content=\"index, follow, max-snippet:-1, max-image-preview:large, max-video-preview:-1\" \/>\n<link rel=\"canonical\" href=\"https:\/\/elhijodelllanero.mx\/index.php\/2026\/03\/11\/inauguran-pavimentacion-de-calle-pino-suarez-en-zona-del-tianguis\/\" \/>\n<meta property=\"og:locale\" content=\"es_ES\" \/>\n<meta property=\"og:type\" content=\"article\" \/>\n<meta property=\"og:title\" content=\"Inauguran pavimentaci\u00f3n de calle Pino Su\u00e1rez en zona del tianguis. - El Hijo del llanero solititito\" \/>\n<meta property=\"og:description\" content=\"Apaseo el Grande, Gto. 10 de marzo del 2026.-Autoridades municipales y estatales inauguraron la pavimentaci\u00f3n con empedrado ahogado en concreto de la calle Pino Su\u00e1rez, ubicada en la zona centro, una obra que beneficiar\u00e1 a comerciantes del tianguis, usuarios de la Casa de la Juventud y vecinos del \u00e1rea. El proyecto incluy\u00f3 adem\u00e1s la instalaci\u00f3n [&hellip;]\" \/>\n<meta property=\"og:url\" content=\"https:\/\/elhijodelllanero.mx\/index.php\/2026\/03\/11\/inauguran-pavimentacion-de-calle-pino-suarez-en-zona-del-tianguis\/\" \/>\n<meta property=\"og:site_name\" content=\"El Hijo del llanero solititito\" \/>\n<meta property=\"article:published_time\" content=\"2026-03-11T00:29:50+00:00\" \/>\n<meta property=\"og:image\" content=\"https:\/\/elhijodelllanero.mx\/wp-content\/uploads\/2026\/03\/IMG-20260310-WA0013.jpg\" \/>\n\t<meta property=\"og:image:width\" content=\"1280\" \/>\n\t<meta property=\"og:image:height\" content=\"853\" \/>\n\t<meta property=\"og:image:type\" content=\"image\/jpeg\" \/>\n<meta name=\"author\" content=\"Mar\u00eda de la Paz Rodarte Ram\u00edrez\" \/>\n<meta name=\"twitter:card\" content=\"summary_large_image\" \/>\n<meta name=\"twitter:label1\" content=\"Escrito por\" \/>\n\t<meta name=\"twitter:data1\" content=\"Mar\u00eda de la Paz Rodarte Ram\u00edrez\" \/>\n\t<meta name=\"twitter:label2\" content=\"Tiempo de lectura\" \/>\n\t<meta name=\"twitter:data2\" content=\"2 minutos\" \/>\n<script type=\"application\/ld+json\" class=\"yoast-schema-graph\">{\"@context\":\"https:\\\/\\\/schema.org\",\"@graph\":[{\"@type\":\"Article\",\"@id\":\"https:\\\/\\\/elhijodelllanero.mx\\\/index.php\\\/2026\\\/03\\\/11\\\/inauguran-pavimentacion-de-calle-pino-suarez-en-zona-del-tianguis\\\/#article\",\"isPartOf\":{\"@id\":\"https:\\\/\\\/elhijodelllanero.mx\\\/index.php\\\/2026\\\/03\\\/11\\\/inauguran-pavimentacion-de-calle-pino-suarez-en-zona-del-tianguis\\\/\"},\"author\":{\"name\":\"Mar\u00eda de la Paz Rodarte Ram\u00edrez\",\"@id\":\"https:\\\/\\\/elhijodelllanero.mx\\\/#\\\/schema\\\/person\\\/c7f8c86c55c1eab44ae2b93a9628245f\"},\"headline\":\"Inauguran pavimentaci\u00f3n de calle Pino Su\u00e1rez en zona del tianguis.\",\"datePublished\":\"2026-03-11T00:29:50+00:00\",\"mainEntityOfPage\":{\"@id\":\"https:\\\/\\\/elhijodelllanero.mx\\\/index.php\\\/2026\\\/03\\\/11\\\/inauguran-pavimentacion-de-calle-pino-suarez-en-zona-del-tianguis\\\/\"},\"wordCount\":210,\"commentCount\":0,\"image\":{\"@id\":\"https:\\\/\\\/elhijodelllanero.mx\\\/index.php\\\/2026\\\/03\\\/11\\\/inauguran-pavimentacion-de-calle-pino-suarez-en-zona-del-tianguis\\\/#primaryimage\"},\"thumbnailUrl\":\"https:\\\/\\\/i0.wp.com\\\/elhijodelllanero.mx\\\/wp-content\\\/uploads\\\/2026\\\/03\\\/IMG-20260310-WA0013.jpg?fit=1280%2C853&ssl=1\",\"articleSection\":[\"APASEO EL GRANDE\",\"MUNICIPIOS\"],\"inLanguage\":\"es\",\"potentialAction\":[{\"@type\":\"CommentAction\",\"name\":\"Comment\",\"target\":[\"https:\\\/\\\/elhijodelllanero.mx\\\/index.php\\\/2026\\\/03\\\/11\\\/inauguran-pavimentacion-de-calle-pino-suarez-en-zona-del-tianguis\\\/#respond\"]}]},{\"@type\":\"WebPage\",\"@id\":\"https:\\\/\\\/elhijodelllanero.mx\\\/index.php\\\/2026\\\/03\\\/11\\\/inauguran-pavimentacion-de-calle-pino-suarez-en-zona-del-tianguis\\\/\",\"url\":\"https:\\\/\\\/elhijodelllanero.mx\\\/index.php\\\/2026\\\/03\\\/11\\\/inauguran-pavimentacion-de-calle-pino-suarez-en-zona-del-tianguis\\\/\",\"name\":\"Inauguran pavimentaci\u00f3n de calle Pino Su\u00e1rez en zona del tianguis. - El Hijo del llanero solititito\",\"isPartOf\":{\"@id\":\"https:\\\/\\\/elhijodelllanero.mx\\\/#website\"},\"primaryImageOfPage\":{\"@id\":\"https:\\\/\\\/elhijodelllanero.mx\\\/index.php\\\/2026\\\/03\\\/11\\\/inauguran-pavimentacion-de-calle-pino-suarez-en-zona-del-tianguis\\\/#primaryimage\"},\"image\":{\"@id\":\"https:\\\/\\\/elhijodelllanero.mx\\\/index.php\\\/2026\\\/03\\\/11\\\/inauguran-pavimentacion-de-calle-pino-suarez-en-zona-del-tianguis\\\/#primaryimage\"},\"thumbnailUrl\":\"https:\\\/\\\/i0.wp.com\\\/elhijodelllanero.mx\\\/wp-content\\\/uploads\\\/2026\\\/03\\\/IMG-20260310-WA0013.jpg?fit=1280%2C853&ssl=1\",\"datePublished\":\"2026-03-11T00:29:50+00:00\",\"author\":{\"@id\":\"https:\\\/\\\/elhijodelllanero.mx\\\/#\\\/schema\\\/person\\\/c7f8c86c55c1eab44ae2b93a9628245f\"},\"breadcrumb\":{\"@id\":\"https:\\\/\\\/elhijodelllanero.mx\\\/index.php\\\/2026\\\/03\\\/11\\\/inauguran-pavimentacion-de-calle-pino-suarez-en-zona-del-tianguis\\\/#breadcrumb\"},\"inLanguage\":\"es\",\"potentialAction\":[{\"@type\":\"ReadAction\",\"target\":[\"https:\\\/\\\/elhijodelllanero.mx\\\/index.php\\\/2026\\\/03\\\/11\\\/inauguran-pavimentacion-de-calle-pino-suarez-en-zona-del-tianguis\\\/\"]}]},{\"@type\":\"ImageObject\",\"inLanguage\":\"es\",\"@id\":\"https:\\\/\\\/elhijodelllanero.mx\\\/index.php\\\/2026\\\/03\\\/11\\\/inauguran-pavimentacion-de-calle-pino-suarez-en-zona-del-tianguis\\\/#primaryimage\",\"url\":\"https:\\\/\\\/i0.wp.com\\\/elhijodelllanero.mx\\\/wp-content\\\/uploads\\\/2026\\\/03\\\/IMG-20260310-WA0013.jpg?fit=1280%2C853&ssl=1\",\"contentUrl\":\"https:\\\/\\\/i0.wp.com\\\/elhijodelllanero.mx\\\/wp-content\\\/uploads\\\/2026\\\/03\\\/IMG-20260310-WA0013.jpg?fit=1280%2C853&ssl=1\",\"width\":1280,\"height\":853},{\"@type\":\"BreadcrumbList\",\"@id\":\"https:\\\/\\\/elhijodelllanero.mx\\\/index.php\\\/2026\\\/03\\\/11\\\/inauguran-pavimentacion-de-calle-pino-suarez-en-zona-del-tianguis\\\/#breadcrumb\",\"itemListElement\":[{\"@type\":\"ListItem\",\"position\":1,\"name\":\"Portada\",\"item\":\"https:\\\/\\\/elhijodelllanero.mx\\\/\"},{\"@type\":\"ListItem\",\"position\":2,\"name\":\"Inauguran pavimentaci\u00f3n de calle Pino Su\u00e1rez en zona del tianguis.\"}]},{\"@type\":\"WebSite\",\"@id\":\"https:\\\/\\\/elhijodelllanero.mx\\\/#website\",\"url\":\"https:\\\/\\\/elhijodelllanero.mx\\\/\",\"name\":\"El Hijo del llanero solititito\",\"description\":\"\",\"potentialAction\":[{\"@type\":\"SearchAction\",\"target\":{\"@type\":\"EntryPoint\",\"urlTemplate\":\"https:\\\/\\\/elhijodelllanero.mx\\\/?s={search_term_string}\"},\"query-input\":{\"@type\":\"PropertyValueSpecification\",\"valueRequired\":true,\"valueName\":\"search_term_string\"}}],\"inLanguage\":\"es\"},{\"@type\":\"Person\",\"@id\":\"https:\\\/\\\/elhijodelllanero.mx\\\/#\\\/schema\\\/person\\\/c7f8c86c55c1eab44ae2b93a9628245f\",\"name\":\"Mar\u00eda de la Paz Rodarte Ram\u00edrez\",\"image\":{\"@type\":\"ImageObject\",\"inLanguage\":\"es\",\"@id\":\"https:\\\/\\\/secure.gravatar.com\\\/avatar\\\/1f38f8518b09a266af73da2bce78d69e7d1275299970134ed62f572e0487e1d0?s=96&d=mm&r=g\",\"url\":\"https:\\\/\\\/secure.gravatar.com\\\/avatar\\\/1f38f8518b09a266af73da2bce78d69e7d1275299970134ed62f572e0487e1d0?s=96&d=mm&r=g\",\"contentUrl\":\"https:\\\/\\\/secure.gravatar.com\\\/avatar\\\/1f38f8518b09a266af73da2bce78d69e7d1275299970134ed62f572e0487e1d0?s=96&d=mm&r=g\",\"caption\":\"Mar\u00eda de la Paz Rodarte Ram\u00edrez\"},\"sameAs\":[\"https:\\\/\\\/www.elhijodelllanero.mx\"],\"url\":\"https:\\\/\\\/elhijodelllanero.mx\\\/index.php\\\/author\\\/maricuas\\\/\"}]}<\/script>\n<!-- \/ Yoast SEO plugin. -->","yoast_head_json":{"title":"Inauguran pavimentaci\u00f3n de calle Pino Su\u00e1rez en zona del tianguis. - El Hijo del llanero solititito","robots":{"index":"index","follow":"follow","max-snippet":"max-snippet:-1","max-image-preview":"max-image-preview:large","max-video-preview":"max-video-preview:-1"},"canonical":"https:\/\/elhijodelllanero.mx\/index.php\/2026\/03\/11\/inauguran-pavimentacion-de-calle-pino-suarez-en-zona-del-tianguis\/","og_locale":"es_ES","og_type":"article","og_title":"Inauguran pavimentaci\u00f3n de calle Pino Su\u00e1rez en zona del tianguis. - El Hijo del llanero solititito","og_description":"Apaseo el Grande, Gto. 10 de marzo del 2026.-Autoridades municipales y estatales inauguraron la pavimentaci\u00f3n con empedrado ahogado en concreto de la calle Pino Su\u00e1rez, ubicada en la zona centro, una obra que beneficiar\u00e1 a comerciantes del tianguis, usuarios de la Casa de la Juventud y vecinos del \u00e1rea. El proyecto incluy\u00f3 adem\u00e1s la instalaci\u00f3n [&hellip;]","og_url":"https:\/\/elhijodelllanero.mx\/index.php\/2026\/03\/11\/inauguran-pavimentacion-de-calle-pino-suarez-en-zona-del-tianguis\/","og_site_name":"El Hijo del llanero solititito","article_published_time":"2026-03-11T00:29:50+00:00","og_image":[{"width":1280,"height":853,"url":"https:\/\/elhijodelllanero.mx\/wp-content\/uploads\/2026\/03\/IMG-20260310-WA0013.jpg","type":"image\/jpeg"}],"author":"Mar\u00eda de la Paz Rodarte Ram\u00edrez","twitter_card":"summary_large_image","twitter_misc":{"Escrito por":"Mar\u00eda de la Paz Rodarte Ram\u00edrez","Tiempo de lectura":"2 minutos"},"schema":{"@context":"https:\/\/schema.org","@graph":[{"@type":"Article","@id":"https:\/\/elhijodelllanero.mx\/index.php\/2026\/03\/11\/inauguran-pavimentacion-de-calle-pino-suarez-en-zona-del-tianguis\/#article","isPartOf":{"@id":"https:\/\/elhijodelllanero.mx\/index.php\/2026\/03\/11\/inauguran-pavimentacion-de-calle-pino-suarez-en-zona-del-tianguis\/"},"author":{"name":"Mar\u00eda de la Paz Rodarte Ram\u00edrez","@id":"https:\/\/elhijodelllanero.mx\/#\/schema\/person\/c7f8c86c55c1eab44ae2b93a9628245f"},"headline":"Inauguran pavimentaci\u00f3n de calle Pino Su\u00e1rez en zona del tianguis.","datePublished":"2026-03-11T00:29:50+00:00","mainEntityOfPage":{"@id":"https:\/\/elhijodelllanero.mx\/index.php\/2026\/03\/11\/inauguran-pavimentacion-de-calle-pino-suarez-en-zona-del-tianguis\/"},"wordCount":210,"commentCount":0,"image":{"@id":"https:\/\/elhijodelllanero.mx\/index.php\/2026\/03\/11\/inauguran-pavimentacion-de-calle-pino-suarez-en-zona-del-tianguis\/#primaryimage"},"thumbnailUrl":"https:\/\/i0.wp.com\/elhijodelllanero.mx\/wp-content\/uploads\/2026\/03\/IMG-20260310-WA0013.jpg?fit=1280%2C853&ssl=1","articleSection":["APASEO EL GRANDE","MUNICIPIOS"],"inLanguage":"es","potentialAction":[{"@type":"CommentAction","name":"Comment","target":["https:\/\/elhijodelllanero.mx\/index.php\/2026\/03\/11\/inauguran-pavimentacion-de-calle-pino-suarez-en-zona-del-tianguis\/#respond"]}]},{"@type":"WebPage","@id":"https:\/\/elhijodelllanero.mx\/index.php\/2026\/03\/11\/inauguran-pavimentacion-de-calle-pino-suarez-en-zona-del-tianguis\/","url":"https:\/\/elhijodelllanero.mx\/index.php\/2026\/03\/11\/inauguran-pavimentacion-de-calle-pino-suarez-en-zona-del-tianguis\/","name":"Inauguran pavimentaci\u00f3n de calle Pino Su\u00e1rez en zona del tianguis. - El Hijo del llanero solititito","isPartOf":{"@id":"https:\/\/elhijodelllanero.mx\/#website"},"primaryImageOfPage":{"@id":"https:\/\/elhijodelllanero.mx\/index.php\/2026\/03\/11\/inauguran-pavimentacion-de-calle-pino-suarez-en-zona-del-tianguis\/#primaryimage"},"image":{"@id":"https:\/\/elhijodelllanero.mx\/index.php\/2026\/03\/11\/inauguran-pavimentacion-de-calle-pino-suarez-en-zona-del-tianguis\/#primaryimage"},"thumbnailUrl":"https:\/\/i0.wp.com\/elhijodelllanero.mx\/wp-content\/uploads\/2026\/03\/IMG-20260310-WA0013.jpg?fit=1280%2C853&ssl=1","datePublished":"2026-03-11T00:29:50+00:00","author":{"@id":"https:\/\/elhijodelllanero.mx\/#\/schema\/person\/c7f8c86c55c1eab44ae2b93a9628245f"},"breadcrumb":{"@id":"https:\/\/elhijodelllanero.mx\/index.php\/2026\/03\/11\/inauguran-pavimentacion-de-calle-pino-suarez-en-zona-del-tianguis\/#breadcrumb"},"inLanguage":"es","potentialAction":[{"@type":"ReadAction","target":["https:\/\/elhijodelllanero.mx\/index.php\/2026\/03\/11\/inauguran-pavimentacion-de-calle-pino-suarez-en-zona-del-tianguis\/"]}]},{"@type":"ImageObject","inLanguage":"es","@id":"https:\/\/elhijodelllanero.mx\/index.php\/2026\/03\/11\/inauguran-pavimentacion-de-calle-pino-suarez-en-zona-del-tianguis\/#primaryimage","url":"https:\/\/i0.wp.com\/elhijodelllanero.mx\/wp-content\/uploads\/2026\/03\/IMG-20260310-WA0013.jpg?fit=1280%2C853&ssl=1","contentUrl":"https:\/\/i0.wp.com\/elhijodelllanero.mx\/wp-content\/uploads\/2026\/03\/IMG-20260310-WA0013.jpg?fit=1280%2C853&ssl=1","width":1280,"height":853},{"@type":"BreadcrumbList","@id":"https:\/\/elhijodelllanero.mx\/index.php\/2026\/03\/11\/inauguran-pavimentacion-de-calle-pino-suarez-en-zona-del-tianguis\/#breadcrumb","itemListElement":[{"@type":"ListItem","position":1,"name":"Portada","item":"https:\/\/elhijodelllanero.mx\/"},{"@type":"ListItem","position":2,"name":"Inauguran pavimentaci\u00f3n de calle Pino Su\u00e1rez en zona del tianguis."}]},{"@type":"WebSite","@id":"https:\/\/elhijodelllanero.mx\/#website","url":"https:\/\/elhijodelllanero.mx\/","name":"El Hijo del llanero solititito","description":"","potentialAction":[{"@type":"SearchAction","target":{"@type":"EntryPoint","urlTemplate":"https:\/\/elhijodelllanero.mx\/?s={search_term_string}"},"query-input":{"@type":"PropertyValueSpecification","valueRequired":true,"valueName":"search_term_string"}}],"inLanguage":"es"},{"@type":"Person","@id":"https:\/\/elhijodelllanero.mx\/#\/schema\/person\/c7f8c86c55c1eab44ae2b93a9628245f","name":"Mar\u00eda de la Paz Rodarte Ram\u00edrez","image":{"@type":"ImageObject","inLanguage":"es","@id":"https:\/\/secure.gravatar.com\/avatar\/1f38f8518b09a266af73da2bce78d69e7d1275299970134ed62f572e0487e1d0?s=96&d=mm&r=g","url":"https:\/\/secure.gravatar.com\/avatar\/1f38f8518b09a266af73da2bce78d69e7d1275299970134ed62f572e0487e1d0?s=96&d=mm&r=g","contentUrl":"https:\/\/secure.gravatar.com\/avatar\/1f38f8518b09a266af73da2bce78d69e7d1275299970134ed62f572e0487e1d0?s=96&d=mm&r=g","caption":"Mar\u00eda de la Paz Rodarte Ram\u00edrez"},"sameAs":["https:\/\/www.elhijodelllanero.mx"],"url":"https:\/\/elhijodelllanero.mx\/index.php\/author\/maricuas\/"}]}},"jetpack_featured_media_url":"https:\/\/i0.wp.com\/elhijodelllanero.mx\/wp-content\/uploads\/2026\/03\/IMG-20260310-WA0013.jpg?fit=1280%2C853&ssl=1","jetpack-related-posts":[],"jetpack_sharing_enabled":true,"_links":{"self":[{"href":"https:\/\/elhijodelllanero.mx\/index.php\/wp-json\/wp\/v2\/posts\/13264","targetHints":{"allow":["GET"]}}],"collection":[{"href":"https:\/\/elhijodelllanero.mx\/index.php\/wp-json\/wp\/v2\/posts"}],"about":[{"href":"https:\/\/elhijodelllanero.mx\/index.php\/wp-json\/wp\/v2\/types\/post"}],"author":[{"embeddable":true,"href":"https:\/\/elhijodelllanero.mx\/index.php\/wp-json\/wp\/v2\/users\/3"}],"replies":[{"embeddable":true,"href":"https:\/\/elhijodelllanero.mx\/index.php\/wp-json\/wp\/v2\/comments?post=13264"}],"version-history":[{"count":1,"href":"https:\/\/elhijodelllanero.mx\/index.php\/wp-json\/wp\/v2\/posts\/13264\/revisions"}],"predecessor-version":[{"id":13266,"href":"https:\/\/elhijodelllanero.mx\/index.php\/wp-json\/wp\/v2\/posts\/13264\/revisions\/13266"}],"wp:featuredmedia":[{"embeddable":true,"href":"https:\/\/elhijodelllanero.mx\/index.php\/wp-json\/wp\/v2\/media\/13265"}],"wp:attachment":[{"href":"https:\/\/elhijodelllanero.mx\/index.php\/wp-json\/wp\/v2\/media?parent=13264"}],"wp:term":[{"taxonomy":"category","embeddable":true,"href":"https:\/\/elhijodelllanero.mx\/index.php\/wp-json\/wp\/v2\/categories?post=13264"},{"taxonomy":"post_tag","embeddable":true,"href":"https:\/\/elhijodelllanero.mx\/index.php\/wp-json\/wp\/v2\/tags?post=13264"}],"curies":[{"name":"wp","href":"https:\/\/api.w.org\/{rel}","templated":true}]}}