{"id":13317,"date":"2026-03-13T23:11:47","date_gmt":"2026-03-13T23:11:47","guid":{"rendered":"https:\/\/elhijodelllanero.mx\/?p=13317"},"modified":"2026-03-13T23:11:47","modified_gmt":"2026-03-13T23:11:47","slug":"el-trenecito-vuelve-a-la-libertad-pero-aun-sin-boleto-para-el-jardin","status":"publish","type":"post","link":"https:\/\/elhijodelllanero.mx\/index.php\/2026\/03\/13\/el-trenecito-vuelve-a-la-libertad-pero-aun-sin-boleto-para-el-jardin\/","title":{"rendered":"El trenecito vuelve a la libertad\u2026 pero a\u00fan sin boleto para el jard\u00edn."},"content":{"rendered":"<p>Celaya, Gto. 13 de marzo del 2026.- Despu\u00e9s de su breve aventura burocr\u00e1tica en el corral\u00f3n, el emblem\u00e1tico trenecito que por a\u00f1os ha dado vueltas en el jard\u00edn principal de Celaya finalmente recuper\u00f3 la libertad.<br \/>\nEl director de Fiscalizaci\u00f3n, Eduardo Griss Kauffman, inform\u00f3 que el jueves el veh\u00edculo fue liberado luego de que su propietario cubriera las multas correspondientes y realizara los pagos en la caja de ingresos del municipio. En otras palabras, el tren pag\u00f3 su escala administrativa y ya puede volver a circular\u2026 al menos fuera del corral\u00f3n.<br \/>\nSin embargo, el regreso a su ruta tradicional todav\u00eda tendr\u00e1 que esperar. Las autoridades aclararon que el trenecito no podr\u00e1 operar nuevamente en el jard\u00edn principal hasta que cuente con los permisos correspondientes.<br \/>\nY es que, aunque muchos lo vean como un paseo pintoresco para ni\u00f1os y turistas, legalmente el trenecito est\u00e1 clasificado como juego mec\u00e1nico automotor, por lo que debe cumplir con requisitos como seguro de responsabilidad civil y cobertura por da\u00f1os a terceros, especialmente por tratarse de una atracci\u00f3n utilizada por menores de edad.<br \/>\nLa multa aplicada por Fiscalizaci\u00f3n fue inicialmente de 7 mil 977 pesos, aunque tras un descuento qued\u00f3 en 4 mil 786 pesos, monto que permiti\u00f3 regularizar la situaci\u00f3n y liberar el veh\u00edculo.<br \/>\nPor su parte, la Direcci\u00f3n de Tr\u00e1nsito \u00fanicamente cobr\u00f3 los d\u00edas que el trenecito permaneci\u00f3 en el corral\u00f3n, con una tarifa aproximada de 63 pesos diarios, ya que el curioso debate administrativo termin\u00f3 concluyendo que s\u00ed, t\u00e9cnicamente es un veh\u00edculo\u2026 aunque tenga varios vagones y cara de paseo infantil.<br \/>\nPor ahora el trenecito est\u00e1 libre, pero su regreso al jard\u00edn depender\u00e1 de que el propietario complete el tr\u00e1mite de permisos. As\u00ed que el cl\u00e1sico paseo no est\u00e1 cancelado\u2026 solo est\u00e1 en pausa administrativa, que en t\u00e9rminos municipales viene siendo la estaci\u00f3n obligatoria antes de volver a rodar.<\/p>\n<p>&nbsp;<\/p>\n","protected":false},"excerpt":{"rendered":"<p>Celaya, Gto. 13 de marzo del 2026.- Despu\u00e9s de su breve aventura burocr\u00e1tica en el corral\u00f3n, el emblem\u00e1tico trenecito que por a\u00f1os ha dado vueltas en el jard\u00edn principal de Celaya finalmente recuper\u00f3 la libertad. El director de Fiscalizaci\u00f3n, Eduardo Griss Kauffman, inform\u00f3 que el jueves el veh\u00edculo fue liberado luego de que su propietario [&hellip;]<\/p>\n","protected":false},"author":3,"featured_media":13318,"comment_status":"open","ping_status":"closed","sticky":false,"template":"","format":"standard","meta":{"_jetpack_newsletter_access":"","_jetpack_dont_email_post_to_subs":false,"_jetpack_newsletter_tier_id":0,"_jetpack_memberships_contains_paywalled_content":false,"_jetpack_memberships_contains_paid_content":false,"footnotes":""},"categories":[74],"tags":[],"class_list":{"0":"post-13317","1":"post","2":"type-post","3":"status-publish","4":"format-standard","5":"has-post-thumbnail","7":"category-celaya"},"yoast_head":"<!-- This site is optimized with the Yoast SEO plugin v27.3 - https:\/\/yoast.com\/product\/yoast-seo-wordpress\/ -->\n<title>El trenecito vuelve a la libertad\u2026 pero a\u00fan sin boleto para el jard\u00edn. - El Hijo del llanero solititito<\/title>\n<meta name=\"robots\" content=\"index, follow, max-snippet:-1, max-image-preview:large, max-video-preview:-1\" \/>\n<link rel=\"canonical\" href=\"https:\/\/elhijodelllanero.mx\/index.php\/2026\/03\/13\/el-trenecito-vuelve-a-la-libertad-pero-aun-sin-boleto-para-el-jardin\/\" \/>\n<meta property=\"og:locale\" content=\"es_ES\" \/>\n<meta property=\"og:type\" content=\"article\" \/>\n<meta property=\"og:title\" content=\"El trenecito vuelve a la libertad\u2026 pero a\u00fan sin boleto para el jard\u00edn. - El Hijo del llanero solititito\" \/>\n<meta property=\"og:description\" content=\"Celaya, Gto. 13 de marzo del 2026.- Despu\u00e9s de su breve aventura burocr\u00e1tica en el corral\u00f3n, el emblem\u00e1tico trenecito que por a\u00f1os ha dado vueltas en el jard\u00edn principal de Celaya finalmente recuper\u00f3 la libertad. El director de Fiscalizaci\u00f3n, Eduardo Griss Kauffman, inform\u00f3 que el jueves el veh\u00edculo fue liberado luego de que su propietario [&hellip;]\" \/>\n<meta property=\"og:url\" content=\"https:\/\/elhijodelllanero.mx\/index.php\/2026\/03\/13\/el-trenecito-vuelve-a-la-libertad-pero-aun-sin-boleto-para-el-jardin\/\" \/>\n<meta property=\"og:site_name\" content=\"El Hijo del llanero solititito\" \/>\n<meta property=\"article:published_time\" content=\"2026-03-13T23:11:47+00:00\" \/>\n<meta property=\"og:image\" content=\"https:\/\/elhijodelllanero.mx\/wp-content\/uploads\/2026\/03\/IMG-20260313-WA0005.jpg\" \/>\n\t<meta property=\"og:image:width\" content=\"865\" \/>\n\t<meta property=\"og:image:height\" content=\"612\" \/>\n\t<meta property=\"og:image:type\" content=\"image\/jpeg\" \/>\n<meta name=\"author\" content=\"Mar\u00eda de la Paz Rodarte Ram\u00edrez\" \/>\n<meta name=\"twitter:card\" content=\"summary_large_image\" \/>\n<meta name=\"twitter:label1\" content=\"Escrito por\" \/>\n\t<meta name=\"twitter:data1\" content=\"Mar\u00eda de la Paz Rodarte Ram\u00edrez\" \/>\n\t<meta name=\"twitter:label2\" content=\"Tiempo de lectura\" \/>\n\t<meta name=\"twitter:data2\" content=\"2 minutos\" \/>\n<script type=\"application\/ld+json\" class=\"yoast-schema-graph\">{\"@context\":\"https:\\\/\\\/schema.org\",\"@graph\":[{\"@type\":\"Article\",\"@id\":\"https:\\\/\\\/elhijodelllanero.mx\\\/index.php\\\/2026\\\/03\\\/13\\\/el-trenecito-vuelve-a-la-libertad-pero-aun-sin-boleto-para-el-jardin\\\/#article\",\"isPartOf\":{\"@id\":\"https:\\\/\\\/elhijodelllanero.mx\\\/index.php\\\/2026\\\/03\\\/13\\\/el-trenecito-vuelve-a-la-libertad-pero-aun-sin-boleto-para-el-jardin\\\/\"},\"author\":{\"name\":\"Mar\u00eda de la Paz Rodarte Ram\u00edrez\",\"@id\":\"https:\\\/\\\/elhijodelllanero.mx\\\/#\\\/schema\\\/person\\\/c7f8c86c55c1eab44ae2b93a9628245f\"},\"headline\":\"El trenecito vuelve a la libertad\u2026 pero a\u00fan sin boleto para el jard\u00edn.\",\"datePublished\":\"2026-03-13T23:11:47+00:00\",\"mainEntityOfPage\":{\"@id\":\"https:\\\/\\\/elhijodelllanero.mx\\\/index.php\\\/2026\\\/03\\\/13\\\/el-trenecito-vuelve-a-la-libertad-pero-aun-sin-boleto-para-el-jardin\\\/\"},\"wordCount\":344,\"commentCount\":0,\"image\":{\"@id\":\"https:\\\/\\\/elhijodelllanero.mx\\\/index.php\\\/2026\\\/03\\\/13\\\/el-trenecito-vuelve-a-la-libertad-pero-aun-sin-boleto-para-el-jardin\\\/#primaryimage\"},\"thumbnailUrl\":\"https:\\\/\\\/i0.wp.com\\\/elhijodelllanero.mx\\\/wp-content\\\/uploads\\\/2026\\\/03\\\/IMG-20260313-WA0005.jpg?fit=865%2C612&ssl=1\",\"articleSection\":[\"CELAYA\"],\"inLanguage\":\"es\",\"potentialAction\":[{\"@type\":\"CommentAction\",\"name\":\"Comment\",\"target\":[\"https:\\\/\\\/elhijodelllanero.mx\\\/index.php\\\/2026\\\/03\\\/13\\\/el-trenecito-vuelve-a-la-libertad-pero-aun-sin-boleto-para-el-jardin\\\/#respond\"]}]},{\"@type\":\"WebPage\",\"@id\":\"https:\\\/\\\/elhijodelllanero.mx\\\/index.php\\\/2026\\\/03\\\/13\\\/el-trenecito-vuelve-a-la-libertad-pero-aun-sin-boleto-para-el-jardin\\\/\",\"url\":\"https:\\\/\\\/elhijodelllanero.mx\\\/index.php\\\/2026\\\/03\\\/13\\\/el-trenecito-vuelve-a-la-libertad-pero-aun-sin-boleto-para-el-jardin\\\/\",\"name\":\"El trenecito vuelve a la libertad\u2026 pero a\u00fan sin boleto para el jard\u00edn. - El Hijo del llanero solititito\",\"isPartOf\":{\"@id\":\"https:\\\/\\\/elhijodelllanero.mx\\\/#website\"},\"primaryImageOfPage\":{\"@id\":\"https:\\\/\\\/elhijodelllanero.mx\\\/index.php\\\/2026\\\/03\\\/13\\\/el-trenecito-vuelve-a-la-libertad-pero-aun-sin-boleto-para-el-jardin\\\/#primaryimage\"},\"image\":{\"@id\":\"https:\\\/\\\/elhijodelllanero.mx\\\/index.php\\\/2026\\\/03\\\/13\\\/el-trenecito-vuelve-a-la-libertad-pero-aun-sin-boleto-para-el-jardin\\\/#primaryimage\"},\"thumbnailUrl\":\"https:\\\/\\\/i0.wp.com\\\/elhijodelllanero.mx\\\/wp-content\\\/uploads\\\/2026\\\/03\\\/IMG-20260313-WA0005.jpg?fit=865%2C612&ssl=1\",\"datePublished\":\"2026-03-13T23:11:47+00:00\",\"author\":{\"@id\":\"https:\\\/\\\/elhijodelllanero.mx\\\/#\\\/schema\\\/person\\\/c7f8c86c55c1eab44ae2b93a9628245f\"},\"breadcrumb\":{\"@id\":\"https:\\\/\\\/elhijodelllanero.mx\\\/index.php\\\/2026\\\/03\\\/13\\\/el-trenecito-vuelve-a-la-libertad-pero-aun-sin-boleto-para-el-jardin\\\/#breadcrumb\"},\"inLanguage\":\"es\",\"potentialAction\":[{\"@type\":\"ReadAction\",\"target\":[\"https:\\\/\\\/elhijodelllanero.mx\\\/index.php\\\/2026\\\/03\\\/13\\\/el-trenecito-vuelve-a-la-libertad-pero-aun-sin-boleto-para-el-jardin\\\/\"]}]},{\"@type\":\"ImageObject\",\"inLanguage\":\"es\",\"@id\":\"https:\\\/\\\/elhijodelllanero.mx\\\/index.php\\\/2026\\\/03\\\/13\\\/el-trenecito-vuelve-a-la-libertad-pero-aun-sin-boleto-para-el-jardin\\\/#primaryimage\",\"url\":\"https:\\\/\\\/i0.wp.com\\\/elhijodelllanero.mx\\\/wp-content\\\/uploads\\\/2026\\\/03\\\/IMG-20260313-WA0005.jpg?fit=865%2C612&ssl=1\",\"contentUrl\":\"https:\\\/\\\/i0.wp.com\\\/elhijodelllanero.mx\\\/wp-content\\\/uploads\\\/2026\\\/03\\\/IMG-20260313-WA0005.jpg?fit=865%2C612&ssl=1\",\"width\":865,\"height\":612},{\"@type\":\"BreadcrumbList\",\"@id\":\"https:\\\/\\\/elhijodelllanero.mx\\\/index.php\\\/2026\\\/03\\\/13\\\/el-trenecito-vuelve-a-la-libertad-pero-aun-sin-boleto-para-el-jardin\\\/#breadcrumb\",\"itemListElement\":[{\"@type\":\"ListItem\",\"position\":1,\"name\":\"Portada\",\"item\":\"https:\\\/\\\/elhijodelllanero.mx\\\/\"},{\"@type\":\"ListItem\",\"position\":2,\"name\":\"El trenecito vuelve a la libertad\u2026 pero a\u00fan sin boleto para el jard\u00edn.\"}]},{\"@type\":\"WebSite\",\"@id\":\"https:\\\/\\\/elhijodelllanero.mx\\\/#website\",\"url\":\"https:\\\/\\\/elhijodelllanero.mx\\\/\",\"name\":\"El Hijo del llanero solititito\",\"description\":\"\",\"potentialAction\":[{\"@type\":\"SearchAction\",\"target\":{\"@type\":\"EntryPoint\",\"urlTemplate\":\"https:\\\/\\\/elhijodelllanero.mx\\\/?s={search_term_string}\"},\"query-input\":{\"@type\":\"PropertyValueSpecification\",\"valueRequired\":true,\"valueName\":\"search_term_string\"}}],\"inLanguage\":\"es\"},{\"@type\":\"Person\",\"@id\":\"https:\\\/\\\/elhijodelllanero.mx\\\/#\\\/schema\\\/person\\\/c7f8c86c55c1eab44ae2b93a9628245f\",\"name\":\"Mar\u00eda de la Paz Rodarte Ram\u00edrez\",\"image\":{\"@type\":\"ImageObject\",\"inLanguage\":\"es\",\"@id\":\"https:\\\/\\\/secure.gravatar.com\\\/avatar\\\/1f38f8518b09a266af73da2bce78d69e7d1275299970134ed62f572e0487e1d0?s=96&d=mm&r=g\",\"url\":\"https:\\\/\\\/secure.gravatar.com\\\/avatar\\\/1f38f8518b09a266af73da2bce78d69e7d1275299970134ed62f572e0487e1d0?s=96&d=mm&r=g\",\"contentUrl\":\"https:\\\/\\\/secure.gravatar.com\\\/avatar\\\/1f38f8518b09a266af73da2bce78d69e7d1275299970134ed62f572e0487e1d0?s=96&d=mm&r=g\",\"caption\":\"Mar\u00eda de la Paz Rodarte Ram\u00edrez\"},\"sameAs\":[\"https:\\\/\\\/www.elhijodelllanero.mx\"],\"url\":\"https:\\\/\\\/elhijodelllanero.mx\\\/index.php\\\/author\\\/maricuas\\\/\"}]}<\/script>\n<!-- \/ Yoast SEO plugin. -->","yoast_head_json":{"title":"El trenecito vuelve a la libertad\u2026 pero a\u00fan sin boleto para el jard\u00edn. - El Hijo del llanero solititito","robots":{"index":"index","follow":"follow","max-snippet":"max-snippet:-1","max-image-preview":"max-image-preview:large","max-video-preview":"max-video-preview:-1"},"canonical":"https:\/\/elhijodelllanero.mx\/index.php\/2026\/03\/13\/el-trenecito-vuelve-a-la-libertad-pero-aun-sin-boleto-para-el-jardin\/","og_locale":"es_ES","og_type":"article","og_title":"El trenecito vuelve a la libertad\u2026 pero a\u00fan sin boleto para el jard\u00edn. - El Hijo del llanero solititito","og_description":"Celaya, Gto. 13 de marzo del 2026.- Despu\u00e9s de su breve aventura burocr\u00e1tica en el corral\u00f3n, el emblem\u00e1tico trenecito que por a\u00f1os ha dado vueltas en el jard\u00edn principal de Celaya finalmente recuper\u00f3 la libertad. El director de Fiscalizaci\u00f3n, Eduardo Griss Kauffman, inform\u00f3 que el jueves el veh\u00edculo fue liberado luego de que su propietario [&hellip;]","og_url":"https:\/\/elhijodelllanero.mx\/index.php\/2026\/03\/13\/el-trenecito-vuelve-a-la-libertad-pero-aun-sin-boleto-para-el-jardin\/","og_site_name":"El Hijo del llanero solititito","article_published_time":"2026-03-13T23:11:47+00:00","og_image":[{"width":865,"height":612,"url":"https:\/\/elhijodelllanero.mx\/wp-content\/uploads\/2026\/03\/IMG-20260313-WA0005.jpg","type":"image\/jpeg"}],"author":"Mar\u00eda de la Paz Rodarte Ram\u00edrez","twitter_card":"summary_large_image","twitter_misc":{"Escrito por":"Mar\u00eda de la Paz Rodarte Ram\u00edrez","Tiempo de lectura":"2 minutos"},"schema":{"@context":"https:\/\/schema.org","@graph":[{"@type":"Article","@id":"https:\/\/elhijodelllanero.mx\/index.php\/2026\/03\/13\/el-trenecito-vuelve-a-la-libertad-pero-aun-sin-boleto-para-el-jardin\/#article","isPartOf":{"@id":"https:\/\/elhijodelllanero.mx\/index.php\/2026\/03\/13\/el-trenecito-vuelve-a-la-libertad-pero-aun-sin-boleto-para-el-jardin\/"},"author":{"name":"Mar\u00eda de la Paz Rodarte Ram\u00edrez","@id":"https:\/\/elhijodelllanero.mx\/#\/schema\/person\/c7f8c86c55c1eab44ae2b93a9628245f"},"headline":"El trenecito vuelve a la libertad\u2026 pero a\u00fan sin boleto para el jard\u00edn.","datePublished":"2026-03-13T23:11:47+00:00","mainEntityOfPage":{"@id":"https:\/\/elhijodelllanero.mx\/index.php\/2026\/03\/13\/el-trenecito-vuelve-a-la-libertad-pero-aun-sin-boleto-para-el-jardin\/"},"wordCount":344,"commentCount":0,"image":{"@id":"https:\/\/elhijodelllanero.mx\/index.php\/2026\/03\/13\/el-trenecito-vuelve-a-la-libertad-pero-aun-sin-boleto-para-el-jardin\/#primaryimage"},"thumbnailUrl":"https:\/\/i0.wp.com\/elhijodelllanero.mx\/wp-content\/uploads\/2026\/03\/IMG-20260313-WA0005.jpg?fit=865%2C612&ssl=1","articleSection":["CELAYA"],"inLanguage":"es","potentialAction":[{"@type":"CommentAction","name":"Comment","target":["https:\/\/elhijodelllanero.mx\/index.php\/2026\/03\/13\/el-trenecito-vuelve-a-la-libertad-pero-aun-sin-boleto-para-el-jardin\/#respond"]}]},{"@type":"WebPage","@id":"https:\/\/elhijodelllanero.mx\/index.php\/2026\/03\/13\/el-trenecito-vuelve-a-la-libertad-pero-aun-sin-boleto-para-el-jardin\/","url":"https:\/\/elhijodelllanero.mx\/index.php\/2026\/03\/13\/el-trenecito-vuelve-a-la-libertad-pero-aun-sin-boleto-para-el-jardin\/","name":"El trenecito vuelve a la libertad\u2026 pero a\u00fan sin boleto para el jard\u00edn. - El Hijo del llanero solititito","isPartOf":{"@id":"https:\/\/elhijodelllanero.mx\/#website"},"primaryImageOfPage":{"@id":"https:\/\/elhijodelllanero.mx\/index.php\/2026\/03\/13\/el-trenecito-vuelve-a-la-libertad-pero-aun-sin-boleto-para-el-jardin\/#primaryimage"},"image":{"@id":"https:\/\/elhijodelllanero.mx\/index.php\/2026\/03\/13\/el-trenecito-vuelve-a-la-libertad-pero-aun-sin-boleto-para-el-jardin\/#primaryimage"},"thumbnailUrl":"https:\/\/i0.wp.com\/elhijodelllanero.mx\/wp-content\/uploads\/2026\/03\/IMG-20260313-WA0005.jpg?fit=865%2C612&ssl=1","datePublished":"2026-03-13T23:11:47+00:00","author":{"@id":"https:\/\/elhijodelllanero.mx\/#\/schema\/person\/c7f8c86c55c1eab44ae2b93a9628245f"},"breadcrumb":{"@id":"https:\/\/elhijodelllanero.mx\/index.php\/2026\/03\/13\/el-trenecito-vuelve-a-la-libertad-pero-aun-sin-boleto-para-el-jardin\/#breadcrumb"},"inLanguage":"es","potentialAction":[{"@type":"ReadAction","target":["https:\/\/elhijodelllanero.mx\/index.php\/2026\/03\/13\/el-trenecito-vuelve-a-la-libertad-pero-aun-sin-boleto-para-el-jardin\/"]}]},{"@type":"ImageObject","inLanguage":"es","@id":"https:\/\/elhijodelllanero.mx\/index.php\/2026\/03\/13\/el-trenecito-vuelve-a-la-libertad-pero-aun-sin-boleto-para-el-jardin\/#primaryimage","url":"https:\/\/i0.wp.com\/elhijodelllanero.mx\/wp-content\/uploads\/2026\/03\/IMG-20260313-WA0005.jpg?fit=865%2C612&ssl=1","contentUrl":"https:\/\/i0.wp.com\/elhijodelllanero.mx\/wp-content\/uploads\/2026\/03\/IMG-20260313-WA0005.jpg?fit=865%2C612&ssl=1","width":865,"height":612},{"@type":"BreadcrumbList","@id":"https:\/\/elhijodelllanero.mx\/index.php\/2026\/03\/13\/el-trenecito-vuelve-a-la-libertad-pero-aun-sin-boleto-para-el-jardin\/#breadcrumb","itemListElement":[{"@type":"ListItem","position":1,"name":"Portada","item":"https:\/\/elhijodelllanero.mx\/"},{"@type":"ListItem","position":2,"name":"El trenecito vuelve a la libertad\u2026 pero a\u00fan sin boleto para el jard\u00edn."}]},{"@type":"WebSite","@id":"https:\/\/elhijodelllanero.mx\/#website","url":"https:\/\/elhijodelllanero.mx\/","name":"El Hijo del llanero solititito","description":"","potentialAction":[{"@type":"SearchAction","target":{"@type":"EntryPoint","urlTemplate":"https:\/\/elhijodelllanero.mx\/?s={search_term_string}"},"query-input":{"@type":"PropertyValueSpecification","valueRequired":true,"valueName":"search_term_string"}}],"inLanguage":"es"},{"@type":"Person","@id":"https:\/\/elhijodelllanero.mx\/#\/schema\/person\/c7f8c86c55c1eab44ae2b93a9628245f","name":"Mar\u00eda de la Paz Rodarte Ram\u00edrez","image":{"@type":"ImageObject","inLanguage":"es","@id":"https:\/\/secure.gravatar.com\/avatar\/1f38f8518b09a266af73da2bce78d69e7d1275299970134ed62f572e0487e1d0?s=96&d=mm&r=g","url":"https:\/\/secure.gravatar.com\/avatar\/1f38f8518b09a266af73da2bce78d69e7d1275299970134ed62f572e0487e1d0?s=96&d=mm&r=g","contentUrl":"https:\/\/secure.gravatar.com\/avatar\/1f38f8518b09a266af73da2bce78d69e7d1275299970134ed62f572e0487e1d0?s=96&d=mm&r=g","caption":"Mar\u00eda de la Paz Rodarte Ram\u00edrez"},"sameAs":["https:\/\/www.elhijodelllanero.mx"],"url":"https:\/\/elhijodelllanero.mx\/index.php\/author\/maricuas\/"}]}},"jetpack_featured_media_url":"https:\/\/i0.wp.com\/elhijodelllanero.mx\/wp-content\/uploads\/2026\/03\/IMG-20260313-WA0005.jpg?fit=865%2C612&ssl=1","jetpack-related-posts":[],"jetpack_sharing_enabled":true,"_links":{"self":[{"href":"https:\/\/elhijodelllanero.mx\/index.php\/wp-json\/wp\/v2\/posts\/13317","targetHints":{"allow":["GET"]}}],"collection":[{"href":"https:\/\/elhijodelllanero.mx\/index.php\/wp-json\/wp\/v2\/posts"}],"about":[{"href":"https:\/\/elhijodelllanero.mx\/index.php\/wp-json\/wp\/v2\/types\/post"}],"author":[{"embeddable":true,"href":"https:\/\/elhijodelllanero.mx\/index.php\/wp-json\/wp\/v2\/users\/3"}],"replies":[{"embeddable":true,"href":"https:\/\/elhijodelllanero.mx\/index.php\/wp-json\/wp\/v2\/comments?post=13317"}],"version-history":[{"count":1,"href":"https:\/\/elhijodelllanero.mx\/index.php\/wp-json\/wp\/v2\/posts\/13317\/revisions"}],"predecessor-version":[{"id":13319,"href":"https:\/\/elhijodelllanero.mx\/index.php\/wp-json\/wp\/v2\/posts\/13317\/revisions\/13319"}],"wp:featuredmedia":[{"embeddable":true,"href":"https:\/\/elhijodelllanero.mx\/index.php\/wp-json\/wp\/v2\/media\/13318"}],"wp:attachment":[{"href":"https:\/\/elhijodelllanero.mx\/index.php\/wp-json\/wp\/v2\/media?parent=13317"}],"wp:term":[{"taxonomy":"category","embeddable":true,"href":"https:\/\/elhijodelllanero.mx\/index.php\/wp-json\/wp\/v2\/categories?post=13317"},{"taxonomy":"post_tag","embeddable":true,"href":"https:\/\/elhijodelllanero.mx\/index.php\/wp-json\/wp\/v2\/tags?post=13317"}],"curies":[{"name":"wp","href":"https:\/\/api.w.org\/{rel}","templated":true}]}}