{"id":13424,"date":"2026-03-24T20:28:47","date_gmt":"2026-03-24T20:28:47","guid":{"rendered":"https:\/\/elhijodelllanero.mx\/?p=13424"},"modified":"2026-03-24T20:28:47","modified_gmt":"2026-03-24T20:28:47","slug":"morena-afina-estrategia-en-gtocon-ausencias-que-no-pasan-desapercibidas","status":"publish","type":"post","link":"https:\/\/elhijodelllanero.mx\/index.php\/2026\/03\/24\/morena-afina-estrategia-en-gtocon-ausencias-que-no-pasan-desapercibidas\/","title":{"rendered":"Morena afina estrategia en Gto\u2026con ausencias que no pasan desapercibidas."},"content":{"rendered":"<p>Guanajuato, Gto. 24 de marzo del 2026.-Morena en el estado sostuvo una reuni\u00f3n interna para \u201cdialogar, coordinar y fortalecer estrategias\u201d, aunque no todos fueron considerados en la mesa.<\/p>\n<p>El encuentro, al que no fue convocado el bloque de alcaldes que previamente dej\u00f3 fuera a la alcalde de Villagr\u00e1n, Cinthia Teniente, habr\u00eda sido impulsado por la senadora Mal\u00fa Micher y el senador Emmanuel Reyes Carmona.<\/p>\n<p>De acuerdo con lo compartido en redes sociales por el senador, la reuni\u00f3n tuvo como objetivo consolidar la organizaci\u00f3n del movimiento rumbo a los pr\u00f3ximos meses y avanzar en el proyecto de la llamada Cuarta Transformaci\u00f3n en el estado.<\/p>\n<p>\u201cEs un compromiso hist\u00f3rico que nos exige unidad, estrategia y convicci\u00f3n\u201d, se\u00f1al\u00f3 el senador, asegurando que est\u00e1n listos para asumir el reto.<\/p>\n<p>Eso s\u00ed, la unidad parece ir tomando forma\u2026 aunque por partes. Porque en pol\u00edtica, como en las reuniones familiares, no siempre todos caben en la misma mesa.<\/p>\n","protected":false},"excerpt":{"rendered":"<p>Guanajuato, Gto. 24 de marzo del 2026.-Morena en el estado sostuvo una reuni\u00f3n interna para \u201cdialogar, coordinar y fortalecer estrategias\u201d, aunque no todos fueron considerados en la mesa. El encuentro, al que no fue convocado el bloque de alcaldes que previamente dej\u00f3 fuera a la alcalde de Villagr\u00e1n, Cinthia Teniente, habr\u00eda sido impulsado por la [&hellip;]<\/p>\n","protected":false},"author":3,"featured_media":13425,"comment_status":"open","ping_status":"closed","sticky":false,"template":"","format":"standard","meta":{"_jetpack_newsletter_access":"","_jetpack_dont_email_post_to_subs":false,"_jetpack_newsletter_tier_id":0,"_jetpack_memberships_contains_paywalled_content":false,"_jetpack_memberships_contains_paid_content":false,"footnotes":""},"categories":[38],"tags":[],"class_list":{"0":"post-13424","1":"post","2":"type-post","3":"status-publish","4":"format-standard","5":"has-post-thumbnail","7":"category-estado"},"yoast_head":"<!-- This site is optimized with the Yoast SEO plugin v27.3 - https:\/\/yoast.com\/product\/yoast-seo-wordpress\/ -->\n<title>Morena afina estrategia en Gto\u2026con ausencias que no pasan desapercibidas. - El Hijo del llanero solititito<\/title>\n<meta name=\"robots\" content=\"index, follow, max-snippet:-1, max-image-preview:large, max-video-preview:-1\" \/>\n<link rel=\"canonical\" href=\"https:\/\/elhijodelllanero.mx\/index.php\/2026\/03\/24\/morena-afina-estrategia-en-gtocon-ausencias-que-no-pasan-desapercibidas\/\" \/>\n<meta property=\"og:locale\" content=\"es_ES\" \/>\n<meta property=\"og:type\" content=\"article\" \/>\n<meta property=\"og:title\" content=\"Morena afina estrategia en Gto\u2026con ausencias que no pasan desapercibidas. - El Hijo del llanero solititito\" \/>\n<meta property=\"og:description\" content=\"Guanajuato, Gto. 24 de marzo del 2026.-Morena en el estado sostuvo una reuni\u00f3n interna para \u201cdialogar, coordinar y fortalecer estrategias\u201d, aunque no todos fueron considerados en la mesa. El encuentro, al que no fue convocado el bloque de alcaldes que previamente dej\u00f3 fuera a la alcalde de Villagr\u00e1n, Cinthia Teniente, habr\u00eda sido impulsado por la [&hellip;]\" \/>\n<meta property=\"og:url\" content=\"https:\/\/elhijodelllanero.mx\/index.php\/2026\/03\/24\/morena-afina-estrategia-en-gtocon-ausencias-que-no-pasan-desapercibidas\/\" \/>\n<meta property=\"og:site_name\" content=\"El Hijo del llanero solititito\" \/>\n<meta property=\"article:published_time\" content=\"2026-03-24T20:28:47+00:00\" \/>\n<meta property=\"og:image\" content=\"https:\/\/elhijodelllanero.mx\/wp-content\/uploads\/2026\/03\/IMG-20260323-WA0012.jpg\" \/>\n\t<meta property=\"og:image:width\" content=\"1280\" \/>\n\t<meta property=\"og:image:height\" content=\"720\" \/>\n\t<meta property=\"og:image:type\" content=\"image\/jpeg\" \/>\n<meta name=\"author\" content=\"Mar\u00eda de la Paz Rodarte Ram\u00edrez\" \/>\n<meta name=\"twitter:card\" content=\"summary_large_image\" \/>\n<meta name=\"twitter:label1\" content=\"Escrito por\" \/>\n\t<meta name=\"twitter:data1\" content=\"Mar\u00eda de la Paz Rodarte Ram\u00edrez\" \/>\n\t<meta name=\"twitter:label2\" content=\"Tiempo de lectura\" \/>\n\t<meta name=\"twitter:data2\" content=\"1 minuto\" \/>\n<script type=\"application\/ld+json\" class=\"yoast-schema-graph\">{\"@context\":\"https:\\\/\\\/schema.org\",\"@graph\":[{\"@type\":\"Article\",\"@id\":\"https:\\\/\\\/elhijodelllanero.mx\\\/index.php\\\/2026\\\/03\\\/24\\\/morena-afina-estrategia-en-gtocon-ausencias-que-no-pasan-desapercibidas\\\/#article\",\"isPartOf\":{\"@id\":\"https:\\\/\\\/elhijodelllanero.mx\\\/index.php\\\/2026\\\/03\\\/24\\\/morena-afina-estrategia-en-gtocon-ausencias-que-no-pasan-desapercibidas\\\/\"},\"author\":{\"name\":\"Mar\u00eda de la Paz Rodarte Ram\u00edrez\",\"@id\":\"https:\\\/\\\/elhijodelllanero.mx\\\/#\\\/schema\\\/person\\\/c7f8c86c55c1eab44ae2b93a9628245f\"},\"headline\":\"Morena afina estrategia en Gto\u2026con ausencias que no pasan desapercibidas.\",\"datePublished\":\"2026-03-24T20:28:47+00:00\",\"mainEntityOfPage\":{\"@id\":\"https:\\\/\\\/elhijodelllanero.mx\\\/index.php\\\/2026\\\/03\\\/24\\\/morena-afina-estrategia-en-gtocon-ausencias-que-no-pasan-desapercibidas\\\/\"},\"wordCount\":174,\"commentCount\":0,\"image\":{\"@id\":\"https:\\\/\\\/elhijodelllanero.mx\\\/index.php\\\/2026\\\/03\\\/24\\\/morena-afina-estrategia-en-gtocon-ausencias-que-no-pasan-desapercibidas\\\/#primaryimage\"},\"thumbnailUrl\":\"https:\\\/\\\/i0.wp.com\\\/elhijodelllanero.mx\\\/wp-content\\\/uploads\\\/2026\\\/03\\\/IMG-20260323-WA0012.jpg?fit=1280%2C720&ssl=1\",\"articleSection\":[\"ESTADO\"],\"inLanguage\":\"es\",\"potentialAction\":[{\"@type\":\"CommentAction\",\"name\":\"Comment\",\"target\":[\"https:\\\/\\\/elhijodelllanero.mx\\\/index.php\\\/2026\\\/03\\\/24\\\/morena-afina-estrategia-en-gtocon-ausencias-que-no-pasan-desapercibidas\\\/#respond\"]}]},{\"@type\":\"WebPage\",\"@id\":\"https:\\\/\\\/elhijodelllanero.mx\\\/index.php\\\/2026\\\/03\\\/24\\\/morena-afina-estrategia-en-gtocon-ausencias-que-no-pasan-desapercibidas\\\/\",\"url\":\"https:\\\/\\\/elhijodelllanero.mx\\\/index.php\\\/2026\\\/03\\\/24\\\/morena-afina-estrategia-en-gtocon-ausencias-que-no-pasan-desapercibidas\\\/\",\"name\":\"Morena afina estrategia en Gto\u2026con ausencias que no pasan desapercibidas. - El Hijo del llanero solititito\",\"isPartOf\":{\"@id\":\"https:\\\/\\\/elhijodelllanero.mx\\\/#website\"},\"primaryImageOfPage\":{\"@id\":\"https:\\\/\\\/elhijodelllanero.mx\\\/index.php\\\/2026\\\/03\\\/24\\\/morena-afina-estrategia-en-gtocon-ausencias-que-no-pasan-desapercibidas\\\/#primaryimage\"},\"image\":{\"@id\":\"https:\\\/\\\/elhijodelllanero.mx\\\/index.php\\\/2026\\\/03\\\/24\\\/morena-afina-estrategia-en-gtocon-ausencias-que-no-pasan-desapercibidas\\\/#primaryimage\"},\"thumbnailUrl\":\"https:\\\/\\\/i0.wp.com\\\/elhijodelllanero.mx\\\/wp-content\\\/uploads\\\/2026\\\/03\\\/IMG-20260323-WA0012.jpg?fit=1280%2C720&ssl=1\",\"datePublished\":\"2026-03-24T20:28:47+00:00\",\"author\":{\"@id\":\"https:\\\/\\\/elhijodelllanero.mx\\\/#\\\/schema\\\/person\\\/c7f8c86c55c1eab44ae2b93a9628245f\"},\"breadcrumb\":{\"@id\":\"https:\\\/\\\/elhijodelllanero.mx\\\/index.php\\\/2026\\\/03\\\/24\\\/morena-afina-estrategia-en-gtocon-ausencias-que-no-pasan-desapercibidas\\\/#breadcrumb\"},\"inLanguage\":\"es\",\"potentialAction\":[{\"@type\":\"ReadAction\",\"target\":[\"https:\\\/\\\/elhijodelllanero.mx\\\/index.php\\\/2026\\\/03\\\/24\\\/morena-afina-estrategia-en-gtocon-ausencias-que-no-pasan-desapercibidas\\\/\"]}]},{\"@type\":\"ImageObject\",\"inLanguage\":\"es\",\"@id\":\"https:\\\/\\\/elhijodelllanero.mx\\\/index.php\\\/2026\\\/03\\\/24\\\/morena-afina-estrategia-en-gtocon-ausencias-que-no-pasan-desapercibidas\\\/#primaryimage\",\"url\":\"https:\\\/\\\/i0.wp.com\\\/elhijodelllanero.mx\\\/wp-content\\\/uploads\\\/2026\\\/03\\\/IMG-20260323-WA0012.jpg?fit=1280%2C720&ssl=1\",\"contentUrl\":\"https:\\\/\\\/i0.wp.com\\\/elhijodelllanero.mx\\\/wp-content\\\/uploads\\\/2026\\\/03\\\/IMG-20260323-WA0012.jpg?fit=1280%2C720&ssl=1\",\"width\":1280,\"height\":720},{\"@type\":\"BreadcrumbList\",\"@id\":\"https:\\\/\\\/elhijodelllanero.mx\\\/index.php\\\/2026\\\/03\\\/24\\\/morena-afina-estrategia-en-gtocon-ausencias-que-no-pasan-desapercibidas\\\/#breadcrumb\",\"itemListElement\":[{\"@type\":\"ListItem\",\"position\":1,\"name\":\"Portada\",\"item\":\"https:\\\/\\\/elhijodelllanero.mx\\\/\"},{\"@type\":\"ListItem\",\"position\":2,\"name\":\"Morena afina estrategia en Gto\u2026con ausencias que no pasan desapercibidas.\"}]},{\"@type\":\"WebSite\",\"@id\":\"https:\\\/\\\/elhijodelllanero.mx\\\/#website\",\"url\":\"https:\\\/\\\/elhijodelllanero.mx\\\/\",\"name\":\"El Hijo del llanero solititito\",\"description\":\"\",\"potentialAction\":[{\"@type\":\"SearchAction\",\"target\":{\"@type\":\"EntryPoint\",\"urlTemplate\":\"https:\\\/\\\/elhijodelllanero.mx\\\/?s={search_term_string}\"},\"query-input\":{\"@type\":\"PropertyValueSpecification\",\"valueRequired\":true,\"valueName\":\"search_term_string\"}}],\"inLanguage\":\"es\"},{\"@type\":\"Person\",\"@id\":\"https:\\\/\\\/elhijodelllanero.mx\\\/#\\\/schema\\\/person\\\/c7f8c86c55c1eab44ae2b93a9628245f\",\"name\":\"Mar\u00eda de la Paz Rodarte Ram\u00edrez\",\"image\":{\"@type\":\"ImageObject\",\"inLanguage\":\"es\",\"@id\":\"https:\\\/\\\/secure.gravatar.com\\\/avatar\\\/1f38f8518b09a266af73da2bce78d69e7d1275299970134ed62f572e0487e1d0?s=96&d=mm&r=g\",\"url\":\"https:\\\/\\\/secure.gravatar.com\\\/avatar\\\/1f38f8518b09a266af73da2bce78d69e7d1275299970134ed62f572e0487e1d0?s=96&d=mm&r=g\",\"contentUrl\":\"https:\\\/\\\/secure.gravatar.com\\\/avatar\\\/1f38f8518b09a266af73da2bce78d69e7d1275299970134ed62f572e0487e1d0?s=96&d=mm&r=g\",\"caption\":\"Mar\u00eda de la Paz Rodarte Ram\u00edrez\"},\"sameAs\":[\"https:\\\/\\\/www.elhijodelllanero.mx\"],\"url\":\"https:\\\/\\\/elhijodelllanero.mx\\\/index.php\\\/author\\\/maricuas\\\/\"}]}<\/script>\n<!-- \/ Yoast SEO plugin. -->","yoast_head_json":{"title":"Morena afina estrategia en Gto\u2026con ausencias que no pasan desapercibidas. - El Hijo del llanero solititito","robots":{"index":"index","follow":"follow","max-snippet":"max-snippet:-1","max-image-preview":"max-image-preview:large","max-video-preview":"max-video-preview:-1"},"canonical":"https:\/\/elhijodelllanero.mx\/index.php\/2026\/03\/24\/morena-afina-estrategia-en-gtocon-ausencias-que-no-pasan-desapercibidas\/","og_locale":"es_ES","og_type":"article","og_title":"Morena afina estrategia en Gto\u2026con ausencias que no pasan desapercibidas. - El Hijo del llanero solititito","og_description":"Guanajuato, Gto. 24 de marzo del 2026.-Morena en el estado sostuvo una reuni\u00f3n interna para \u201cdialogar, coordinar y fortalecer estrategias\u201d, aunque no todos fueron considerados en la mesa. El encuentro, al que no fue convocado el bloque de alcaldes que previamente dej\u00f3 fuera a la alcalde de Villagr\u00e1n, Cinthia Teniente, habr\u00eda sido impulsado por la [&hellip;]","og_url":"https:\/\/elhijodelllanero.mx\/index.php\/2026\/03\/24\/morena-afina-estrategia-en-gtocon-ausencias-que-no-pasan-desapercibidas\/","og_site_name":"El Hijo del llanero solititito","article_published_time":"2026-03-24T20:28:47+00:00","og_image":[{"width":1280,"height":720,"url":"https:\/\/elhijodelllanero.mx\/wp-content\/uploads\/2026\/03\/IMG-20260323-WA0012.jpg","type":"image\/jpeg"}],"author":"Mar\u00eda de la Paz Rodarte Ram\u00edrez","twitter_card":"summary_large_image","twitter_misc":{"Escrito por":"Mar\u00eda de la Paz Rodarte Ram\u00edrez","Tiempo de lectura":"1 minuto"},"schema":{"@context":"https:\/\/schema.org","@graph":[{"@type":"Article","@id":"https:\/\/elhijodelllanero.mx\/index.php\/2026\/03\/24\/morena-afina-estrategia-en-gtocon-ausencias-que-no-pasan-desapercibidas\/#article","isPartOf":{"@id":"https:\/\/elhijodelllanero.mx\/index.php\/2026\/03\/24\/morena-afina-estrategia-en-gtocon-ausencias-que-no-pasan-desapercibidas\/"},"author":{"name":"Mar\u00eda de la Paz Rodarte Ram\u00edrez","@id":"https:\/\/elhijodelllanero.mx\/#\/schema\/person\/c7f8c86c55c1eab44ae2b93a9628245f"},"headline":"Morena afina estrategia en Gto\u2026con ausencias que no pasan desapercibidas.","datePublished":"2026-03-24T20:28:47+00:00","mainEntityOfPage":{"@id":"https:\/\/elhijodelllanero.mx\/index.php\/2026\/03\/24\/morena-afina-estrategia-en-gtocon-ausencias-que-no-pasan-desapercibidas\/"},"wordCount":174,"commentCount":0,"image":{"@id":"https:\/\/elhijodelllanero.mx\/index.php\/2026\/03\/24\/morena-afina-estrategia-en-gtocon-ausencias-que-no-pasan-desapercibidas\/#primaryimage"},"thumbnailUrl":"https:\/\/i0.wp.com\/elhijodelllanero.mx\/wp-content\/uploads\/2026\/03\/IMG-20260323-WA0012.jpg?fit=1280%2C720&ssl=1","articleSection":["ESTADO"],"inLanguage":"es","potentialAction":[{"@type":"CommentAction","name":"Comment","target":["https:\/\/elhijodelllanero.mx\/index.php\/2026\/03\/24\/morena-afina-estrategia-en-gtocon-ausencias-que-no-pasan-desapercibidas\/#respond"]}]},{"@type":"WebPage","@id":"https:\/\/elhijodelllanero.mx\/index.php\/2026\/03\/24\/morena-afina-estrategia-en-gtocon-ausencias-que-no-pasan-desapercibidas\/","url":"https:\/\/elhijodelllanero.mx\/index.php\/2026\/03\/24\/morena-afina-estrategia-en-gtocon-ausencias-que-no-pasan-desapercibidas\/","name":"Morena afina estrategia en Gto\u2026con ausencias que no pasan desapercibidas. - El Hijo del llanero solititito","isPartOf":{"@id":"https:\/\/elhijodelllanero.mx\/#website"},"primaryImageOfPage":{"@id":"https:\/\/elhijodelllanero.mx\/index.php\/2026\/03\/24\/morena-afina-estrategia-en-gtocon-ausencias-que-no-pasan-desapercibidas\/#primaryimage"},"image":{"@id":"https:\/\/elhijodelllanero.mx\/index.php\/2026\/03\/24\/morena-afina-estrategia-en-gtocon-ausencias-que-no-pasan-desapercibidas\/#primaryimage"},"thumbnailUrl":"https:\/\/i0.wp.com\/elhijodelllanero.mx\/wp-content\/uploads\/2026\/03\/IMG-20260323-WA0012.jpg?fit=1280%2C720&ssl=1","datePublished":"2026-03-24T20:28:47+00:00","author":{"@id":"https:\/\/elhijodelllanero.mx\/#\/schema\/person\/c7f8c86c55c1eab44ae2b93a9628245f"},"breadcrumb":{"@id":"https:\/\/elhijodelllanero.mx\/index.php\/2026\/03\/24\/morena-afina-estrategia-en-gtocon-ausencias-que-no-pasan-desapercibidas\/#breadcrumb"},"inLanguage":"es","potentialAction":[{"@type":"ReadAction","target":["https:\/\/elhijodelllanero.mx\/index.php\/2026\/03\/24\/morena-afina-estrategia-en-gtocon-ausencias-que-no-pasan-desapercibidas\/"]}]},{"@type":"ImageObject","inLanguage":"es","@id":"https:\/\/elhijodelllanero.mx\/index.php\/2026\/03\/24\/morena-afina-estrategia-en-gtocon-ausencias-que-no-pasan-desapercibidas\/#primaryimage","url":"https:\/\/i0.wp.com\/elhijodelllanero.mx\/wp-content\/uploads\/2026\/03\/IMG-20260323-WA0012.jpg?fit=1280%2C720&ssl=1","contentUrl":"https:\/\/i0.wp.com\/elhijodelllanero.mx\/wp-content\/uploads\/2026\/03\/IMG-20260323-WA0012.jpg?fit=1280%2C720&ssl=1","width":1280,"height":720},{"@type":"BreadcrumbList","@id":"https:\/\/elhijodelllanero.mx\/index.php\/2026\/03\/24\/morena-afina-estrategia-en-gtocon-ausencias-que-no-pasan-desapercibidas\/#breadcrumb","itemListElement":[{"@type":"ListItem","position":1,"name":"Portada","item":"https:\/\/elhijodelllanero.mx\/"},{"@type":"ListItem","position":2,"name":"Morena afina estrategia en Gto\u2026con ausencias que no pasan desapercibidas."}]},{"@type":"WebSite","@id":"https:\/\/elhijodelllanero.mx\/#website","url":"https:\/\/elhijodelllanero.mx\/","name":"El Hijo del llanero solititito","description":"","potentialAction":[{"@type":"SearchAction","target":{"@type":"EntryPoint","urlTemplate":"https:\/\/elhijodelllanero.mx\/?s={search_term_string}"},"query-input":{"@type":"PropertyValueSpecification","valueRequired":true,"valueName":"search_term_string"}}],"inLanguage":"es"},{"@type":"Person","@id":"https:\/\/elhijodelllanero.mx\/#\/schema\/person\/c7f8c86c55c1eab44ae2b93a9628245f","name":"Mar\u00eda de la Paz Rodarte Ram\u00edrez","image":{"@type":"ImageObject","inLanguage":"es","@id":"https:\/\/secure.gravatar.com\/avatar\/1f38f8518b09a266af73da2bce78d69e7d1275299970134ed62f572e0487e1d0?s=96&d=mm&r=g","url":"https:\/\/secure.gravatar.com\/avatar\/1f38f8518b09a266af73da2bce78d69e7d1275299970134ed62f572e0487e1d0?s=96&d=mm&r=g","contentUrl":"https:\/\/secure.gravatar.com\/avatar\/1f38f8518b09a266af73da2bce78d69e7d1275299970134ed62f572e0487e1d0?s=96&d=mm&r=g","caption":"Mar\u00eda de la Paz Rodarte Ram\u00edrez"},"sameAs":["https:\/\/www.elhijodelllanero.mx"],"url":"https:\/\/elhijodelllanero.mx\/index.php\/author\/maricuas\/"}]}},"jetpack_featured_media_url":"https:\/\/i0.wp.com\/elhijodelllanero.mx\/wp-content\/uploads\/2026\/03\/IMG-20260323-WA0012.jpg?fit=1280%2C720&ssl=1","jetpack-related-posts":[],"jetpack_sharing_enabled":true,"_links":{"self":[{"href":"https:\/\/elhijodelllanero.mx\/index.php\/wp-json\/wp\/v2\/posts\/13424","targetHints":{"allow":["GET"]}}],"collection":[{"href":"https:\/\/elhijodelllanero.mx\/index.php\/wp-json\/wp\/v2\/posts"}],"about":[{"href":"https:\/\/elhijodelllanero.mx\/index.php\/wp-json\/wp\/v2\/types\/post"}],"author":[{"embeddable":true,"href":"https:\/\/elhijodelllanero.mx\/index.php\/wp-json\/wp\/v2\/users\/3"}],"replies":[{"embeddable":true,"href":"https:\/\/elhijodelllanero.mx\/index.php\/wp-json\/wp\/v2\/comments?post=13424"}],"version-history":[{"count":1,"href":"https:\/\/elhijodelllanero.mx\/index.php\/wp-json\/wp\/v2\/posts\/13424\/revisions"}],"predecessor-version":[{"id":13426,"href":"https:\/\/elhijodelllanero.mx\/index.php\/wp-json\/wp\/v2\/posts\/13424\/revisions\/13426"}],"wp:featuredmedia":[{"embeddable":true,"href":"https:\/\/elhijodelllanero.mx\/index.php\/wp-json\/wp\/v2\/media\/13425"}],"wp:attachment":[{"href":"https:\/\/elhijodelllanero.mx\/index.php\/wp-json\/wp\/v2\/media?parent=13424"}],"wp:term":[{"taxonomy":"category","embeddable":true,"href":"https:\/\/elhijodelllanero.mx\/index.php\/wp-json\/wp\/v2\/categories?post=13424"},{"taxonomy":"post_tag","embeddable":true,"href":"https:\/\/elhijodelllanero.mx\/index.php\/wp-json\/wp\/v2\/tags?post=13424"}],"curies":[{"name":"wp","href":"https:\/\/api.w.org\/{rel}","templated":true}]}}