{"id":13500,"date":"2026-03-27T14:06:45","date_gmt":"2026-03-27T14:06:45","guid":{"rendered":"https:\/\/elhijodelllanero.mx\/?p=13500"},"modified":"2026-03-27T14:06:45","modified_gmt":"2026-03-27T14:06:45","slug":"arranca-el-descanso-para-mas-de-1-7-millones-de-estudiantes-en-gto","status":"publish","type":"post","link":"https:\/\/elhijodelllanero.mx\/index.php\/2026\/03\/27\/arranca-el-descanso-para-mas-de-1-7-millones-de-estudiantes-en-gto\/","title":{"rendered":"Arranca el descanso para m\u00e1s de 1.7 millones de estudiantes en Gto.\u00a0"},"content":{"rendered":"<p>Guanajuato, Gto. 26 de marzo de 2026.- A partir de este lunes 30 de marzo, un total de 1 mill\u00f3n 729 mil 155 estudiantes de todos los niveles educativos en el estado entrar\u00e1n oficialmente en periodo vacacional, de acuerdo con el Calendario Escolar 2025-2026.<\/p>\n<p>El receso no es menor: involucra desde ni\u00f1as y ni\u00f1os en educaci\u00f3n inicial hasta j\u00f3venes de nivel superior, atendidos por m\u00e1s de 96 mil docentes en m\u00e1s de 13 mil escuelas distribuidas a lo largo del estado. En otras palabras, aulas vac\u00edas\u2026 al menos por unos d\u00edas.<\/p>\n<p>Por niveles, la pausa queda as\u00ed: m\u00e1s de 655 mil alumnos de primaria, 311 mil de secundaria, 266 mil de media superior y cerca de 242 mil de educaci\u00f3n superior dejar\u00e1n los salones para cambiar cuadernos por descanso. A esto se suman estudiantes de preescolar, educaci\u00f3n inicial y especial, completando el panorama de un estado que, por unos d\u00edas, baja el ritmo escolar.<\/p>\n<p>Eso s\u00ed, no todos se van exactamente al mismo tiempo. Algunas instituciones, sobre todo de nivel medio superior y superior, manejan calendarios propios, as\u00ed que para algunos el descanso llegar\u00e1 antes\u2026 o se har\u00e1 esperar un poco m\u00e1s.<\/p>\n<p>Durante este periodo, la Secretar\u00eda de Educaci\u00f3n de Guanajuato hizo un llamado a madres, padres y tutores a fomentar actividades recreativas, culturales y de convivencia que aporten al desarrollo de ni\u00f1as, ni\u00f1os y j\u00f3venes. Porque s\u00ed, descansar est\u00e1 bien, pero desaparecer frente a una pantalla toda la semana no cuenta como \u201cactividad formativa\u201d.<\/p>\n<p>En paralelo, y para evitar sorpresas desagradables al regreso, se implementar\u00e1n acciones coordinadas con autoridades municipales y de seguridad para resguardar los planteles educativos. La idea es simple: que las escuelas est\u00e9n intactas y listas cuando toque volver a la realidad.<\/p>\n<p>Finalmente, se invit\u00f3 a la ciudadan\u00eda a reportar cualquier situaci\u00f3n sospechosa en escuelas al 911, recordando que la seguridad tambi\u00e9n depende de quienes pasan todos los d\u00edas frente a ellas.<\/p>\n<p>As\u00ed que s\u00ed, oficialmente empiezan las vacaciones. Algunos viajar\u00e1n, otros descansar\u00e1n\u2026 y muchos simplemente celebrar\u00e1n el noble arte de no levantarse temprano.<\/p>\n","protected":false},"excerpt":{"rendered":"<p>Guanajuato, Gto. 26 de marzo de 2026.- A partir de este lunes 30 de marzo, un total de 1 mill\u00f3n 729 mil 155 estudiantes de todos los niveles educativos en el estado entrar\u00e1n oficialmente en periodo vacacional, de acuerdo con el Calendario Escolar 2025-2026. El receso no es menor: involucra desde ni\u00f1as y ni\u00f1os en [&hellip;]<\/p>\n","protected":false},"author":3,"featured_media":13501,"comment_status":"open","ping_status":"closed","sticky":false,"template":"","format":"standard","meta":{"_jetpack_newsletter_access":"","_jetpack_dont_email_post_to_subs":false,"_jetpack_newsletter_tier_id":0,"_jetpack_memberships_contains_paywalled_content":false,"_jetpack_memberships_contains_paid_content":false,"footnotes":""},"categories":[38],"tags":[],"class_list":{"0":"post-13500","1":"post","2":"type-post","3":"status-publish","4":"format-standard","5":"has-post-thumbnail","7":"category-estado"},"yoast_head":"<!-- This site is optimized with the Yoast SEO plugin v27.3 - https:\/\/yoast.com\/product\/yoast-seo-wordpress\/ -->\n<title>Arranca el descanso para m\u00e1s de 1.7 millones de estudiantes en Gto.\u00a0 - El Hijo del llanero solititito<\/title>\n<meta name=\"robots\" content=\"index, follow, max-snippet:-1, max-image-preview:large, max-video-preview:-1\" \/>\n<link rel=\"canonical\" href=\"https:\/\/elhijodelllanero.mx\/index.php\/2026\/03\/27\/arranca-el-descanso-para-mas-de-1-7-millones-de-estudiantes-en-gto\/\" \/>\n<meta property=\"og:locale\" content=\"es_ES\" \/>\n<meta property=\"og:type\" content=\"article\" \/>\n<meta property=\"og:title\" content=\"Arranca el descanso para m\u00e1s de 1.7 millones de estudiantes en Gto.\u00a0 - El Hijo del llanero solititito\" \/>\n<meta property=\"og:description\" content=\"Guanajuato, Gto. 26 de marzo de 2026.- A partir de este lunes 30 de marzo, un total de 1 mill\u00f3n 729 mil 155 estudiantes de todos los niveles educativos en el estado entrar\u00e1n oficialmente en periodo vacacional, de acuerdo con el Calendario Escolar 2025-2026. El receso no es menor: involucra desde ni\u00f1as y ni\u00f1os en [&hellip;]\" \/>\n<meta property=\"og:url\" content=\"https:\/\/elhijodelllanero.mx\/index.php\/2026\/03\/27\/arranca-el-descanso-para-mas-de-1-7-millones-de-estudiantes-en-gto\/\" \/>\n<meta property=\"og:site_name\" content=\"El Hijo del llanero solititito\" \/>\n<meta property=\"article:published_time\" content=\"2026-03-27T14:06:45+00:00\" \/>\n<meta property=\"og:image\" content=\"https:\/\/elhijodelllanero.mx\/wp-content\/uploads\/2026\/03\/IMG-20260326-WA0004.jpg\" \/>\n\t<meta property=\"og:image:width\" content=\"1280\" \/>\n\t<meta property=\"og:image:height\" content=\"720\" \/>\n\t<meta property=\"og:image:type\" content=\"image\/jpeg\" \/>\n<meta name=\"author\" content=\"Mar\u00eda de la Paz Rodarte Ram\u00edrez\" \/>\n<meta name=\"twitter:card\" content=\"summary_large_image\" \/>\n<meta name=\"twitter:label1\" content=\"Escrito por\" \/>\n\t<meta name=\"twitter:data1\" content=\"Mar\u00eda de la Paz Rodarte Ram\u00edrez\" \/>\n\t<meta name=\"twitter:label2\" content=\"Tiempo de lectura\" \/>\n\t<meta name=\"twitter:data2\" content=\"2 minutos\" \/>\n<script type=\"application\/ld+json\" class=\"yoast-schema-graph\">{\"@context\":\"https:\\\/\\\/schema.org\",\"@graph\":[{\"@type\":\"Article\",\"@id\":\"https:\\\/\\\/elhijodelllanero.mx\\\/index.php\\\/2026\\\/03\\\/27\\\/arranca-el-descanso-para-mas-de-1-7-millones-de-estudiantes-en-gto\\\/#article\",\"isPartOf\":{\"@id\":\"https:\\\/\\\/elhijodelllanero.mx\\\/index.php\\\/2026\\\/03\\\/27\\\/arranca-el-descanso-para-mas-de-1-7-millones-de-estudiantes-en-gto\\\/\"},\"author\":{\"name\":\"Mar\u00eda de la Paz Rodarte Ram\u00edrez\",\"@id\":\"https:\\\/\\\/elhijodelllanero.mx\\\/#\\\/schema\\\/person\\\/c7f8c86c55c1eab44ae2b93a9628245f\"},\"headline\":\"Arranca el descanso para m\u00e1s de 1.7 millones de estudiantes en Gto.\u00a0\",\"datePublished\":\"2026-03-27T14:06:45+00:00\",\"mainEntityOfPage\":{\"@id\":\"https:\\\/\\\/elhijodelllanero.mx\\\/index.php\\\/2026\\\/03\\\/27\\\/arranca-el-descanso-para-mas-de-1-7-millones-de-estudiantes-en-gto\\\/\"},\"wordCount\":368,\"commentCount\":0,\"image\":{\"@id\":\"https:\\\/\\\/elhijodelllanero.mx\\\/index.php\\\/2026\\\/03\\\/27\\\/arranca-el-descanso-para-mas-de-1-7-millones-de-estudiantes-en-gto\\\/#primaryimage\"},\"thumbnailUrl\":\"https:\\\/\\\/i0.wp.com\\\/elhijodelllanero.mx\\\/wp-content\\\/uploads\\\/2026\\\/03\\\/IMG-20260326-WA0004.jpg?fit=1280%2C720&ssl=1\",\"articleSection\":[\"ESTADO\"],\"inLanguage\":\"es\",\"potentialAction\":[{\"@type\":\"CommentAction\",\"name\":\"Comment\",\"target\":[\"https:\\\/\\\/elhijodelllanero.mx\\\/index.php\\\/2026\\\/03\\\/27\\\/arranca-el-descanso-para-mas-de-1-7-millones-de-estudiantes-en-gto\\\/#respond\"]}]},{\"@type\":\"WebPage\",\"@id\":\"https:\\\/\\\/elhijodelllanero.mx\\\/index.php\\\/2026\\\/03\\\/27\\\/arranca-el-descanso-para-mas-de-1-7-millones-de-estudiantes-en-gto\\\/\",\"url\":\"https:\\\/\\\/elhijodelllanero.mx\\\/index.php\\\/2026\\\/03\\\/27\\\/arranca-el-descanso-para-mas-de-1-7-millones-de-estudiantes-en-gto\\\/\",\"name\":\"Arranca el descanso para m\u00e1s de 1.7 millones de estudiantes en Gto.\u00a0 - El Hijo del llanero solititito\",\"isPartOf\":{\"@id\":\"https:\\\/\\\/elhijodelllanero.mx\\\/#website\"},\"primaryImageOfPage\":{\"@id\":\"https:\\\/\\\/elhijodelllanero.mx\\\/index.php\\\/2026\\\/03\\\/27\\\/arranca-el-descanso-para-mas-de-1-7-millones-de-estudiantes-en-gto\\\/#primaryimage\"},\"image\":{\"@id\":\"https:\\\/\\\/elhijodelllanero.mx\\\/index.php\\\/2026\\\/03\\\/27\\\/arranca-el-descanso-para-mas-de-1-7-millones-de-estudiantes-en-gto\\\/#primaryimage\"},\"thumbnailUrl\":\"https:\\\/\\\/i0.wp.com\\\/elhijodelllanero.mx\\\/wp-content\\\/uploads\\\/2026\\\/03\\\/IMG-20260326-WA0004.jpg?fit=1280%2C720&ssl=1\",\"datePublished\":\"2026-03-27T14:06:45+00:00\",\"author\":{\"@id\":\"https:\\\/\\\/elhijodelllanero.mx\\\/#\\\/schema\\\/person\\\/c7f8c86c55c1eab44ae2b93a9628245f\"},\"breadcrumb\":{\"@id\":\"https:\\\/\\\/elhijodelllanero.mx\\\/index.php\\\/2026\\\/03\\\/27\\\/arranca-el-descanso-para-mas-de-1-7-millones-de-estudiantes-en-gto\\\/#breadcrumb\"},\"inLanguage\":\"es\",\"potentialAction\":[{\"@type\":\"ReadAction\",\"target\":[\"https:\\\/\\\/elhijodelllanero.mx\\\/index.php\\\/2026\\\/03\\\/27\\\/arranca-el-descanso-para-mas-de-1-7-millones-de-estudiantes-en-gto\\\/\"]}]},{\"@type\":\"ImageObject\",\"inLanguage\":\"es\",\"@id\":\"https:\\\/\\\/elhijodelllanero.mx\\\/index.php\\\/2026\\\/03\\\/27\\\/arranca-el-descanso-para-mas-de-1-7-millones-de-estudiantes-en-gto\\\/#primaryimage\",\"url\":\"https:\\\/\\\/i0.wp.com\\\/elhijodelllanero.mx\\\/wp-content\\\/uploads\\\/2026\\\/03\\\/IMG-20260326-WA0004.jpg?fit=1280%2C720&ssl=1\",\"contentUrl\":\"https:\\\/\\\/i0.wp.com\\\/elhijodelllanero.mx\\\/wp-content\\\/uploads\\\/2026\\\/03\\\/IMG-20260326-WA0004.jpg?fit=1280%2C720&ssl=1\",\"width\":1280,\"height\":720},{\"@type\":\"BreadcrumbList\",\"@id\":\"https:\\\/\\\/elhijodelllanero.mx\\\/index.php\\\/2026\\\/03\\\/27\\\/arranca-el-descanso-para-mas-de-1-7-millones-de-estudiantes-en-gto\\\/#breadcrumb\",\"itemListElement\":[{\"@type\":\"ListItem\",\"position\":1,\"name\":\"Portada\",\"item\":\"https:\\\/\\\/elhijodelllanero.mx\\\/\"},{\"@type\":\"ListItem\",\"position\":2,\"name\":\"Arranca el descanso para m\u00e1s de 1.7 millones de estudiantes en Gto.\u00a0\"}]},{\"@type\":\"WebSite\",\"@id\":\"https:\\\/\\\/elhijodelllanero.mx\\\/#website\",\"url\":\"https:\\\/\\\/elhijodelllanero.mx\\\/\",\"name\":\"El Hijo del llanero solititito\",\"description\":\"\",\"potentialAction\":[{\"@type\":\"SearchAction\",\"target\":{\"@type\":\"EntryPoint\",\"urlTemplate\":\"https:\\\/\\\/elhijodelllanero.mx\\\/?s={search_term_string}\"},\"query-input\":{\"@type\":\"PropertyValueSpecification\",\"valueRequired\":true,\"valueName\":\"search_term_string\"}}],\"inLanguage\":\"es\"},{\"@type\":\"Person\",\"@id\":\"https:\\\/\\\/elhijodelllanero.mx\\\/#\\\/schema\\\/person\\\/c7f8c86c55c1eab44ae2b93a9628245f\",\"name\":\"Mar\u00eda de la Paz Rodarte Ram\u00edrez\",\"image\":{\"@type\":\"ImageObject\",\"inLanguage\":\"es\",\"@id\":\"https:\\\/\\\/secure.gravatar.com\\\/avatar\\\/1f38f8518b09a266af73da2bce78d69e7d1275299970134ed62f572e0487e1d0?s=96&d=mm&r=g\",\"url\":\"https:\\\/\\\/secure.gravatar.com\\\/avatar\\\/1f38f8518b09a266af73da2bce78d69e7d1275299970134ed62f572e0487e1d0?s=96&d=mm&r=g\",\"contentUrl\":\"https:\\\/\\\/secure.gravatar.com\\\/avatar\\\/1f38f8518b09a266af73da2bce78d69e7d1275299970134ed62f572e0487e1d0?s=96&d=mm&r=g\",\"caption\":\"Mar\u00eda de la Paz Rodarte Ram\u00edrez\"},\"sameAs\":[\"https:\\\/\\\/www.elhijodelllanero.mx\"],\"url\":\"https:\\\/\\\/elhijodelllanero.mx\\\/index.php\\\/author\\\/maricuas\\\/\"}]}<\/script>\n<!-- \/ Yoast SEO plugin. -->","yoast_head_json":{"title":"Arranca el descanso para m\u00e1s de 1.7 millones de estudiantes en Gto.\u00a0 - El Hijo del llanero solititito","robots":{"index":"index","follow":"follow","max-snippet":"max-snippet:-1","max-image-preview":"max-image-preview:large","max-video-preview":"max-video-preview:-1"},"canonical":"https:\/\/elhijodelllanero.mx\/index.php\/2026\/03\/27\/arranca-el-descanso-para-mas-de-1-7-millones-de-estudiantes-en-gto\/","og_locale":"es_ES","og_type":"article","og_title":"Arranca el descanso para m\u00e1s de 1.7 millones de estudiantes en Gto.\u00a0 - El Hijo del llanero solititito","og_description":"Guanajuato, Gto. 26 de marzo de 2026.- A partir de este lunes 30 de marzo, un total de 1 mill\u00f3n 729 mil 155 estudiantes de todos los niveles educativos en el estado entrar\u00e1n oficialmente en periodo vacacional, de acuerdo con el Calendario Escolar 2025-2026. El receso no es menor: involucra desde ni\u00f1as y ni\u00f1os en [&hellip;]","og_url":"https:\/\/elhijodelllanero.mx\/index.php\/2026\/03\/27\/arranca-el-descanso-para-mas-de-1-7-millones-de-estudiantes-en-gto\/","og_site_name":"El Hijo del llanero solititito","article_published_time":"2026-03-27T14:06:45+00:00","og_image":[{"width":1280,"height":720,"url":"https:\/\/elhijodelllanero.mx\/wp-content\/uploads\/2026\/03\/IMG-20260326-WA0004.jpg","type":"image\/jpeg"}],"author":"Mar\u00eda de la Paz Rodarte Ram\u00edrez","twitter_card":"summary_large_image","twitter_misc":{"Escrito por":"Mar\u00eda de la Paz Rodarte Ram\u00edrez","Tiempo de lectura":"2 minutos"},"schema":{"@context":"https:\/\/schema.org","@graph":[{"@type":"Article","@id":"https:\/\/elhijodelllanero.mx\/index.php\/2026\/03\/27\/arranca-el-descanso-para-mas-de-1-7-millones-de-estudiantes-en-gto\/#article","isPartOf":{"@id":"https:\/\/elhijodelllanero.mx\/index.php\/2026\/03\/27\/arranca-el-descanso-para-mas-de-1-7-millones-de-estudiantes-en-gto\/"},"author":{"name":"Mar\u00eda de la Paz Rodarte Ram\u00edrez","@id":"https:\/\/elhijodelllanero.mx\/#\/schema\/person\/c7f8c86c55c1eab44ae2b93a9628245f"},"headline":"Arranca el descanso para m\u00e1s de 1.7 millones de estudiantes en Gto.\u00a0","datePublished":"2026-03-27T14:06:45+00:00","mainEntityOfPage":{"@id":"https:\/\/elhijodelllanero.mx\/index.php\/2026\/03\/27\/arranca-el-descanso-para-mas-de-1-7-millones-de-estudiantes-en-gto\/"},"wordCount":368,"commentCount":0,"image":{"@id":"https:\/\/elhijodelllanero.mx\/index.php\/2026\/03\/27\/arranca-el-descanso-para-mas-de-1-7-millones-de-estudiantes-en-gto\/#primaryimage"},"thumbnailUrl":"https:\/\/i0.wp.com\/elhijodelllanero.mx\/wp-content\/uploads\/2026\/03\/IMG-20260326-WA0004.jpg?fit=1280%2C720&ssl=1","articleSection":["ESTADO"],"inLanguage":"es","potentialAction":[{"@type":"CommentAction","name":"Comment","target":["https:\/\/elhijodelllanero.mx\/index.php\/2026\/03\/27\/arranca-el-descanso-para-mas-de-1-7-millones-de-estudiantes-en-gto\/#respond"]}]},{"@type":"WebPage","@id":"https:\/\/elhijodelllanero.mx\/index.php\/2026\/03\/27\/arranca-el-descanso-para-mas-de-1-7-millones-de-estudiantes-en-gto\/","url":"https:\/\/elhijodelllanero.mx\/index.php\/2026\/03\/27\/arranca-el-descanso-para-mas-de-1-7-millones-de-estudiantes-en-gto\/","name":"Arranca el descanso para m\u00e1s de 1.7 millones de estudiantes en Gto.\u00a0 - El Hijo del llanero solititito","isPartOf":{"@id":"https:\/\/elhijodelllanero.mx\/#website"},"primaryImageOfPage":{"@id":"https:\/\/elhijodelllanero.mx\/index.php\/2026\/03\/27\/arranca-el-descanso-para-mas-de-1-7-millones-de-estudiantes-en-gto\/#primaryimage"},"image":{"@id":"https:\/\/elhijodelllanero.mx\/index.php\/2026\/03\/27\/arranca-el-descanso-para-mas-de-1-7-millones-de-estudiantes-en-gto\/#primaryimage"},"thumbnailUrl":"https:\/\/i0.wp.com\/elhijodelllanero.mx\/wp-content\/uploads\/2026\/03\/IMG-20260326-WA0004.jpg?fit=1280%2C720&ssl=1","datePublished":"2026-03-27T14:06:45+00:00","author":{"@id":"https:\/\/elhijodelllanero.mx\/#\/schema\/person\/c7f8c86c55c1eab44ae2b93a9628245f"},"breadcrumb":{"@id":"https:\/\/elhijodelllanero.mx\/index.php\/2026\/03\/27\/arranca-el-descanso-para-mas-de-1-7-millones-de-estudiantes-en-gto\/#breadcrumb"},"inLanguage":"es","potentialAction":[{"@type":"ReadAction","target":["https:\/\/elhijodelllanero.mx\/index.php\/2026\/03\/27\/arranca-el-descanso-para-mas-de-1-7-millones-de-estudiantes-en-gto\/"]}]},{"@type":"ImageObject","inLanguage":"es","@id":"https:\/\/elhijodelllanero.mx\/index.php\/2026\/03\/27\/arranca-el-descanso-para-mas-de-1-7-millones-de-estudiantes-en-gto\/#primaryimage","url":"https:\/\/i0.wp.com\/elhijodelllanero.mx\/wp-content\/uploads\/2026\/03\/IMG-20260326-WA0004.jpg?fit=1280%2C720&ssl=1","contentUrl":"https:\/\/i0.wp.com\/elhijodelllanero.mx\/wp-content\/uploads\/2026\/03\/IMG-20260326-WA0004.jpg?fit=1280%2C720&ssl=1","width":1280,"height":720},{"@type":"BreadcrumbList","@id":"https:\/\/elhijodelllanero.mx\/index.php\/2026\/03\/27\/arranca-el-descanso-para-mas-de-1-7-millones-de-estudiantes-en-gto\/#breadcrumb","itemListElement":[{"@type":"ListItem","position":1,"name":"Portada","item":"https:\/\/elhijodelllanero.mx\/"},{"@type":"ListItem","position":2,"name":"Arranca el descanso para m\u00e1s de 1.7 millones de estudiantes en Gto.\u00a0"}]},{"@type":"WebSite","@id":"https:\/\/elhijodelllanero.mx\/#website","url":"https:\/\/elhijodelllanero.mx\/","name":"El Hijo del llanero solititito","description":"","potentialAction":[{"@type":"SearchAction","target":{"@type":"EntryPoint","urlTemplate":"https:\/\/elhijodelllanero.mx\/?s={search_term_string}"},"query-input":{"@type":"PropertyValueSpecification","valueRequired":true,"valueName":"search_term_string"}}],"inLanguage":"es"},{"@type":"Person","@id":"https:\/\/elhijodelllanero.mx\/#\/schema\/person\/c7f8c86c55c1eab44ae2b93a9628245f","name":"Mar\u00eda de la Paz Rodarte Ram\u00edrez","image":{"@type":"ImageObject","inLanguage":"es","@id":"https:\/\/secure.gravatar.com\/avatar\/1f38f8518b09a266af73da2bce78d69e7d1275299970134ed62f572e0487e1d0?s=96&d=mm&r=g","url":"https:\/\/secure.gravatar.com\/avatar\/1f38f8518b09a266af73da2bce78d69e7d1275299970134ed62f572e0487e1d0?s=96&d=mm&r=g","contentUrl":"https:\/\/secure.gravatar.com\/avatar\/1f38f8518b09a266af73da2bce78d69e7d1275299970134ed62f572e0487e1d0?s=96&d=mm&r=g","caption":"Mar\u00eda de la Paz Rodarte Ram\u00edrez"},"sameAs":["https:\/\/www.elhijodelllanero.mx"],"url":"https:\/\/elhijodelllanero.mx\/index.php\/author\/maricuas\/"}]}},"jetpack_featured_media_url":"https:\/\/i0.wp.com\/elhijodelllanero.mx\/wp-content\/uploads\/2026\/03\/IMG-20260326-WA0004.jpg?fit=1280%2C720&ssl=1","jetpack-related-posts":[],"jetpack_sharing_enabled":true,"_links":{"self":[{"href":"https:\/\/elhijodelllanero.mx\/index.php\/wp-json\/wp\/v2\/posts\/13500","targetHints":{"allow":["GET"]}}],"collection":[{"href":"https:\/\/elhijodelllanero.mx\/index.php\/wp-json\/wp\/v2\/posts"}],"about":[{"href":"https:\/\/elhijodelllanero.mx\/index.php\/wp-json\/wp\/v2\/types\/post"}],"author":[{"embeddable":true,"href":"https:\/\/elhijodelllanero.mx\/index.php\/wp-json\/wp\/v2\/users\/3"}],"replies":[{"embeddable":true,"href":"https:\/\/elhijodelllanero.mx\/index.php\/wp-json\/wp\/v2\/comments?post=13500"}],"version-history":[{"count":1,"href":"https:\/\/elhijodelllanero.mx\/index.php\/wp-json\/wp\/v2\/posts\/13500\/revisions"}],"predecessor-version":[{"id":13502,"href":"https:\/\/elhijodelllanero.mx\/index.php\/wp-json\/wp\/v2\/posts\/13500\/revisions\/13502"}],"wp:featuredmedia":[{"embeddable":true,"href":"https:\/\/elhijodelllanero.mx\/index.php\/wp-json\/wp\/v2\/media\/13501"}],"wp:attachment":[{"href":"https:\/\/elhijodelllanero.mx\/index.php\/wp-json\/wp\/v2\/media?parent=13500"}],"wp:term":[{"taxonomy":"category","embeddable":true,"href":"https:\/\/elhijodelllanero.mx\/index.php\/wp-json\/wp\/v2\/categories?post=13500"},{"taxonomy":"post_tag","embeddable":true,"href":"https:\/\/elhijodelllanero.mx\/index.php\/wp-json\/wp\/v2\/tags?post=13500"}],"curies":[{"name":"wp","href":"https:\/\/api.w.org\/{rel}","templated":true}]}}