{"id":13561,"date":"2026-03-30T23:06:04","date_gmt":"2026-03-30T23:06:04","guid":{"rendered":"https:\/\/elhijodelllanero.mx\/?p=13561"},"modified":"2026-03-30T23:06:04","modified_gmt":"2026-03-30T23:06:04","slug":"atribuyen-a-jovenes-maldosos-detonaciones-en-negocio-de-celaya","status":"publish","type":"post","link":"https:\/\/elhijodelllanero.mx\/index.php\/2026\/03\/30\/atribuyen-a-jovenes-maldosos-detonaciones-en-negocio-de-celaya\/","title":{"rendered":"Atribuyen a \u201cj\u00f3venes maldosos\u201d detonaciones en negocio de Celaya."},"content":{"rendered":"<p>Celaya, Gto. 30 de marzo del 2026.-Luego de las detonaciones de artefactos de alto impacto sonoro registradas la madrugada del domingo en un establecimiento comercial ubicado sobre el eje Manuel J. Clouthier, el presidente municipal Juan Miguel Ram\u00edrez se\u00f1al\u00f3 que, hasta el momento, no existen indicios de que el hecho est\u00e9 relacionado con delincuencia organizada, por lo que no se descarta que haya sido provocado por j\u00f3venes \u201cmaldosos\u201d.<\/p>\n<p>El incidente ocurri\u00f3 alrededor de las 4:30 de la ma\u00f1ana y, de acuerdo con el edil, no se tiene registro de amenazas previas ni conflictos relacionados con el negocio afectado, situaci\u00f3n que refuerza la hip\u00f3tesis de que se trat\u00f3 de un acto aislado.<\/p>\n<p>\u201cUnos me dicen petardos o sea pero yo le digo son bombas, son como bombas pero no llegan a bombas, la fiscal\u00eda lo est\u00e1s viendo luego, luego nosotros llegamos no pudimos intervenir y ahora le corresponde a la fiscal\u00eda darle seguimiento, nos dicen que no hay ning\u00fan problema, no han tenido problemas algo m\u00e1s debe haber pasado ah\u00ed luego hay muchachos que son muy est\u00e9 muy maldosos no porque no es el crimen organizado, el crimen organizado act\u00faa de otra forma, son esos muchachos maldosos es lo que creemos de todos modos estamos pendientes\u201d.<\/p>\n<p>El alcalde indic\u00f3 que la Fiscal\u00eda ya se encuentra a cargo de las investigaciones para esclarecer los hechos, mientras que el municipio mantiene vigilancia en la zona.<\/p>\n<p>Asimismo, destac\u00f3 que se ha reforzado la seguridad en establecimientos comerciales, particularmente ante reportes recientes de robos a cuentahabientes en las inmediaciones de sucursales bancarias.<\/p>\n<p>Finalmente, adelant\u00f3 que se trabaja en un proyecto para fortalecer a la Polic\u00eda Municipal mediante el uso de tecnolog\u00eda, con la intenci\u00f3n de mejorar la capacidad de respuesta ante hechos delictivos.<\/p>\n<p>\u201cPorque nosotros queremos poco a poco hemos tenido a nuestros polic\u00edas, pero ahora queremos aprovechar toda la tecnolog\u00eda para poder darle mejor soluci\u00f3n a la problem\u00e1tica que se nos ha presentado verdad, por primera vez hay asaltos y agarramos o hay atentados etc\u00e9tera pero agarramos a personas antes ni eso, hoy agarramos, eso tambi\u00e9n ya saben los malos que los vamos a agarrar hoy o ma\u00f1ana pero los vamos a agarrar\u201d.<\/p>\n<p>Por ahora, la versi\u00f3n oficial apunta a una travesura con explosivos\u2026 porque nada dice \u201cbroma juvenil\u201d como hacer estallar artefactos en plena madrugada.<\/p>\n","protected":false},"excerpt":{"rendered":"<p>Celaya, Gto. 30 de marzo del 2026.-Luego de las detonaciones de artefactos de alto impacto sonoro registradas la madrugada del domingo en un establecimiento comercial ubicado sobre el eje Manuel J. Clouthier, el presidente municipal Juan Miguel Ram\u00edrez se\u00f1al\u00f3 que, hasta el momento, no existen indicios de que el hecho est\u00e9 relacionado con delincuencia organizada, [&hellip;]<\/p>\n","protected":false},"author":3,"featured_media":13562,"comment_status":"open","ping_status":"closed","sticky":false,"template":"","format":"standard","meta":{"_jetpack_newsletter_access":"","_jetpack_dont_email_post_to_subs":false,"_jetpack_newsletter_tier_id":0,"_jetpack_memberships_contains_paywalled_content":false,"_jetpack_memberships_contains_paid_content":false,"footnotes":""},"categories":[74,82],"tags":[],"class_list":{"0":"post-13561","1":"post","2":"type-post","3":"status-publish","4":"format-standard","5":"has-post-thumbnail","7":"category-celaya","8":"category-policiaco"},"yoast_head":"<!-- This site is optimized with the Yoast SEO plugin v27.3 - https:\/\/yoast.com\/product\/yoast-seo-wordpress\/ -->\n<title>Atribuyen a \u201cj\u00f3venes maldosos\u201d detonaciones en negocio de Celaya. - El Hijo del llanero solititito<\/title>\n<meta name=\"robots\" content=\"index, follow, max-snippet:-1, max-image-preview:large, max-video-preview:-1\" \/>\n<link rel=\"canonical\" href=\"https:\/\/elhijodelllanero.mx\/index.php\/2026\/03\/30\/atribuyen-a-jovenes-maldosos-detonaciones-en-negocio-de-celaya\/\" \/>\n<meta property=\"og:locale\" content=\"es_ES\" \/>\n<meta property=\"og:type\" content=\"article\" \/>\n<meta property=\"og:title\" content=\"Atribuyen a \u201cj\u00f3venes maldosos\u201d detonaciones en negocio de Celaya. - El Hijo del llanero solititito\" \/>\n<meta property=\"og:description\" content=\"Celaya, Gto. 30 de marzo del 2026.-Luego de las detonaciones de artefactos de alto impacto sonoro registradas la madrugada del domingo en un establecimiento comercial ubicado sobre el eje Manuel J. Clouthier, el presidente municipal Juan Miguel Ram\u00edrez se\u00f1al\u00f3 que, hasta el momento, no existen indicios de que el hecho est\u00e9 relacionado con delincuencia organizada, [&hellip;]\" \/>\n<meta property=\"og:url\" content=\"https:\/\/elhijodelllanero.mx\/index.php\/2026\/03\/30\/atribuyen-a-jovenes-maldosos-detonaciones-en-negocio-de-celaya\/\" \/>\n<meta property=\"og:site_name\" content=\"El Hijo del llanero solititito\" \/>\n<meta property=\"article:published_time\" content=\"2026-03-30T23:06:04+00:00\" \/>\n<meta property=\"og:image\" content=\"https:\/\/elhijodelllanero.mx\/wp-content\/uploads\/2026\/03\/IMG-20260330-WA0011.jpg\" \/>\n\t<meta property=\"og:image:width\" content=\"969\" \/>\n\t<meta property=\"og:image:height\" content=\"1200\" \/>\n\t<meta property=\"og:image:type\" content=\"image\/jpeg\" \/>\n<meta name=\"author\" content=\"Mar\u00eda de la Paz Rodarte Ram\u00edrez\" \/>\n<meta name=\"twitter:card\" content=\"summary_large_image\" \/>\n<meta name=\"twitter:label1\" content=\"Escrito por\" \/>\n\t<meta name=\"twitter:data1\" content=\"Mar\u00eda de la Paz Rodarte Ram\u00edrez\" \/>\n\t<meta name=\"twitter:label2\" content=\"Tiempo de lectura\" \/>\n\t<meta name=\"twitter:data2\" content=\"2 minutos\" \/>\n<script type=\"application\/ld+json\" class=\"yoast-schema-graph\">{\"@context\":\"https:\\\/\\\/schema.org\",\"@graph\":[{\"@type\":\"Article\",\"@id\":\"https:\\\/\\\/elhijodelllanero.mx\\\/index.php\\\/2026\\\/03\\\/30\\\/atribuyen-a-jovenes-maldosos-detonaciones-en-negocio-de-celaya\\\/#article\",\"isPartOf\":{\"@id\":\"https:\\\/\\\/elhijodelllanero.mx\\\/index.php\\\/2026\\\/03\\\/30\\\/atribuyen-a-jovenes-maldosos-detonaciones-en-negocio-de-celaya\\\/\"},\"author\":{\"name\":\"Mar\u00eda de la Paz Rodarte Ram\u00edrez\",\"@id\":\"https:\\\/\\\/elhijodelllanero.mx\\\/#\\\/schema\\\/person\\\/c7f8c86c55c1eab44ae2b93a9628245f\"},\"headline\":\"Atribuyen a \u201cj\u00f3venes maldosos\u201d detonaciones en negocio de Celaya.\",\"datePublished\":\"2026-03-30T23:06:04+00:00\",\"mainEntityOfPage\":{\"@id\":\"https:\\\/\\\/elhijodelllanero.mx\\\/index.php\\\/2026\\\/03\\\/30\\\/atribuyen-a-jovenes-maldosos-detonaciones-en-negocio-de-celaya\\\/\"},\"wordCount\":414,\"commentCount\":0,\"image\":{\"@id\":\"https:\\\/\\\/elhijodelllanero.mx\\\/index.php\\\/2026\\\/03\\\/30\\\/atribuyen-a-jovenes-maldosos-detonaciones-en-negocio-de-celaya\\\/#primaryimage\"},\"thumbnailUrl\":\"https:\\\/\\\/i0.wp.com\\\/elhijodelllanero.mx\\\/wp-content\\\/uploads\\\/2026\\\/03\\\/IMG-20260330-WA0011.jpg?fit=969%2C1200&ssl=1\",\"articleSection\":[\"CELAYA\",\"POLICIACO\"],\"inLanguage\":\"es\",\"potentialAction\":[{\"@type\":\"CommentAction\",\"name\":\"Comment\",\"target\":[\"https:\\\/\\\/elhijodelllanero.mx\\\/index.php\\\/2026\\\/03\\\/30\\\/atribuyen-a-jovenes-maldosos-detonaciones-en-negocio-de-celaya\\\/#respond\"]}]},{\"@type\":\"WebPage\",\"@id\":\"https:\\\/\\\/elhijodelllanero.mx\\\/index.php\\\/2026\\\/03\\\/30\\\/atribuyen-a-jovenes-maldosos-detonaciones-en-negocio-de-celaya\\\/\",\"url\":\"https:\\\/\\\/elhijodelllanero.mx\\\/index.php\\\/2026\\\/03\\\/30\\\/atribuyen-a-jovenes-maldosos-detonaciones-en-negocio-de-celaya\\\/\",\"name\":\"Atribuyen a \u201cj\u00f3venes maldosos\u201d detonaciones en negocio de Celaya. - El Hijo del llanero solititito\",\"isPartOf\":{\"@id\":\"https:\\\/\\\/elhijodelllanero.mx\\\/#website\"},\"primaryImageOfPage\":{\"@id\":\"https:\\\/\\\/elhijodelllanero.mx\\\/index.php\\\/2026\\\/03\\\/30\\\/atribuyen-a-jovenes-maldosos-detonaciones-en-negocio-de-celaya\\\/#primaryimage\"},\"image\":{\"@id\":\"https:\\\/\\\/elhijodelllanero.mx\\\/index.php\\\/2026\\\/03\\\/30\\\/atribuyen-a-jovenes-maldosos-detonaciones-en-negocio-de-celaya\\\/#primaryimage\"},\"thumbnailUrl\":\"https:\\\/\\\/i0.wp.com\\\/elhijodelllanero.mx\\\/wp-content\\\/uploads\\\/2026\\\/03\\\/IMG-20260330-WA0011.jpg?fit=969%2C1200&ssl=1\",\"datePublished\":\"2026-03-30T23:06:04+00:00\",\"author\":{\"@id\":\"https:\\\/\\\/elhijodelllanero.mx\\\/#\\\/schema\\\/person\\\/c7f8c86c55c1eab44ae2b93a9628245f\"},\"breadcrumb\":{\"@id\":\"https:\\\/\\\/elhijodelllanero.mx\\\/index.php\\\/2026\\\/03\\\/30\\\/atribuyen-a-jovenes-maldosos-detonaciones-en-negocio-de-celaya\\\/#breadcrumb\"},\"inLanguage\":\"es\",\"potentialAction\":[{\"@type\":\"ReadAction\",\"target\":[\"https:\\\/\\\/elhijodelllanero.mx\\\/index.php\\\/2026\\\/03\\\/30\\\/atribuyen-a-jovenes-maldosos-detonaciones-en-negocio-de-celaya\\\/\"]}]},{\"@type\":\"ImageObject\",\"inLanguage\":\"es\",\"@id\":\"https:\\\/\\\/elhijodelllanero.mx\\\/index.php\\\/2026\\\/03\\\/30\\\/atribuyen-a-jovenes-maldosos-detonaciones-en-negocio-de-celaya\\\/#primaryimage\",\"url\":\"https:\\\/\\\/i0.wp.com\\\/elhijodelllanero.mx\\\/wp-content\\\/uploads\\\/2026\\\/03\\\/IMG-20260330-WA0011.jpg?fit=969%2C1200&ssl=1\",\"contentUrl\":\"https:\\\/\\\/i0.wp.com\\\/elhijodelllanero.mx\\\/wp-content\\\/uploads\\\/2026\\\/03\\\/IMG-20260330-WA0011.jpg?fit=969%2C1200&ssl=1\",\"width\":969,\"height\":1200},{\"@type\":\"BreadcrumbList\",\"@id\":\"https:\\\/\\\/elhijodelllanero.mx\\\/index.php\\\/2026\\\/03\\\/30\\\/atribuyen-a-jovenes-maldosos-detonaciones-en-negocio-de-celaya\\\/#breadcrumb\",\"itemListElement\":[{\"@type\":\"ListItem\",\"position\":1,\"name\":\"Portada\",\"item\":\"https:\\\/\\\/elhijodelllanero.mx\\\/\"},{\"@type\":\"ListItem\",\"position\":2,\"name\":\"Atribuyen a \u201cj\u00f3venes maldosos\u201d detonaciones en negocio de Celaya.\"}]},{\"@type\":\"WebSite\",\"@id\":\"https:\\\/\\\/elhijodelllanero.mx\\\/#website\",\"url\":\"https:\\\/\\\/elhijodelllanero.mx\\\/\",\"name\":\"El Hijo del llanero solititito\",\"description\":\"\",\"potentialAction\":[{\"@type\":\"SearchAction\",\"target\":{\"@type\":\"EntryPoint\",\"urlTemplate\":\"https:\\\/\\\/elhijodelllanero.mx\\\/?s={search_term_string}\"},\"query-input\":{\"@type\":\"PropertyValueSpecification\",\"valueRequired\":true,\"valueName\":\"search_term_string\"}}],\"inLanguage\":\"es\"},{\"@type\":\"Person\",\"@id\":\"https:\\\/\\\/elhijodelllanero.mx\\\/#\\\/schema\\\/person\\\/c7f8c86c55c1eab44ae2b93a9628245f\",\"name\":\"Mar\u00eda de la Paz Rodarte Ram\u00edrez\",\"image\":{\"@type\":\"ImageObject\",\"inLanguage\":\"es\",\"@id\":\"https:\\\/\\\/secure.gravatar.com\\\/avatar\\\/1f38f8518b09a266af73da2bce78d69e7d1275299970134ed62f572e0487e1d0?s=96&d=mm&r=g\",\"url\":\"https:\\\/\\\/secure.gravatar.com\\\/avatar\\\/1f38f8518b09a266af73da2bce78d69e7d1275299970134ed62f572e0487e1d0?s=96&d=mm&r=g\",\"contentUrl\":\"https:\\\/\\\/secure.gravatar.com\\\/avatar\\\/1f38f8518b09a266af73da2bce78d69e7d1275299970134ed62f572e0487e1d0?s=96&d=mm&r=g\",\"caption\":\"Mar\u00eda de la Paz Rodarte Ram\u00edrez\"},\"sameAs\":[\"https:\\\/\\\/www.elhijodelllanero.mx\"],\"url\":\"https:\\\/\\\/elhijodelllanero.mx\\\/index.php\\\/author\\\/maricuas\\\/\"}]}<\/script>\n<!-- \/ Yoast SEO plugin. -->","yoast_head_json":{"title":"Atribuyen a \u201cj\u00f3venes maldosos\u201d detonaciones en negocio de Celaya. - El Hijo del llanero solititito","robots":{"index":"index","follow":"follow","max-snippet":"max-snippet:-1","max-image-preview":"max-image-preview:large","max-video-preview":"max-video-preview:-1"},"canonical":"https:\/\/elhijodelllanero.mx\/index.php\/2026\/03\/30\/atribuyen-a-jovenes-maldosos-detonaciones-en-negocio-de-celaya\/","og_locale":"es_ES","og_type":"article","og_title":"Atribuyen a \u201cj\u00f3venes maldosos\u201d detonaciones en negocio de Celaya. - El Hijo del llanero solititito","og_description":"Celaya, Gto. 30 de marzo del 2026.-Luego de las detonaciones de artefactos de alto impacto sonoro registradas la madrugada del domingo en un establecimiento comercial ubicado sobre el eje Manuel J. Clouthier, el presidente municipal Juan Miguel Ram\u00edrez se\u00f1al\u00f3 que, hasta el momento, no existen indicios de que el hecho est\u00e9 relacionado con delincuencia organizada, [&hellip;]","og_url":"https:\/\/elhijodelllanero.mx\/index.php\/2026\/03\/30\/atribuyen-a-jovenes-maldosos-detonaciones-en-negocio-de-celaya\/","og_site_name":"El Hijo del llanero solititito","article_published_time":"2026-03-30T23:06:04+00:00","og_image":[{"width":969,"height":1200,"url":"https:\/\/elhijodelllanero.mx\/wp-content\/uploads\/2026\/03\/IMG-20260330-WA0011.jpg","type":"image\/jpeg"}],"author":"Mar\u00eda de la Paz Rodarte Ram\u00edrez","twitter_card":"summary_large_image","twitter_misc":{"Escrito por":"Mar\u00eda de la Paz Rodarte Ram\u00edrez","Tiempo de lectura":"2 minutos"},"schema":{"@context":"https:\/\/schema.org","@graph":[{"@type":"Article","@id":"https:\/\/elhijodelllanero.mx\/index.php\/2026\/03\/30\/atribuyen-a-jovenes-maldosos-detonaciones-en-negocio-de-celaya\/#article","isPartOf":{"@id":"https:\/\/elhijodelllanero.mx\/index.php\/2026\/03\/30\/atribuyen-a-jovenes-maldosos-detonaciones-en-negocio-de-celaya\/"},"author":{"name":"Mar\u00eda de la Paz Rodarte Ram\u00edrez","@id":"https:\/\/elhijodelllanero.mx\/#\/schema\/person\/c7f8c86c55c1eab44ae2b93a9628245f"},"headline":"Atribuyen a \u201cj\u00f3venes maldosos\u201d detonaciones en negocio de Celaya.","datePublished":"2026-03-30T23:06:04+00:00","mainEntityOfPage":{"@id":"https:\/\/elhijodelllanero.mx\/index.php\/2026\/03\/30\/atribuyen-a-jovenes-maldosos-detonaciones-en-negocio-de-celaya\/"},"wordCount":414,"commentCount":0,"image":{"@id":"https:\/\/elhijodelllanero.mx\/index.php\/2026\/03\/30\/atribuyen-a-jovenes-maldosos-detonaciones-en-negocio-de-celaya\/#primaryimage"},"thumbnailUrl":"https:\/\/i0.wp.com\/elhijodelllanero.mx\/wp-content\/uploads\/2026\/03\/IMG-20260330-WA0011.jpg?fit=969%2C1200&ssl=1","articleSection":["CELAYA","POLICIACO"],"inLanguage":"es","potentialAction":[{"@type":"CommentAction","name":"Comment","target":["https:\/\/elhijodelllanero.mx\/index.php\/2026\/03\/30\/atribuyen-a-jovenes-maldosos-detonaciones-en-negocio-de-celaya\/#respond"]}]},{"@type":"WebPage","@id":"https:\/\/elhijodelllanero.mx\/index.php\/2026\/03\/30\/atribuyen-a-jovenes-maldosos-detonaciones-en-negocio-de-celaya\/","url":"https:\/\/elhijodelllanero.mx\/index.php\/2026\/03\/30\/atribuyen-a-jovenes-maldosos-detonaciones-en-negocio-de-celaya\/","name":"Atribuyen a \u201cj\u00f3venes maldosos\u201d detonaciones en negocio de Celaya. - El Hijo del llanero solititito","isPartOf":{"@id":"https:\/\/elhijodelllanero.mx\/#website"},"primaryImageOfPage":{"@id":"https:\/\/elhijodelllanero.mx\/index.php\/2026\/03\/30\/atribuyen-a-jovenes-maldosos-detonaciones-en-negocio-de-celaya\/#primaryimage"},"image":{"@id":"https:\/\/elhijodelllanero.mx\/index.php\/2026\/03\/30\/atribuyen-a-jovenes-maldosos-detonaciones-en-negocio-de-celaya\/#primaryimage"},"thumbnailUrl":"https:\/\/i0.wp.com\/elhijodelllanero.mx\/wp-content\/uploads\/2026\/03\/IMG-20260330-WA0011.jpg?fit=969%2C1200&ssl=1","datePublished":"2026-03-30T23:06:04+00:00","author":{"@id":"https:\/\/elhijodelllanero.mx\/#\/schema\/person\/c7f8c86c55c1eab44ae2b93a9628245f"},"breadcrumb":{"@id":"https:\/\/elhijodelllanero.mx\/index.php\/2026\/03\/30\/atribuyen-a-jovenes-maldosos-detonaciones-en-negocio-de-celaya\/#breadcrumb"},"inLanguage":"es","potentialAction":[{"@type":"ReadAction","target":["https:\/\/elhijodelllanero.mx\/index.php\/2026\/03\/30\/atribuyen-a-jovenes-maldosos-detonaciones-en-negocio-de-celaya\/"]}]},{"@type":"ImageObject","inLanguage":"es","@id":"https:\/\/elhijodelllanero.mx\/index.php\/2026\/03\/30\/atribuyen-a-jovenes-maldosos-detonaciones-en-negocio-de-celaya\/#primaryimage","url":"https:\/\/i0.wp.com\/elhijodelllanero.mx\/wp-content\/uploads\/2026\/03\/IMG-20260330-WA0011.jpg?fit=969%2C1200&ssl=1","contentUrl":"https:\/\/i0.wp.com\/elhijodelllanero.mx\/wp-content\/uploads\/2026\/03\/IMG-20260330-WA0011.jpg?fit=969%2C1200&ssl=1","width":969,"height":1200},{"@type":"BreadcrumbList","@id":"https:\/\/elhijodelllanero.mx\/index.php\/2026\/03\/30\/atribuyen-a-jovenes-maldosos-detonaciones-en-negocio-de-celaya\/#breadcrumb","itemListElement":[{"@type":"ListItem","position":1,"name":"Portada","item":"https:\/\/elhijodelllanero.mx\/"},{"@type":"ListItem","position":2,"name":"Atribuyen a \u201cj\u00f3venes maldosos\u201d detonaciones en negocio de Celaya."}]},{"@type":"WebSite","@id":"https:\/\/elhijodelllanero.mx\/#website","url":"https:\/\/elhijodelllanero.mx\/","name":"El Hijo del llanero solititito","description":"","potentialAction":[{"@type":"SearchAction","target":{"@type":"EntryPoint","urlTemplate":"https:\/\/elhijodelllanero.mx\/?s={search_term_string}"},"query-input":{"@type":"PropertyValueSpecification","valueRequired":true,"valueName":"search_term_string"}}],"inLanguage":"es"},{"@type":"Person","@id":"https:\/\/elhijodelllanero.mx\/#\/schema\/person\/c7f8c86c55c1eab44ae2b93a9628245f","name":"Mar\u00eda de la Paz Rodarte Ram\u00edrez","image":{"@type":"ImageObject","inLanguage":"es","@id":"https:\/\/secure.gravatar.com\/avatar\/1f38f8518b09a266af73da2bce78d69e7d1275299970134ed62f572e0487e1d0?s=96&d=mm&r=g","url":"https:\/\/secure.gravatar.com\/avatar\/1f38f8518b09a266af73da2bce78d69e7d1275299970134ed62f572e0487e1d0?s=96&d=mm&r=g","contentUrl":"https:\/\/secure.gravatar.com\/avatar\/1f38f8518b09a266af73da2bce78d69e7d1275299970134ed62f572e0487e1d0?s=96&d=mm&r=g","caption":"Mar\u00eda de la Paz Rodarte Ram\u00edrez"},"sameAs":["https:\/\/www.elhijodelllanero.mx"],"url":"https:\/\/elhijodelllanero.mx\/index.php\/author\/maricuas\/"}]}},"jetpack_featured_media_url":"https:\/\/i0.wp.com\/elhijodelllanero.mx\/wp-content\/uploads\/2026\/03\/IMG-20260330-WA0011.jpg?fit=969%2C1200&ssl=1","jetpack-related-posts":[],"jetpack_sharing_enabled":true,"_links":{"self":[{"href":"https:\/\/elhijodelllanero.mx\/index.php\/wp-json\/wp\/v2\/posts\/13561","targetHints":{"allow":["GET"]}}],"collection":[{"href":"https:\/\/elhijodelllanero.mx\/index.php\/wp-json\/wp\/v2\/posts"}],"about":[{"href":"https:\/\/elhijodelllanero.mx\/index.php\/wp-json\/wp\/v2\/types\/post"}],"author":[{"embeddable":true,"href":"https:\/\/elhijodelllanero.mx\/index.php\/wp-json\/wp\/v2\/users\/3"}],"replies":[{"embeddable":true,"href":"https:\/\/elhijodelllanero.mx\/index.php\/wp-json\/wp\/v2\/comments?post=13561"}],"version-history":[{"count":1,"href":"https:\/\/elhijodelllanero.mx\/index.php\/wp-json\/wp\/v2\/posts\/13561\/revisions"}],"predecessor-version":[{"id":13563,"href":"https:\/\/elhijodelllanero.mx\/index.php\/wp-json\/wp\/v2\/posts\/13561\/revisions\/13563"}],"wp:featuredmedia":[{"embeddable":true,"href":"https:\/\/elhijodelllanero.mx\/index.php\/wp-json\/wp\/v2\/media\/13562"}],"wp:attachment":[{"href":"https:\/\/elhijodelllanero.mx\/index.php\/wp-json\/wp\/v2\/media?parent=13561"}],"wp:term":[{"taxonomy":"category","embeddable":true,"href":"https:\/\/elhijodelllanero.mx\/index.php\/wp-json\/wp\/v2\/categories?post=13561"},{"taxonomy":"post_tag","embeddable":true,"href":"https:\/\/elhijodelllanero.mx\/index.php\/wp-json\/wp\/v2\/tags?post=13561"}],"curies":[{"name":"wp","href":"https:\/\/api.w.org\/{rel}","templated":true}]}}