{"id":13564,"date":"2026-03-30T23:08:14","date_gmt":"2026-03-30T23:08:14","guid":{"rendered":"https:\/\/elhijodelllanero.mx\/?p=13564"},"modified":"2026-03-30T23:08:14","modified_gmt":"2026-03-30T23:08:14","slug":"aumentan-asaltos-a-cuentahabientes-en-vacaciones","status":"publish","type":"post","link":"https:\/\/elhijodelllanero.mx\/index.php\/2026\/03\/30\/aumentan-asaltos-a-cuentahabientes-en-vacaciones\/","title":{"rendered":"Aumentan asaltos a cuentahabientes en vacaciones."},"content":{"rendered":"<p>Celaya, Gto. 30 de marzo del 2026.-Durante la actual temporada vacacional, los asaltos a cuentahabientes han registrado un incremento en el municipio, inform\u00f3 el secretario de Seguridad Ciudadana, Pablo Mu\u00f1oz Huitron, quien confirm\u00f3 la detenci\u00f3n de tres presuntos responsables tras un reporte atendido el domingo.<\/p>\n<p>El funcionario explic\u00f3 que estos delitos suelen repuntar en periodos como Semana Santa, cuando la poblaci\u00f3n acude con mayor frecuencia a instituciones bancarias para realizar retiros o dep\u00f3sitos de dinero.<\/p>\n<p>\u201cEl d\u00eda de ayer tuvimos un reporte al 911 tambi\u00e9n de un asalto a un cuentahabiente de un banco del municipio y gracias al reporte a las caracter\u00edsticas que nos dieron se logr\u00f3 ubicar y detener y poner ante la justicia a tres delincuentes, es el tiempo, la temporada es cuando las personas este van al banco retiran o ingresan dinero precisamente por la temporada vacacional, ya lo tenemos implementado qu\u00e9 es el operativo de semana santa y pascua segura 2026 d\u00f3nde est\u00e1n participando personal de Defensa, personal de Guardia Nacional, fuerza de seguridad p\u00fablica del Estado y la direcci\u00f3n de Polic\u00eda Municipal en materia de seguridad\u201d.<\/p>\n<p>Asimismo, se\u00f1al\u00f3 que se da seguimiento a otro hecho ocurrido el pasado viernes en la colonia Jardines, donde sujetos ingresaron a una sucursal bancaria para despojar de sus pertenencias a clientes, caso que ya es investigado en coordinaci\u00f3n con la Fiscal\u00eda.<\/p>\n<p>El secretario destac\u00f3 que actualmente se mantiene un despliegue especial de vigilancia en bancos, centros comerciales y zonas recreativas, adem\u00e1s de una coordinaci\u00f3n con empresas de seguridad privada para fortalecer la protecci\u00f3n en instituciones financieras.<\/p>\n<p>\u201cSi este pues son situaciones que pasan, ya vimos nosotros ya todos los v\u00eddeos, ya estamos dando seguimiento ya estamos trabajando nosotros con con personal de la fiscal\u00eda quien trae la l\u00ednea de investigaci\u00f3n, mucho cuidado no carguen mucho dinero en efectivo, tampoco en materia de tarjetas de los cuentahabientes, tambi\u00e9n que vean a los lados, no soliciten el apoyo de ninguna persona y hay un modo tambi\u00e9n de que lo est\u00e1n enga\u00f1ando, que tengan confianza hay gente trabajando incluso personal de de seguridad privada tambi\u00e9n ya se encuentra trabajando en conjunto con nosotros, es una red grande, es una red amplia incluso tenemos nosotros comunicaci\u00f3n los que le dan seguridad a todos los bancos y hemos extendido esta red de protecci\u00f3n que tengan confianza, que tengan plena seguridad de que estamos trabajando\u201d.<\/p>\n<p>Finalmente, hizo un llamado a la ciudadan\u00eda a extremar precauciones al manejar efectivo y evitar solicitar apoyo de desconocidos al salir de los bancos. Porque s\u00ed, adem\u00e1s de confiar, tambi\u00e9n toca cuidarse.<\/p>\n","protected":false},"excerpt":{"rendered":"<p>Celaya, Gto. 30 de marzo del 2026.-Durante la actual temporada vacacional, los asaltos a cuentahabientes han registrado un incremento en el municipio, inform\u00f3 el secretario de Seguridad Ciudadana, Pablo Mu\u00f1oz Huitron, quien confirm\u00f3 la detenci\u00f3n de tres presuntos responsables tras un reporte atendido el domingo. El funcionario explic\u00f3 que estos delitos suelen repuntar en periodos [&hellip;]<\/p>\n","protected":false},"author":3,"featured_media":13565,"comment_status":"open","ping_status":"closed","sticky":false,"template":"","format":"standard","meta":{"_jetpack_newsletter_access":"","_jetpack_dont_email_post_to_subs":false,"_jetpack_newsletter_tier_id":0,"_jetpack_memberships_contains_paywalled_content":false,"_jetpack_memberships_contains_paid_content":false,"footnotes":""},"categories":[74],"tags":[],"class_list":{"0":"post-13564","1":"post","2":"type-post","3":"status-publish","4":"format-standard","5":"has-post-thumbnail","7":"category-celaya"},"yoast_head":"<!-- This site is optimized with the Yoast SEO plugin v27.3 - https:\/\/yoast.com\/product\/yoast-seo-wordpress\/ -->\n<title>Aumentan asaltos a cuentahabientes en vacaciones. - El Hijo del llanero solititito<\/title>\n<meta name=\"robots\" content=\"index, follow, max-snippet:-1, max-image-preview:large, max-video-preview:-1\" \/>\n<link rel=\"canonical\" href=\"https:\/\/elhijodelllanero.mx\/index.php\/2026\/03\/30\/aumentan-asaltos-a-cuentahabientes-en-vacaciones\/\" \/>\n<meta property=\"og:locale\" content=\"es_ES\" \/>\n<meta property=\"og:type\" content=\"article\" \/>\n<meta property=\"og:title\" content=\"Aumentan asaltos a cuentahabientes en vacaciones. - El Hijo del llanero solititito\" \/>\n<meta property=\"og:description\" content=\"Celaya, Gto. 30 de marzo del 2026.-Durante la actual temporada vacacional, los asaltos a cuentahabientes han registrado un incremento en el municipio, inform\u00f3 el secretario de Seguridad Ciudadana, Pablo Mu\u00f1oz Huitron, quien confirm\u00f3 la detenci\u00f3n de tres presuntos responsables tras un reporte atendido el domingo. El funcionario explic\u00f3 que estos delitos suelen repuntar en periodos [&hellip;]\" \/>\n<meta property=\"og:url\" content=\"https:\/\/elhijodelllanero.mx\/index.php\/2026\/03\/30\/aumentan-asaltos-a-cuentahabientes-en-vacaciones\/\" \/>\n<meta property=\"og:site_name\" content=\"El Hijo del llanero solititito\" \/>\n<meta property=\"article:published_time\" content=\"2026-03-30T23:08:14+00:00\" \/>\n<meta property=\"og:image\" content=\"https:\/\/elhijodelllanero.mx\/wp-content\/uploads\/2026\/03\/IMG-20260330-WA0012.jpg\" \/>\n\t<meta property=\"og:image:width\" content=\"1280\" \/>\n\t<meta property=\"og:image:height\" content=\"828\" \/>\n\t<meta property=\"og:image:type\" content=\"image\/jpeg\" \/>\n<meta name=\"author\" content=\"Mar\u00eda de la Paz Rodarte Ram\u00edrez\" \/>\n<meta name=\"twitter:card\" content=\"summary_large_image\" \/>\n<meta name=\"twitter:label1\" content=\"Escrito por\" \/>\n\t<meta name=\"twitter:data1\" content=\"Mar\u00eda de la Paz Rodarte Ram\u00edrez\" \/>\n\t<meta name=\"twitter:label2\" content=\"Tiempo de lectura\" \/>\n\t<meta name=\"twitter:data2\" content=\"2 minutos\" \/>\n<script type=\"application\/ld+json\" class=\"yoast-schema-graph\">{\"@context\":\"https:\\\/\\\/schema.org\",\"@graph\":[{\"@type\":\"Article\",\"@id\":\"https:\\\/\\\/elhijodelllanero.mx\\\/index.php\\\/2026\\\/03\\\/30\\\/aumentan-asaltos-a-cuentahabientes-en-vacaciones\\\/#article\",\"isPartOf\":{\"@id\":\"https:\\\/\\\/elhijodelllanero.mx\\\/index.php\\\/2026\\\/03\\\/30\\\/aumentan-asaltos-a-cuentahabientes-en-vacaciones\\\/\"},\"author\":{\"name\":\"Mar\u00eda de la Paz Rodarte Ram\u00edrez\",\"@id\":\"https:\\\/\\\/elhijodelllanero.mx\\\/#\\\/schema\\\/person\\\/c7f8c86c55c1eab44ae2b93a9628245f\"},\"headline\":\"Aumentan asaltos a cuentahabientes en vacaciones.\",\"datePublished\":\"2026-03-30T23:08:14+00:00\",\"mainEntityOfPage\":{\"@id\":\"https:\\\/\\\/elhijodelllanero.mx\\\/index.php\\\/2026\\\/03\\\/30\\\/aumentan-asaltos-a-cuentahabientes-en-vacaciones\\\/\"},\"wordCount\":458,\"commentCount\":0,\"image\":{\"@id\":\"https:\\\/\\\/elhijodelllanero.mx\\\/index.php\\\/2026\\\/03\\\/30\\\/aumentan-asaltos-a-cuentahabientes-en-vacaciones\\\/#primaryimage\"},\"thumbnailUrl\":\"https:\\\/\\\/i0.wp.com\\\/elhijodelllanero.mx\\\/wp-content\\\/uploads\\\/2026\\\/03\\\/IMG-20260330-WA0012.jpg?fit=1280%2C828&ssl=1\",\"articleSection\":[\"CELAYA\"],\"inLanguage\":\"es\",\"potentialAction\":[{\"@type\":\"CommentAction\",\"name\":\"Comment\",\"target\":[\"https:\\\/\\\/elhijodelllanero.mx\\\/index.php\\\/2026\\\/03\\\/30\\\/aumentan-asaltos-a-cuentahabientes-en-vacaciones\\\/#respond\"]}]},{\"@type\":\"WebPage\",\"@id\":\"https:\\\/\\\/elhijodelllanero.mx\\\/index.php\\\/2026\\\/03\\\/30\\\/aumentan-asaltos-a-cuentahabientes-en-vacaciones\\\/\",\"url\":\"https:\\\/\\\/elhijodelllanero.mx\\\/index.php\\\/2026\\\/03\\\/30\\\/aumentan-asaltos-a-cuentahabientes-en-vacaciones\\\/\",\"name\":\"Aumentan asaltos a cuentahabientes en vacaciones. - El Hijo del llanero solititito\",\"isPartOf\":{\"@id\":\"https:\\\/\\\/elhijodelllanero.mx\\\/#website\"},\"primaryImageOfPage\":{\"@id\":\"https:\\\/\\\/elhijodelllanero.mx\\\/index.php\\\/2026\\\/03\\\/30\\\/aumentan-asaltos-a-cuentahabientes-en-vacaciones\\\/#primaryimage\"},\"image\":{\"@id\":\"https:\\\/\\\/elhijodelllanero.mx\\\/index.php\\\/2026\\\/03\\\/30\\\/aumentan-asaltos-a-cuentahabientes-en-vacaciones\\\/#primaryimage\"},\"thumbnailUrl\":\"https:\\\/\\\/i0.wp.com\\\/elhijodelllanero.mx\\\/wp-content\\\/uploads\\\/2026\\\/03\\\/IMG-20260330-WA0012.jpg?fit=1280%2C828&ssl=1\",\"datePublished\":\"2026-03-30T23:08:14+00:00\",\"author\":{\"@id\":\"https:\\\/\\\/elhijodelllanero.mx\\\/#\\\/schema\\\/person\\\/c7f8c86c55c1eab44ae2b93a9628245f\"},\"breadcrumb\":{\"@id\":\"https:\\\/\\\/elhijodelllanero.mx\\\/index.php\\\/2026\\\/03\\\/30\\\/aumentan-asaltos-a-cuentahabientes-en-vacaciones\\\/#breadcrumb\"},\"inLanguage\":\"es\",\"potentialAction\":[{\"@type\":\"ReadAction\",\"target\":[\"https:\\\/\\\/elhijodelllanero.mx\\\/index.php\\\/2026\\\/03\\\/30\\\/aumentan-asaltos-a-cuentahabientes-en-vacaciones\\\/\"]}]},{\"@type\":\"ImageObject\",\"inLanguage\":\"es\",\"@id\":\"https:\\\/\\\/elhijodelllanero.mx\\\/index.php\\\/2026\\\/03\\\/30\\\/aumentan-asaltos-a-cuentahabientes-en-vacaciones\\\/#primaryimage\",\"url\":\"https:\\\/\\\/i0.wp.com\\\/elhijodelllanero.mx\\\/wp-content\\\/uploads\\\/2026\\\/03\\\/IMG-20260330-WA0012.jpg?fit=1280%2C828&ssl=1\",\"contentUrl\":\"https:\\\/\\\/i0.wp.com\\\/elhijodelllanero.mx\\\/wp-content\\\/uploads\\\/2026\\\/03\\\/IMG-20260330-WA0012.jpg?fit=1280%2C828&ssl=1\",\"width\":1280,\"height\":828},{\"@type\":\"BreadcrumbList\",\"@id\":\"https:\\\/\\\/elhijodelllanero.mx\\\/index.php\\\/2026\\\/03\\\/30\\\/aumentan-asaltos-a-cuentahabientes-en-vacaciones\\\/#breadcrumb\",\"itemListElement\":[{\"@type\":\"ListItem\",\"position\":1,\"name\":\"Portada\",\"item\":\"https:\\\/\\\/elhijodelllanero.mx\\\/\"},{\"@type\":\"ListItem\",\"position\":2,\"name\":\"Aumentan asaltos a cuentahabientes en vacaciones.\"}]},{\"@type\":\"WebSite\",\"@id\":\"https:\\\/\\\/elhijodelllanero.mx\\\/#website\",\"url\":\"https:\\\/\\\/elhijodelllanero.mx\\\/\",\"name\":\"El Hijo del llanero solititito\",\"description\":\"\",\"potentialAction\":[{\"@type\":\"SearchAction\",\"target\":{\"@type\":\"EntryPoint\",\"urlTemplate\":\"https:\\\/\\\/elhijodelllanero.mx\\\/?s={search_term_string}\"},\"query-input\":{\"@type\":\"PropertyValueSpecification\",\"valueRequired\":true,\"valueName\":\"search_term_string\"}}],\"inLanguage\":\"es\"},{\"@type\":\"Person\",\"@id\":\"https:\\\/\\\/elhijodelllanero.mx\\\/#\\\/schema\\\/person\\\/c7f8c86c55c1eab44ae2b93a9628245f\",\"name\":\"Mar\u00eda de la Paz Rodarte Ram\u00edrez\",\"image\":{\"@type\":\"ImageObject\",\"inLanguage\":\"es\",\"@id\":\"https:\\\/\\\/secure.gravatar.com\\\/avatar\\\/1f38f8518b09a266af73da2bce78d69e7d1275299970134ed62f572e0487e1d0?s=96&d=mm&r=g\",\"url\":\"https:\\\/\\\/secure.gravatar.com\\\/avatar\\\/1f38f8518b09a266af73da2bce78d69e7d1275299970134ed62f572e0487e1d0?s=96&d=mm&r=g\",\"contentUrl\":\"https:\\\/\\\/secure.gravatar.com\\\/avatar\\\/1f38f8518b09a266af73da2bce78d69e7d1275299970134ed62f572e0487e1d0?s=96&d=mm&r=g\",\"caption\":\"Mar\u00eda de la Paz Rodarte Ram\u00edrez\"},\"sameAs\":[\"https:\\\/\\\/www.elhijodelllanero.mx\"],\"url\":\"https:\\\/\\\/elhijodelllanero.mx\\\/index.php\\\/author\\\/maricuas\\\/\"}]}<\/script>\n<!-- \/ Yoast SEO plugin. -->","yoast_head_json":{"title":"Aumentan asaltos a cuentahabientes en vacaciones. - El Hijo del llanero solititito","robots":{"index":"index","follow":"follow","max-snippet":"max-snippet:-1","max-image-preview":"max-image-preview:large","max-video-preview":"max-video-preview:-1"},"canonical":"https:\/\/elhijodelllanero.mx\/index.php\/2026\/03\/30\/aumentan-asaltos-a-cuentahabientes-en-vacaciones\/","og_locale":"es_ES","og_type":"article","og_title":"Aumentan asaltos a cuentahabientes en vacaciones. - El Hijo del llanero solititito","og_description":"Celaya, Gto. 30 de marzo del 2026.-Durante la actual temporada vacacional, los asaltos a cuentahabientes han registrado un incremento en el municipio, inform\u00f3 el secretario de Seguridad Ciudadana, Pablo Mu\u00f1oz Huitron, quien confirm\u00f3 la detenci\u00f3n de tres presuntos responsables tras un reporte atendido el domingo. El funcionario explic\u00f3 que estos delitos suelen repuntar en periodos [&hellip;]","og_url":"https:\/\/elhijodelllanero.mx\/index.php\/2026\/03\/30\/aumentan-asaltos-a-cuentahabientes-en-vacaciones\/","og_site_name":"El Hijo del llanero solititito","article_published_time":"2026-03-30T23:08:14+00:00","og_image":[{"width":1280,"height":828,"url":"https:\/\/elhijodelllanero.mx\/wp-content\/uploads\/2026\/03\/IMG-20260330-WA0012.jpg","type":"image\/jpeg"}],"author":"Mar\u00eda de la Paz Rodarte Ram\u00edrez","twitter_card":"summary_large_image","twitter_misc":{"Escrito por":"Mar\u00eda de la Paz Rodarte Ram\u00edrez","Tiempo de lectura":"2 minutos"},"schema":{"@context":"https:\/\/schema.org","@graph":[{"@type":"Article","@id":"https:\/\/elhijodelllanero.mx\/index.php\/2026\/03\/30\/aumentan-asaltos-a-cuentahabientes-en-vacaciones\/#article","isPartOf":{"@id":"https:\/\/elhijodelllanero.mx\/index.php\/2026\/03\/30\/aumentan-asaltos-a-cuentahabientes-en-vacaciones\/"},"author":{"name":"Mar\u00eda de la Paz Rodarte Ram\u00edrez","@id":"https:\/\/elhijodelllanero.mx\/#\/schema\/person\/c7f8c86c55c1eab44ae2b93a9628245f"},"headline":"Aumentan asaltos a cuentahabientes en vacaciones.","datePublished":"2026-03-30T23:08:14+00:00","mainEntityOfPage":{"@id":"https:\/\/elhijodelllanero.mx\/index.php\/2026\/03\/30\/aumentan-asaltos-a-cuentahabientes-en-vacaciones\/"},"wordCount":458,"commentCount":0,"image":{"@id":"https:\/\/elhijodelllanero.mx\/index.php\/2026\/03\/30\/aumentan-asaltos-a-cuentahabientes-en-vacaciones\/#primaryimage"},"thumbnailUrl":"https:\/\/i0.wp.com\/elhijodelllanero.mx\/wp-content\/uploads\/2026\/03\/IMG-20260330-WA0012.jpg?fit=1280%2C828&ssl=1","articleSection":["CELAYA"],"inLanguage":"es","potentialAction":[{"@type":"CommentAction","name":"Comment","target":["https:\/\/elhijodelllanero.mx\/index.php\/2026\/03\/30\/aumentan-asaltos-a-cuentahabientes-en-vacaciones\/#respond"]}]},{"@type":"WebPage","@id":"https:\/\/elhijodelllanero.mx\/index.php\/2026\/03\/30\/aumentan-asaltos-a-cuentahabientes-en-vacaciones\/","url":"https:\/\/elhijodelllanero.mx\/index.php\/2026\/03\/30\/aumentan-asaltos-a-cuentahabientes-en-vacaciones\/","name":"Aumentan asaltos a cuentahabientes en vacaciones. - El Hijo del llanero solititito","isPartOf":{"@id":"https:\/\/elhijodelllanero.mx\/#website"},"primaryImageOfPage":{"@id":"https:\/\/elhijodelllanero.mx\/index.php\/2026\/03\/30\/aumentan-asaltos-a-cuentahabientes-en-vacaciones\/#primaryimage"},"image":{"@id":"https:\/\/elhijodelllanero.mx\/index.php\/2026\/03\/30\/aumentan-asaltos-a-cuentahabientes-en-vacaciones\/#primaryimage"},"thumbnailUrl":"https:\/\/i0.wp.com\/elhijodelllanero.mx\/wp-content\/uploads\/2026\/03\/IMG-20260330-WA0012.jpg?fit=1280%2C828&ssl=1","datePublished":"2026-03-30T23:08:14+00:00","author":{"@id":"https:\/\/elhijodelllanero.mx\/#\/schema\/person\/c7f8c86c55c1eab44ae2b93a9628245f"},"breadcrumb":{"@id":"https:\/\/elhijodelllanero.mx\/index.php\/2026\/03\/30\/aumentan-asaltos-a-cuentahabientes-en-vacaciones\/#breadcrumb"},"inLanguage":"es","potentialAction":[{"@type":"ReadAction","target":["https:\/\/elhijodelllanero.mx\/index.php\/2026\/03\/30\/aumentan-asaltos-a-cuentahabientes-en-vacaciones\/"]}]},{"@type":"ImageObject","inLanguage":"es","@id":"https:\/\/elhijodelllanero.mx\/index.php\/2026\/03\/30\/aumentan-asaltos-a-cuentahabientes-en-vacaciones\/#primaryimage","url":"https:\/\/i0.wp.com\/elhijodelllanero.mx\/wp-content\/uploads\/2026\/03\/IMG-20260330-WA0012.jpg?fit=1280%2C828&ssl=1","contentUrl":"https:\/\/i0.wp.com\/elhijodelllanero.mx\/wp-content\/uploads\/2026\/03\/IMG-20260330-WA0012.jpg?fit=1280%2C828&ssl=1","width":1280,"height":828},{"@type":"BreadcrumbList","@id":"https:\/\/elhijodelllanero.mx\/index.php\/2026\/03\/30\/aumentan-asaltos-a-cuentahabientes-en-vacaciones\/#breadcrumb","itemListElement":[{"@type":"ListItem","position":1,"name":"Portada","item":"https:\/\/elhijodelllanero.mx\/"},{"@type":"ListItem","position":2,"name":"Aumentan asaltos a cuentahabientes en vacaciones."}]},{"@type":"WebSite","@id":"https:\/\/elhijodelllanero.mx\/#website","url":"https:\/\/elhijodelllanero.mx\/","name":"El Hijo del llanero solititito","description":"","potentialAction":[{"@type":"SearchAction","target":{"@type":"EntryPoint","urlTemplate":"https:\/\/elhijodelllanero.mx\/?s={search_term_string}"},"query-input":{"@type":"PropertyValueSpecification","valueRequired":true,"valueName":"search_term_string"}}],"inLanguage":"es"},{"@type":"Person","@id":"https:\/\/elhijodelllanero.mx\/#\/schema\/person\/c7f8c86c55c1eab44ae2b93a9628245f","name":"Mar\u00eda de la Paz Rodarte Ram\u00edrez","image":{"@type":"ImageObject","inLanguage":"es","@id":"https:\/\/secure.gravatar.com\/avatar\/1f38f8518b09a266af73da2bce78d69e7d1275299970134ed62f572e0487e1d0?s=96&d=mm&r=g","url":"https:\/\/secure.gravatar.com\/avatar\/1f38f8518b09a266af73da2bce78d69e7d1275299970134ed62f572e0487e1d0?s=96&d=mm&r=g","contentUrl":"https:\/\/secure.gravatar.com\/avatar\/1f38f8518b09a266af73da2bce78d69e7d1275299970134ed62f572e0487e1d0?s=96&d=mm&r=g","caption":"Mar\u00eda de la Paz Rodarte Ram\u00edrez"},"sameAs":["https:\/\/www.elhijodelllanero.mx"],"url":"https:\/\/elhijodelllanero.mx\/index.php\/author\/maricuas\/"}]}},"jetpack_featured_media_url":"https:\/\/i0.wp.com\/elhijodelllanero.mx\/wp-content\/uploads\/2026\/03\/IMG-20260330-WA0012.jpg?fit=1280%2C828&ssl=1","jetpack-related-posts":[],"jetpack_sharing_enabled":true,"_links":{"self":[{"href":"https:\/\/elhijodelllanero.mx\/index.php\/wp-json\/wp\/v2\/posts\/13564","targetHints":{"allow":["GET"]}}],"collection":[{"href":"https:\/\/elhijodelllanero.mx\/index.php\/wp-json\/wp\/v2\/posts"}],"about":[{"href":"https:\/\/elhijodelllanero.mx\/index.php\/wp-json\/wp\/v2\/types\/post"}],"author":[{"embeddable":true,"href":"https:\/\/elhijodelllanero.mx\/index.php\/wp-json\/wp\/v2\/users\/3"}],"replies":[{"embeddable":true,"href":"https:\/\/elhijodelllanero.mx\/index.php\/wp-json\/wp\/v2\/comments?post=13564"}],"version-history":[{"count":1,"href":"https:\/\/elhijodelllanero.mx\/index.php\/wp-json\/wp\/v2\/posts\/13564\/revisions"}],"predecessor-version":[{"id":13566,"href":"https:\/\/elhijodelllanero.mx\/index.php\/wp-json\/wp\/v2\/posts\/13564\/revisions\/13566"}],"wp:featuredmedia":[{"embeddable":true,"href":"https:\/\/elhijodelllanero.mx\/index.php\/wp-json\/wp\/v2\/media\/13565"}],"wp:attachment":[{"href":"https:\/\/elhijodelllanero.mx\/index.php\/wp-json\/wp\/v2\/media?parent=13564"}],"wp:term":[{"taxonomy":"category","embeddable":true,"href":"https:\/\/elhijodelllanero.mx\/index.php\/wp-json\/wp\/v2\/categories?post=13564"},{"taxonomy":"post_tag","embeddable":true,"href":"https:\/\/elhijodelllanero.mx\/index.php\/wp-json\/wp\/v2\/tags?post=13564"}],"curies":[{"name":"wp","href":"https:\/\/api.w.org\/{rel}","templated":true}]}}