{"id":13567,"date":"2026-03-30T23:14:28","date_gmt":"2026-03-30T23:14:28","guid":{"rendered":"https:\/\/elhijodelllanero.mx\/?p=13567"},"modified":"2026-03-30T23:14:28","modified_gmt":"2026-03-30T23:14:28","slug":"recolectan-mas-de-50-trenzas-para-pelucas-oncologicas","status":"publish","type":"post","link":"https:\/\/elhijodelllanero.mx\/index.php\/2026\/03\/30\/recolectan-mas-de-50-trenzas-para-pelucas-oncologicas\/","title":{"rendered":"Recolectan m\u00e1s de 50 trenzas para pelucas oncol\u00f3gicas."},"content":{"rendered":"<p>Villagr\u00e1n, Gto. 30 de marzo del 2026.-Con el objetivo de apoyar a mujeres que enfrentan el c\u00e1ncer, se llev\u00f3 a cabo la campa\u00f1a \u201cDona Cabello, Regala Sonrisas\u201d, impulsada por la Direcci\u00f3n de Mujeres y Grupos Vulnerables, la Fundaci\u00f3n Chispitas de la Felicidad y la Universidad SABES.<\/p>\n<p>La iniciativa logr\u00f3 la recolecci\u00f3n de m\u00e1s de 50 trenzas, mismas que ser\u00e1n utilizadas para la elaboraci\u00f3n de pelucas oncol\u00f3gicas destinadas a mujeres, ni\u00f1as y j\u00f3venes que han perdido su cabello a causa de tratamientos m\u00e9dicos.<\/p>\n<p>En el marco de esta campa\u00f1a, tambi\u00e9n se firm\u00f3 un convenio de colaboraci\u00f3n entre el municipio de Villagr\u00e1n y la Fundaci\u00f3n Chispitas de la Felicidad, representada por la Dra. Leticia Gonz\u00e1lez Morales, con el prop\u00f3sito de fortalecer acciones conjuntas en beneficio de la salud y el bienestar social.<\/p>\n<p>Como parte del evento, se realiz\u00f3 la entrega simb\u00f3lica de una peluca oncol\u00f3gica y una pr\u00f3tesis mamaria a la se\u00f1ora Gloria Banda, reflejando el impacto directo de este tipo de apoyos en la vida de las personas beneficiadas.<\/p>\n<p>La alcaldesa Cinthia Teniente destac\u00f3 la importancia de estas acciones, reconociendo el valor de quienes donaron su cabello y subrayando que este tipo de campa\u00f1as representan empat\u00eda y solidaridad ante los efectos f\u00edsicos y emocionales del c\u00e1ncer.<\/p>\n<p>Por su parte, el senador Emmanuel Reyes Carmona reconoci\u00f3 la labor de las instancias organizadoras, resaltando que estas iniciativas no solo brindan apoyo tangible, sino que tambi\u00e9n fomentan la participaci\u00f3n social y la conciencia colectiva.<\/p>\n","protected":false},"excerpt":{"rendered":"<p>Villagr\u00e1n, Gto. 30 de marzo del 2026.-Con el objetivo de apoyar a mujeres que enfrentan el c\u00e1ncer, se llev\u00f3 a cabo la campa\u00f1a \u201cDona Cabello, Regala Sonrisas\u201d, impulsada por la Direcci\u00f3n de Mujeres y Grupos Vulnerables, la Fundaci\u00f3n Chispitas de la Felicidad y la Universidad SABES. La iniciativa logr\u00f3 la recolecci\u00f3n de m\u00e1s de 50 [&hellip;]<\/p>\n","protected":false},"author":3,"featured_media":13568,"comment_status":"open","ping_status":"closed","sticky":false,"template":"","format":"standard","meta":{"_jetpack_newsletter_access":"","_jetpack_dont_email_post_to_subs":false,"_jetpack_newsletter_tier_id":0,"_jetpack_memberships_contains_paywalled_content":false,"_jetpack_memberships_contains_paid_content":false,"footnotes":""},"categories":[76,85],"tags":[],"class_list":{"0":"post-13567","1":"post","2":"type-post","3":"status-publish","4":"format-standard","5":"has-post-thumbnail","7":"category-municipios","8":"category-villagran"},"yoast_head":"<!-- This site is optimized with the Yoast SEO plugin v27.3 - https:\/\/yoast.com\/product\/yoast-seo-wordpress\/ -->\n<title>Recolectan m\u00e1s de 50 trenzas para pelucas oncol\u00f3gicas. - El Hijo del llanero solititito<\/title>\n<meta name=\"robots\" content=\"index, follow, max-snippet:-1, max-image-preview:large, max-video-preview:-1\" \/>\n<link rel=\"canonical\" href=\"https:\/\/elhijodelllanero.mx\/index.php\/2026\/03\/30\/recolectan-mas-de-50-trenzas-para-pelucas-oncologicas\/\" \/>\n<meta property=\"og:locale\" content=\"es_ES\" \/>\n<meta property=\"og:type\" content=\"article\" \/>\n<meta property=\"og:title\" content=\"Recolectan m\u00e1s de 50 trenzas para pelucas oncol\u00f3gicas. - El Hijo del llanero solititito\" \/>\n<meta property=\"og:description\" content=\"Villagr\u00e1n, Gto. 30 de marzo del 2026.-Con el objetivo de apoyar a mujeres que enfrentan el c\u00e1ncer, se llev\u00f3 a cabo la campa\u00f1a \u201cDona Cabello, Regala Sonrisas\u201d, impulsada por la Direcci\u00f3n de Mujeres y Grupos Vulnerables, la Fundaci\u00f3n Chispitas de la Felicidad y la Universidad SABES. La iniciativa logr\u00f3 la recolecci\u00f3n de m\u00e1s de 50 [&hellip;]\" \/>\n<meta property=\"og:url\" content=\"https:\/\/elhijodelllanero.mx\/index.php\/2026\/03\/30\/recolectan-mas-de-50-trenzas-para-pelucas-oncologicas\/\" \/>\n<meta property=\"og:site_name\" content=\"El Hijo del llanero solititito\" \/>\n<meta property=\"article:published_time\" content=\"2026-03-30T23:14:28+00:00\" \/>\n<meta property=\"og:image\" content=\"https:\/\/elhijodelllanero.mx\/wp-content\/uploads\/2026\/03\/IMG-20260330-WA0009.jpg\" \/>\n\t<meta property=\"og:image:width\" content=\"1600\" \/>\n\t<meta property=\"og:image:height\" content=\"995\" \/>\n\t<meta property=\"og:image:type\" content=\"image\/jpeg\" \/>\n<meta name=\"author\" content=\"Mar\u00eda de la Paz Rodarte Ram\u00edrez\" \/>\n<meta name=\"twitter:card\" content=\"summary_large_image\" \/>\n<meta name=\"twitter:label1\" content=\"Escrito por\" \/>\n\t<meta name=\"twitter:data1\" content=\"Mar\u00eda de la Paz Rodarte Ram\u00edrez\" \/>\n\t<meta name=\"twitter:label2\" content=\"Tiempo de lectura\" \/>\n\t<meta name=\"twitter:data2\" content=\"2 minutos\" \/>\n<script type=\"application\/ld+json\" class=\"yoast-schema-graph\">{\"@context\":\"https:\\\/\\\/schema.org\",\"@graph\":[{\"@type\":\"Article\",\"@id\":\"https:\\\/\\\/elhijodelllanero.mx\\\/index.php\\\/2026\\\/03\\\/30\\\/recolectan-mas-de-50-trenzas-para-pelucas-oncologicas\\\/#article\",\"isPartOf\":{\"@id\":\"https:\\\/\\\/elhijodelllanero.mx\\\/index.php\\\/2026\\\/03\\\/30\\\/recolectan-mas-de-50-trenzas-para-pelucas-oncologicas\\\/\"},\"author\":{\"name\":\"Mar\u00eda de la Paz Rodarte Ram\u00edrez\",\"@id\":\"https:\\\/\\\/elhijodelllanero.mx\\\/#\\\/schema\\\/person\\\/c7f8c86c55c1eab44ae2b93a9628245f\"},\"headline\":\"Recolectan m\u00e1s de 50 trenzas para pelucas oncol\u00f3gicas.\",\"datePublished\":\"2026-03-30T23:14:28+00:00\",\"mainEntityOfPage\":{\"@id\":\"https:\\\/\\\/elhijodelllanero.mx\\\/index.php\\\/2026\\\/03\\\/30\\\/recolectan-mas-de-50-trenzas-para-pelucas-oncologicas\\\/\"},\"wordCount\":277,\"commentCount\":0,\"image\":{\"@id\":\"https:\\\/\\\/elhijodelllanero.mx\\\/index.php\\\/2026\\\/03\\\/30\\\/recolectan-mas-de-50-trenzas-para-pelucas-oncologicas\\\/#primaryimage\"},\"thumbnailUrl\":\"https:\\\/\\\/i0.wp.com\\\/elhijodelllanero.mx\\\/wp-content\\\/uploads\\\/2026\\\/03\\\/IMG-20260330-WA0009.jpg?fit=1600%2C995&ssl=1\",\"articleSection\":[\"MUNICIPIOS\",\"Villagr\u00e1n\"],\"inLanguage\":\"es\",\"potentialAction\":[{\"@type\":\"CommentAction\",\"name\":\"Comment\",\"target\":[\"https:\\\/\\\/elhijodelllanero.mx\\\/index.php\\\/2026\\\/03\\\/30\\\/recolectan-mas-de-50-trenzas-para-pelucas-oncologicas\\\/#respond\"]}]},{\"@type\":\"WebPage\",\"@id\":\"https:\\\/\\\/elhijodelllanero.mx\\\/index.php\\\/2026\\\/03\\\/30\\\/recolectan-mas-de-50-trenzas-para-pelucas-oncologicas\\\/\",\"url\":\"https:\\\/\\\/elhijodelllanero.mx\\\/index.php\\\/2026\\\/03\\\/30\\\/recolectan-mas-de-50-trenzas-para-pelucas-oncologicas\\\/\",\"name\":\"Recolectan m\u00e1s de 50 trenzas para pelucas oncol\u00f3gicas. - El Hijo del llanero solititito\",\"isPartOf\":{\"@id\":\"https:\\\/\\\/elhijodelllanero.mx\\\/#website\"},\"primaryImageOfPage\":{\"@id\":\"https:\\\/\\\/elhijodelllanero.mx\\\/index.php\\\/2026\\\/03\\\/30\\\/recolectan-mas-de-50-trenzas-para-pelucas-oncologicas\\\/#primaryimage\"},\"image\":{\"@id\":\"https:\\\/\\\/elhijodelllanero.mx\\\/index.php\\\/2026\\\/03\\\/30\\\/recolectan-mas-de-50-trenzas-para-pelucas-oncologicas\\\/#primaryimage\"},\"thumbnailUrl\":\"https:\\\/\\\/i0.wp.com\\\/elhijodelllanero.mx\\\/wp-content\\\/uploads\\\/2026\\\/03\\\/IMG-20260330-WA0009.jpg?fit=1600%2C995&ssl=1\",\"datePublished\":\"2026-03-30T23:14:28+00:00\",\"author\":{\"@id\":\"https:\\\/\\\/elhijodelllanero.mx\\\/#\\\/schema\\\/person\\\/c7f8c86c55c1eab44ae2b93a9628245f\"},\"breadcrumb\":{\"@id\":\"https:\\\/\\\/elhijodelllanero.mx\\\/index.php\\\/2026\\\/03\\\/30\\\/recolectan-mas-de-50-trenzas-para-pelucas-oncologicas\\\/#breadcrumb\"},\"inLanguage\":\"es\",\"potentialAction\":[{\"@type\":\"ReadAction\",\"target\":[\"https:\\\/\\\/elhijodelllanero.mx\\\/index.php\\\/2026\\\/03\\\/30\\\/recolectan-mas-de-50-trenzas-para-pelucas-oncologicas\\\/\"]}]},{\"@type\":\"ImageObject\",\"inLanguage\":\"es\",\"@id\":\"https:\\\/\\\/elhijodelllanero.mx\\\/index.php\\\/2026\\\/03\\\/30\\\/recolectan-mas-de-50-trenzas-para-pelucas-oncologicas\\\/#primaryimage\",\"url\":\"https:\\\/\\\/i0.wp.com\\\/elhijodelllanero.mx\\\/wp-content\\\/uploads\\\/2026\\\/03\\\/IMG-20260330-WA0009.jpg?fit=1600%2C995&ssl=1\",\"contentUrl\":\"https:\\\/\\\/i0.wp.com\\\/elhijodelllanero.mx\\\/wp-content\\\/uploads\\\/2026\\\/03\\\/IMG-20260330-WA0009.jpg?fit=1600%2C995&ssl=1\",\"width\":1600,\"height\":995},{\"@type\":\"BreadcrumbList\",\"@id\":\"https:\\\/\\\/elhijodelllanero.mx\\\/index.php\\\/2026\\\/03\\\/30\\\/recolectan-mas-de-50-trenzas-para-pelucas-oncologicas\\\/#breadcrumb\",\"itemListElement\":[{\"@type\":\"ListItem\",\"position\":1,\"name\":\"Portada\",\"item\":\"https:\\\/\\\/elhijodelllanero.mx\\\/\"},{\"@type\":\"ListItem\",\"position\":2,\"name\":\"Recolectan m\u00e1s de 50 trenzas para pelucas oncol\u00f3gicas.\"}]},{\"@type\":\"WebSite\",\"@id\":\"https:\\\/\\\/elhijodelllanero.mx\\\/#website\",\"url\":\"https:\\\/\\\/elhijodelllanero.mx\\\/\",\"name\":\"El Hijo del llanero solititito\",\"description\":\"\",\"potentialAction\":[{\"@type\":\"SearchAction\",\"target\":{\"@type\":\"EntryPoint\",\"urlTemplate\":\"https:\\\/\\\/elhijodelllanero.mx\\\/?s={search_term_string}\"},\"query-input\":{\"@type\":\"PropertyValueSpecification\",\"valueRequired\":true,\"valueName\":\"search_term_string\"}}],\"inLanguage\":\"es\"},{\"@type\":\"Person\",\"@id\":\"https:\\\/\\\/elhijodelllanero.mx\\\/#\\\/schema\\\/person\\\/c7f8c86c55c1eab44ae2b93a9628245f\",\"name\":\"Mar\u00eda de la Paz Rodarte Ram\u00edrez\",\"image\":{\"@type\":\"ImageObject\",\"inLanguage\":\"es\",\"@id\":\"https:\\\/\\\/secure.gravatar.com\\\/avatar\\\/1f38f8518b09a266af73da2bce78d69e7d1275299970134ed62f572e0487e1d0?s=96&d=mm&r=g\",\"url\":\"https:\\\/\\\/secure.gravatar.com\\\/avatar\\\/1f38f8518b09a266af73da2bce78d69e7d1275299970134ed62f572e0487e1d0?s=96&d=mm&r=g\",\"contentUrl\":\"https:\\\/\\\/secure.gravatar.com\\\/avatar\\\/1f38f8518b09a266af73da2bce78d69e7d1275299970134ed62f572e0487e1d0?s=96&d=mm&r=g\",\"caption\":\"Mar\u00eda de la Paz Rodarte Ram\u00edrez\"},\"sameAs\":[\"https:\\\/\\\/www.elhijodelllanero.mx\"],\"url\":\"https:\\\/\\\/elhijodelllanero.mx\\\/index.php\\\/author\\\/maricuas\\\/\"}]}<\/script>\n<!-- \/ Yoast SEO plugin. -->","yoast_head_json":{"title":"Recolectan m\u00e1s de 50 trenzas para pelucas oncol\u00f3gicas. - El Hijo del llanero solititito","robots":{"index":"index","follow":"follow","max-snippet":"max-snippet:-1","max-image-preview":"max-image-preview:large","max-video-preview":"max-video-preview:-1"},"canonical":"https:\/\/elhijodelllanero.mx\/index.php\/2026\/03\/30\/recolectan-mas-de-50-trenzas-para-pelucas-oncologicas\/","og_locale":"es_ES","og_type":"article","og_title":"Recolectan m\u00e1s de 50 trenzas para pelucas oncol\u00f3gicas. - El Hijo del llanero solititito","og_description":"Villagr\u00e1n, Gto. 30 de marzo del 2026.-Con el objetivo de apoyar a mujeres que enfrentan el c\u00e1ncer, se llev\u00f3 a cabo la campa\u00f1a \u201cDona Cabello, Regala Sonrisas\u201d, impulsada por la Direcci\u00f3n de Mujeres y Grupos Vulnerables, la Fundaci\u00f3n Chispitas de la Felicidad y la Universidad SABES. La iniciativa logr\u00f3 la recolecci\u00f3n de m\u00e1s de 50 [&hellip;]","og_url":"https:\/\/elhijodelllanero.mx\/index.php\/2026\/03\/30\/recolectan-mas-de-50-trenzas-para-pelucas-oncologicas\/","og_site_name":"El Hijo del llanero solititito","article_published_time":"2026-03-30T23:14:28+00:00","og_image":[{"width":1600,"height":995,"url":"https:\/\/elhijodelllanero.mx\/wp-content\/uploads\/2026\/03\/IMG-20260330-WA0009.jpg","type":"image\/jpeg"}],"author":"Mar\u00eda de la Paz Rodarte Ram\u00edrez","twitter_card":"summary_large_image","twitter_misc":{"Escrito por":"Mar\u00eda de la Paz Rodarte Ram\u00edrez","Tiempo de lectura":"2 minutos"},"schema":{"@context":"https:\/\/schema.org","@graph":[{"@type":"Article","@id":"https:\/\/elhijodelllanero.mx\/index.php\/2026\/03\/30\/recolectan-mas-de-50-trenzas-para-pelucas-oncologicas\/#article","isPartOf":{"@id":"https:\/\/elhijodelllanero.mx\/index.php\/2026\/03\/30\/recolectan-mas-de-50-trenzas-para-pelucas-oncologicas\/"},"author":{"name":"Mar\u00eda de la Paz Rodarte Ram\u00edrez","@id":"https:\/\/elhijodelllanero.mx\/#\/schema\/person\/c7f8c86c55c1eab44ae2b93a9628245f"},"headline":"Recolectan m\u00e1s de 50 trenzas para pelucas oncol\u00f3gicas.","datePublished":"2026-03-30T23:14:28+00:00","mainEntityOfPage":{"@id":"https:\/\/elhijodelllanero.mx\/index.php\/2026\/03\/30\/recolectan-mas-de-50-trenzas-para-pelucas-oncologicas\/"},"wordCount":277,"commentCount":0,"image":{"@id":"https:\/\/elhijodelllanero.mx\/index.php\/2026\/03\/30\/recolectan-mas-de-50-trenzas-para-pelucas-oncologicas\/#primaryimage"},"thumbnailUrl":"https:\/\/i0.wp.com\/elhijodelllanero.mx\/wp-content\/uploads\/2026\/03\/IMG-20260330-WA0009.jpg?fit=1600%2C995&ssl=1","articleSection":["MUNICIPIOS","Villagr\u00e1n"],"inLanguage":"es","potentialAction":[{"@type":"CommentAction","name":"Comment","target":["https:\/\/elhijodelllanero.mx\/index.php\/2026\/03\/30\/recolectan-mas-de-50-trenzas-para-pelucas-oncologicas\/#respond"]}]},{"@type":"WebPage","@id":"https:\/\/elhijodelllanero.mx\/index.php\/2026\/03\/30\/recolectan-mas-de-50-trenzas-para-pelucas-oncologicas\/","url":"https:\/\/elhijodelllanero.mx\/index.php\/2026\/03\/30\/recolectan-mas-de-50-trenzas-para-pelucas-oncologicas\/","name":"Recolectan m\u00e1s de 50 trenzas para pelucas oncol\u00f3gicas. - El Hijo del llanero solititito","isPartOf":{"@id":"https:\/\/elhijodelllanero.mx\/#website"},"primaryImageOfPage":{"@id":"https:\/\/elhijodelllanero.mx\/index.php\/2026\/03\/30\/recolectan-mas-de-50-trenzas-para-pelucas-oncologicas\/#primaryimage"},"image":{"@id":"https:\/\/elhijodelllanero.mx\/index.php\/2026\/03\/30\/recolectan-mas-de-50-trenzas-para-pelucas-oncologicas\/#primaryimage"},"thumbnailUrl":"https:\/\/i0.wp.com\/elhijodelllanero.mx\/wp-content\/uploads\/2026\/03\/IMG-20260330-WA0009.jpg?fit=1600%2C995&ssl=1","datePublished":"2026-03-30T23:14:28+00:00","author":{"@id":"https:\/\/elhijodelllanero.mx\/#\/schema\/person\/c7f8c86c55c1eab44ae2b93a9628245f"},"breadcrumb":{"@id":"https:\/\/elhijodelllanero.mx\/index.php\/2026\/03\/30\/recolectan-mas-de-50-trenzas-para-pelucas-oncologicas\/#breadcrumb"},"inLanguage":"es","potentialAction":[{"@type":"ReadAction","target":["https:\/\/elhijodelllanero.mx\/index.php\/2026\/03\/30\/recolectan-mas-de-50-trenzas-para-pelucas-oncologicas\/"]}]},{"@type":"ImageObject","inLanguage":"es","@id":"https:\/\/elhijodelllanero.mx\/index.php\/2026\/03\/30\/recolectan-mas-de-50-trenzas-para-pelucas-oncologicas\/#primaryimage","url":"https:\/\/i0.wp.com\/elhijodelllanero.mx\/wp-content\/uploads\/2026\/03\/IMG-20260330-WA0009.jpg?fit=1600%2C995&ssl=1","contentUrl":"https:\/\/i0.wp.com\/elhijodelllanero.mx\/wp-content\/uploads\/2026\/03\/IMG-20260330-WA0009.jpg?fit=1600%2C995&ssl=1","width":1600,"height":995},{"@type":"BreadcrumbList","@id":"https:\/\/elhijodelllanero.mx\/index.php\/2026\/03\/30\/recolectan-mas-de-50-trenzas-para-pelucas-oncologicas\/#breadcrumb","itemListElement":[{"@type":"ListItem","position":1,"name":"Portada","item":"https:\/\/elhijodelllanero.mx\/"},{"@type":"ListItem","position":2,"name":"Recolectan m\u00e1s de 50 trenzas para pelucas oncol\u00f3gicas."}]},{"@type":"WebSite","@id":"https:\/\/elhijodelllanero.mx\/#website","url":"https:\/\/elhijodelllanero.mx\/","name":"El Hijo del llanero solititito","description":"","potentialAction":[{"@type":"SearchAction","target":{"@type":"EntryPoint","urlTemplate":"https:\/\/elhijodelllanero.mx\/?s={search_term_string}"},"query-input":{"@type":"PropertyValueSpecification","valueRequired":true,"valueName":"search_term_string"}}],"inLanguage":"es"},{"@type":"Person","@id":"https:\/\/elhijodelllanero.mx\/#\/schema\/person\/c7f8c86c55c1eab44ae2b93a9628245f","name":"Mar\u00eda de la Paz Rodarte Ram\u00edrez","image":{"@type":"ImageObject","inLanguage":"es","@id":"https:\/\/secure.gravatar.com\/avatar\/1f38f8518b09a266af73da2bce78d69e7d1275299970134ed62f572e0487e1d0?s=96&d=mm&r=g","url":"https:\/\/secure.gravatar.com\/avatar\/1f38f8518b09a266af73da2bce78d69e7d1275299970134ed62f572e0487e1d0?s=96&d=mm&r=g","contentUrl":"https:\/\/secure.gravatar.com\/avatar\/1f38f8518b09a266af73da2bce78d69e7d1275299970134ed62f572e0487e1d0?s=96&d=mm&r=g","caption":"Mar\u00eda de la Paz Rodarte Ram\u00edrez"},"sameAs":["https:\/\/www.elhijodelllanero.mx"],"url":"https:\/\/elhijodelllanero.mx\/index.php\/author\/maricuas\/"}]}},"jetpack_featured_media_url":"https:\/\/i0.wp.com\/elhijodelllanero.mx\/wp-content\/uploads\/2026\/03\/IMG-20260330-WA0009.jpg?fit=1600%2C995&ssl=1","jetpack-related-posts":[],"jetpack_sharing_enabled":true,"_links":{"self":[{"href":"https:\/\/elhijodelllanero.mx\/index.php\/wp-json\/wp\/v2\/posts\/13567","targetHints":{"allow":["GET"]}}],"collection":[{"href":"https:\/\/elhijodelllanero.mx\/index.php\/wp-json\/wp\/v2\/posts"}],"about":[{"href":"https:\/\/elhijodelllanero.mx\/index.php\/wp-json\/wp\/v2\/types\/post"}],"author":[{"embeddable":true,"href":"https:\/\/elhijodelllanero.mx\/index.php\/wp-json\/wp\/v2\/users\/3"}],"replies":[{"embeddable":true,"href":"https:\/\/elhijodelllanero.mx\/index.php\/wp-json\/wp\/v2\/comments?post=13567"}],"version-history":[{"count":1,"href":"https:\/\/elhijodelllanero.mx\/index.php\/wp-json\/wp\/v2\/posts\/13567\/revisions"}],"predecessor-version":[{"id":13569,"href":"https:\/\/elhijodelllanero.mx\/index.php\/wp-json\/wp\/v2\/posts\/13567\/revisions\/13569"}],"wp:featuredmedia":[{"embeddable":true,"href":"https:\/\/elhijodelllanero.mx\/index.php\/wp-json\/wp\/v2\/media\/13568"}],"wp:attachment":[{"href":"https:\/\/elhijodelllanero.mx\/index.php\/wp-json\/wp\/v2\/media?parent=13567"}],"wp:term":[{"taxonomy":"category","embeddable":true,"href":"https:\/\/elhijodelllanero.mx\/index.php\/wp-json\/wp\/v2\/categories?post=13567"},{"taxonomy":"post_tag","embeddable":true,"href":"https:\/\/elhijodelllanero.mx\/index.php\/wp-json\/wp\/v2\/tags?post=13567"}],"curies":[{"name":"wp","href":"https:\/\/api.w.org\/{rel}","templated":true}]}}