{"id":13570,"date":"2026-03-30T23:15:40","date_gmt":"2026-03-30T23:15:40","guid":{"rendered":"https:\/\/elhijodelllanero.mx\/?p=13570"},"modified":"2026-03-30T23:15:40","modified_gmt":"2026-03-30T23:15:40","slug":"predial-sera-destinado-a-luminarias-y-mejoras-en-juventino-rosas","status":"publish","type":"post","link":"https:\/\/elhijodelllanero.mx\/index.php\/2026\/03\/30\/predial-sera-destinado-a-luminarias-y-mejoras-en-juventino-rosas\/","title":{"rendered":"Predial ser\u00e1 destinado a luminarias y mejoras en Juventino Rosas."},"content":{"rendered":"<p>Juventino Rosas, Gto. 30 de marzo del 2026.- El alcalde Fidel Ru\u00edz inform\u00f3 que los recursos recaudados por concepto de impuesto predial ser\u00e1n destinados principalmente al cambio de luminarias en colonias y comunidades del municipio, con el objetivo de mejorar la iluminaci\u00f3n p\u00fablica.<\/p>\n<p>El edil destac\u00f3 que este a\u00f1o se logr\u00f3 un incremento aproximado de dos millones de pesos en comparaci\u00f3n con el ejercicio anterior, recurso que permitir\u00e1 ampliar estas acciones.<\/p>\n<p>\u201cAumentamos dos millones con respecto al a\u00f1o pasado, vamos a meterles mucho al tema de luminarias, vamos a iluminar a Juventino Rosas, comunidades, colonias, barrios, as\u00ed mismo tambi\u00e9n tenemos el proyecto de cambiar todas las luminarias del jard\u00edn principal, adicionalmente tambi\u00e9n algunas bocinas para tener un jard\u00edn principal lleno de m\u00fasica\u201d.<\/p>\n<p>Adem\u00e1s del alumbrado, se contempla la rehabilitaci\u00f3n del jard\u00edn principal, donde se prev\u00e9 sustituir luminarias e instalar bocinas para ambientar el primer cuadro de la ciudad.<\/p>\n<p>Finalmente, el presidente municipal record\u00f3 que recientemente se aprob\u00f3 la contrataci\u00f3n de un despacho jur\u00eddico externo para la recuperaci\u00f3n de cerca de 12 mil cuentas de predial con adeudo. Precis\u00f3 que este servicio no representar\u00e1 un costo adicional para el municipio, ya que el despacho cobrar\u00e1 a partir de los recargos generados en cada caso.<\/p>\n","protected":false},"excerpt":{"rendered":"<p>Juventino Rosas, Gto. 30 de marzo del 2026.- El alcalde Fidel Ru\u00edz inform\u00f3 que los recursos recaudados por concepto de impuesto predial ser\u00e1n destinados principalmente al cambio de luminarias en colonias y comunidades del municipio, con el objetivo de mejorar la iluminaci\u00f3n p\u00fablica. El edil destac\u00f3 que este a\u00f1o se logr\u00f3 un incremento aproximado de [&hellip;]<\/p>\n","protected":false},"author":3,"featured_media":0,"comment_status":"open","ping_status":"closed","sticky":false,"template":"","format":"standard","meta":{"_jetpack_newsletter_access":"","_jetpack_dont_email_post_to_subs":false,"_jetpack_newsletter_tier_id":0,"_jetpack_memberships_contains_paywalled_content":false,"_jetpack_memberships_contains_paid_content":false,"footnotes":""},"categories":[81,76],"tags":[],"class_list":{"0":"post-13570","1":"post","2":"type-post","3":"status-publish","4":"format-standard","6":"category-juventino-rosas","7":"category-municipios"},"yoast_head":"<!-- This site is optimized with the Yoast SEO plugin v27.3 - https:\/\/yoast.com\/product\/yoast-seo-wordpress\/ -->\n<title>Predial ser\u00e1 destinado a luminarias y mejoras en Juventino Rosas. - El Hijo del llanero solititito<\/title>\n<meta name=\"robots\" content=\"index, follow, max-snippet:-1, max-image-preview:large, max-video-preview:-1\" \/>\n<link rel=\"canonical\" href=\"https:\/\/elhijodelllanero.mx\/index.php\/2026\/03\/30\/predial-sera-destinado-a-luminarias-y-mejoras-en-juventino-rosas\/\" \/>\n<meta property=\"og:locale\" content=\"es_ES\" \/>\n<meta property=\"og:type\" content=\"article\" \/>\n<meta property=\"og:title\" content=\"Predial ser\u00e1 destinado a luminarias y mejoras en Juventino Rosas. - El Hijo del llanero solititito\" \/>\n<meta property=\"og:description\" content=\"Juventino Rosas, Gto. 30 de marzo del 2026.- El alcalde Fidel Ru\u00edz inform\u00f3 que los recursos recaudados por concepto de impuesto predial ser\u00e1n destinados principalmente al cambio de luminarias en colonias y comunidades del municipio, con el objetivo de mejorar la iluminaci\u00f3n p\u00fablica. El edil destac\u00f3 que este a\u00f1o se logr\u00f3 un incremento aproximado de [&hellip;]\" \/>\n<meta property=\"og:url\" content=\"https:\/\/elhijodelllanero.mx\/index.php\/2026\/03\/30\/predial-sera-destinado-a-luminarias-y-mejoras-en-juventino-rosas\/\" \/>\n<meta property=\"og:site_name\" content=\"El Hijo del llanero solititito\" \/>\n<meta property=\"article:published_time\" content=\"2026-03-30T23:15:40+00:00\" \/>\n<meta name=\"author\" content=\"Mar\u00eda de la Paz Rodarte Ram\u00edrez\" \/>\n<meta name=\"twitter:card\" content=\"summary_large_image\" \/>\n<meta name=\"twitter:label1\" content=\"Escrito por\" \/>\n\t<meta name=\"twitter:data1\" content=\"Mar\u00eda de la Paz Rodarte Ram\u00edrez\" \/>\n\t<meta name=\"twitter:label2\" content=\"Tiempo de lectura\" \/>\n\t<meta name=\"twitter:data2\" content=\"2 minutos\" \/>\n<script type=\"application\/ld+json\" class=\"yoast-schema-graph\">{\"@context\":\"https:\\\/\\\/schema.org\",\"@graph\":[{\"@type\":\"Article\",\"@id\":\"https:\\\/\\\/elhijodelllanero.mx\\\/index.php\\\/2026\\\/03\\\/30\\\/predial-sera-destinado-a-luminarias-y-mejoras-en-juventino-rosas\\\/#article\",\"isPartOf\":{\"@id\":\"https:\\\/\\\/elhijodelllanero.mx\\\/index.php\\\/2026\\\/03\\\/30\\\/predial-sera-destinado-a-luminarias-y-mejoras-en-juventino-rosas\\\/\"},\"author\":{\"name\":\"Mar\u00eda de la Paz Rodarte Ram\u00edrez\",\"@id\":\"https:\\\/\\\/elhijodelllanero.mx\\\/#\\\/schema\\\/person\\\/c7f8c86c55c1eab44ae2b93a9628245f\"},\"headline\":\"Predial ser\u00e1 destinado a luminarias y mejoras en Juventino Rosas.\",\"datePublished\":\"2026-03-30T23:15:40+00:00\",\"mainEntityOfPage\":{\"@id\":\"https:\\\/\\\/elhijodelllanero.mx\\\/index.php\\\/2026\\\/03\\\/30\\\/predial-sera-destinado-a-luminarias-y-mejoras-en-juventino-rosas\\\/\"},\"wordCount\":229,\"commentCount\":0,\"articleSection\":[\"JUVENTINO ROSAS\",\"MUNICIPIOS\"],\"inLanguage\":\"es\",\"potentialAction\":[{\"@type\":\"CommentAction\",\"name\":\"Comment\",\"target\":[\"https:\\\/\\\/elhijodelllanero.mx\\\/index.php\\\/2026\\\/03\\\/30\\\/predial-sera-destinado-a-luminarias-y-mejoras-en-juventino-rosas\\\/#respond\"]}]},{\"@type\":\"WebPage\",\"@id\":\"https:\\\/\\\/elhijodelllanero.mx\\\/index.php\\\/2026\\\/03\\\/30\\\/predial-sera-destinado-a-luminarias-y-mejoras-en-juventino-rosas\\\/\",\"url\":\"https:\\\/\\\/elhijodelllanero.mx\\\/index.php\\\/2026\\\/03\\\/30\\\/predial-sera-destinado-a-luminarias-y-mejoras-en-juventino-rosas\\\/\",\"name\":\"Predial ser\u00e1 destinado a luminarias y mejoras en Juventino Rosas. - El Hijo del llanero solititito\",\"isPartOf\":{\"@id\":\"https:\\\/\\\/elhijodelllanero.mx\\\/#website\"},\"datePublished\":\"2026-03-30T23:15:40+00:00\",\"author\":{\"@id\":\"https:\\\/\\\/elhijodelllanero.mx\\\/#\\\/schema\\\/person\\\/c7f8c86c55c1eab44ae2b93a9628245f\"},\"breadcrumb\":{\"@id\":\"https:\\\/\\\/elhijodelllanero.mx\\\/index.php\\\/2026\\\/03\\\/30\\\/predial-sera-destinado-a-luminarias-y-mejoras-en-juventino-rosas\\\/#breadcrumb\"},\"inLanguage\":\"es\",\"potentialAction\":[{\"@type\":\"ReadAction\",\"target\":[\"https:\\\/\\\/elhijodelllanero.mx\\\/index.php\\\/2026\\\/03\\\/30\\\/predial-sera-destinado-a-luminarias-y-mejoras-en-juventino-rosas\\\/\"]}]},{\"@type\":\"BreadcrumbList\",\"@id\":\"https:\\\/\\\/elhijodelllanero.mx\\\/index.php\\\/2026\\\/03\\\/30\\\/predial-sera-destinado-a-luminarias-y-mejoras-en-juventino-rosas\\\/#breadcrumb\",\"itemListElement\":[{\"@type\":\"ListItem\",\"position\":1,\"name\":\"Portada\",\"item\":\"https:\\\/\\\/elhijodelllanero.mx\\\/\"},{\"@type\":\"ListItem\",\"position\":2,\"name\":\"Predial ser\u00e1 destinado a luminarias y mejoras en Juventino Rosas.\"}]},{\"@type\":\"WebSite\",\"@id\":\"https:\\\/\\\/elhijodelllanero.mx\\\/#website\",\"url\":\"https:\\\/\\\/elhijodelllanero.mx\\\/\",\"name\":\"El Hijo del llanero solititito\",\"description\":\"\",\"potentialAction\":[{\"@type\":\"SearchAction\",\"target\":{\"@type\":\"EntryPoint\",\"urlTemplate\":\"https:\\\/\\\/elhijodelllanero.mx\\\/?s={search_term_string}\"},\"query-input\":{\"@type\":\"PropertyValueSpecification\",\"valueRequired\":true,\"valueName\":\"search_term_string\"}}],\"inLanguage\":\"es\"},{\"@type\":\"Person\",\"@id\":\"https:\\\/\\\/elhijodelllanero.mx\\\/#\\\/schema\\\/person\\\/c7f8c86c55c1eab44ae2b93a9628245f\",\"name\":\"Mar\u00eda de la Paz Rodarte Ram\u00edrez\",\"image\":{\"@type\":\"ImageObject\",\"inLanguage\":\"es\",\"@id\":\"https:\\\/\\\/secure.gravatar.com\\\/avatar\\\/1f38f8518b09a266af73da2bce78d69e7d1275299970134ed62f572e0487e1d0?s=96&d=mm&r=g\",\"url\":\"https:\\\/\\\/secure.gravatar.com\\\/avatar\\\/1f38f8518b09a266af73da2bce78d69e7d1275299970134ed62f572e0487e1d0?s=96&d=mm&r=g\",\"contentUrl\":\"https:\\\/\\\/secure.gravatar.com\\\/avatar\\\/1f38f8518b09a266af73da2bce78d69e7d1275299970134ed62f572e0487e1d0?s=96&d=mm&r=g\",\"caption\":\"Mar\u00eda de la Paz Rodarte Ram\u00edrez\"},\"sameAs\":[\"https:\\\/\\\/www.elhijodelllanero.mx\"],\"url\":\"https:\\\/\\\/elhijodelllanero.mx\\\/index.php\\\/author\\\/maricuas\\\/\"}]}<\/script>\n<!-- \/ Yoast SEO plugin. -->","yoast_head_json":{"title":"Predial ser\u00e1 destinado a luminarias y mejoras en Juventino Rosas. - El Hijo del llanero solititito","robots":{"index":"index","follow":"follow","max-snippet":"max-snippet:-1","max-image-preview":"max-image-preview:large","max-video-preview":"max-video-preview:-1"},"canonical":"https:\/\/elhijodelllanero.mx\/index.php\/2026\/03\/30\/predial-sera-destinado-a-luminarias-y-mejoras-en-juventino-rosas\/","og_locale":"es_ES","og_type":"article","og_title":"Predial ser\u00e1 destinado a luminarias y mejoras en Juventino Rosas. - El Hijo del llanero solititito","og_description":"Juventino Rosas, Gto. 30 de marzo del 2026.- El alcalde Fidel Ru\u00edz inform\u00f3 que los recursos recaudados por concepto de impuesto predial ser\u00e1n destinados principalmente al cambio de luminarias en colonias y comunidades del municipio, con el objetivo de mejorar la iluminaci\u00f3n p\u00fablica. El edil destac\u00f3 que este a\u00f1o se logr\u00f3 un incremento aproximado de [&hellip;]","og_url":"https:\/\/elhijodelllanero.mx\/index.php\/2026\/03\/30\/predial-sera-destinado-a-luminarias-y-mejoras-en-juventino-rosas\/","og_site_name":"El Hijo del llanero solititito","article_published_time":"2026-03-30T23:15:40+00:00","author":"Mar\u00eda de la Paz Rodarte Ram\u00edrez","twitter_card":"summary_large_image","twitter_misc":{"Escrito por":"Mar\u00eda de la Paz Rodarte Ram\u00edrez","Tiempo de lectura":"2 minutos"},"schema":{"@context":"https:\/\/schema.org","@graph":[{"@type":"Article","@id":"https:\/\/elhijodelllanero.mx\/index.php\/2026\/03\/30\/predial-sera-destinado-a-luminarias-y-mejoras-en-juventino-rosas\/#article","isPartOf":{"@id":"https:\/\/elhijodelllanero.mx\/index.php\/2026\/03\/30\/predial-sera-destinado-a-luminarias-y-mejoras-en-juventino-rosas\/"},"author":{"name":"Mar\u00eda de la Paz Rodarte Ram\u00edrez","@id":"https:\/\/elhijodelllanero.mx\/#\/schema\/person\/c7f8c86c55c1eab44ae2b93a9628245f"},"headline":"Predial ser\u00e1 destinado a luminarias y mejoras en Juventino Rosas.","datePublished":"2026-03-30T23:15:40+00:00","mainEntityOfPage":{"@id":"https:\/\/elhijodelllanero.mx\/index.php\/2026\/03\/30\/predial-sera-destinado-a-luminarias-y-mejoras-en-juventino-rosas\/"},"wordCount":229,"commentCount":0,"articleSection":["JUVENTINO ROSAS","MUNICIPIOS"],"inLanguage":"es","potentialAction":[{"@type":"CommentAction","name":"Comment","target":["https:\/\/elhijodelllanero.mx\/index.php\/2026\/03\/30\/predial-sera-destinado-a-luminarias-y-mejoras-en-juventino-rosas\/#respond"]}]},{"@type":"WebPage","@id":"https:\/\/elhijodelllanero.mx\/index.php\/2026\/03\/30\/predial-sera-destinado-a-luminarias-y-mejoras-en-juventino-rosas\/","url":"https:\/\/elhijodelllanero.mx\/index.php\/2026\/03\/30\/predial-sera-destinado-a-luminarias-y-mejoras-en-juventino-rosas\/","name":"Predial ser\u00e1 destinado a luminarias y mejoras en Juventino Rosas. - El Hijo del llanero solititito","isPartOf":{"@id":"https:\/\/elhijodelllanero.mx\/#website"},"datePublished":"2026-03-30T23:15:40+00:00","author":{"@id":"https:\/\/elhijodelllanero.mx\/#\/schema\/person\/c7f8c86c55c1eab44ae2b93a9628245f"},"breadcrumb":{"@id":"https:\/\/elhijodelllanero.mx\/index.php\/2026\/03\/30\/predial-sera-destinado-a-luminarias-y-mejoras-en-juventino-rosas\/#breadcrumb"},"inLanguage":"es","potentialAction":[{"@type":"ReadAction","target":["https:\/\/elhijodelllanero.mx\/index.php\/2026\/03\/30\/predial-sera-destinado-a-luminarias-y-mejoras-en-juventino-rosas\/"]}]},{"@type":"BreadcrumbList","@id":"https:\/\/elhijodelllanero.mx\/index.php\/2026\/03\/30\/predial-sera-destinado-a-luminarias-y-mejoras-en-juventino-rosas\/#breadcrumb","itemListElement":[{"@type":"ListItem","position":1,"name":"Portada","item":"https:\/\/elhijodelllanero.mx\/"},{"@type":"ListItem","position":2,"name":"Predial ser\u00e1 destinado a luminarias y mejoras en Juventino Rosas."}]},{"@type":"WebSite","@id":"https:\/\/elhijodelllanero.mx\/#website","url":"https:\/\/elhijodelllanero.mx\/","name":"El Hijo del llanero solititito","description":"","potentialAction":[{"@type":"SearchAction","target":{"@type":"EntryPoint","urlTemplate":"https:\/\/elhijodelllanero.mx\/?s={search_term_string}"},"query-input":{"@type":"PropertyValueSpecification","valueRequired":true,"valueName":"search_term_string"}}],"inLanguage":"es"},{"@type":"Person","@id":"https:\/\/elhijodelllanero.mx\/#\/schema\/person\/c7f8c86c55c1eab44ae2b93a9628245f","name":"Mar\u00eda de la Paz Rodarte Ram\u00edrez","image":{"@type":"ImageObject","inLanguage":"es","@id":"https:\/\/secure.gravatar.com\/avatar\/1f38f8518b09a266af73da2bce78d69e7d1275299970134ed62f572e0487e1d0?s=96&d=mm&r=g","url":"https:\/\/secure.gravatar.com\/avatar\/1f38f8518b09a266af73da2bce78d69e7d1275299970134ed62f572e0487e1d0?s=96&d=mm&r=g","contentUrl":"https:\/\/secure.gravatar.com\/avatar\/1f38f8518b09a266af73da2bce78d69e7d1275299970134ed62f572e0487e1d0?s=96&d=mm&r=g","caption":"Mar\u00eda de la Paz Rodarte Ram\u00edrez"},"sameAs":["https:\/\/www.elhijodelllanero.mx"],"url":"https:\/\/elhijodelllanero.mx\/index.php\/author\/maricuas\/"}]}},"jetpack_featured_media_url":"","jetpack-related-posts":[],"jetpack_sharing_enabled":true,"_links":{"self":[{"href":"https:\/\/elhijodelllanero.mx\/index.php\/wp-json\/wp\/v2\/posts\/13570","targetHints":{"allow":["GET"]}}],"collection":[{"href":"https:\/\/elhijodelllanero.mx\/index.php\/wp-json\/wp\/v2\/posts"}],"about":[{"href":"https:\/\/elhijodelllanero.mx\/index.php\/wp-json\/wp\/v2\/types\/post"}],"author":[{"embeddable":true,"href":"https:\/\/elhijodelllanero.mx\/index.php\/wp-json\/wp\/v2\/users\/3"}],"replies":[{"embeddable":true,"href":"https:\/\/elhijodelllanero.mx\/index.php\/wp-json\/wp\/v2\/comments?post=13570"}],"version-history":[{"count":1,"href":"https:\/\/elhijodelllanero.mx\/index.php\/wp-json\/wp\/v2\/posts\/13570\/revisions"}],"predecessor-version":[{"id":13572,"href":"https:\/\/elhijodelllanero.mx\/index.php\/wp-json\/wp\/v2\/posts\/13570\/revisions\/13572"}],"wp:attachment":[{"href":"https:\/\/elhijodelllanero.mx\/index.php\/wp-json\/wp\/v2\/media?parent=13570"}],"wp:term":[{"taxonomy":"category","embeddable":true,"href":"https:\/\/elhijodelllanero.mx\/index.php\/wp-json\/wp\/v2\/categories?post=13570"},{"taxonomy":"post_tag","embeddable":true,"href":"https:\/\/elhijodelllanero.mx\/index.php\/wp-json\/wp\/v2\/tags?post=13570"}],"curies":[{"name":"wp","href":"https:\/\/api.w.org\/{rel}","templated":true}]}}