{"id":13599,"date":"2026-03-31T22:34:04","date_gmt":"2026-03-31T22:34:04","guid":{"rendered":"https:\/\/elhijodelllanero.mx\/?p=13599"},"modified":"2026-03-31T22:34:04","modified_gmt":"2026-03-31T22:34:04","slug":"ampliacion-de-la-comandancia-pipila-lleva-un-avance-del-70-porciento","status":"publish","type":"post","link":"https:\/\/elhijodelllanero.mx\/index.php\/2026\/03\/31\/ampliacion-de-la-comandancia-pipila-lleva-un-avance-del-70-porciento\/","title":{"rendered":"Ampliaci\u00f3n de la comandancia P\u00edpila lleva un avance del 70 porciento.\u00a0"},"content":{"rendered":"<p>Celaya, Gto. 31 de marzo del 2026.-Los trabajos de la ampliaci\u00f3n de la Comandancia de Polic\u00eda Municipal en P\u00edpila presenta un avance del 70% y se prev\u00e9 que en aproximadamente mes y medio los dormitorios pueda comenzar a ser ocupado por los elementos, as\u00ed lo dio a conocer, Rafael Cajero, director de Polic\u00eda Municipal.<\/p>\n<p>La ampliaci\u00f3n de este espacio tendr\u00e1 una inversi\u00f3n de 20 millones de pesos, tendr\u00e1 una capacidad para 180 elementos.<\/p>\n<p>\u201cYa tenemos un avance en la construcci\u00f3n del edificio para el personal de polic\u00eda municipal aqu\u00ed en P\u00edpila, esperemos ya un poquito m\u00e1s de mes y medio ya tengamos por ah\u00ed el dormitorio listo para ser ocupado por los elementos, ya tenemos un 70% de avance un poquito m\u00e1s ya este estamos con la segunda planta, se busca seguir mejorando, tener una polic\u00eda que Celaya se merece una polic\u00eda que tenga la capacidad suficiente que tengan los elementos recursos suficientes una buena imagen\u201d.<\/p>\n<p>La principal finalidad del proyecto es la dignificaci\u00f3n del personal policial, al reducir traslados innecesarios y optimizar tiempos. La ampliaci\u00f3n de las instalaciones contempla dormitorios, gimnasio y cocina.<\/p>\n<p>El director de Polic\u00eda Municipal, Cajero Reyes adelant\u00f3 que una vez concluido el edificio, se buscar\u00e1 gestionar la mejora de oficinas existentes, algunas de las cuales presentan deterioro por el paso de los a\u00f1os, con el objetivo de continuar fortaleciendo la capacidad operativa de la polic\u00eda en Celaya.<\/p>\n<p>\u201cLo que siempre hemos manejado la dignificaci\u00f3n del personal de polic\u00eda municipal que tenga un lugar adecuado para que pueda descansar en el poquito tiempo que ellos pueden pueden hacerlo, entonces se requiere este alojamiento pues para el personal que puedan llegar al trabajo y guardar sus cosas, tengan un lugar un espacio donde puedan podamos sentarse unos minutos, el alojamiento pues contempla el comedor y tambi\u00e9n ya no ir\u00edan a la comandancia norte para tomar sus alimentos, sino los que est\u00e1n en la comandancia norte ellos toman su alimento all\u00e1 all\u00e1 y los que se presentan aqu\u00ed en P\u00edpila ya ser\u00edan P\u00edpila, entonces eso tambi\u00e9n ahorra tiempo ahorra esfuerzo y optimizan los recursos humanos y materiales\u201d.<\/p>\n","protected":false},"excerpt":{"rendered":"<p>Celaya, Gto. 31 de marzo del 2026.-Los trabajos de la ampliaci\u00f3n de la Comandancia de Polic\u00eda Municipal en P\u00edpila presenta un avance del 70% y se prev\u00e9 que en aproximadamente mes y medio los dormitorios pueda comenzar a ser ocupado por los elementos, as\u00ed lo dio a conocer, Rafael Cajero, director de Polic\u00eda Municipal. La [&hellip;]<\/p>\n","protected":false},"author":3,"featured_media":13600,"comment_status":"open","ping_status":"closed","sticky":false,"template":"","format":"standard","meta":{"_jetpack_newsletter_access":"","_jetpack_dont_email_post_to_subs":false,"_jetpack_newsletter_tier_id":0,"_jetpack_memberships_contains_paywalled_content":false,"_jetpack_memberships_contains_paid_content":false,"footnotes":""},"categories":[74],"tags":[],"class_list":{"0":"post-13599","1":"post","2":"type-post","3":"status-publish","4":"format-standard","5":"has-post-thumbnail","7":"category-celaya"},"yoast_head":"<!-- This site is optimized with the Yoast SEO plugin v27.3 - https:\/\/yoast.com\/product\/yoast-seo-wordpress\/ -->\n<title>Ampliaci\u00f3n de la comandancia P\u00edpila lleva un avance del 70 porciento.\u00a0 - El Hijo del llanero solititito<\/title>\n<meta name=\"robots\" content=\"index, follow, max-snippet:-1, max-image-preview:large, max-video-preview:-1\" \/>\n<link rel=\"canonical\" href=\"https:\/\/elhijodelllanero.mx\/index.php\/2026\/03\/31\/ampliacion-de-la-comandancia-pipila-lleva-un-avance-del-70-porciento\/\" \/>\n<meta property=\"og:locale\" content=\"es_ES\" \/>\n<meta property=\"og:type\" content=\"article\" \/>\n<meta property=\"og:title\" content=\"Ampliaci\u00f3n de la comandancia P\u00edpila lleva un avance del 70 porciento.\u00a0 - El Hijo del llanero solititito\" \/>\n<meta property=\"og:description\" content=\"Celaya, Gto. 31 de marzo del 2026.-Los trabajos de la ampliaci\u00f3n de la Comandancia de Polic\u00eda Municipal en P\u00edpila presenta un avance del 70% y se prev\u00e9 que en aproximadamente mes y medio los dormitorios pueda comenzar a ser ocupado por los elementos, as\u00ed lo dio a conocer, Rafael Cajero, director de Polic\u00eda Municipal. La [&hellip;]\" \/>\n<meta property=\"og:url\" content=\"https:\/\/elhijodelllanero.mx\/index.php\/2026\/03\/31\/ampliacion-de-la-comandancia-pipila-lleva-un-avance-del-70-porciento\/\" \/>\n<meta property=\"og:site_name\" content=\"El Hijo del llanero solititito\" \/>\n<meta property=\"article:published_time\" content=\"2026-03-31T22:34:04+00:00\" \/>\n<meta property=\"og:image\" content=\"https:\/\/elhijodelllanero.mx\/wp-content\/uploads\/2026\/03\/IMG-20260331-WA0006.jpg\" \/>\n\t<meta property=\"og:image:width\" content=\"1600\" \/>\n\t<meta property=\"og:image:height\" content=\"900\" \/>\n\t<meta property=\"og:image:type\" content=\"image\/jpeg\" \/>\n<meta name=\"author\" content=\"Mar\u00eda de la Paz Rodarte Ram\u00edrez\" \/>\n<meta name=\"twitter:card\" content=\"summary_large_image\" \/>\n<meta name=\"twitter:label1\" content=\"Escrito por\" \/>\n\t<meta name=\"twitter:data1\" content=\"Mar\u00eda de la Paz Rodarte Ram\u00edrez\" \/>\n\t<meta name=\"twitter:label2\" content=\"Tiempo de lectura\" \/>\n\t<meta name=\"twitter:data2\" content=\"2 minutos\" \/>\n<script type=\"application\/ld+json\" class=\"yoast-schema-graph\">{\"@context\":\"https:\\\/\\\/schema.org\",\"@graph\":[{\"@type\":\"Article\",\"@id\":\"https:\\\/\\\/elhijodelllanero.mx\\\/index.php\\\/2026\\\/03\\\/31\\\/ampliacion-de-la-comandancia-pipila-lleva-un-avance-del-70-porciento\\\/#article\",\"isPartOf\":{\"@id\":\"https:\\\/\\\/elhijodelllanero.mx\\\/index.php\\\/2026\\\/03\\\/31\\\/ampliacion-de-la-comandancia-pipila-lleva-un-avance-del-70-porciento\\\/\"},\"author\":{\"name\":\"Mar\u00eda de la Paz Rodarte Ram\u00edrez\",\"@id\":\"https:\\\/\\\/elhijodelllanero.mx\\\/#\\\/schema\\\/person\\\/c7f8c86c55c1eab44ae2b93a9628245f\"},\"headline\":\"Ampliaci\u00f3n de la comandancia P\u00edpila lleva un avance del 70 porciento.\u00a0\",\"datePublished\":\"2026-03-31T22:34:04+00:00\",\"mainEntityOfPage\":{\"@id\":\"https:\\\/\\\/elhijodelllanero.mx\\\/index.php\\\/2026\\\/03\\\/31\\\/ampliacion-de-la-comandancia-pipila-lleva-un-avance-del-70-porciento\\\/\"},\"wordCount\":383,\"commentCount\":0,\"image\":{\"@id\":\"https:\\\/\\\/elhijodelllanero.mx\\\/index.php\\\/2026\\\/03\\\/31\\\/ampliacion-de-la-comandancia-pipila-lleva-un-avance-del-70-porciento\\\/#primaryimage\"},\"thumbnailUrl\":\"https:\\\/\\\/i0.wp.com\\\/elhijodelllanero.mx\\\/wp-content\\\/uploads\\\/2026\\\/03\\\/IMG-20260331-WA0006.jpg?fit=1600%2C900&ssl=1\",\"articleSection\":[\"CELAYA\"],\"inLanguage\":\"es\",\"potentialAction\":[{\"@type\":\"CommentAction\",\"name\":\"Comment\",\"target\":[\"https:\\\/\\\/elhijodelllanero.mx\\\/index.php\\\/2026\\\/03\\\/31\\\/ampliacion-de-la-comandancia-pipila-lleva-un-avance-del-70-porciento\\\/#respond\"]}]},{\"@type\":\"WebPage\",\"@id\":\"https:\\\/\\\/elhijodelllanero.mx\\\/index.php\\\/2026\\\/03\\\/31\\\/ampliacion-de-la-comandancia-pipila-lleva-un-avance-del-70-porciento\\\/\",\"url\":\"https:\\\/\\\/elhijodelllanero.mx\\\/index.php\\\/2026\\\/03\\\/31\\\/ampliacion-de-la-comandancia-pipila-lleva-un-avance-del-70-porciento\\\/\",\"name\":\"Ampliaci\u00f3n de la comandancia P\u00edpila lleva un avance del 70 porciento.\u00a0 - El Hijo del llanero solititito\",\"isPartOf\":{\"@id\":\"https:\\\/\\\/elhijodelllanero.mx\\\/#website\"},\"primaryImageOfPage\":{\"@id\":\"https:\\\/\\\/elhijodelllanero.mx\\\/index.php\\\/2026\\\/03\\\/31\\\/ampliacion-de-la-comandancia-pipila-lleva-un-avance-del-70-porciento\\\/#primaryimage\"},\"image\":{\"@id\":\"https:\\\/\\\/elhijodelllanero.mx\\\/index.php\\\/2026\\\/03\\\/31\\\/ampliacion-de-la-comandancia-pipila-lleva-un-avance-del-70-porciento\\\/#primaryimage\"},\"thumbnailUrl\":\"https:\\\/\\\/i0.wp.com\\\/elhijodelllanero.mx\\\/wp-content\\\/uploads\\\/2026\\\/03\\\/IMG-20260331-WA0006.jpg?fit=1600%2C900&ssl=1\",\"datePublished\":\"2026-03-31T22:34:04+00:00\",\"author\":{\"@id\":\"https:\\\/\\\/elhijodelllanero.mx\\\/#\\\/schema\\\/person\\\/c7f8c86c55c1eab44ae2b93a9628245f\"},\"breadcrumb\":{\"@id\":\"https:\\\/\\\/elhijodelllanero.mx\\\/index.php\\\/2026\\\/03\\\/31\\\/ampliacion-de-la-comandancia-pipila-lleva-un-avance-del-70-porciento\\\/#breadcrumb\"},\"inLanguage\":\"es\",\"potentialAction\":[{\"@type\":\"ReadAction\",\"target\":[\"https:\\\/\\\/elhijodelllanero.mx\\\/index.php\\\/2026\\\/03\\\/31\\\/ampliacion-de-la-comandancia-pipila-lleva-un-avance-del-70-porciento\\\/\"]}]},{\"@type\":\"ImageObject\",\"inLanguage\":\"es\",\"@id\":\"https:\\\/\\\/elhijodelllanero.mx\\\/index.php\\\/2026\\\/03\\\/31\\\/ampliacion-de-la-comandancia-pipila-lleva-un-avance-del-70-porciento\\\/#primaryimage\",\"url\":\"https:\\\/\\\/i0.wp.com\\\/elhijodelllanero.mx\\\/wp-content\\\/uploads\\\/2026\\\/03\\\/IMG-20260331-WA0006.jpg?fit=1600%2C900&ssl=1\",\"contentUrl\":\"https:\\\/\\\/i0.wp.com\\\/elhijodelllanero.mx\\\/wp-content\\\/uploads\\\/2026\\\/03\\\/IMG-20260331-WA0006.jpg?fit=1600%2C900&ssl=1\",\"width\":1600,\"height\":900},{\"@type\":\"BreadcrumbList\",\"@id\":\"https:\\\/\\\/elhijodelllanero.mx\\\/index.php\\\/2026\\\/03\\\/31\\\/ampliacion-de-la-comandancia-pipila-lleva-un-avance-del-70-porciento\\\/#breadcrumb\",\"itemListElement\":[{\"@type\":\"ListItem\",\"position\":1,\"name\":\"Portada\",\"item\":\"https:\\\/\\\/elhijodelllanero.mx\\\/\"},{\"@type\":\"ListItem\",\"position\":2,\"name\":\"Ampliaci\u00f3n de la comandancia P\u00edpila lleva un avance del 70 porciento.\u00a0\"}]},{\"@type\":\"WebSite\",\"@id\":\"https:\\\/\\\/elhijodelllanero.mx\\\/#website\",\"url\":\"https:\\\/\\\/elhijodelllanero.mx\\\/\",\"name\":\"El Hijo del llanero solititito\",\"description\":\"\",\"potentialAction\":[{\"@type\":\"SearchAction\",\"target\":{\"@type\":\"EntryPoint\",\"urlTemplate\":\"https:\\\/\\\/elhijodelllanero.mx\\\/?s={search_term_string}\"},\"query-input\":{\"@type\":\"PropertyValueSpecification\",\"valueRequired\":true,\"valueName\":\"search_term_string\"}}],\"inLanguage\":\"es\"},{\"@type\":\"Person\",\"@id\":\"https:\\\/\\\/elhijodelllanero.mx\\\/#\\\/schema\\\/person\\\/c7f8c86c55c1eab44ae2b93a9628245f\",\"name\":\"Mar\u00eda de la Paz Rodarte Ram\u00edrez\",\"image\":{\"@type\":\"ImageObject\",\"inLanguage\":\"es\",\"@id\":\"https:\\\/\\\/secure.gravatar.com\\\/avatar\\\/1f38f8518b09a266af73da2bce78d69e7d1275299970134ed62f572e0487e1d0?s=96&d=mm&r=g\",\"url\":\"https:\\\/\\\/secure.gravatar.com\\\/avatar\\\/1f38f8518b09a266af73da2bce78d69e7d1275299970134ed62f572e0487e1d0?s=96&d=mm&r=g\",\"contentUrl\":\"https:\\\/\\\/secure.gravatar.com\\\/avatar\\\/1f38f8518b09a266af73da2bce78d69e7d1275299970134ed62f572e0487e1d0?s=96&d=mm&r=g\",\"caption\":\"Mar\u00eda de la Paz Rodarte Ram\u00edrez\"},\"sameAs\":[\"https:\\\/\\\/www.elhijodelllanero.mx\"],\"url\":\"https:\\\/\\\/elhijodelllanero.mx\\\/index.php\\\/author\\\/maricuas\\\/\"}]}<\/script>\n<!-- \/ Yoast SEO plugin. -->","yoast_head_json":{"title":"Ampliaci\u00f3n de la comandancia P\u00edpila lleva un avance del 70 porciento.\u00a0 - El Hijo del llanero solititito","robots":{"index":"index","follow":"follow","max-snippet":"max-snippet:-1","max-image-preview":"max-image-preview:large","max-video-preview":"max-video-preview:-1"},"canonical":"https:\/\/elhijodelllanero.mx\/index.php\/2026\/03\/31\/ampliacion-de-la-comandancia-pipila-lleva-un-avance-del-70-porciento\/","og_locale":"es_ES","og_type":"article","og_title":"Ampliaci\u00f3n de la comandancia P\u00edpila lleva un avance del 70 porciento.\u00a0 - El Hijo del llanero solititito","og_description":"Celaya, Gto. 31 de marzo del 2026.-Los trabajos de la ampliaci\u00f3n de la Comandancia de Polic\u00eda Municipal en P\u00edpila presenta un avance del 70% y se prev\u00e9 que en aproximadamente mes y medio los dormitorios pueda comenzar a ser ocupado por los elementos, as\u00ed lo dio a conocer, Rafael Cajero, director de Polic\u00eda Municipal. La [&hellip;]","og_url":"https:\/\/elhijodelllanero.mx\/index.php\/2026\/03\/31\/ampliacion-de-la-comandancia-pipila-lleva-un-avance-del-70-porciento\/","og_site_name":"El Hijo del llanero solititito","article_published_time":"2026-03-31T22:34:04+00:00","og_image":[{"width":1600,"height":900,"url":"https:\/\/elhijodelllanero.mx\/wp-content\/uploads\/2026\/03\/IMG-20260331-WA0006.jpg","type":"image\/jpeg"}],"author":"Mar\u00eda de la Paz Rodarte Ram\u00edrez","twitter_card":"summary_large_image","twitter_misc":{"Escrito por":"Mar\u00eda de la Paz Rodarte Ram\u00edrez","Tiempo de lectura":"2 minutos"},"schema":{"@context":"https:\/\/schema.org","@graph":[{"@type":"Article","@id":"https:\/\/elhijodelllanero.mx\/index.php\/2026\/03\/31\/ampliacion-de-la-comandancia-pipila-lleva-un-avance-del-70-porciento\/#article","isPartOf":{"@id":"https:\/\/elhijodelllanero.mx\/index.php\/2026\/03\/31\/ampliacion-de-la-comandancia-pipila-lleva-un-avance-del-70-porciento\/"},"author":{"name":"Mar\u00eda de la Paz Rodarte Ram\u00edrez","@id":"https:\/\/elhijodelllanero.mx\/#\/schema\/person\/c7f8c86c55c1eab44ae2b93a9628245f"},"headline":"Ampliaci\u00f3n de la comandancia P\u00edpila lleva un avance del 70 porciento.\u00a0","datePublished":"2026-03-31T22:34:04+00:00","mainEntityOfPage":{"@id":"https:\/\/elhijodelllanero.mx\/index.php\/2026\/03\/31\/ampliacion-de-la-comandancia-pipila-lleva-un-avance-del-70-porciento\/"},"wordCount":383,"commentCount":0,"image":{"@id":"https:\/\/elhijodelllanero.mx\/index.php\/2026\/03\/31\/ampliacion-de-la-comandancia-pipila-lleva-un-avance-del-70-porciento\/#primaryimage"},"thumbnailUrl":"https:\/\/i0.wp.com\/elhijodelllanero.mx\/wp-content\/uploads\/2026\/03\/IMG-20260331-WA0006.jpg?fit=1600%2C900&ssl=1","articleSection":["CELAYA"],"inLanguage":"es","potentialAction":[{"@type":"CommentAction","name":"Comment","target":["https:\/\/elhijodelllanero.mx\/index.php\/2026\/03\/31\/ampliacion-de-la-comandancia-pipila-lleva-un-avance-del-70-porciento\/#respond"]}]},{"@type":"WebPage","@id":"https:\/\/elhijodelllanero.mx\/index.php\/2026\/03\/31\/ampliacion-de-la-comandancia-pipila-lleva-un-avance-del-70-porciento\/","url":"https:\/\/elhijodelllanero.mx\/index.php\/2026\/03\/31\/ampliacion-de-la-comandancia-pipila-lleva-un-avance-del-70-porciento\/","name":"Ampliaci\u00f3n de la comandancia P\u00edpila lleva un avance del 70 porciento.\u00a0 - El Hijo del llanero solititito","isPartOf":{"@id":"https:\/\/elhijodelllanero.mx\/#website"},"primaryImageOfPage":{"@id":"https:\/\/elhijodelllanero.mx\/index.php\/2026\/03\/31\/ampliacion-de-la-comandancia-pipila-lleva-un-avance-del-70-porciento\/#primaryimage"},"image":{"@id":"https:\/\/elhijodelllanero.mx\/index.php\/2026\/03\/31\/ampliacion-de-la-comandancia-pipila-lleva-un-avance-del-70-porciento\/#primaryimage"},"thumbnailUrl":"https:\/\/i0.wp.com\/elhijodelllanero.mx\/wp-content\/uploads\/2026\/03\/IMG-20260331-WA0006.jpg?fit=1600%2C900&ssl=1","datePublished":"2026-03-31T22:34:04+00:00","author":{"@id":"https:\/\/elhijodelllanero.mx\/#\/schema\/person\/c7f8c86c55c1eab44ae2b93a9628245f"},"breadcrumb":{"@id":"https:\/\/elhijodelllanero.mx\/index.php\/2026\/03\/31\/ampliacion-de-la-comandancia-pipila-lleva-un-avance-del-70-porciento\/#breadcrumb"},"inLanguage":"es","potentialAction":[{"@type":"ReadAction","target":["https:\/\/elhijodelllanero.mx\/index.php\/2026\/03\/31\/ampliacion-de-la-comandancia-pipila-lleva-un-avance-del-70-porciento\/"]}]},{"@type":"ImageObject","inLanguage":"es","@id":"https:\/\/elhijodelllanero.mx\/index.php\/2026\/03\/31\/ampliacion-de-la-comandancia-pipila-lleva-un-avance-del-70-porciento\/#primaryimage","url":"https:\/\/i0.wp.com\/elhijodelllanero.mx\/wp-content\/uploads\/2026\/03\/IMG-20260331-WA0006.jpg?fit=1600%2C900&ssl=1","contentUrl":"https:\/\/i0.wp.com\/elhijodelllanero.mx\/wp-content\/uploads\/2026\/03\/IMG-20260331-WA0006.jpg?fit=1600%2C900&ssl=1","width":1600,"height":900},{"@type":"BreadcrumbList","@id":"https:\/\/elhijodelllanero.mx\/index.php\/2026\/03\/31\/ampliacion-de-la-comandancia-pipila-lleva-un-avance-del-70-porciento\/#breadcrumb","itemListElement":[{"@type":"ListItem","position":1,"name":"Portada","item":"https:\/\/elhijodelllanero.mx\/"},{"@type":"ListItem","position":2,"name":"Ampliaci\u00f3n de la comandancia P\u00edpila lleva un avance del 70 porciento.\u00a0"}]},{"@type":"WebSite","@id":"https:\/\/elhijodelllanero.mx\/#website","url":"https:\/\/elhijodelllanero.mx\/","name":"El Hijo del llanero solititito","description":"","potentialAction":[{"@type":"SearchAction","target":{"@type":"EntryPoint","urlTemplate":"https:\/\/elhijodelllanero.mx\/?s={search_term_string}"},"query-input":{"@type":"PropertyValueSpecification","valueRequired":true,"valueName":"search_term_string"}}],"inLanguage":"es"},{"@type":"Person","@id":"https:\/\/elhijodelllanero.mx\/#\/schema\/person\/c7f8c86c55c1eab44ae2b93a9628245f","name":"Mar\u00eda de la Paz Rodarte Ram\u00edrez","image":{"@type":"ImageObject","inLanguage":"es","@id":"https:\/\/secure.gravatar.com\/avatar\/1f38f8518b09a266af73da2bce78d69e7d1275299970134ed62f572e0487e1d0?s=96&d=mm&r=g","url":"https:\/\/secure.gravatar.com\/avatar\/1f38f8518b09a266af73da2bce78d69e7d1275299970134ed62f572e0487e1d0?s=96&d=mm&r=g","contentUrl":"https:\/\/secure.gravatar.com\/avatar\/1f38f8518b09a266af73da2bce78d69e7d1275299970134ed62f572e0487e1d0?s=96&d=mm&r=g","caption":"Mar\u00eda de la Paz Rodarte Ram\u00edrez"},"sameAs":["https:\/\/www.elhijodelllanero.mx"],"url":"https:\/\/elhijodelllanero.mx\/index.php\/author\/maricuas\/"}]}},"jetpack_featured_media_url":"https:\/\/i0.wp.com\/elhijodelllanero.mx\/wp-content\/uploads\/2026\/03\/IMG-20260331-WA0006.jpg?fit=1600%2C900&ssl=1","jetpack-related-posts":[],"jetpack_sharing_enabled":true,"_links":{"self":[{"href":"https:\/\/elhijodelllanero.mx\/index.php\/wp-json\/wp\/v2\/posts\/13599","targetHints":{"allow":["GET"]}}],"collection":[{"href":"https:\/\/elhijodelllanero.mx\/index.php\/wp-json\/wp\/v2\/posts"}],"about":[{"href":"https:\/\/elhijodelllanero.mx\/index.php\/wp-json\/wp\/v2\/types\/post"}],"author":[{"embeddable":true,"href":"https:\/\/elhijodelllanero.mx\/index.php\/wp-json\/wp\/v2\/users\/3"}],"replies":[{"embeddable":true,"href":"https:\/\/elhijodelllanero.mx\/index.php\/wp-json\/wp\/v2\/comments?post=13599"}],"version-history":[{"count":1,"href":"https:\/\/elhijodelllanero.mx\/index.php\/wp-json\/wp\/v2\/posts\/13599\/revisions"}],"predecessor-version":[{"id":13601,"href":"https:\/\/elhijodelllanero.mx\/index.php\/wp-json\/wp\/v2\/posts\/13599\/revisions\/13601"}],"wp:featuredmedia":[{"embeddable":true,"href":"https:\/\/elhijodelllanero.mx\/index.php\/wp-json\/wp\/v2\/media\/13600"}],"wp:attachment":[{"href":"https:\/\/elhijodelllanero.mx\/index.php\/wp-json\/wp\/v2\/media?parent=13599"}],"wp:term":[{"taxonomy":"category","embeddable":true,"href":"https:\/\/elhijodelllanero.mx\/index.php\/wp-json\/wp\/v2\/categories?post=13599"},{"taxonomy":"post_tag","embeddable":true,"href":"https:\/\/elhijodelllanero.mx\/index.php\/wp-json\/wp\/v2\/tags?post=13599"}],"curies":[{"name":"wp","href":"https:\/\/api.w.org\/{rel}","templated":true}]}}