{"id":13633,"date":"2026-04-03T21:38:05","date_gmt":"2026-04-03T21:38:05","guid":{"rendered":"https:\/\/elhijodelllanero.mx\/?p=13633"},"modified":"2026-04-03T21:38:05","modified_gmt":"2026-04-03T21:38:05","slug":"se-queda-sin-frenos-en-pendiente-y-termina-impactando-vehiculos-y-una-vivienda-en-la-huerta","status":"publish","type":"post","link":"https:\/\/elhijodelllanero.mx\/index.php\/2026\/04\/03\/se-queda-sin-frenos-en-pendiente-y-termina-impactando-vehiculos-y-una-vivienda-en-la-huerta\/","title":{"rendered":"Se queda sin frenos en pendiente y termina impactando veh\u00edculos y una vivienda en La Huerta."},"content":{"rendered":"<p>Juventino Rosas, Gto. 3 de abril del 2026.-En una pendiente que no perdona errores ni fallas mec\u00e1nicas, un veh\u00edculo termin\u00f3 su trayecto de la peor manera en la comunidad de La Huerta.<\/p>\n<p>De acuerdo con el director de Protecci\u00f3n Civil, Gilberto Le\u00f3n Alejos, el conductor perdi\u00f3 el control de la unidad tras quedarse sin frenos justo en el acceso a la comunidad. Sin posibilidad de detenerse, el veh\u00edculo impact\u00f3 primero contra dos autom\u00f3viles y posteriormente se proyect\u00f3 contra la fachada de un domicilio.<\/p>\n<p>Dentro de la vivienda, por fortuna, no se registraron personas lesionadas. En el lugar, param\u00e9dicos brindaron atenci\u00f3n a dos personas que presentaron crisis nerviosa tras el incidente.<\/p>\n<p>En cuanto a los ocupantes del veh\u00edculo, tres personas resultaron lesionadas con clasificaci\u00f3n c\u00f3digo verde, es decir, sin heridas de gravedad. Dos de ellas fueron trasladadas al hospital comunitario para su valoraci\u00f3n m\u00e9dica. Presentaban golpes menores, raspones en rostro y manos, as\u00ed como peque\u00f1as cortaduras en las falanges.<\/p>\n<p>El accidente dej\u00f3 da\u00f1os materiales y un buen susto para quienes se encontraban en la zona, recordando que, en tramos con pendiente, cualquier falla mec\u00e1nica puede convertirse en un riesgo inmediato.<\/p>\n<p>Cabe mencionar que elementos de PC, mitigaron en la vivienda el riesgo de colapso.<\/p>\n","protected":false},"excerpt":{"rendered":"<p>Juventino Rosas, Gto. 3 de abril del 2026.-En una pendiente que no perdona errores ni fallas mec\u00e1nicas, un veh\u00edculo termin\u00f3 su trayecto de la peor manera en la comunidad de La Huerta. De acuerdo con el director de Protecci\u00f3n Civil, Gilberto Le\u00f3n Alejos, el conductor perdi\u00f3 el control de la unidad tras quedarse sin frenos [&hellip;]<\/p>\n","protected":false},"author":3,"featured_media":13634,"comment_status":"open","ping_status":"closed","sticky":false,"template":"","format":"standard","meta":{"_jetpack_newsletter_access":"","_jetpack_dont_email_post_to_subs":false,"_jetpack_newsletter_tier_id":0,"_jetpack_memberships_contains_paywalled_content":false,"_jetpack_memberships_contains_paid_content":false,"footnotes":""},"categories":[81,76],"tags":[],"class_list":{"0":"post-13633","1":"post","2":"type-post","3":"status-publish","4":"format-standard","5":"has-post-thumbnail","7":"category-juventino-rosas","8":"category-municipios"},"yoast_head":"<!-- This site is optimized with the Yoast SEO plugin v27.3 - https:\/\/yoast.com\/product\/yoast-seo-wordpress\/ -->\n<title>Se queda sin frenos en pendiente y termina impactando veh\u00edculos y una vivienda en La Huerta. - El Hijo del llanero solititito<\/title>\n<meta name=\"robots\" content=\"index, follow, max-snippet:-1, max-image-preview:large, max-video-preview:-1\" \/>\n<link rel=\"canonical\" href=\"https:\/\/elhijodelllanero.mx\/index.php\/2026\/04\/03\/se-queda-sin-frenos-en-pendiente-y-termina-impactando-vehiculos-y-una-vivienda-en-la-huerta\/\" \/>\n<meta property=\"og:locale\" content=\"es_ES\" \/>\n<meta property=\"og:type\" content=\"article\" \/>\n<meta property=\"og:title\" content=\"Se queda sin frenos en pendiente y termina impactando veh\u00edculos y una vivienda en La Huerta. - El Hijo del llanero solititito\" \/>\n<meta property=\"og:description\" content=\"Juventino Rosas, Gto. 3 de abril del 2026.-En una pendiente que no perdona errores ni fallas mec\u00e1nicas, un veh\u00edculo termin\u00f3 su trayecto de la peor manera en la comunidad de La Huerta. De acuerdo con el director de Protecci\u00f3n Civil, Gilberto Le\u00f3n Alejos, el conductor perdi\u00f3 el control de la unidad tras quedarse sin frenos [&hellip;]\" \/>\n<meta property=\"og:url\" content=\"https:\/\/elhijodelllanero.mx\/index.php\/2026\/04\/03\/se-queda-sin-frenos-en-pendiente-y-termina-impactando-vehiculos-y-una-vivienda-en-la-huerta\/\" \/>\n<meta property=\"og:site_name\" content=\"El Hijo del llanero solititito\" \/>\n<meta property=\"article:published_time\" content=\"2026-04-03T21:38:05+00:00\" \/>\n<meta property=\"og:image\" content=\"https:\/\/elhijodelllanero.mx\/wp-content\/uploads\/2026\/04\/IMG-20260403-WA0004.jpg\" \/>\n\t<meta property=\"og:image:width\" content=\"1280\" \/>\n\t<meta property=\"og:image:height\" content=\"720\" \/>\n\t<meta property=\"og:image:type\" content=\"image\/jpeg\" \/>\n<meta name=\"author\" content=\"Mar\u00eda de la Paz Rodarte Ram\u00edrez\" \/>\n<meta name=\"twitter:card\" content=\"summary_large_image\" \/>\n<meta name=\"twitter:label1\" content=\"Escrito por\" \/>\n\t<meta name=\"twitter:data1\" content=\"Mar\u00eda de la Paz Rodarte Ram\u00edrez\" \/>\n\t<meta name=\"twitter:label2\" content=\"Tiempo de lectura\" \/>\n\t<meta name=\"twitter:data2\" content=\"1 minuto\" \/>\n<script type=\"application\/ld+json\" class=\"yoast-schema-graph\">{\"@context\":\"https:\\\/\\\/schema.org\",\"@graph\":[{\"@type\":\"Article\",\"@id\":\"https:\\\/\\\/elhijodelllanero.mx\\\/index.php\\\/2026\\\/04\\\/03\\\/se-queda-sin-frenos-en-pendiente-y-termina-impactando-vehiculos-y-una-vivienda-en-la-huerta\\\/#article\",\"isPartOf\":{\"@id\":\"https:\\\/\\\/elhijodelllanero.mx\\\/index.php\\\/2026\\\/04\\\/03\\\/se-queda-sin-frenos-en-pendiente-y-termina-impactando-vehiculos-y-una-vivienda-en-la-huerta\\\/\"},\"author\":{\"name\":\"Mar\u00eda de la Paz Rodarte Ram\u00edrez\",\"@id\":\"https:\\\/\\\/elhijodelllanero.mx\\\/#\\\/schema\\\/person\\\/c7f8c86c55c1eab44ae2b93a9628245f\"},\"headline\":\"Se queda sin frenos en pendiente y termina impactando veh\u00edculos y una vivienda en La Huerta.\",\"datePublished\":\"2026-04-03T21:38:05+00:00\",\"mainEntityOfPage\":{\"@id\":\"https:\\\/\\\/elhijodelllanero.mx\\\/index.php\\\/2026\\\/04\\\/03\\\/se-queda-sin-frenos-en-pendiente-y-termina-impactando-vehiculos-y-una-vivienda-en-la-huerta\\\/\"},\"wordCount\":235,\"commentCount\":0,\"image\":{\"@id\":\"https:\\\/\\\/elhijodelllanero.mx\\\/index.php\\\/2026\\\/04\\\/03\\\/se-queda-sin-frenos-en-pendiente-y-termina-impactando-vehiculos-y-una-vivienda-en-la-huerta\\\/#primaryimage\"},\"thumbnailUrl\":\"https:\\\/\\\/i0.wp.com\\\/elhijodelllanero.mx\\\/wp-content\\\/uploads\\\/2026\\\/04\\\/IMG-20260403-WA0004.jpg?fit=1280%2C720&ssl=1\",\"articleSection\":[\"JUVENTINO ROSAS\",\"MUNICIPIOS\"],\"inLanguage\":\"es\",\"potentialAction\":[{\"@type\":\"CommentAction\",\"name\":\"Comment\",\"target\":[\"https:\\\/\\\/elhijodelllanero.mx\\\/index.php\\\/2026\\\/04\\\/03\\\/se-queda-sin-frenos-en-pendiente-y-termina-impactando-vehiculos-y-una-vivienda-en-la-huerta\\\/#respond\"]}]},{\"@type\":\"WebPage\",\"@id\":\"https:\\\/\\\/elhijodelllanero.mx\\\/index.php\\\/2026\\\/04\\\/03\\\/se-queda-sin-frenos-en-pendiente-y-termina-impactando-vehiculos-y-una-vivienda-en-la-huerta\\\/\",\"url\":\"https:\\\/\\\/elhijodelllanero.mx\\\/index.php\\\/2026\\\/04\\\/03\\\/se-queda-sin-frenos-en-pendiente-y-termina-impactando-vehiculos-y-una-vivienda-en-la-huerta\\\/\",\"name\":\"Se queda sin frenos en pendiente y termina impactando veh\u00edculos y una vivienda en La Huerta. - El Hijo del llanero solititito\",\"isPartOf\":{\"@id\":\"https:\\\/\\\/elhijodelllanero.mx\\\/#website\"},\"primaryImageOfPage\":{\"@id\":\"https:\\\/\\\/elhijodelllanero.mx\\\/index.php\\\/2026\\\/04\\\/03\\\/se-queda-sin-frenos-en-pendiente-y-termina-impactando-vehiculos-y-una-vivienda-en-la-huerta\\\/#primaryimage\"},\"image\":{\"@id\":\"https:\\\/\\\/elhijodelllanero.mx\\\/index.php\\\/2026\\\/04\\\/03\\\/se-queda-sin-frenos-en-pendiente-y-termina-impactando-vehiculos-y-una-vivienda-en-la-huerta\\\/#primaryimage\"},\"thumbnailUrl\":\"https:\\\/\\\/i0.wp.com\\\/elhijodelllanero.mx\\\/wp-content\\\/uploads\\\/2026\\\/04\\\/IMG-20260403-WA0004.jpg?fit=1280%2C720&ssl=1\",\"datePublished\":\"2026-04-03T21:38:05+00:00\",\"author\":{\"@id\":\"https:\\\/\\\/elhijodelllanero.mx\\\/#\\\/schema\\\/person\\\/c7f8c86c55c1eab44ae2b93a9628245f\"},\"breadcrumb\":{\"@id\":\"https:\\\/\\\/elhijodelllanero.mx\\\/index.php\\\/2026\\\/04\\\/03\\\/se-queda-sin-frenos-en-pendiente-y-termina-impactando-vehiculos-y-una-vivienda-en-la-huerta\\\/#breadcrumb\"},\"inLanguage\":\"es\",\"potentialAction\":[{\"@type\":\"ReadAction\",\"target\":[\"https:\\\/\\\/elhijodelllanero.mx\\\/index.php\\\/2026\\\/04\\\/03\\\/se-queda-sin-frenos-en-pendiente-y-termina-impactando-vehiculos-y-una-vivienda-en-la-huerta\\\/\"]}]},{\"@type\":\"ImageObject\",\"inLanguage\":\"es\",\"@id\":\"https:\\\/\\\/elhijodelllanero.mx\\\/index.php\\\/2026\\\/04\\\/03\\\/se-queda-sin-frenos-en-pendiente-y-termina-impactando-vehiculos-y-una-vivienda-en-la-huerta\\\/#primaryimage\",\"url\":\"https:\\\/\\\/i0.wp.com\\\/elhijodelllanero.mx\\\/wp-content\\\/uploads\\\/2026\\\/04\\\/IMG-20260403-WA0004.jpg?fit=1280%2C720&ssl=1\",\"contentUrl\":\"https:\\\/\\\/i0.wp.com\\\/elhijodelllanero.mx\\\/wp-content\\\/uploads\\\/2026\\\/04\\\/IMG-20260403-WA0004.jpg?fit=1280%2C720&ssl=1\",\"width\":1280,\"height\":720},{\"@type\":\"BreadcrumbList\",\"@id\":\"https:\\\/\\\/elhijodelllanero.mx\\\/index.php\\\/2026\\\/04\\\/03\\\/se-queda-sin-frenos-en-pendiente-y-termina-impactando-vehiculos-y-una-vivienda-en-la-huerta\\\/#breadcrumb\",\"itemListElement\":[{\"@type\":\"ListItem\",\"position\":1,\"name\":\"Portada\",\"item\":\"https:\\\/\\\/elhijodelllanero.mx\\\/\"},{\"@type\":\"ListItem\",\"position\":2,\"name\":\"Se queda sin frenos en pendiente y termina impactando veh\u00edculos y una vivienda en La Huerta.\"}]},{\"@type\":\"WebSite\",\"@id\":\"https:\\\/\\\/elhijodelllanero.mx\\\/#website\",\"url\":\"https:\\\/\\\/elhijodelllanero.mx\\\/\",\"name\":\"El Hijo del llanero solititito\",\"description\":\"\",\"potentialAction\":[{\"@type\":\"SearchAction\",\"target\":{\"@type\":\"EntryPoint\",\"urlTemplate\":\"https:\\\/\\\/elhijodelllanero.mx\\\/?s={search_term_string}\"},\"query-input\":{\"@type\":\"PropertyValueSpecification\",\"valueRequired\":true,\"valueName\":\"search_term_string\"}}],\"inLanguage\":\"es\"},{\"@type\":\"Person\",\"@id\":\"https:\\\/\\\/elhijodelllanero.mx\\\/#\\\/schema\\\/person\\\/c7f8c86c55c1eab44ae2b93a9628245f\",\"name\":\"Mar\u00eda de la Paz Rodarte Ram\u00edrez\",\"image\":{\"@type\":\"ImageObject\",\"inLanguage\":\"es\",\"@id\":\"https:\\\/\\\/secure.gravatar.com\\\/avatar\\\/1f38f8518b09a266af73da2bce78d69e7d1275299970134ed62f572e0487e1d0?s=96&d=mm&r=g\",\"url\":\"https:\\\/\\\/secure.gravatar.com\\\/avatar\\\/1f38f8518b09a266af73da2bce78d69e7d1275299970134ed62f572e0487e1d0?s=96&d=mm&r=g\",\"contentUrl\":\"https:\\\/\\\/secure.gravatar.com\\\/avatar\\\/1f38f8518b09a266af73da2bce78d69e7d1275299970134ed62f572e0487e1d0?s=96&d=mm&r=g\",\"caption\":\"Mar\u00eda de la Paz Rodarte Ram\u00edrez\"},\"sameAs\":[\"https:\\\/\\\/www.elhijodelllanero.mx\"],\"url\":\"https:\\\/\\\/elhijodelllanero.mx\\\/index.php\\\/author\\\/maricuas\\\/\"}]}<\/script>\n<!-- \/ Yoast SEO plugin. -->","yoast_head_json":{"title":"Se queda sin frenos en pendiente y termina impactando veh\u00edculos y una vivienda en La Huerta. - El Hijo del llanero solititito","robots":{"index":"index","follow":"follow","max-snippet":"max-snippet:-1","max-image-preview":"max-image-preview:large","max-video-preview":"max-video-preview:-1"},"canonical":"https:\/\/elhijodelllanero.mx\/index.php\/2026\/04\/03\/se-queda-sin-frenos-en-pendiente-y-termina-impactando-vehiculos-y-una-vivienda-en-la-huerta\/","og_locale":"es_ES","og_type":"article","og_title":"Se queda sin frenos en pendiente y termina impactando veh\u00edculos y una vivienda en La Huerta. - El Hijo del llanero solititito","og_description":"Juventino Rosas, Gto. 3 de abril del 2026.-En una pendiente que no perdona errores ni fallas mec\u00e1nicas, un veh\u00edculo termin\u00f3 su trayecto de la peor manera en la comunidad de La Huerta. De acuerdo con el director de Protecci\u00f3n Civil, Gilberto Le\u00f3n Alejos, el conductor perdi\u00f3 el control de la unidad tras quedarse sin frenos [&hellip;]","og_url":"https:\/\/elhijodelllanero.mx\/index.php\/2026\/04\/03\/se-queda-sin-frenos-en-pendiente-y-termina-impactando-vehiculos-y-una-vivienda-en-la-huerta\/","og_site_name":"El Hijo del llanero solititito","article_published_time":"2026-04-03T21:38:05+00:00","og_image":[{"width":1280,"height":720,"url":"https:\/\/elhijodelllanero.mx\/wp-content\/uploads\/2026\/04\/IMG-20260403-WA0004.jpg","type":"image\/jpeg"}],"author":"Mar\u00eda de la Paz Rodarte Ram\u00edrez","twitter_card":"summary_large_image","twitter_misc":{"Escrito por":"Mar\u00eda de la Paz Rodarte Ram\u00edrez","Tiempo de lectura":"1 minuto"},"schema":{"@context":"https:\/\/schema.org","@graph":[{"@type":"Article","@id":"https:\/\/elhijodelllanero.mx\/index.php\/2026\/04\/03\/se-queda-sin-frenos-en-pendiente-y-termina-impactando-vehiculos-y-una-vivienda-en-la-huerta\/#article","isPartOf":{"@id":"https:\/\/elhijodelllanero.mx\/index.php\/2026\/04\/03\/se-queda-sin-frenos-en-pendiente-y-termina-impactando-vehiculos-y-una-vivienda-en-la-huerta\/"},"author":{"name":"Mar\u00eda de la Paz Rodarte Ram\u00edrez","@id":"https:\/\/elhijodelllanero.mx\/#\/schema\/person\/c7f8c86c55c1eab44ae2b93a9628245f"},"headline":"Se queda sin frenos en pendiente y termina impactando veh\u00edculos y una vivienda en La Huerta.","datePublished":"2026-04-03T21:38:05+00:00","mainEntityOfPage":{"@id":"https:\/\/elhijodelllanero.mx\/index.php\/2026\/04\/03\/se-queda-sin-frenos-en-pendiente-y-termina-impactando-vehiculos-y-una-vivienda-en-la-huerta\/"},"wordCount":235,"commentCount":0,"image":{"@id":"https:\/\/elhijodelllanero.mx\/index.php\/2026\/04\/03\/se-queda-sin-frenos-en-pendiente-y-termina-impactando-vehiculos-y-una-vivienda-en-la-huerta\/#primaryimage"},"thumbnailUrl":"https:\/\/i0.wp.com\/elhijodelllanero.mx\/wp-content\/uploads\/2026\/04\/IMG-20260403-WA0004.jpg?fit=1280%2C720&ssl=1","articleSection":["JUVENTINO ROSAS","MUNICIPIOS"],"inLanguage":"es","potentialAction":[{"@type":"CommentAction","name":"Comment","target":["https:\/\/elhijodelllanero.mx\/index.php\/2026\/04\/03\/se-queda-sin-frenos-en-pendiente-y-termina-impactando-vehiculos-y-una-vivienda-en-la-huerta\/#respond"]}]},{"@type":"WebPage","@id":"https:\/\/elhijodelllanero.mx\/index.php\/2026\/04\/03\/se-queda-sin-frenos-en-pendiente-y-termina-impactando-vehiculos-y-una-vivienda-en-la-huerta\/","url":"https:\/\/elhijodelllanero.mx\/index.php\/2026\/04\/03\/se-queda-sin-frenos-en-pendiente-y-termina-impactando-vehiculos-y-una-vivienda-en-la-huerta\/","name":"Se queda sin frenos en pendiente y termina impactando veh\u00edculos y una vivienda en La Huerta. - El Hijo del llanero solititito","isPartOf":{"@id":"https:\/\/elhijodelllanero.mx\/#website"},"primaryImageOfPage":{"@id":"https:\/\/elhijodelllanero.mx\/index.php\/2026\/04\/03\/se-queda-sin-frenos-en-pendiente-y-termina-impactando-vehiculos-y-una-vivienda-en-la-huerta\/#primaryimage"},"image":{"@id":"https:\/\/elhijodelllanero.mx\/index.php\/2026\/04\/03\/se-queda-sin-frenos-en-pendiente-y-termina-impactando-vehiculos-y-una-vivienda-en-la-huerta\/#primaryimage"},"thumbnailUrl":"https:\/\/i0.wp.com\/elhijodelllanero.mx\/wp-content\/uploads\/2026\/04\/IMG-20260403-WA0004.jpg?fit=1280%2C720&ssl=1","datePublished":"2026-04-03T21:38:05+00:00","author":{"@id":"https:\/\/elhijodelllanero.mx\/#\/schema\/person\/c7f8c86c55c1eab44ae2b93a9628245f"},"breadcrumb":{"@id":"https:\/\/elhijodelllanero.mx\/index.php\/2026\/04\/03\/se-queda-sin-frenos-en-pendiente-y-termina-impactando-vehiculos-y-una-vivienda-en-la-huerta\/#breadcrumb"},"inLanguage":"es","potentialAction":[{"@type":"ReadAction","target":["https:\/\/elhijodelllanero.mx\/index.php\/2026\/04\/03\/se-queda-sin-frenos-en-pendiente-y-termina-impactando-vehiculos-y-una-vivienda-en-la-huerta\/"]}]},{"@type":"ImageObject","inLanguage":"es","@id":"https:\/\/elhijodelllanero.mx\/index.php\/2026\/04\/03\/se-queda-sin-frenos-en-pendiente-y-termina-impactando-vehiculos-y-una-vivienda-en-la-huerta\/#primaryimage","url":"https:\/\/i0.wp.com\/elhijodelllanero.mx\/wp-content\/uploads\/2026\/04\/IMG-20260403-WA0004.jpg?fit=1280%2C720&ssl=1","contentUrl":"https:\/\/i0.wp.com\/elhijodelllanero.mx\/wp-content\/uploads\/2026\/04\/IMG-20260403-WA0004.jpg?fit=1280%2C720&ssl=1","width":1280,"height":720},{"@type":"BreadcrumbList","@id":"https:\/\/elhijodelllanero.mx\/index.php\/2026\/04\/03\/se-queda-sin-frenos-en-pendiente-y-termina-impactando-vehiculos-y-una-vivienda-en-la-huerta\/#breadcrumb","itemListElement":[{"@type":"ListItem","position":1,"name":"Portada","item":"https:\/\/elhijodelllanero.mx\/"},{"@type":"ListItem","position":2,"name":"Se queda sin frenos en pendiente y termina impactando veh\u00edculos y una vivienda en La Huerta."}]},{"@type":"WebSite","@id":"https:\/\/elhijodelllanero.mx\/#website","url":"https:\/\/elhijodelllanero.mx\/","name":"El Hijo del llanero solititito","description":"","potentialAction":[{"@type":"SearchAction","target":{"@type":"EntryPoint","urlTemplate":"https:\/\/elhijodelllanero.mx\/?s={search_term_string}"},"query-input":{"@type":"PropertyValueSpecification","valueRequired":true,"valueName":"search_term_string"}}],"inLanguage":"es"},{"@type":"Person","@id":"https:\/\/elhijodelllanero.mx\/#\/schema\/person\/c7f8c86c55c1eab44ae2b93a9628245f","name":"Mar\u00eda de la Paz Rodarte Ram\u00edrez","image":{"@type":"ImageObject","inLanguage":"es","@id":"https:\/\/secure.gravatar.com\/avatar\/1f38f8518b09a266af73da2bce78d69e7d1275299970134ed62f572e0487e1d0?s=96&d=mm&r=g","url":"https:\/\/secure.gravatar.com\/avatar\/1f38f8518b09a266af73da2bce78d69e7d1275299970134ed62f572e0487e1d0?s=96&d=mm&r=g","contentUrl":"https:\/\/secure.gravatar.com\/avatar\/1f38f8518b09a266af73da2bce78d69e7d1275299970134ed62f572e0487e1d0?s=96&d=mm&r=g","caption":"Mar\u00eda de la Paz Rodarte Ram\u00edrez"},"sameAs":["https:\/\/www.elhijodelllanero.mx"],"url":"https:\/\/elhijodelllanero.mx\/index.php\/author\/maricuas\/"}]}},"jetpack_featured_media_url":"https:\/\/i0.wp.com\/elhijodelllanero.mx\/wp-content\/uploads\/2026\/04\/IMG-20260403-WA0004.jpg?fit=1280%2C720&ssl=1","jetpack-related-posts":[],"jetpack_sharing_enabled":true,"_links":{"self":[{"href":"https:\/\/elhijodelllanero.mx\/index.php\/wp-json\/wp\/v2\/posts\/13633","targetHints":{"allow":["GET"]}}],"collection":[{"href":"https:\/\/elhijodelllanero.mx\/index.php\/wp-json\/wp\/v2\/posts"}],"about":[{"href":"https:\/\/elhijodelllanero.mx\/index.php\/wp-json\/wp\/v2\/types\/post"}],"author":[{"embeddable":true,"href":"https:\/\/elhijodelllanero.mx\/index.php\/wp-json\/wp\/v2\/users\/3"}],"replies":[{"embeddable":true,"href":"https:\/\/elhijodelllanero.mx\/index.php\/wp-json\/wp\/v2\/comments?post=13633"}],"version-history":[{"count":1,"href":"https:\/\/elhijodelllanero.mx\/index.php\/wp-json\/wp\/v2\/posts\/13633\/revisions"}],"predecessor-version":[{"id":13635,"href":"https:\/\/elhijodelllanero.mx\/index.php\/wp-json\/wp\/v2\/posts\/13633\/revisions\/13635"}],"wp:featuredmedia":[{"embeddable":true,"href":"https:\/\/elhijodelllanero.mx\/index.php\/wp-json\/wp\/v2\/media\/13634"}],"wp:attachment":[{"href":"https:\/\/elhijodelllanero.mx\/index.php\/wp-json\/wp\/v2\/media?parent=13633"}],"wp:term":[{"taxonomy":"category","embeddable":true,"href":"https:\/\/elhijodelllanero.mx\/index.php\/wp-json\/wp\/v2\/categories?post=13633"},{"taxonomy":"post_tag","embeddable":true,"href":"https:\/\/elhijodelllanero.mx\/index.php\/wp-json\/wp\/v2\/tags?post=13633"}],"curies":[{"name":"wp","href":"https:\/\/api.w.org\/{rel}","templated":true}]}}