{"id":13636,"date":"2026-04-06T23:03:36","date_gmt":"2026-04-06T23:03:36","guid":{"rendered":"https:\/\/elhijodelllanero.mx\/?p=13636"},"modified":"2026-04-06T23:03:36","modified_gmt":"2026-04-06T23:03:36","slug":"hay-nuevo-perfil-en-movilidad-y-transporte-por-definir-titularidad","status":"publish","type":"post","link":"https:\/\/elhijodelllanero.mx\/index.php\/2026\/04\/06\/hay-nuevo-perfil-en-movilidad-y-transporte-por-definir-titularidad\/","title":{"rendered":"Hay nuevo perfil en Movilidad y Transporte, por definir titularidad."},"content":{"rendered":"<p>Celaya, Gto. 6 de abril del 2026.-Edgar Emilio Arvizu, se encuentra al frente de la Direcci\u00f3n de Movilidad y Transporte, asegura contar con la experiencia previa en el \u00e1rea, es licenciado en Derecho, explic\u00f3 que su trabajo se alinear\u00e1 con la llamada pir\u00e1mide de la movilidad, la cual prioriza al peat\u00f3n.<\/p>\n<p>Despu\u00e9s de un a\u00f1o sin titular en la direcci\u00f3n, este lunes Edgar Emilio estuvo presente en los<\/p>\n<p>Honores a la Bandera, sin embargo, a\u00fan no se define su permanencia, asegur\u00f3 tener experiencia dentro de la rama, aunque no precis\u00f3 una fecha para presentar su plan integral de trabajo, adelant\u00f3 que se dar\u00e1 a conocer en los pr\u00f3ximos d\u00edas y afirm\u00f3 que asume el cargo con entusiasmo y compromiso, al tratarse de una responsabilidad con su propia ciudad.<\/p>\n<p>\u201cPues fue un proceso este exhaustivo se revis\u00f3 y pues entramos, ya llevamos un tiempo trabajando de movilidad entonces para seguir de la mano con lo mismo y seguir en la l\u00ednea de poder rescatar la movilidad de Celaya ya tenemos esa experiencia dentro de y me gustar\u00eda mucho que aplic\u00e1ramos la pir\u00e1mide de la movilidad que es peat\u00f3n, ciclista, transporte p\u00fablico porque veo que anteriormente le daban mucho hincapi\u00e9 al transporte no entonces pues es seguir con la misma l\u00ednea y pues hacer un mejor Celaya para para todos dentro del proceso\u201d.<\/p>\n<p>Coment\u00f3 que actualmente existen 63 rutas de transporte p\u00fablico en el municipio, aunque reconoci\u00f3 que algunas no se encuentran en operaci\u00f3n. Detall\u00f3 que se trabaja en una reestructuraci\u00f3n integral de las rutas para mejorar la eficiencia y reducir tiempos de traslado, considerando adem\u00e1s factores como el incremento en los costos del di\u00e9sel.<\/p>\n<p>En cuanto al proyecto de electromovilidad, manifest\u00f3 su respaldo total, dijo que ser\u00eda un avance importante para ofrecer un servicio m\u00e1s digno y c\u00f3modo a los usuarios.<\/p>\n<p>\u201cPrimero que nada tiempos este las rutas m\u00e1s que nada y poder atender a la ciudadan\u00eda que se acerquen a la direcci\u00f3n que si quieren platicar sugerir y todo son bienvenidos, estamos para escucharlos y para servirles pues al final del d\u00eda somos servidores y estamos para servirles y que ellos tambi\u00e9n puedan formar parte de todo esto de que les pueda ayudar m\u00e1s adelante y en el futuro las unidades hay que mejorar las unidades hay muchas unidades que est\u00e1n fuera de la vida \u00fatil, est\u00e1n muy golpeadas por llamarlo el que no tienen esa c\u00f3mo le podemos llamar, pues est\u00e1 estructura f\u00edsica hay muchas unidades que ya est\u00e1n da\u00f1adas y el mismo usuario lo ve\u201d.<\/p>\n","protected":false},"excerpt":{"rendered":"<p>Celaya, Gto. 6 de abril del 2026.-Edgar Emilio Arvizu, se encuentra al frente de la Direcci\u00f3n de Movilidad y Transporte, asegura contar con la experiencia previa en el \u00e1rea, es licenciado en Derecho, explic\u00f3 que su trabajo se alinear\u00e1 con la llamada pir\u00e1mide de la movilidad, la cual prioriza al peat\u00f3n. Despu\u00e9s de un a\u00f1o [&hellip;]<\/p>\n","protected":false},"author":3,"featured_media":13637,"comment_status":"open","ping_status":"closed","sticky":false,"template":"","format":"standard","meta":{"_jetpack_newsletter_access":"","_jetpack_dont_email_post_to_subs":false,"_jetpack_newsletter_tier_id":0,"_jetpack_memberships_contains_paywalled_content":false,"_jetpack_memberships_contains_paid_content":false,"footnotes":""},"categories":[74],"tags":[],"class_list":{"0":"post-13636","1":"post","2":"type-post","3":"status-publish","4":"format-standard","5":"has-post-thumbnail","7":"category-celaya"},"yoast_head":"<!-- This site is optimized with the Yoast SEO plugin v27.3 - https:\/\/yoast.com\/product\/yoast-seo-wordpress\/ -->\n<title>Hay nuevo perfil en Movilidad y Transporte, por definir titularidad. - El Hijo del llanero solititito<\/title>\n<meta name=\"robots\" content=\"index, follow, max-snippet:-1, max-image-preview:large, max-video-preview:-1\" \/>\n<link rel=\"canonical\" href=\"https:\/\/elhijodelllanero.mx\/index.php\/2026\/04\/06\/hay-nuevo-perfil-en-movilidad-y-transporte-por-definir-titularidad\/\" \/>\n<meta property=\"og:locale\" content=\"es_ES\" \/>\n<meta property=\"og:type\" content=\"article\" \/>\n<meta property=\"og:title\" content=\"Hay nuevo perfil en Movilidad y Transporte, por definir titularidad. - El Hijo del llanero solititito\" \/>\n<meta property=\"og:description\" content=\"Celaya, Gto. 6 de abril del 2026.-Edgar Emilio Arvizu, se encuentra al frente de la Direcci\u00f3n de Movilidad y Transporte, asegura contar con la experiencia previa en el \u00e1rea, es licenciado en Derecho, explic\u00f3 que su trabajo se alinear\u00e1 con la llamada pir\u00e1mide de la movilidad, la cual prioriza al peat\u00f3n. Despu\u00e9s de un a\u00f1o [&hellip;]\" \/>\n<meta property=\"og:url\" content=\"https:\/\/elhijodelllanero.mx\/index.php\/2026\/04\/06\/hay-nuevo-perfil-en-movilidad-y-transporte-por-definir-titularidad\/\" \/>\n<meta property=\"og:site_name\" content=\"El Hijo del llanero solititito\" \/>\n<meta property=\"article:published_time\" content=\"2026-04-06T23:03:36+00:00\" \/>\n<meta property=\"og:image\" content=\"https:\/\/elhijodelllanero.mx\/wp-content\/uploads\/2026\/04\/IMG-20260406-WA0009.jpg\" \/>\n\t<meta property=\"og:image:width\" content=\"997\" \/>\n\t<meta property=\"og:image:height\" content=\"675\" \/>\n\t<meta property=\"og:image:type\" content=\"image\/jpeg\" \/>\n<meta name=\"author\" content=\"Mar\u00eda de la Paz Rodarte Ram\u00edrez\" \/>\n<meta name=\"twitter:card\" content=\"summary_large_image\" \/>\n<meta name=\"twitter:label1\" content=\"Escrito por\" \/>\n\t<meta name=\"twitter:data1\" content=\"Mar\u00eda de la Paz Rodarte Ram\u00edrez\" \/>\n\t<meta name=\"twitter:label2\" content=\"Tiempo de lectura\" \/>\n\t<meta name=\"twitter:data2\" content=\"3 minutos\" \/>\n<script type=\"application\/ld+json\" class=\"yoast-schema-graph\">{\"@context\":\"https:\\\/\\\/schema.org\",\"@graph\":[{\"@type\":\"Article\",\"@id\":\"https:\\\/\\\/elhijodelllanero.mx\\\/index.php\\\/2026\\\/04\\\/06\\\/hay-nuevo-perfil-en-movilidad-y-transporte-por-definir-titularidad\\\/#article\",\"isPartOf\":{\"@id\":\"https:\\\/\\\/elhijodelllanero.mx\\\/index.php\\\/2026\\\/04\\\/06\\\/hay-nuevo-perfil-en-movilidad-y-transporte-por-definir-titularidad\\\/\"},\"author\":{\"name\":\"Mar\u00eda de la Paz Rodarte Ram\u00edrez\",\"@id\":\"https:\\\/\\\/elhijodelllanero.mx\\\/#\\\/schema\\\/person\\\/c7f8c86c55c1eab44ae2b93a9628245f\"},\"headline\":\"Hay nuevo perfil en Movilidad y Transporte, por definir titularidad.\",\"datePublished\":\"2026-04-06T23:03:36+00:00\",\"mainEntityOfPage\":{\"@id\":\"https:\\\/\\\/elhijodelllanero.mx\\\/index.php\\\/2026\\\/04\\\/06\\\/hay-nuevo-perfil-en-movilidad-y-transporte-por-definir-titularidad\\\/\"},\"wordCount\":461,\"commentCount\":0,\"image\":{\"@id\":\"https:\\\/\\\/elhijodelllanero.mx\\\/index.php\\\/2026\\\/04\\\/06\\\/hay-nuevo-perfil-en-movilidad-y-transporte-por-definir-titularidad\\\/#primaryimage\"},\"thumbnailUrl\":\"https:\\\/\\\/i0.wp.com\\\/elhijodelllanero.mx\\\/wp-content\\\/uploads\\\/2026\\\/04\\\/IMG-20260406-WA0009.jpg?fit=997%2C675&ssl=1\",\"articleSection\":[\"CELAYA\"],\"inLanguage\":\"es\",\"potentialAction\":[{\"@type\":\"CommentAction\",\"name\":\"Comment\",\"target\":[\"https:\\\/\\\/elhijodelllanero.mx\\\/index.php\\\/2026\\\/04\\\/06\\\/hay-nuevo-perfil-en-movilidad-y-transporte-por-definir-titularidad\\\/#respond\"]}]},{\"@type\":\"WebPage\",\"@id\":\"https:\\\/\\\/elhijodelllanero.mx\\\/index.php\\\/2026\\\/04\\\/06\\\/hay-nuevo-perfil-en-movilidad-y-transporte-por-definir-titularidad\\\/\",\"url\":\"https:\\\/\\\/elhijodelllanero.mx\\\/index.php\\\/2026\\\/04\\\/06\\\/hay-nuevo-perfil-en-movilidad-y-transporte-por-definir-titularidad\\\/\",\"name\":\"Hay nuevo perfil en Movilidad y Transporte, por definir titularidad. - El Hijo del llanero solititito\",\"isPartOf\":{\"@id\":\"https:\\\/\\\/elhijodelllanero.mx\\\/#website\"},\"primaryImageOfPage\":{\"@id\":\"https:\\\/\\\/elhijodelllanero.mx\\\/index.php\\\/2026\\\/04\\\/06\\\/hay-nuevo-perfil-en-movilidad-y-transporte-por-definir-titularidad\\\/#primaryimage\"},\"image\":{\"@id\":\"https:\\\/\\\/elhijodelllanero.mx\\\/index.php\\\/2026\\\/04\\\/06\\\/hay-nuevo-perfil-en-movilidad-y-transporte-por-definir-titularidad\\\/#primaryimage\"},\"thumbnailUrl\":\"https:\\\/\\\/i0.wp.com\\\/elhijodelllanero.mx\\\/wp-content\\\/uploads\\\/2026\\\/04\\\/IMG-20260406-WA0009.jpg?fit=997%2C675&ssl=1\",\"datePublished\":\"2026-04-06T23:03:36+00:00\",\"author\":{\"@id\":\"https:\\\/\\\/elhijodelllanero.mx\\\/#\\\/schema\\\/person\\\/c7f8c86c55c1eab44ae2b93a9628245f\"},\"breadcrumb\":{\"@id\":\"https:\\\/\\\/elhijodelllanero.mx\\\/index.php\\\/2026\\\/04\\\/06\\\/hay-nuevo-perfil-en-movilidad-y-transporte-por-definir-titularidad\\\/#breadcrumb\"},\"inLanguage\":\"es\",\"potentialAction\":[{\"@type\":\"ReadAction\",\"target\":[\"https:\\\/\\\/elhijodelllanero.mx\\\/index.php\\\/2026\\\/04\\\/06\\\/hay-nuevo-perfil-en-movilidad-y-transporte-por-definir-titularidad\\\/\"]}]},{\"@type\":\"ImageObject\",\"inLanguage\":\"es\",\"@id\":\"https:\\\/\\\/elhijodelllanero.mx\\\/index.php\\\/2026\\\/04\\\/06\\\/hay-nuevo-perfil-en-movilidad-y-transporte-por-definir-titularidad\\\/#primaryimage\",\"url\":\"https:\\\/\\\/i0.wp.com\\\/elhijodelllanero.mx\\\/wp-content\\\/uploads\\\/2026\\\/04\\\/IMG-20260406-WA0009.jpg?fit=997%2C675&ssl=1\",\"contentUrl\":\"https:\\\/\\\/i0.wp.com\\\/elhijodelllanero.mx\\\/wp-content\\\/uploads\\\/2026\\\/04\\\/IMG-20260406-WA0009.jpg?fit=997%2C675&ssl=1\",\"width\":997,\"height\":675},{\"@type\":\"BreadcrumbList\",\"@id\":\"https:\\\/\\\/elhijodelllanero.mx\\\/index.php\\\/2026\\\/04\\\/06\\\/hay-nuevo-perfil-en-movilidad-y-transporte-por-definir-titularidad\\\/#breadcrumb\",\"itemListElement\":[{\"@type\":\"ListItem\",\"position\":1,\"name\":\"Portada\",\"item\":\"https:\\\/\\\/elhijodelllanero.mx\\\/\"},{\"@type\":\"ListItem\",\"position\":2,\"name\":\"Hay nuevo perfil en Movilidad y Transporte, por definir titularidad.\"}]},{\"@type\":\"WebSite\",\"@id\":\"https:\\\/\\\/elhijodelllanero.mx\\\/#website\",\"url\":\"https:\\\/\\\/elhijodelllanero.mx\\\/\",\"name\":\"El Hijo del llanero solititito\",\"description\":\"\",\"potentialAction\":[{\"@type\":\"SearchAction\",\"target\":{\"@type\":\"EntryPoint\",\"urlTemplate\":\"https:\\\/\\\/elhijodelllanero.mx\\\/?s={search_term_string}\"},\"query-input\":{\"@type\":\"PropertyValueSpecification\",\"valueRequired\":true,\"valueName\":\"search_term_string\"}}],\"inLanguage\":\"es\"},{\"@type\":\"Person\",\"@id\":\"https:\\\/\\\/elhijodelllanero.mx\\\/#\\\/schema\\\/person\\\/c7f8c86c55c1eab44ae2b93a9628245f\",\"name\":\"Mar\u00eda de la Paz Rodarte Ram\u00edrez\",\"image\":{\"@type\":\"ImageObject\",\"inLanguage\":\"es\",\"@id\":\"https:\\\/\\\/secure.gravatar.com\\\/avatar\\\/1f38f8518b09a266af73da2bce78d69e7d1275299970134ed62f572e0487e1d0?s=96&d=mm&r=g\",\"url\":\"https:\\\/\\\/secure.gravatar.com\\\/avatar\\\/1f38f8518b09a266af73da2bce78d69e7d1275299970134ed62f572e0487e1d0?s=96&d=mm&r=g\",\"contentUrl\":\"https:\\\/\\\/secure.gravatar.com\\\/avatar\\\/1f38f8518b09a266af73da2bce78d69e7d1275299970134ed62f572e0487e1d0?s=96&d=mm&r=g\",\"caption\":\"Mar\u00eda de la Paz Rodarte Ram\u00edrez\"},\"sameAs\":[\"https:\\\/\\\/www.elhijodelllanero.mx\"],\"url\":\"https:\\\/\\\/elhijodelllanero.mx\\\/index.php\\\/author\\\/maricuas\\\/\"}]}<\/script>\n<!-- \/ Yoast SEO plugin. -->","yoast_head_json":{"title":"Hay nuevo perfil en Movilidad y Transporte, por definir titularidad. - El Hijo del llanero solititito","robots":{"index":"index","follow":"follow","max-snippet":"max-snippet:-1","max-image-preview":"max-image-preview:large","max-video-preview":"max-video-preview:-1"},"canonical":"https:\/\/elhijodelllanero.mx\/index.php\/2026\/04\/06\/hay-nuevo-perfil-en-movilidad-y-transporte-por-definir-titularidad\/","og_locale":"es_ES","og_type":"article","og_title":"Hay nuevo perfil en Movilidad y Transporte, por definir titularidad. - El Hijo del llanero solititito","og_description":"Celaya, Gto. 6 de abril del 2026.-Edgar Emilio Arvizu, se encuentra al frente de la Direcci\u00f3n de Movilidad y Transporte, asegura contar con la experiencia previa en el \u00e1rea, es licenciado en Derecho, explic\u00f3 que su trabajo se alinear\u00e1 con la llamada pir\u00e1mide de la movilidad, la cual prioriza al peat\u00f3n. Despu\u00e9s de un a\u00f1o [&hellip;]","og_url":"https:\/\/elhijodelllanero.mx\/index.php\/2026\/04\/06\/hay-nuevo-perfil-en-movilidad-y-transporte-por-definir-titularidad\/","og_site_name":"El Hijo del llanero solititito","article_published_time":"2026-04-06T23:03:36+00:00","og_image":[{"width":997,"height":675,"url":"https:\/\/elhijodelllanero.mx\/wp-content\/uploads\/2026\/04\/IMG-20260406-WA0009.jpg","type":"image\/jpeg"}],"author":"Mar\u00eda de la Paz Rodarte Ram\u00edrez","twitter_card":"summary_large_image","twitter_misc":{"Escrito por":"Mar\u00eda de la Paz Rodarte Ram\u00edrez","Tiempo de lectura":"3 minutos"},"schema":{"@context":"https:\/\/schema.org","@graph":[{"@type":"Article","@id":"https:\/\/elhijodelllanero.mx\/index.php\/2026\/04\/06\/hay-nuevo-perfil-en-movilidad-y-transporte-por-definir-titularidad\/#article","isPartOf":{"@id":"https:\/\/elhijodelllanero.mx\/index.php\/2026\/04\/06\/hay-nuevo-perfil-en-movilidad-y-transporte-por-definir-titularidad\/"},"author":{"name":"Mar\u00eda de la Paz Rodarte Ram\u00edrez","@id":"https:\/\/elhijodelllanero.mx\/#\/schema\/person\/c7f8c86c55c1eab44ae2b93a9628245f"},"headline":"Hay nuevo perfil en Movilidad y Transporte, por definir titularidad.","datePublished":"2026-04-06T23:03:36+00:00","mainEntityOfPage":{"@id":"https:\/\/elhijodelllanero.mx\/index.php\/2026\/04\/06\/hay-nuevo-perfil-en-movilidad-y-transporte-por-definir-titularidad\/"},"wordCount":461,"commentCount":0,"image":{"@id":"https:\/\/elhijodelllanero.mx\/index.php\/2026\/04\/06\/hay-nuevo-perfil-en-movilidad-y-transporte-por-definir-titularidad\/#primaryimage"},"thumbnailUrl":"https:\/\/i0.wp.com\/elhijodelllanero.mx\/wp-content\/uploads\/2026\/04\/IMG-20260406-WA0009.jpg?fit=997%2C675&ssl=1","articleSection":["CELAYA"],"inLanguage":"es","potentialAction":[{"@type":"CommentAction","name":"Comment","target":["https:\/\/elhijodelllanero.mx\/index.php\/2026\/04\/06\/hay-nuevo-perfil-en-movilidad-y-transporte-por-definir-titularidad\/#respond"]}]},{"@type":"WebPage","@id":"https:\/\/elhijodelllanero.mx\/index.php\/2026\/04\/06\/hay-nuevo-perfil-en-movilidad-y-transporte-por-definir-titularidad\/","url":"https:\/\/elhijodelllanero.mx\/index.php\/2026\/04\/06\/hay-nuevo-perfil-en-movilidad-y-transporte-por-definir-titularidad\/","name":"Hay nuevo perfil en Movilidad y Transporte, por definir titularidad. - El Hijo del llanero solititito","isPartOf":{"@id":"https:\/\/elhijodelllanero.mx\/#website"},"primaryImageOfPage":{"@id":"https:\/\/elhijodelllanero.mx\/index.php\/2026\/04\/06\/hay-nuevo-perfil-en-movilidad-y-transporte-por-definir-titularidad\/#primaryimage"},"image":{"@id":"https:\/\/elhijodelllanero.mx\/index.php\/2026\/04\/06\/hay-nuevo-perfil-en-movilidad-y-transporte-por-definir-titularidad\/#primaryimage"},"thumbnailUrl":"https:\/\/i0.wp.com\/elhijodelllanero.mx\/wp-content\/uploads\/2026\/04\/IMG-20260406-WA0009.jpg?fit=997%2C675&ssl=1","datePublished":"2026-04-06T23:03:36+00:00","author":{"@id":"https:\/\/elhijodelllanero.mx\/#\/schema\/person\/c7f8c86c55c1eab44ae2b93a9628245f"},"breadcrumb":{"@id":"https:\/\/elhijodelllanero.mx\/index.php\/2026\/04\/06\/hay-nuevo-perfil-en-movilidad-y-transporte-por-definir-titularidad\/#breadcrumb"},"inLanguage":"es","potentialAction":[{"@type":"ReadAction","target":["https:\/\/elhijodelllanero.mx\/index.php\/2026\/04\/06\/hay-nuevo-perfil-en-movilidad-y-transporte-por-definir-titularidad\/"]}]},{"@type":"ImageObject","inLanguage":"es","@id":"https:\/\/elhijodelllanero.mx\/index.php\/2026\/04\/06\/hay-nuevo-perfil-en-movilidad-y-transporte-por-definir-titularidad\/#primaryimage","url":"https:\/\/i0.wp.com\/elhijodelllanero.mx\/wp-content\/uploads\/2026\/04\/IMG-20260406-WA0009.jpg?fit=997%2C675&ssl=1","contentUrl":"https:\/\/i0.wp.com\/elhijodelllanero.mx\/wp-content\/uploads\/2026\/04\/IMG-20260406-WA0009.jpg?fit=997%2C675&ssl=1","width":997,"height":675},{"@type":"BreadcrumbList","@id":"https:\/\/elhijodelllanero.mx\/index.php\/2026\/04\/06\/hay-nuevo-perfil-en-movilidad-y-transporte-por-definir-titularidad\/#breadcrumb","itemListElement":[{"@type":"ListItem","position":1,"name":"Portada","item":"https:\/\/elhijodelllanero.mx\/"},{"@type":"ListItem","position":2,"name":"Hay nuevo perfil en Movilidad y Transporte, por definir titularidad."}]},{"@type":"WebSite","@id":"https:\/\/elhijodelllanero.mx\/#website","url":"https:\/\/elhijodelllanero.mx\/","name":"El Hijo del llanero solititito","description":"","potentialAction":[{"@type":"SearchAction","target":{"@type":"EntryPoint","urlTemplate":"https:\/\/elhijodelllanero.mx\/?s={search_term_string}"},"query-input":{"@type":"PropertyValueSpecification","valueRequired":true,"valueName":"search_term_string"}}],"inLanguage":"es"},{"@type":"Person","@id":"https:\/\/elhijodelllanero.mx\/#\/schema\/person\/c7f8c86c55c1eab44ae2b93a9628245f","name":"Mar\u00eda de la Paz Rodarte Ram\u00edrez","image":{"@type":"ImageObject","inLanguage":"es","@id":"https:\/\/secure.gravatar.com\/avatar\/1f38f8518b09a266af73da2bce78d69e7d1275299970134ed62f572e0487e1d0?s=96&d=mm&r=g","url":"https:\/\/secure.gravatar.com\/avatar\/1f38f8518b09a266af73da2bce78d69e7d1275299970134ed62f572e0487e1d0?s=96&d=mm&r=g","contentUrl":"https:\/\/secure.gravatar.com\/avatar\/1f38f8518b09a266af73da2bce78d69e7d1275299970134ed62f572e0487e1d0?s=96&d=mm&r=g","caption":"Mar\u00eda de la Paz Rodarte Ram\u00edrez"},"sameAs":["https:\/\/www.elhijodelllanero.mx"],"url":"https:\/\/elhijodelllanero.mx\/index.php\/author\/maricuas\/"}]}},"jetpack_featured_media_url":"https:\/\/i0.wp.com\/elhijodelllanero.mx\/wp-content\/uploads\/2026\/04\/IMG-20260406-WA0009.jpg?fit=997%2C675&ssl=1","jetpack-related-posts":[],"jetpack_sharing_enabled":true,"_links":{"self":[{"href":"https:\/\/elhijodelllanero.mx\/index.php\/wp-json\/wp\/v2\/posts\/13636","targetHints":{"allow":["GET"]}}],"collection":[{"href":"https:\/\/elhijodelllanero.mx\/index.php\/wp-json\/wp\/v2\/posts"}],"about":[{"href":"https:\/\/elhijodelllanero.mx\/index.php\/wp-json\/wp\/v2\/types\/post"}],"author":[{"embeddable":true,"href":"https:\/\/elhijodelllanero.mx\/index.php\/wp-json\/wp\/v2\/users\/3"}],"replies":[{"embeddable":true,"href":"https:\/\/elhijodelllanero.mx\/index.php\/wp-json\/wp\/v2\/comments?post=13636"}],"version-history":[{"count":1,"href":"https:\/\/elhijodelllanero.mx\/index.php\/wp-json\/wp\/v2\/posts\/13636\/revisions"}],"predecessor-version":[{"id":13638,"href":"https:\/\/elhijodelllanero.mx\/index.php\/wp-json\/wp\/v2\/posts\/13636\/revisions\/13638"}],"wp:featuredmedia":[{"embeddable":true,"href":"https:\/\/elhijodelllanero.mx\/index.php\/wp-json\/wp\/v2\/media\/13637"}],"wp:attachment":[{"href":"https:\/\/elhijodelllanero.mx\/index.php\/wp-json\/wp\/v2\/media?parent=13636"}],"wp:term":[{"taxonomy":"category","embeddable":true,"href":"https:\/\/elhijodelllanero.mx\/index.php\/wp-json\/wp\/v2\/categories?post=13636"},{"taxonomy":"post_tag","embeddable":true,"href":"https:\/\/elhijodelllanero.mx\/index.php\/wp-json\/wp\/v2\/tags?post=13636"}],"curies":[{"name":"wp","href":"https:\/\/api.w.org\/{rel}","templated":true}]}}