{"id":13642,"date":"2026-04-06T23:05:15","date_gmt":"2026-04-06T23:05:15","guid":{"rendered":"https:\/\/elhijodelllanero.mx\/?p=13642"},"modified":"2026-04-06T23:05:15","modified_gmt":"2026-04-06T23:05:15","slug":"detenido-por-presunto-acoso-a-menor-sin-denuncia-caso-queda-en-pausa","status":"publish","type":"post","link":"https:\/\/elhijodelllanero.mx\/index.php\/2026\/04\/06\/detenido-por-presunto-acoso-a-menor-sin-denuncia-caso-queda-en-pausa\/","title":{"rendered":"Detenido por presunto acoso a menor; sin denuncia, caso queda en pausa."},"content":{"rendered":"<p>Celaya, Gto. 6 de abril del 2026.- Un hombre fue detenido por elementos de la Polic\u00eda Municipal tras ser se\u00f1alado por presunto acoso a una menor de edad en el transporte p\u00fablico, luego de un reporte emitido por personal de seguridad de la Central de Autobuses. Hasta ah\u00ed, todo en orden\u2026 o al menos lo que alcanza el protocolo.<\/p>\n<p>El director de Polic\u00eda Municipal, Rafael Cajero, confirm\u00f3 que la intervenci\u00f3n se realiz\u00f3 tras el se\u00f1alamiento; sin embargo, el proceso no pudo avanzar como se esperar\u00eda en un caso as\u00ed, por la ausencia de una denuncia formal.<\/p>\n<p>\u201cAqu\u00ed desafortunadamente la persona no quiso poner la denuncia o sea no fue se\u00f1alado directamente y poner la denuncia ante la fiscal\u00eda que es lo m\u00e1s lo lo conveniente para que esa persona haya sido pues a disposici\u00f3n a la fiscal\u00eda, ante esta esta nueva intervenci\u00f3n pues la persona fue remitida a barandillas esperemos y en las pr\u00f3ximas horas ellos la familia haya decidido poner la denuncia para que se proceda\u201d.<\/p>\n<p>Es decir, hubo se\u00f1alamiento, hubo detenci\u00f3n\u2026 pero sin denuncia, el caso se queda en pausa, como si la gravedad del asunto dependiera de un tr\u00e1mite m\u00e1s que de los hechos.<\/p>\n<p>El funcionario explic\u00f3 que, aunque los reportes de acoso en el transporte p\u00fablico no son frecuentes, s\u00ed existen antecedentes en otros espacios, como domicilios particulares. Por ello, insisti\u00f3 en la importancia de denunciar formalmente, ya que es la \u00fanica v\u00eda para que las autoridades puedan actuar m\u00e1s all\u00e1 de una detenci\u00f3n moment\u00e1nea.<\/p>\n<p>En lo que va del a\u00f1o, se han registrado alrededor de cuatro reportes de acoso en el transporte p\u00fablico, una cifra que podr\u00eda parecer baja\u2026 si se asume que todos los casos se denuncian, lo cual claramente no siempre ocurre.<\/p>\n<p>La corporaci\u00f3n destac\u00f3 que cuenta con el acompa\u00f1amiento de la Polic\u00eda de G\u00e9nero y personal jur\u00eddico para apoyar a las v\u00edctimas durante el proceso legal, desde la puesta a disposici\u00f3n hasta el seguimiento del caso.<\/p>\n<p>\u201cDebe ser debe ser por se\u00f1alamiento o sea que la persona que fue v\u00edctima pues s\u00ed vaya a la fiscal\u00eda digo no est\u00e1n solos no est\u00e1n solas, tenemos el acompa\u00f1amiento por parte de la polic\u00eda de g\u00e9nero hasta que termine la puesta a disposici\u00f3n y posteriormente despu\u00e9s de la denuncia tambi\u00e9n el seguimiento y acompa\u00f1amiento cuando ellos as\u00ed lo requieren\u201d.<\/p>\n<p>Mientras tanto, el llamado a denunciar sigue siendo la pieza clave\u2026 y tambi\u00e9n el punto donde muchas historias simplemente se quedan sin avanzar. Porque s\u00ed, detener es importante, pero sin denuncia, la justicia se queda esperando turno.<\/p>\n","protected":false},"excerpt":{"rendered":"<p>Celaya, Gto. 6 de abril del 2026.- Un hombre fue detenido por elementos de la Polic\u00eda Municipal tras ser se\u00f1alado por presunto acoso a una menor de edad en el transporte p\u00fablico, luego de un reporte emitido por personal de seguridad de la Central de Autobuses. Hasta ah\u00ed, todo en orden\u2026 o al menos lo [&hellip;]<\/p>\n","protected":false},"author":3,"featured_media":13643,"comment_status":"open","ping_status":"closed","sticky":false,"template":"","format":"standard","meta":{"_jetpack_newsletter_access":"","_jetpack_dont_email_post_to_subs":false,"_jetpack_newsletter_tier_id":0,"_jetpack_memberships_contains_paywalled_content":false,"_jetpack_memberships_contains_paid_content":false,"footnotes":""},"categories":[74,82],"tags":[],"class_list":{"0":"post-13642","1":"post","2":"type-post","3":"status-publish","4":"format-standard","5":"has-post-thumbnail","7":"category-celaya","8":"category-policiaco"},"yoast_head":"<!-- This site is optimized with the Yoast SEO plugin v27.3 - https:\/\/yoast.com\/product\/yoast-seo-wordpress\/ -->\n<title>Detenido por presunto acoso a menor; sin denuncia, caso queda en pausa. - El Hijo del llanero solititito<\/title>\n<meta name=\"robots\" content=\"index, follow, max-snippet:-1, max-image-preview:large, max-video-preview:-1\" \/>\n<link rel=\"canonical\" href=\"https:\/\/elhijodelllanero.mx\/index.php\/2026\/04\/06\/detenido-por-presunto-acoso-a-menor-sin-denuncia-caso-queda-en-pausa\/\" \/>\n<meta property=\"og:locale\" content=\"es_ES\" \/>\n<meta property=\"og:type\" content=\"article\" \/>\n<meta property=\"og:title\" content=\"Detenido por presunto acoso a menor; sin denuncia, caso queda en pausa. - El Hijo del llanero solititito\" \/>\n<meta property=\"og:description\" content=\"Celaya, Gto. 6 de abril del 2026.- Un hombre fue detenido por elementos de la Polic\u00eda Municipal tras ser se\u00f1alado por presunto acoso a una menor de edad en el transporte p\u00fablico, luego de un reporte emitido por personal de seguridad de la Central de Autobuses. Hasta ah\u00ed, todo en orden\u2026 o al menos lo [&hellip;]\" \/>\n<meta property=\"og:url\" content=\"https:\/\/elhijodelllanero.mx\/index.php\/2026\/04\/06\/detenido-por-presunto-acoso-a-menor-sin-denuncia-caso-queda-en-pausa\/\" \/>\n<meta property=\"og:site_name\" content=\"El Hijo del llanero solititito\" \/>\n<meta property=\"article:published_time\" content=\"2026-04-06T23:05:15+00:00\" \/>\n<meta property=\"og:image\" content=\"https:\/\/elhijodelllanero.mx\/wp-content\/uploads\/2026\/04\/IMG-20260406-WA0008.jpg\" \/>\n\t<meta property=\"og:image:width\" content=\"951\" \/>\n\t<meta property=\"og:image:height\" content=\"1280\" \/>\n\t<meta property=\"og:image:type\" content=\"image\/jpeg\" \/>\n<meta name=\"author\" content=\"Mar\u00eda de la Paz Rodarte Ram\u00edrez\" \/>\n<meta name=\"twitter:card\" content=\"summary_large_image\" \/>\n<meta name=\"twitter:label1\" content=\"Escrito por\" \/>\n\t<meta name=\"twitter:data1\" content=\"Mar\u00eda de la Paz Rodarte Ram\u00edrez\" \/>\n\t<meta name=\"twitter:label2\" content=\"Tiempo de lectura\" \/>\n\t<meta name=\"twitter:data2\" content=\"3 minutos\" \/>\n<script type=\"application\/ld+json\" class=\"yoast-schema-graph\">{\"@context\":\"https:\\\/\\\/schema.org\",\"@graph\":[{\"@type\":\"Article\",\"@id\":\"https:\\\/\\\/elhijodelllanero.mx\\\/index.php\\\/2026\\\/04\\\/06\\\/detenido-por-presunto-acoso-a-menor-sin-denuncia-caso-queda-en-pausa\\\/#article\",\"isPartOf\":{\"@id\":\"https:\\\/\\\/elhijodelllanero.mx\\\/index.php\\\/2026\\\/04\\\/06\\\/detenido-por-presunto-acoso-a-menor-sin-denuncia-caso-queda-en-pausa\\\/\"},\"author\":{\"name\":\"Mar\u00eda de la Paz Rodarte Ram\u00edrez\",\"@id\":\"https:\\\/\\\/elhijodelllanero.mx\\\/#\\\/schema\\\/person\\\/c7f8c86c55c1eab44ae2b93a9628245f\"},\"headline\":\"Detenido por presunto acoso a menor; sin denuncia, caso queda en pausa.\",\"datePublished\":\"2026-04-06T23:05:15+00:00\",\"mainEntityOfPage\":{\"@id\":\"https:\\\/\\\/elhijodelllanero.mx\\\/index.php\\\/2026\\\/04\\\/06\\\/detenido-por-presunto-acoso-a-menor-sin-denuncia-caso-queda-en-pausa\\\/\"},\"wordCount\":478,\"commentCount\":0,\"image\":{\"@id\":\"https:\\\/\\\/elhijodelllanero.mx\\\/index.php\\\/2026\\\/04\\\/06\\\/detenido-por-presunto-acoso-a-menor-sin-denuncia-caso-queda-en-pausa\\\/#primaryimage\"},\"thumbnailUrl\":\"https:\\\/\\\/i0.wp.com\\\/elhijodelllanero.mx\\\/wp-content\\\/uploads\\\/2026\\\/04\\\/IMG-20260406-WA0008.jpg?fit=951%2C1280&ssl=1\",\"articleSection\":[\"CELAYA\",\"POLICIACO\"],\"inLanguage\":\"es\",\"potentialAction\":[{\"@type\":\"CommentAction\",\"name\":\"Comment\",\"target\":[\"https:\\\/\\\/elhijodelllanero.mx\\\/index.php\\\/2026\\\/04\\\/06\\\/detenido-por-presunto-acoso-a-menor-sin-denuncia-caso-queda-en-pausa\\\/#respond\"]}]},{\"@type\":\"WebPage\",\"@id\":\"https:\\\/\\\/elhijodelllanero.mx\\\/index.php\\\/2026\\\/04\\\/06\\\/detenido-por-presunto-acoso-a-menor-sin-denuncia-caso-queda-en-pausa\\\/\",\"url\":\"https:\\\/\\\/elhijodelllanero.mx\\\/index.php\\\/2026\\\/04\\\/06\\\/detenido-por-presunto-acoso-a-menor-sin-denuncia-caso-queda-en-pausa\\\/\",\"name\":\"Detenido por presunto acoso a menor; sin denuncia, caso queda en pausa. - El Hijo del llanero solititito\",\"isPartOf\":{\"@id\":\"https:\\\/\\\/elhijodelllanero.mx\\\/#website\"},\"primaryImageOfPage\":{\"@id\":\"https:\\\/\\\/elhijodelllanero.mx\\\/index.php\\\/2026\\\/04\\\/06\\\/detenido-por-presunto-acoso-a-menor-sin-denuncia-caso-queda-en-pausa\\\/#primaryimage\"},\"image\":{\"@id\":\"https:\\\/\\\/elhijodelllanero.mx\\\/index.php\\\/2026\\\/04\\\/06\\\/detenido-por-presunto-acoso-a-menor-sin-denuncia-caso-queda-en-pausa\\\/#primaryimage\"},\"thumbnailUrl\":\"https:\\\/\\\/i0.wp.com\\\/elhijodelllanero.mx\\\/wp-content\\\/uploads\\\/2026\\\/04\\\/IMG-20260406-WA0008.jpg?fit=951%2C1280&ssl=1\",\"datePublished\":\"2026-04-06T23:05:15+00:00\",\"author\":{\"@id\":\"https:\\\/\\\/elhijodelllanero.mx\\\/#\\\/schema\\\/person\\\/c7f8c86c55c1eab44ae2b93a9628245f\"},\"breadcrumb\":{\"@id\":\"https:\\\/\\\/elhijodelllanero.mx\\\/index.php\\\/2026\\\/04\\\/06\\\/detenido-por-presunto-acoso-a-menor-sin-denuncia-caso-queda-en-pausa\\\/#breadcrumb\"},\"inLanguage\":\"es\",\"potentialAction\":[{\"@type\":\"ReadAction\",\"target\":[\"https:\\\/\\\/elhijodelllanero.mx\\\/index.php\\\/2026\\\/04\\\/06\\\/detenido-por-presunto-acoso-a-menor-sin-denuncia-caso-queda-en-pausa\\\/\"]}]},{\"@type\":\"ImageObject\",\"inLanguage\":\"es\",\"@id\":\"https:\\\/\\\/elhijodelllanero.mx\\\/index.php\\\/2026\\\/04\\\/06\\\/detenido-por-presunto-acoso-a-menor-sin-denuncia-caso-queda-en-pausa\\\/#primaryimage\",\"url\":\"https:\\\/\\\/i0.wp.com\\\/elhijodelllanero.mx\\\/wp-content\\\/uploads\\\/2026\\\/04\\\/IMG-20260406-WA0008.jpg?fit=951%2C1280&ssl=1\",\"contentUrl\":\"https:\\\/\\\/i0.wp.com\\\/elhijodelllanero.mx\\\/wp-content\\\/uploads\\\/2026\\\/04\\\/IMG-20260406-WA0008.jpg?fit=951%2C1280&ssl=1\",\"width\":951,\"height\":1280},{\"@type\":\"BreadcrumbList\",\"@id\":\"https:\\\/\\\/elhijodelllanero.mx\\\/index.php\\\/2026\\\/04\\\/06\\\/detenido-por-presunto-acoso-a-menor-sin-denuncia-caso-queda-en-pausa\\\/#breadcrumb\",\"itemListElement\":[{\"@type\":\"ListItem\",\"position\":1,\"name\":\"Portada\",\"item\":\"https:\\\/\\\/elhijodelllanero.mx\\\/\"},{\"@type\":\"ListItem\",\"position\":2,\"name\":\"Detenido por presunto acoso a menor; sin denuncia, caso queda en pausa.\"}]},{\"@type\":\"WebSite\",\"@id\":\"https:\\\/\\\/elhijodelllanero.mx\\\/#website\",\"url\":\"https:\\\/\\\/elhijodelllanero.mx\\\/\",\"name\":\"El Hijo del llanero solititito\",\"description\":\"\",\"potentialAction\":[{\"@type\":\"SearchAction\",\"target\":{\"@type\":\"EntryPoint\",\"urlTemplate\":\"https:\\\/\\\/elhijodelllanero.mx\\\/?s={search_term_string}\"},\"query-input\":{\"@type\":\"PropertyValueSpecification\",\"valueRequired\":true,\"valueName\":\"search_term_string\"}}],\"inLanguage\":\"es\"},{\"@type\":\"Person\",\"@id\":\"https:\\\/\\\/elhijodelllanero.mx\\\/#\\\/schema\\\/person\\\/c7f8c86c55c1eab44ae2b93a9628245f\",\"name\":\"Mar\u00eda de la Paz Rodarte Ram\u00edrez\",\"image\":{\"@type\":\"ImageObject\",\"inLanguage\":\"es\",\"@id\":\"https:\\\/\\\/secure.gravatar.com\\\/avatar\\\/1f38f8518b09a266af73da2bce78d69e7d1275299970134ed62f572e0487e1d0?s=96&d=mm&r=g\",\"url\":\"https:\\\/\\\/secure.gravatar.com\\\/avatar\\\/1f38f8518b09a266af73da2bce78d69e7d1275299970134ed62f572e0487e1d0?s=96&d=mm&r=g\",\"contentUrl\":\"https:\\\/\\\/secure.gravatar.com\\\/avatar\\\/1f38f8518b09a266af73da2bce78d69e7d1275299970134ed62f572e0487e1d0?s=96&d=mm&r=g\",\"caption\":\"Mar\u00eda de la Paz Rodarte Ram\u00edrez\"},\"sameAs\":[\"https:\\\/\\\/www.elhijodelllanero.mx\"],\"url\":\"https:\\\/\\\/elhijodelllanero.mx\\\/index.php\\\/author\\\/maricuas\\\/\"}]}<\/script>\n<!-- \/ Yoast SEO plugin. -->","yoast_head_json":{"title":"Detenido por presunto acoso a menor; sin denuncia, caso queda en pausa. - El Hijo del llanero solititito","robots":{"index":"index","follow":"follow","max-snippet":"max-snippet:-1","max-image-preview":"max-image-preview:large","max-video-preview":"max-video-preview:-1"},"canonical":"https:\/\/elhijodelllanero.mx\/index.php\/2026\/04\/06\/detenido-por-presunto-acoso-a-menor-sin-denuncia-caso-queda-en-pausa\/","og_locale":"es_ES","og_type":"article","og_title":"Detenido por presunto acoso a menor; sin denuncia, caso queda en pausa. - El Hijo del llanero solititito","og_description":"Celaya, Gto. 6 de abril del 2026.- Un hombre fue detenido por elementos de la Polic\u00eda Municipal tras ser se\u00f1alado por presunto acoso a una menor de edad en el transporte p\u00fablico, luego de un reporte emitido por personal de seguridad de la Central de Autobuses. Hasta ah\u00ed, todo en orden\u2026 o al menos lo [&hellip;]","og_url":"https:\/\/elhijodelllanero.mx\/index.php\/2026\/04\/06\/detenido-por-presunto-acoso-a-menor-sin-denuncia-caso-queda-en-pausa\/","og_site_name":"El Hijo del llanero solititito","article_published_time":"2026-04-06T23:05:15+00:00","og_image":[{"width":951,"height":1280,"url":"https:\/\/elhijodelllanero.mx\/wp-content\/uploads\/2026\/04\/IMG-20260406-WA0008.jpg","type":"image\/jpeg"}],"author":"Mar\u00eda de la Paz Rodarte Ram\u00edrez","twitter_card":"summary_large_image","twitter_misc":{"Escrito por":"Mar\u00eda de la Paz Rodarte Ram\u00edrez","Tiempo de lectura":"3 minutos"},"schema":{"@context":"https:\/\/schema.org","@graph":[{"@type":"Article","@id":"https:\/\/elhijodelllanero.mx\/index.php\/2026\/04\/06\/detenido-por-presunto-acoso-a-menor-sin-denuncia-caso-queda-en-pausa\/#article","isPartOf":{"@id":"https:\/\/elhijodelllanero.mx\/index.php\/2026\/04\/06\/detenido-por-presunto-acoso-a-menor-sin-denuncia-caso-queda-en-pausa\/"},"author":{"name":"Mar\u00eda de la Paz Rodarte Ram\u00edrez","@id":"https:\/\/elhijodelllanero.mx\/#\/schema\/person\/c7f8c86c55c1eab44ae2b93a9628245f"},"headline":"Detenido por presunto acoso a menor; sin denuncia, caso queda en pausa.","datePublished":"2026-04-06T23:05:15+00:00","mainEntityOfPage":{"@id":"https:\/\/elhijodelllanero.mx\/index.php\/2026\/04\/06\/detenido-por-presunto-acoso-a-menor-sin-denuncia-caso-queda-en-pausa\/"},"wordCount":478,"commentCount":0,"image":{"@id":"https:\/\/elhijodelllanero.mx\/index.php\/2026\/04\/06\/detenido-por-presunto-acoso-a-menor-sin-denuncia-caso-queda-en-pausa\/#primaryimage"},"thumbnailUrl":"https:\/\/i0.wp.com\/elhijodelllanero.mx\/wp-content\/uploads\/2026\/04\/IMG-20260406-WA0008.jpg?fit=951%2C1280&ssl=1","articleSection":["CELAYA","POLICIACO"],"inLanguage":"es","potentialAction":[{"@type":"CommentAction","name":"Comment","target":["https:\/\/elhijodelllanero.mx\/index.php\/2026\/04\/06\/detenido-por-presunto-acoso-a-menor-sin-denuncia-caso-queda-en-pausa\/#respond"]}]},{"@type":"WebPage","@id":"https:\/\/elhijodelllanero.mx\/index.php\/2026\/04\/06\/detenido-por-presunto-acoso-a-menor-sin-denuncia-caso-queda-en-pausa\/","url":"https:\/\/elhijodelllanero.mx\/index.php\/2026\/04\/06\/detenido-por-presunto-acoso-a-menor-sin-denuncia-caso-queda-en-pausa\/","name":"Detenido por presunto acoso a menor; sin denuncia, caso queda en pausa. - El Hijo del llanero solititito","isPartOf":{"@id":"https:\/\/elhijodelllanero.mx\/#website"},"primaryImageOfPage":{"@id":"https:\/\/elhijodelllanero.mx\/index.php\/2026\/04\/06\/detenido-por-presunto-acoso-a-menor-sin-denuncia-caso-queda-en-pausa\/#primaryimage"},"image":{"@id":"https:\/\/elhijodelllanero.mx\/index.php\/2026\/04\/06\/detenido-por-presunto-acoso-a-menor-sin-denuncia-caso-queda-en-pausa\/#primaryimage"},"thumbnailUrl":"https:\/\/i0.wp.com\/elhijodelllanero.mx\/wp-content\/uploads\/2026\/04\/IMG-20260406-WA0008.jpg?fit=951%2C1280&ssl=1","datePublished":"2026-04-06T23:05:15+00:00","author":{"@id":"https:\/\/elhijodelllanero.mx\/#\/schema\/person\/c7f8c86c55c1eab44ae2b93a9628245f"},"breadcrumb":{"@id":"https:\/\/elhijodelllanero.mx\/index.php\/2026\/04\/06\/detenido-por-presunto-acoso-a-menor-sin-denuncia-caso-queda-en-pausa\/#breadcrumb"},"inLanguage":"es","potentialAction":[{"@type":"ReadAction","target":["https:\/\/elhijodelllanero.mx\/index.php\/2026\/04\/06\/detenido-por-presunto-acoso-a-menor-sin-denuncia-caso-queda-en-pausa\/"]}]},{"@type":"ImageObject","inLanguage":"es","@id":"https:\/\/elhijodelllanero.mx\/index.php\/2026\/04\/06\/detenido-por-presunto-acoso-a-menor-sin-denuncia-caso-queda-en-pausa\/#primaryimage","url":"https:\/\/i0.wp.com\/elhijodelllanero.mx\/wp-content\/uploads\/2026\/04\/IMG-20260406-WA0008.jpg?fit=951%2C1280&ssl=1","contentUrl":"https:\/\/i0.wp.com\/elhijodelllanero.mx\/wp-content\/uploads\/2026\/04\/IMG-20260406-WA0008.jpg?fit=951%2C1280&ssl=1","width":951,"height":1280},{"@type":"BreadcrumbList","@id":"https:\/\/elhijodelllanero.mx\/index.php\/2026\/04\/06\/detenido-por-presunto-acoso-a-menor-sin-denuncia-caso-queda-en-pausa\/#breadcrumb","itemListElement":[{"@type":"ListItem","position":1,"name":"Portada","item":"https:\/\/elhijodelllanero.mx\/"},{"@type":"ListItem","position":2,"name":"Detenido por presunto acoso a menor; sin denuncia, caso queda en pausa."}]},{"@type":"WebSite","@id":"https:\/\/elhijodelllanero.mx\/#website","url":"https:\/\/elhijodelllanero.mx\/","name":"El Hijo del llanero solititito","description":"","potentialAction":[{"@type":"SearchAction","target":{"@type":"EntryPoint","urlTemplate":"https:\/\/elhijodelllanero.mx\/?s={search_term_string}"},"query-input":{"@type":"PropertyValueSpecification","valueRequired":true,"valueName":"search_term_string"}}],"inLanguage":"es"},{"@type":"Person","@id":"https:\/\/elhijodelllanero.mx\/#\/schema\/person\/c7f8c86c55c1eab44ae2b93a9628245f","name":"Mar\u00eda de la Paz Rodarte Ram\u00edrez","image":{"@type":"ImageObject","inLanguage":"es","@id":"https:\/\/secure.gravatar.com\/avatar\/1f38f8518b09a266af73da2bce78d69e7d1275299970134ed62f572e0487e1d0?s=96&d=mm&r=g","url":"https:\/\/secure.gravatar.com\/avatar\/1f38f8518b09a266af73da2bce78d69e7d1275299970134ed62f572e0487e1d0?s=96&d=mm&r=g","contentUrl":"https:\/\/secure.gravatar.com\/avatar\/1f38f8518b09a266af73da2bce78d69e7d1275299970134ed62f572e0487e1d0?s=96&d=mm&r=g","caption":"Mar\u00eda de la Paz Rodarte Ram\u00edrez"},"sameAs":["https:\/\/www.elhijodelllanero.mx"],"url":"https:\/\/elhijodelllanero.mx\/index.php\/author\/maricuas\/"}]}},"jetpack_featured_media_url":"https:\/\/i0.wp.com\/elhijodelllanero.mx\/wp-content\/uploads\/2026\/04\/IMG-20260406-WA0008.jpg?fit=951%2C1280&ssl=1","jetpack-related-posts":[],"jetpack_sharing_enabled":true,"_links":{"self":[{"href":"https:\/\/elhijodelllanero.mx\/index.php\/wp-json\/wp\/v2\/posts\/13642","targetHints":{"allow":["GET"]}}],"collection":[{"href":"https:\/\/elhijodelllanero.mx\/index.php\/wp-json\/wp\/v2\/posts"}],"about":[{"href":"https:\/\/elhijodelllanero.mx\/index.php\/wp-json\/wp\/v2\/types\/post"}],"author":[{"embeddable":true,"href":"https:\/\/elhijodelllanero.mx\/index.php\/wp-json\/wp\/v2\/users\/3"}],"replies":[{"embeddable":true,"href":"https:\/\/elhijodelllanero.mx\/index.php\/wp-json\/wp\/v2\/comments?post=13642"}],"version-history":[{"count":1,"href":"https:\/\/elhijodelllanero.mx\/index.php\/wp-json\/wp\/v2\/posts\/13642\/revisions"}],"predecessor-version":[{"id":13644,"href":"https:\/\/elhijodelllanero.mx\/index.php\/wp-json\/wp\/v2\/posts\/13642\/revisions\/13644"}],"wp:featuredmedia":[{"embeddable":true,"href":"https:\/\/elhijodelllanero.mx\/index.php\/wp-json\/wp\/v2\/media\/13643"}],"wp:attachment":[{"href":"https:\/\/elhijodelllanero.mx\/index.php\/wp-json\/wp\/v2\/media?parent=13642"}],"wp:term":[{"taxonomy":"category","embeddable":true,"href":"https:\/\/elhijodelllanero.mx\/index.php\/wp-json\/wp\/v2\/categories?post=13642"},{"taxonomy":"post_tag","embeddable":true,"href":"https:\/\/elhijodelllanero.mx\/index.php\/wp-json\/wp\/v2\/tags?post=13642"}],"curies":[{"name":"wp","href":"https:\/\/api.w.org\/{rel}","templated":true}]}}