{"id":13648,"date":"2026-04-06T23:27:23","date_gmt":"2026-04-06T23:27:23","guid":{"rendered":"https:\/\/elhijodelllanero.mx\/?p=13648"},"modified":"2026-04-06T23:27:23","modified_gmt":"2026-04-06T23:27:23","slug":"senador-llama-a-pasar-de-la-concienciacion-a-acciones-reales-en-favor-del-autismo","status":"publish","type":"post","link":"https:\/\/elhijodelllanero.mx\/index.php\/2026\/04\/06\/senador-llama-a-pasar-de-la-concienciacion-a-acciones-reales-en-favor-del-autismo\/","title":{"rendered":"Senador llama a pasar de la concienciaci\u00f3n a acciones reales en favor del autismo."},"content":{"rendered":"<p>Villagr\u00e1n, Gto. a 6 de abril de 2026.- En el marco del D\u00eda Mundial de Concienciaci\u00f3n sobre el Autismo, el senador Emmanuel Reyes Carmona reafirm\u00f3 su compromiso con la construcci\u00f3n de una sociedad m\u00e1s incluyente, emp\u00e1tica y respetuosa de la diversidad humana.<\/p>\n<p>Desde que la Asamblea General de las Organizaci\u00f3n de las Naciones Unidas design\u00f3 esta fecha en 2007 mediante la resoluci\u00f3n A\/RES\/62\/139, se ha impulsado un movimiento global orientado a garantizar la plena realizaci\u00f3n de los derechos humanos y las libertades fundamentales de las personas autistas, as\u00ed como su participaci\u00f3n igualitaria en la sociedad.<\/p>\n<p>A lo largo de m\u00e1s de 17 a\u00f1os, los avances han sido significativos, en gran medida gracias al trabajo de personas, familias y organizaciones que han visibilizado las experiencias de vida dentro del espectro autista. Este esfuerzo ha permitido transitar de la concienciaci\u00f3n hacia una agenda m\u00e1s amplia centrada en la aceptaci\u00f3n, el reconocimiento y la inclusi\u00f3n, destacando las contribuciones de las personas autistas en todos los \u00e1mbitos de la vida social.<\/p>\n<p>De acuerdo con la Organizaci\u00f3n Mundial de la Salud, el autismo es un conjunto diverso de afecciones relacionadas con el desarrollo del cerebro, cuyas caracter\u00edsticas pueden detectarse desde la primera infancia, aunque su manifestaci\u00f3n y necesidades var\u00edan a lo largo de la vida. Esta diversidad exige respuestas p\u00fablicas integrales, sensibles y basadas en evidencia.<\/p>\n<p>En M\u00e9xico, el Estado cuenta con un marco jur\u00eddico espec\u00edfico a partir de la Ley General para la Atenci\u00f3n y Protecci\u00f3n a Personas con la Condici\u00f3n del Espectro Autista (2015), que reconoce derechos fundamentales como el diagn\u00f3stico oportuno, la atenci\u00f3n especializada, la educaci\u00f3n inclusiva y la integraci\u00f3n social y laboral. No obstante, el senador Reyes Carmona subray\u00f3 que el principal reto hoy no es \u00fanicamente normativo, sino de implementaci\u00f3n efectiva y coordinaci\u00f3n institucional.<\/p>\n<p>\u201cHoy m\u00e1s que nunca, el compromiso del Estado mexicano debe traducirse en acciones concretas. No basta con reconocer derechos en la ley: es indispensable garantizar que estos se cumplan en la vida cotidiana de las personas y sus familias\u201d, expres\u00f3.<\/p>\n<p>En ese sentido, el legislador destac\u00f3 que desde el Senado de la Rep\u00fablica existen herramientas parlamentarias reales para incidir en esta agenda y fortalecer el enfoque de derechos humanos:<\/p>\n<p>&nbsp;<\/p>\n<p>\u2022 Convocar a audiencias, foros y parlamento abierto, incorporando la voz de personas autistas, familias, especialistas y organizaciones de la sociedad civil en el dise\u00f1o de pol\u00edticas p\u00fablicas.<\/p>\n<p>\u2022 Fortalecer la visibilizaci\u00f3n institucional desde el Senado, mediante pronunciamientos, actividades y acciones que contribuyan a combatir estigmas y promover una cultura de respeto a la neurodiversidad.<\/p>\n<p>Estas acciones se alinean con el mandato constitucional de garantizar el principio de igualdad y no discriminaci\u00f3n, as\u00ed como el derecho a la protecci\u00f3n de la salud y a la inclusi\u00f3n social de todas las personas.<\/p>\n<p>El senador Emmanuel Reyes Carmona reiter\u00f3 que continuar\u00e1 impulsando una agenda legislativa responsable, sensible y basada en evidencia, que contribuya a cerrar brechas y a construir condiciones de vida dignas para las personas dentro del espectro autista.<\/p>\n<p>\u201cLa concienciaci\u00f3n debe evolucionar hacia resultados concretos. Hablar de autismo es hablar de derechos humanos, de inclusi\u00f3n y de justicia social. Es momento de escuchar, entender y actuar\u201d, concluy\u00f3.<\/p>\n","protected":false},"excerpt":{"rendered":"<p>Villagr\u00e1n, Gto. a 6 de abril de 2026.- En el marco del D\u00eda Mundial de Concienciaci\u00f3n sobre el Autismo, el senador Emmanuel Reyes Carmona reafirm\u00f3 su compromiso con la construcci\u00f3n de una sociedad m\u00e1s incluyente, emp\u00e1tica y respetuosa de la diversidad humana. Desde que la Asamblea General de las Organizaci\u00f3n de las Naciones Unidas design\u00f3 [&hellip;]<\/p>\n","protected":false},"author":3,"featured_media":13649,"comment_status":"open","ping_status":"closed","sticky":false,"template":"","format":"standard","meta":{"_jetpack_newsletter_access":"","_jetpack_dont_email_post_to_subs":false,"_jetpack_newsletter_tier_id":0,"_jetpack_memberships_contains_paywalled_content":false,"_jetpack_memberships_contains_paid_content":false,"footnotes":""},"categories":[76,85],"tags":[],"class_list":{"0":"post-13648","1":"post","2":"type-post","3":"status-publish","4":"format-standard","5":"has-post-thumbnail","7":"category-municipios","8":"category-villagran"},"yoast_head":"<!-- This site is optimized with the Yoast SEO plugin v27.3 - https:\/\/yoast.com\/product\/yoast-seo-wordpress\/ -->\n<title>Senador llama a pasar de la concienciaci\u00f3n a acciones reales en favor del autismo. - El Hijo del llanero solititito<\/title>\n<meta name=\"robots\" content=\"index, follow, max-snippet:-1, max-image-preview:large, max-video-preview:-1\" \/>\n<link rel=\"canonical\" href=\"https:\/\/elhijodelllanero.mx\/index.php\/2026\/04\/06\/senador-llama-a-pasar-de-la-concienciacion-a-acciones-reales-en-favor-del-autismo\/\" \/>\n<meta property=\"og:locale\" content=\"es_ES\" \/>\n<meta property=\"og:type\" content=\"article\" \/>\n<meta property=\"og:title\" content=\"Senador llama a pasar de la concienciaci\u00f3n a acciones reales en favor del autismo. - El Hijo del llanero solititito\" \/>\n<meta property=\"og:description\" content=\"Villagr\u00e1n, Gto. a 6 de abril de 2026.- En el marco del D\u00eda Mundial de Concienciaci\u00f3n sobre el Autismo, el senador Emmanuel Reyes Carmona reafirm\u00f3 su compromiso con la construcci\u00f3n de una sociedad m\u00e1s incluyente, emp\u00e1tica y respetuosa de la diversidad humana. Desde que la Asamblea General de las Organizaci\u00f3n de las Naciones Unidas design\u00f3 [&hellip;]\" \/>\n<meta property=\"og:url\" content=\"https:\/\/elhijodelllanero.mx\/index.php\/2026\/04\/06\/senador-llama-a-pasar-de-la-concienciacion-a-acciones-reales-en-favor-del-autismo\/\" \/>\n<meta property=\"og:site_name\" content=\"El Hijo del llanero solititito\" \/>\n<meta property=\"article:published_time\" content=\"2026-04-06T23:27:23+00:00\" \/>\n<meta property=\"og:image\" content=\"https:\/\/elhijodelllanero.mx\/wp-content\/uploads\/2026\/04\/IMG-20260406-WA0005.jpg\" \/>\n\t<meta property=\"og:image:width\" content=\"1536\" \/>\n\t<meta property=\"og:image:height\" content=\"1024\" \/>\n\t<meta property=\"og:image:type\" content=\"image\/jpeg\" \/>\n<meta name=\"author\" content=\"Mar\u00eda de la Paz Rodarte Ram\u00edrez\" \/>\n<meta name=\"twitter:card\" content=\"summary_large_image\" \/>\n<meta name=\"twitter:label1\" content=\"Escrito por\" \/>\n\t<meta name=\"twitter:data1\" content=\"Mar\u00eda de la Paz Rodarte Ram\u00edrez\" \/>\n\t<meta name=\"twitter:label2\" content=\"Tiempo de lectura\" \/>\n\t<meta name=\"twitter:data2\" content=\"3 minutos\" \/>\n<script type=\"application\/ld+json\" class=\"yoast-schema-graph\">{\"@context\":\"https:\\\/\\\/schema.org\",\"@graph\":[{\"@type\":\"Article\",\"@id\":\"https:\\\/\\\/elhijodelllanero.mx\\\/index.php\\\/2026\\\/04\\\/06\\\/senador-llama-a-pasar-de-la-concienciacion-a-acciones-reales-en-favor-del-autismo\\\/#article\",\"isPartOf\":{\"@id\":\"https:\\\/\\\/elhijodelllanero.mx\\\/index.php\\\/2026\\\/04\\\/06\\\/senador-llama-a-pasar-de-la-concienciacion-a-acciones-reales-en-favor-del-autismo\\\/\"},\"author\":{\"name\":\"Mar\u00eda de la Paz Rodarte Ram\u00edrez\",\"@id\":\"https:\\\/\\\/elhijodelllanero.mx\\\/#\\\/schema\\\/person\\\/c7f8c86c55c1eab44ae2b93a9628245f\"},\"headline\":\"Senador llama a pasar de la concienciaci\u00f3n a acciones reales en favor del autismo.\",\"datePublished\":\"2026-04-06T23:27:23+00:00\",\"mainEntityOfPage\":{\"@id\":\"https:\\\/\\\/elhijodelllanero.mx\\\/index.php\\\/2026\\\/04\\\/06\\\/senador-llama-a-pasar-de-la-concienciacion-a-acciones-reales-en-favor-del-autismo\\\/\"},\"wordCount\":575,\"commentCount\":0,\"image\":{\"@id\":\"https:\\\/\\\/elhijodelllanero.mx\\\/index.php\\\/2026\\\/04\\\/06\\\/senador-llama-a-pasar-de-la-concienciacion-a-acciones-reales-en-favor-del-autismo\\\/#primaryimage\"},\"thumbnailUrl\":\"https:\\\/\\\/i0.wp.com\\\/elhijodelllanero.mx\\\/wp-content\\\/uploads\\\/2026\\\/04\\\/IMG-20260406-WA0005.jpg?fit=1536%2C1024&ssl=1\",\"articleSection\":[\"MUNICIPIOS\",\"Villagr\u00e1n\"],\"inLanguage\":\"es\",\"potentialAction\":[{\"@type\":\"CommentAction\",\"name\":\"Comment\",\"target\":[\"https:\\\/\\\/elhijodelllanero.mx\\\/index.php\\\/2026\\\/04\\\/06\\\/senador-llama-a-pasar-de-la-concienciacion-a-acciones-reales-en-favor-del-autismo\\\/#respond\"]}]},{\"@type\":\"WebPage\",\"@id\":\"https:\\\/\\\/elhijodelllanero.mx\\\/index.php\\\/2026\\\/04\\\/06\\\/senador-llama-a-pasar-de-la-concienciacion-a-acciones-reales-en-favor-del-autismo\\\/\",\"url\":\"https:\\\/\\\/elhijodelllanero.mx\\\/index.php\\\/2026\\\/04\\\/06\\\/senador-llama-a-pasar-de-la-concienciacion-a-acciones-reales-en-favor-del-autismo\\\/\",\"name\":\"Senador llama a pasar de la concienciaci\u00f3n a acciones reales en favor del autismo. - El Hijo del llanero solititito\",\"isPartOf\":{\"@id\":\"https:\\\/\\\/elhijodelllanero.mx\\\/#website\"},\"primaryImageOfPage\":{\"@id\":\"https:\\\/\\\/elhijodelllanero.mx\\\/index.php\\\/2026\\\/04\\\/06\\\/senador-llama-a-pasar-de-la-concienciacion-a-acciones-reales-en-favor-del-autismo\\\/#primaryimage\"},\"image\":{\"@id\":\"https:\\\/\\\/elhijodelllanero.mx\\\/index.php\\\/2026\\\/04\\\/06\\\/senador-llama-a-pasar-de-la-concienciacion-a-acciones-reales-en-favor-del-autismo\\\/#primaryimage\"},\"thumbnailUrl\":\"https:\\\/\\\/i0.wp.com\\\/elhijodelllanero.mx\\\/wp-content\\\/uploads\\\/2026\\\/04\\\/IMG-20260406-WA0005.jpg?fit=1536%2C1024&ssl=1\",\"datePublished\":\"2026-04-06T23:27:23+00:00\",\"author\":{\"@id\":\"https:\\\/\\\/elhijodelllanero.mx\\\/#\\\/schema\\\/person\\\/c7f8c86c55c1eab44ae2b93a9628245f\"},\"breadcrumb\":{\"@id\":\"https:\\\/\\\/elhijodelllanero.mx\\\/index.php\\\/2026\\\/04\\\/06\\\/senador-llama-a-pasar-de-la-concienciacion-a-acciones-reales-en-favor-del-autismo\\\/#breadcrumb\"},\"inLanguage\":\"es\",\"potentialAction\":[{\"@type\":\"ReadAction\",\"target\":[\"https:\\\/\\\/elhijodelllanero.mx\\\/index.php\\\/2026\\\/04\\\/06\\\/senador-llama-a-pasar-de-la-concienciacion-a-acciones-reales-en-favor-del-autismo\\\/\"]}]},{\"@type\":\"ImageObject\",\"inLanguage\":\"es\",\"@id\":\"https:\\\/\\\/elhijodelllanero.mx\\\/index.php\\\/2026\\\/04\\\/06\\\/senador-llama-a-pasar-de-la-concienciacion-a-acciones-reales-en-favor-del-autismo\\\/#primaryimage\",\"url\":\"https:\\\/\\\/i0.wp.com\\\/elhijodelllanero.mx\\\/wp-content\\\/uploads\\\/2026\\\/04\\\/IMG-20260406-WA0005.jpg?fit=1536%2C1024&ssl=1\",\"contentUrl\":\"https:\\\/\\\/i0.wp.com\\\/elhijodelllanero.mx\\\/wp-content\\\/uploads\\\/2026\\\/04\\\/IMG-20260406-WA0005.jpg?fit=1536%2C1024&ssl=1\",\"width\":1536,\"height\":1024},{\"@type\":\"BreadcrumbList\",\"@id\":\"https:\\\/\\\/elhijodelllanero.mx\\\/index.php\\\/2026\\\/04\\\/06\\\/senador-llama-a-pasar-de-la-concienciacion-a-acciones-reales-en-favor-del-autismo\\\/#breadcrumb\",\"itemListElement\":[{\"@type\":\"ListItem\",\"position\":1,\"name\":\"Portada\",\"item\":\"https:\\\/\\\/elhijodelllanero.mx\\\/\"},{\"@type\":\"ListItem\",\"position\":2,\"name\":\"Senador llama a pasar de la concienciaci\u00f3n a acciones reales en favor del autismo.\"}]},{\"@type\":\"WebSite\",\"@id\":\"https:\\\/\\\/elhijodelllanero.mx\\\/#website\",\"url\":\"https:\\\/\\\/elhijodelllanero.mx\\\/\",\"name\":\"El Hijo del llanero solititito\",\"description\":\"\",\"potentialAction\":[{\"@type\":\"SearchAction\",\"target\":{\"@type\":\"EntryPoint\",\"urlTemplate\":\"https:\\\/\\\/elhijodelllanero.mx\\\/?s={search_term_string}\"},\"query-input\":{\"@type\":\"PropertyValueSpecification\",\"valueRequired\":true,\"valueName\":\"search_term_string\"}}],\"inLanguage\":\"es\"},{\"@type\":\"Person\",\"@id\":\"https:\\\/\\\/elhijodelllanero.mx\\\/#\\\/schema\\\/person\\\/c7f8c86c55c1eab44ae2b93a9628245f\",\"name\":\"Mar\u00eda de la Paz Rodarte Ram\u00edrez\",\"image\":{\"@type\":\"ImageObject\",\"inLanguage\":\"es\",\"@id\":\"https:\\\/\\\/secure.gravatar.com\\\/avatar\\\/1f38f8518b09a266af73da2bce78d69e7d1275299970134ed62f572e0487e1d0?s=96&d=mm&r=g\",\"url\":\"https:\\\/\\\/secure.gravatar.com\\\/avatar\\\/1f38f8518b09a266af73da2bce78d69e7d1275299970134ed62f572e0487e1d0?s=96&d=mm&r=g\",\"contentUrl\":\"https:\\\/\\\/secure.gravatar.com\\\/avatar\\\/1f38f8518b09a266af73da2bce78d69e7d1275299970134ed62f572e0487e1d0?s=96&d=mm&r=g\",\"caption\":\"Mar\u00eda de la Paz Rodarte Ram\u00edrez\"},\"sameAs\":[\"https:\\\/\\\/www.elhijodelllanero.mx\"],\"url\":\"https:\\\/\\\/elhijodelllanero.mx\\\/index.php\\\/author\\\/maricuas\\\/\"}]}<\/script>\n<!-- \/ Yoast SEO plugin. -->","yoast_head_json":{"title":"Senador llama a pasar de la concienciaci\u00f3n a acciones reales en favor del autismo. - El Hijo del llanero solititito","robots":{"index":"index","follow":"follow","max-snippet":"max-snippet:-1","max-image-preview":"max-image-preview:large","max-video-preview":"max-video-preview:-1"},"canonical":"https:\/\/elhijodelllanero.mx\/index.php\/2026\/04\/06\/senador-llama-a-pasar-de-la-concienciacion-a-acciones-reales-en-favor-del-autismo\/","og_locale":"es_ES","og_type":"article","og_title":"Senador llama a pasar de la concienciaci\u00f3n a acciones reales en favor del autismo. - El Hijo del llanero solititito","og_description":"Villagr\u00e1n, Gto. a 6 de abril de 2026.- En el marco del D\u00eda Mundial de Concienciaci\u00f3n sobre el Autismo, el senador Emmanuel Reyes Carmona reafirm\u00f3 su compromiso con la construcci\u00f3n de una sociedad m\u00e1s incluyente, emp\u00e1tica y respetuosa de la diversidad humana. Desde que la Asamblea General de las Organizaci\u00f3n de las Naciones Unidas design\u00f3 [&hellip;]","og_url":"https:\/\/elhijodelllanero.mx\/index.php\/2026\/04\/06\/senador-llama-a-pasar-de-la-concienciacion-a-acciones-reales-en-favor-del-autismo\/","og_site_name":"El Hijo del llanero solititito","article_published_time":"2026-04-06T23:27:23+00:00","og_image":[{"width":1536,"height":1024,"url":"https:\/\/elhijodelllanero.mx\/wp-content\/uploads\/2026\/04\/IMG-20260406-WA0005.jpg","type":"image\/jpeg"}],"author":"Mar\u00eda de la Paz Rodarte Ram\u00edrez","twitter_card":"summary_large_image","twitter_misc":{"Escrito por":"Mar\u00eda de la Paz Rodarte Ram\u00edrez","Tiempo de lectura":"3 minutos"},"schema":{"@context":"https:\/\/schema.org","@graph":[{"@type":"Article","@id":"https:\/\/elhijodelllanero.mx\/index.php\/2026\/04\/06\/senador-llama-a-pasar-de-la-concienciacion-a-acciones-reales-en-favor-del-autismo\/#article","isPartOf":{"@id":"https:\/\/elhijodelllanero.mx\/index.php\/2026\/04\/06\/senador-llama-a-pasar-de-la-concienciacion-a-acciones-reales-en-favor-del-autismo\/"},"author":{"name":"Mar\u00eda de la Paz Rodarte Ram\u00edrez","@id":"https:\/\/elhijodelllanero.mx\/#\/schema\/person\/c7f8c86c55c1eab44ae2b93a9628245f"},"headline":"Senador llama a pasar de la concienciaci\u00f3n a acciones reales en favor del autismo.","datePublished":"2026-04-06T23:27:23+00:00","mainEntityOfPage":{"@id":"https:\/\/elhijodelllanero.mx\/index.php\/2026\/04\/06\/senador-llama-a-pasar-de-la-concienciacion-a-acciones-reales-en-favor-del-autismo\/"},"wordCount":575,"commentCount":0,"image":{"@id":"https:\/\/elhijodelllanero.mx\/index.php\/2026\/04\/06\/senador-llama-a-pasar-de-la-concienciacion-a-acciones-reales-en-favor-del-autismo\/#primaryimage"},"thumbnailUrl":"https:\/\/i0.wp.com\/elhijodelllanero.mx\/wp-content\/uploads\/2026\/04\/IMG-20260406-WA0005.jpg?fit=1536%2C1024&ssl=1","articleSection":["MUNICIPIOS","Villagr\u00e1n"],"inLanguage":"es","potentialAction":[{"@type":"CommentAction","name":"Comment","target":["https:\/\/elhijodelllanero.mx\/index.php\/2026\/04\/06\/senador-llama-a-pasar-de-la-concienciacion-a-acciones-reales-en-favor-del-autismo\/#respond"]}]},{"@type":"WebPage","@id":"https:\/\/elhijodelllanero.mx\/index.php\/2026\/04\/06\/senador-llama-a-pasar-de-la-concienciacion-a-acciones-reales-en-favor-del-autismo\/","url":"https:\/\/elhijodelllanero.mx\/index.php\/2026\/04\/06\/senador-llama-a-pasar-de-la-concienciacion-a-acciones-reales-en-favor-del-autismo\/","name":"Senador llama a pasar de la concienciaci\u00f3n a acciones reales en favor del autismo. - El Hijo del llanero solititito","isPartOf":{"@id":"https:\/\/elhijodelllanero.mx\/#website"},"primaryImageOfPage":{"@id":"https:\/\/elhijodelllanero.mx\/index.php\/2026\/04\/06\/senador-llama-a-pasar-de-la-concienciacion-a-acciones-reales-en-favor-del-autismo\/#primaryimage"},"image":{"@id":"https:\/\/elhijodelllanero.mx\/index.php\/2026\/04\/06\/senador-llama-a-pasar-de-la-concienciacion-a-acciones-reales-en-favor-del-autismo\/#primaryimage"},"thumbnailUrl":"https:\/\/i0.wp.com\/elhijodelllanero.mx\/wp-content\/uploads\/2026\/04\/IMG-20260406-WA0005.jpg?fit=1536%2C1024&ssl=1","datePublished":"2026-04-06T23:27:23+00:00","author":{"@id":"https:\/\/elhijodelllanero.mx\/#\/schema\/person\/c7f8c86c55c1eab44ae2b93a9628245f"},"breadcrumb":{"@id":"https:\/\/elhijodelllanero.mx\/index.php\/2026\/04\/06\/senador-llama-a-pasar-de-la-concienciacion-a-acciones-reales-en-favor-del-autismo\/#breadcrumb"},"inLanguage":"es","potentialAction":[{"@type":"ReadAction","target":["https:\/\/elhijodelllanero.mx\/index.php\/2026\/04\/06\/senador-llama-a-pasar-de-la-concienciacion-a-acciones-reales-en-favor-del-autismo\/"]}]},{"@type":"ImageObject","inLanguage":"es","@id":"https:\/\/elhijodelllanero.mx\/index.php\/2026\/04\/06\/senador-llama-a-pasar-de-la-concienciacion-a-acciones-reales-en-favor-del-autismo\/#primaryimage","url":"https:\/\/i0.wp.com\/elhijodelllanero.mx\/wp-content\/uploads\/2026\/04\/IMG-20260406-WA0005.jpg?fit=1536%2C1024&ssl=1","contentUrl":"https:\/\/i0.wp.com\/elhijodelllanero.mx\/wp-content\/uploads\/2026\/04\/IMG-20260406-WA0005.jpg?fit=1536%2C1024&ssl=1","width":1536,"height":1024},{"@type":"BreadcrumbList","@id":"https:\/\/elhijodelllanero.mx\/index.php\/2026\/04\/06\/senador-llama-a-pasar-de-la-concienciacion-a-acciones-reales-en-favor-del-autismo\/#breadcrumb","itemListElement":[{"@type":"ListItem","position":1,"name":"Portada","item":"https:\/\/elhijodelllanero.mx\/"},{"@type":"ListItem","position":2,"name":"Senador llama a pasar de la concienciaci\u00f3n a acciones reales en favor del autismo."}]},{"@type":"WebSite","@id":"https:\/\/elhijodelllanero.mx\/#website","url":"https:\/\/elhijodelllanero.mx\/","name":"El Hijo del llanero solititito","description":"","potentialAction":[{"@type":"SearchAction","target":{"@type":"EntryPoint","urlTemplate":"https:\/\/elhijodelllanero.mx\/?s={search_term_string}"},"query-input":{"@type":"PropertyValueSpecification","valueRequired":true,"valueName":"search_term_string"}}],"inLanguage":"es"},{"@type":"Person","@id":"https:\/\/elhijodelllanero.mx\/#\/schema\/person\/c7f8c86c55c1eab44ae2b93a9628245f","name":"Mar\u00eda de la Paz Rodarte Ram\u00edrez","image":{"@type":"ImageObject","inLanguage":"es","@id":"https:\/\/secure.gravatar.com\/avatar\/1f38f8518b09a266af73da2bce78d69e7d1275299970134ed62f572e0487e1d0?s=96&d=mm&r=g","url":"https:\/\/secure.gravatar.com\/avatar\/1f38f8518b09a266af73da2bce78d69e7d1275299970134ed62f572e0487e1d0?s=96&d=mm&r=g","contentUrl":"https:\/\/secure.gravatar.com\/avatar\/1f38f8518b09a266af73da2bce78d69e7d1275299970134ed62f572e0487e1d0?s=96&d=mm&r=g","caption":"Mar\u00eda de la Paz Rodarte Ram\u00edrez"},"sameAs":["https:\/\/www.elhijodelllanero.mx"],"url":"https:\/\/elhijodelllanero.mx\/index.php\/author\/maricuas\/"}]}},"jetpack_featured_media_url":"https:\/\/i0.wp.com\/elhijodelllanero.mx\/wp-content\/uploads\/2026\/04\/IMG-20260406-WA0005.jpg?fit=1536%2C1024&ssl=1","jetpack-related-posts":[],"jetpack_sharing_enabled":true,"_links":{"self":[{"href":"https:\/\/elhijodelllanero.mx\/index.php\/wp-json\/wp\/v2\/posts\/13648","targetHints":{"allow":["GET"]}}],"collection":[{"href":"https:\/\/elhijodelllanero.mx\/index.php\/wp-json\/wp\/v2\/posts"}],"about":[{"href":"https:\/\/elhijodelllanero.mx\/index.php\/wp-json\/wp\/v2\/types\/post"}],"author":[{"embeddable":true,"href":"https:\/\/elhijodelllanero.mx\/index.php\/wp-json\/wp\/v2\/users\/3"}],"replies":[{"embeddable":true,"href":"https:\/\/elhijodelllanero.mx\/index.php\/wp-json\/wp\/v2\/comments?post=13648"}],"version-history":[{"count":1,"href":"https:\/\/elhijodelllanero.mx\/index.php\/wp-json\/wp\/v2\/posts\/13648\/revisions"}],"predecessor-version":[{"id":13650,"href":"https:\/\/elhijodelllanero.mx\/index.php\/wp-json\/wp\/v2\/posts\/13648\/revisions\/13650"}],"wp:featuredmedia":[{"embeddable":true,"href":"https:\/\/elhijodelllanero.mx\/index.php\/wp-json\/wp\/v2\/media\/13649"}],"wp:attachment":[{"href":"https:\/\/elhijodelllanero.mx\/index.php\/wp-json\/wp\/v2\/media?parent=13648"}],"wp:term":[{"taxonomy":"category","embeddable":true,"href":"https:\/\/elhijodelllanero.mx\/index.php\/wp-json\/wp\/v2\/categories?post=13648"},{"taxonomy":"post_tag","embeddable":true,"href":"https:\/\/elhijodelllanero.mx\/index.php\/wp-json\/wp\/v2\/tags?post=13648"}],"curies":[{"name":"wp","href":"https:\/\/api.w.org\/{rel}","templated":true}]}}