{"id":13651,"date":"2026-04-06T23:30:51","date_gmt":"2026-04-06T23:30:51","guid":{"rendered":"https:\/\/elhijodelllanero.mx\/?p=13651"},"modified":"2026-04-06T23:30:51","modified_gmt":"2026-04-06T23:30:51","slug":"entregan-pavimentacion-de-calle-san-mateo-en-cortazar","status":"publish","type":"post","link":"https:\/\/elhijodelllanero.mx\/index.php\/2026\/04\/06\/entregan-pavimentacion-de-calle-san-mateo-en-cortazar\/","title":{"rendered":"Entregan pavimentaci\u00f3n de calle San Mateo en Cortazar."},"content":{"rendered":"<p>Cortazar, Gto. 6 de abril del 2026.- El presidente municipal, Mauricio Estefan\u00eda, entreg\u00f3 la pavimentaci\u00f3n con concreto hidr\u00e1ulico de la calle San Mateo, en la colonia Nueva San Francisco, obra que busca mejorar la movilidad y seguridad en la zona.<\/p>\n<p>El proyecto represent\u00f3 una inversi\u00f3n de 1.9 millones de pesos, financiados con recursos municipales, y beneficia directamente a 74 habitantes, correspondientes a 22 familias.<\/p>\n<p>Los trabajos incluyeron la intervenci\u00f3n de m\u00e1s de 115 metros lineales de vialidad, construcci\u00f3n de losa de concreto, as\u00ed como la renovaci\u00f3n de la red de drenaje sanitario. Adem\u00e1s, se habilitaron banquetas, guarniciones, se\u00f1alizaci\u00f3n vial y alumbrado p\u00fablico con luminarias LED.<\/p>\n<p>Como parte del mejoramiento urbano, tambi\u00e9n se realizaron acciones de imagen, como la plantaci\u00f3n de \u00e1rboles, con el objetivo de ofrecer un entorno m\u00e1s funcional y seguro para peatones y automovilistas.<\/p>\n<p>Durante la entrega, el alcalde se\u00f1al\u00f3 que su administraci\u00f3n continuar\u00e1 impulsando obras p\u00fablicas con recursos propios para atender las necesidades b\u00e1sicas del municipio.<\/p>\n","protected":false},"excerpt":{"rendered":"<p>Cortazar, Gto. 6 de abril del 2026.- El presidente municipal, Mauricio Estefan\u00eda, entreg\u00f3 la pavimentaci\u00f3n con concreto hidr\u00e1ulico de la calle San Mateo, en la colonia Nueva San Francisco, obra que busca mejorar la movilidad y seguridad en la zona. El proyecto represent\u00f3 una inversi\u00f3n de 1.9 millones de pesos, financiados con recursos municipales, y [&hellip;]<\/p>\n","protected":false},"author":3,"featured_media":13652,"comment_status":"open","ping_status":"closed","sticky":false,"template":"","format":"standard","meta":{"_jetpack_newsletter_access":"","_jetpack_dont_email_post_to_subs":false,"_jetpack_newsletter_tier_id":0,"_jetpack_memberships_contains_paywalled_content":false,"_jetpack_memberships_contains_paid_content":false,"footnotes":""},"categories":[77,76],"tags":[],"class_list":{"0":"post-13651","1":"post","2":"type-post","3":"status-publish","4":"format-standard","5":"has-post-thumbnail","7":"category-cortazar","8":"category-municipios"},"yoast_head":"<!-- This site is optimized with the Yoast SEO plugin v27.3 - https:\/\/yoast.com\/product\/yoast-seo-wordpress\/ -->\n<title>Entregan pavimentaci\u00f3n de calle San Mateo en Cortazar. - El Hijo del llanero solititito<\/title>\n<meta name=\"robots\" content=\"index, follow, max-snippet:-1, max-image-preview:large, max-video-preview:-1\" \/>\n<link rel=\"canonical\" href=\"https:\/\/elhijodelllanero.mx\/index.php\/2026\/04\/06\/entregan-pavimentacion-de-calle-san-mateo-en-cortazar\/\" \/>\n<meta property=\"og:locale\" content=\"es_ES\" \/>\n<meta property=\"og:type\" content=\"article\" \/>\n<meta property=\"og:title\" content=\"Entregan pavimentaci\u00f3n de calle San Mateo en Cortazar. - El Hijo del llanero solititito\" \/>\n<meta property=\"og:description\" content=\"Cortazar, Gto. 6 de abril del 2026.- El presidente municipal, Mauricio Estefan\u00eda, entreg\u00f3 la pavimentaci\u00f3n con concreto hidr\u00e1ulico de la calle San Mateo, en la colonia Nueva San Francisco, obra que busca mejorar la movilidad y seguridad en la zona. El proyecto represent\u00f3 una inversi\u00f3n de 1.9 millones de pesos, financiados con recursos municipales, y [&hellip;]\" \/>\n<meta property=\"og:url\" content=\"https:\/\/elhijodelllanero.mx\/index.php\/2026\/04\/06\/entregan-pavimentacion-de-calle-san-mateo-en-cortazar\/\" \/>\n<meta property=\"og:site_name\" content=\"El Hijo del llanero solititito\" \/>\n<meta property=\"article:published_time\" content=\"2026-04-06T23:30:51+00:00\" \/>\n<meta property=\"og:image\" content=\"https:\/\/elhijodelllanero.mx\/wp-content\/uploads\/2026\/04\/IMG-20260406-WA0004-scaled.jpg\" \/>\n\t<meta property=\"og:image:width\" content=\"2560\" \/>\n\t<meta property=\"og:image:height\" content=\"1734\" \/>\n\t<meta property=\"og:image:type\" content=\"image\/jpeg\" \/>\n<meta name=\"author\" content=\"Mar\u00eda de la Paz Rodarte Ram\u00edrez\" \/>\n<meta name=\"twitter:card\" content=\"summary_large_image\" \/>\n<meta name=\"twitter:label1\" content=\"Escrito por\" \/>\n\t<meta name=\"twitter:data1\" content=\"Mar\u00eda de la Paz Rodarte Ram\u00edrez\" \/>\n\t<meta name=\"twitter:label2\" content=\"Tiempo de lectura\" \/>\n\t<meta name=\"twitter:data2\" content=\"1 minuto\" \/>\n<script type=\"application\/ld+json\" class=\"yoast-schema-graph\">{\"@context\":\"https:\\\/\\\/schema.org\",\"@graph\":[{\"@type\":\"Article\",\"@id\":\"https:\\\/\\\/elhijodelllanero.mx\\\/index.php\\\/2026\\\/04\\\/06\\\/entregan-pavimentacion-de-calle-san-mateo-en-cortazar\\\/#article\",\"isPartOf\":{\"@id\":\"https:\\\/\\\/elhijodelllanero.mx\\\/index.php\\\/2026\\\/04\\\/06\\\/entregan-pavimentacion-de-calle-san-mateo-en-cortazar\\\/\"},\"author\":{\"name\":\"Mar\u00eda de la Paz Rodarte Ram\u00edrez\",\"@id\":\"https:\\\/\\\/elhijodelllanero.mx\\\/#\\\/schema\\\/person\\\/c7f8c86c55c1eab44ae2b93a9628245f\"},\"headline\":\"Entregan pavimentaci\u00f3n de calle San Mateo en Cortazar.\",\"datePublished\":\"2026-04-06T23:30:51+00:00\",\"mainEntityOfPage\":{\"@id\":\"https:\\\/\\\/elhijodelllanero.mx\\\/index.php\\\/2026\\\/04\\\/06\\\/entregan-pavimentacion-de-calle-san-mateo-en-cortazar\\\/\"},\"wordCount\":182,\"commentCount\":0,\"image\":{\"@id\":\"https:\\\/\\\/elhijodelllanero.mx\\\/index.php\\\/2026\\\/04\\\/06\\\/entregan-pavimentacion-de-calle-san-mateo-en-cortazar\\\/#primaryimage\"},\"thumbnailUrl\":\"https:\\\/\\\/i0.wp.com\\\/elhijodelllanero.mx\\\/wp-content\\\/uploads\\\/2026\\\/04\\\/IMG-20260406-WA0004-scaled.jpg?fit=2560%2C1734&ssl=1\",\"articleSection\":[\"CORTAZAR\",\"MUNICIPIOS\"],\"inLanguage\":\"es\",\"potentialAction\":[{\"@type\":\"CommentAction\",\"name\":\"Comment\",\"target\":[\"https:\\\/\\\/elhijodelllanero.mx\\\/index.php\\\/2026\\\/04\\\/06\\\/entregan-pavimentacion-de-calle-san-mateo-en-cortazar\\\/#respond\"]}]},{\"@type\":\"WebPage\",\"@id\":\"https:\\\/\\\/elhijodelllanero.mx\\\/index.php\\\/2026\\\/04\\\/06\\\/entregan-pavimentacion-de-calle-san-mateo-en-cortazar\\\/\",\"url\":\"https:\\\/\\\/elhijodelllanero.mx\\\/index.php\\\/2026\\\/04\\\/06\\\/entregan-pavimentacion-de-calle-san-mateo-en-cortazar\\\/\",\"name\":\"Entregan pavimentaci\u00f3n de calle San Mateo en Cortazar. - El Hijo del llanero solititito\",\"isPartOf\":{\"@id\":\"https:\\\/\\\/elhijodelllanero.mx\\\/#website\"},\"primaryImageOfPage\":{\"@id\":\"https:\\\/\\\/elhijodelllanero.mx\\\/index.php\\\/2026\\\/04\\\/06\\\/entregan-pavimentacion-de-calle-san-mateo-en-cortazar\\\/#primaryimage\"},\"image\":{\"@id\":\"https:\\\/\\\/elhijodelllanero.mx\\\/index.php\\\/2026\\\/04\\\/06\\\/entregan-pavimentacion-de-calle-san-mateo-en-cortazar\\\/#primaryimage\"},\"thumbnailUrl\":\"https:\\\/\\\/i0.wp.com\\\/elhijodelllanero.mx\\\/wp-content\\\/uploads\\\/2026\\\/04\\\/IMG-20260406-WA0004-scaled.jpg?fit=2560%2C1734&ssl=1\",\"datePublished\":\"2026-04-06T23:30:51+00:00\",\"author\":{\"@id\":\"https:\\\/\\\/elhijodelllanero.mx\\\/#\\\/schema\\\/person\\\/c7f8c86c55c1eab44ae2b93a9628245f\"},\"breadcrumb\":{\"@id\":\"https:\\\/\\\/elhijodelllanero.mx\\\/index.php\\\/2026\\\/04\\\/06\\\/entregan-pavimentacion-de-calle-san-mateo-en-cortazar\\\/#breadcrumb\"},\"inLanguage\":\"es\",\"potentialAction\":[{\"@type\":\"ReadAction\",\"target\":[\"https:\\\/\\\/elhijodelllanero.mx\\\/index.php\\\/2026\\\/04\\\/06\\\/entregan-pavimentacion-de-calle-san-mateo-en-cortazar\\\/\"]}]},{\"@type\":\"ImageObject\",\"inLanguage\":\"es\",\"@id\":\"https:\\\/\\\/elhijodelllanero.mx\\\/index.php\\\/2026\\\/04\\\/06\\\/entregan-pavimentacion-de-calle-san-mateo-en-cortazar\\\/#primaryimage\",\"url\":\"https:\\\/\\\/i0.wp.com\\\/elhijodelllanero.mx\\\/wp-content\\\/uploads\\\/2026\\\/04\\\/IMG-20260406-WA0004-scaled.jpg?fit=2560%2C1734&ssl=1\",\"contentUrl\":\"https:\\\/\\\/i0.wp.com\\\/elhijodelllanero.mx\\\/wp-content\\\/uploads\\\/2026\\\/04\\\/IMG-20260406-WA0004-scaled.jpg?fit=2560%2C1734&ssl=1\",\"width\":2560,\"height\":1734},{\"@type\":\"BreadcrumbList\",\"@id\":\"https:\\\/\\\/elhijodelllanero.mx\\\/index.php\\\/2026\\\/04\\\/06\\\/entregan-pavimentacion-de-calle-san-mateo-en-cortazar\\\/#breadcrumb\",\"itemListElement\":[{\"@type\":\"ListItem\",\"position\":1,\"name\":\"Portada\",\"item\":\"https:\\\/\\\/elhijodelllanero.mx\\\/\"},{\"@type\":\"ListItem\",\"position\":2,\"name\":\"Entregan pavimentaci\u00f3n de calle San Mateo en Cortazar.\"}]},{\"@type\":\"WebSite\",\"@id\":\"https:\\\/\\\/elhijodelllanero.mx\\\/#website\",\"url\":\"https:\\\/\\\/elhijodelllanero.mx\\\/\",\"name\":\"El Hijo del llanero solititito\",\"description\":\"\",\"potentialAction\":[{\"@type\":\"SearchAction\",\"target\":{\"@type\":\"EntryPoint\",\"urlTemplate\":\"https:\\\/\\\/elhijodelllanero.mx\\\/?s={search_term_string}\"},\"query-input\":{\"@type\":\"PropertyValueSpecification\",\"valueRequired\":true,\"valueName\":\"search_term_string\"}}],\"inLanguage\":\"es\"},{\"@type\":\"Person\",\"@id\":\"https:\\\/\\\/elhijodelllanero.mx\\\/#\\\/schema\\\/person\\\/c7f8c86c55c1eab44ae2b93a9628245f\",\"name\":\"Mar\u00eda de la Paz Rodarte Ram\u00edrez\",\"image\":{\"@type\":\"ImageObject\",\"inLanguage\":\"es\",\"@id\":\"https:\\\/\\\/secure.gravatar.com\\\/avatar\\\/1f38f8518b09a266af73da2bce78d69e7d1275299970134ed62f572e0487e1d0?s=96&d=mm&r=g\",\"url\":\"https:\\\/\\\/secure.gravatar.com\\\/avatar\\\/1f38f8518b09a266af73da2bce78d69e7d1275299970134ed62f572e0487e1d0?s=96&d=mm&r=g\",\"contentUrl\":\"https:\\\/\\\/secure.gravatar.com\\\/avatar\\\/1f38f8518b09a266af73da2bce78d69e7d1275299970134ed62f572e0487e1d0?s=96&d=mm&r=g\",\"caption\":\"Mar\u00eda de la Paz Rodarte Ram\u00edrez\"},\"sameAs\":[\"https:\\\/\\\/www.elhijodelllanero.mx\"],\"url\":\"https:\\\/\\\/elhijodelllanero.mx\\\/index.php\\\/author\\\/maricuas\\\/\"}]}<\/script>\n<!-- \/ Yoast SEO plugin. -->","yoast_head_json":{"title":"Entregan pavimentaci\u00f3n de calle San Mateo en Cortazar. - El Hijo del llanero solititito","robots":{"index":"index","follow":"follow","max-snippet":"max-snippet:-1","max-image-preview":"max-image-preview:large","max-video-preview":"max-video-preview:-1"},"canonical":"https:\/\/elhijodelllanero.mx\/index.php\/2026\/04\/06\/entregan-pavimentacion-de-calle-san-mateo-en-cortazar\/","og_locale":"es_ES","og_type":"article","og_title":"Entregan pavimentaci\u00f3n de calle San Mateo en Cortazar. - El Hijo del llanero solititito","og_description":"Cortazar, Gto. 6 de abril del 2026.- El presidente municipal, Mauricio Estefan\u00eda, entreg\u00f3 la pavimentaci\u00f3n con concreto hidr\u00e1ulico de la calle San Mateo, en la colonia Nueva San Francisco, obra que busca mejorar la movilidad y seguridad en la zona. El proyecto represent\u00f3 una inversi\u00f3n de 1.9 millones de pesos, financiados con recursos municipales, y [&hellip;]","og_url":"https:\/\/elhijodelllanero.mx\/index.php\/2026\/04\/06\/entregan-pavimentacion-de-calle-san-mateo-en-cortazar\/","og_site_name":"El Hijo del llanero solititito","article_published_time":"2026-04-06T23:30:51+00:00","og_image":[{"width":2560,"height":1734,"url":"https:\/\/elhijodelllanero.mx\/wp-content\/uploads\/2026\/04\/IMG-20260406-WA0004-scaled.jpg","type":"image\/jpeg"}],"author":"Mar\u00eda de la Paz Rodarte Ram\u00edrez","twitter_card":"summary_large_image","twitter_misc":{"Escrito por":"Mar\u00eda de la Paz Rodarte Ram\u00edrez","Tiempo de lectura":"1 minuto"},"schema":{"@context":"https:\/\/schema.org","@graph":[{"@type":"Article","@id":"https:\/\/elhijodelllanero.mx\/index.php\/2026\/04\/06\/entregan-pavimentacion-de-calle-san-mateo-en-cortazar\/#article","isPartOf":{"@id":"https:\/\/elhijodelllanero.mx\/index.php\/2026\/04\/06\/entregan-pavimentacion-de-calle-san-mateo-en-cortazar\/"},"author":{"name":"Mar\u00eda de la Paz Rodarte Ram\u00edrez","@id":"https:\/\/elhijodelllanero.mx\/#\/schema\/person\/c7f8c86c55c1eab44ae2b93a9628245f"},"headline":"Entregan pavimentaci\u00f3n de calle San Mateo en Cortazar.","datePublished":"2026-04-06T23:30:51+00:00","mainEntityOfPage":{"@id":"https:\/\/elhijodelllanero.mx\/index.php\/2026\/04\/06\/entregan-pavimentacion-de-calle-san-mateo-en-cortazar\/"},"wordCount":182,"commentCount":0,"image":{"@id":"https:\/\/elhijodelllanero.mx\/index.php\/2026\/04\/06\/entregan-pavimentacion-de-calle-san-mateo-en-cortazar\/#primaryimage"},"thumbnailUrl":"https:\/\/i0.wp.com\/elhijodelllanero.mx\/wp-content\/uploads\/2026\/04\/IMG-20260406-WA0004-scaled.jpg?fit=2560%2C1734&ssl=1","articleSection":["CORTAZAR","MUNICIPIOS"],"inLanguage":"es","potentialAction":[{"@type":"CommentAction","name":"Comment","target":["https:\/\/elhijodelllanero.mx\/index.php\/2026\/04\/06\/entregan-pavimentacion-de-calle-san-mateo-en-cortazar\/#respond"]}]},{"@type":"WebPage","@id":"https:\/\/elhijodelllanero.mx\/index.php\/2026\/04\/06\/entregan-pavimentacion-de-calle-san-mateo-en-cortazar\/","url":"https:\/\/elhijodelllanero.mx\/index.php\/2026\/04\/06\/entregan-pavimentacion-de-calle-san-mateo-en-cortazar\/","name":"Entregan pavimentaci\u00f3n de calle San Mateo en Cortazar. - El Hijo del llanero solititito","isPartOf":{"@id":"https:\/\/elhijodelllanero.mx\/#website"},"primaryImageOfPage":{"@id":"https:\/\/elhijodelllanero.mx\/index.php\/2026\/04\/06\/entregan-pavimentacion-de-calle-san-mateo-en-cortazar\/#primaryimage"},"image":{"@id":"https:\/\/elhijodelllanero.mx\/index.php\/2026\/04\/06\/entregan-pavimentacion-de-calle-san-mateo-en-cortazar\/#primaryimage"},"thumbnailUrl":"https:\/\/i0.wp.com\/elhijodelllanero.mx\/wp-content\/uploads\/2026\/04\/IMG-20260406-WA0004-scaled.jpg?fit=2560%2C1734&ssl=1","datePublished":"2026-04-06T23:30:51+00:00","author":{"@id":"https:\/\/elhijodelllanero.mx\/#\/schema\/person\/c7f8c86c55c1eab44ae2b93a9628245f"},"breadcrumb":{"@id":"https:\/\/elhijodelllanero.mx\/index.php\/2026\/04\/06\/entregan-pavimentacion-de-calle-san-mateo-en-cortazar\/#breadcrumb"},"inLanguage":"es","potentialAction":[{"@type":"ReadAction","target":["https:\/\/elhijodelllanero.mx\/index.php\/2026\/04\/06\/entregan-pavimentacion-de-calle-san-mateo-en-cortazar\/"]}]},{"@type":"ImageObject","inLanguage":"es","@id":"https:\/\/elhijodelllanero.mx\/index.php\/2026\/04\/06\/entregan-pavimentacion-de-calle-san-mateo-en-cortazar\/#primaryimage","url":"https:\/\/i0.wp.com\/elhijodelllanero.mx\/wp-content\/uploads\/2026\/04\/IMG-20260406-WA0004-scaled.jpg?fit=2560%2C1734&ssl=1","contentUrl":"https:\/\/i0.wp.com\/elhijodelllanero.mx\/wp-content\/uploads\/2026\/04\/IMG-20260406-WA0004-scaled.jpg?fit=2560%2C1734&ssl=1","width":2560,"height":1734},{"@type":"BreadcrumbList","@id":"https:\/\/elhijodelllanero.mx\/index.php\/2026\/04\/06\/entregan-pavimentacion-de-calle-san-mateo-en-cortazar\/#breadcrumb","itemListElement":[{"@type":"ListItem","position":1,"name":"Portada","item":"https:\/\/elhijodelllanero.mx\/"},{"@type":"ListItem","position":2,"name":"Entregan pavimentaci\u00f3n de calle San Mateo en Cortazar."}]},{"@type":"WebSite","@id":"https:\/\/elhijodelllanero.mx\/#website","url":"https:\/\/elhijodelllanero.mx\/","name":"El Hijo del llanero solititito","description":"","potentialAction":[{"@type":"SearchAction","target":{"@type":"EntryPoint","urlTemplate":"https:\/\/elhijodelllanero.mx\/?s={search_term_string}"},"query-input":{"@type":"PropertyValueSpecification","valueRequired":true,"valueName":"search_term_string"}}],"inLanguage":"es"},{"@type":"Person","@id":"https:\/\/elhijodelllanero.mx\/#\/schema\/person\/c7f8c86c55c1eab44ae2b93a9628245f","name":"Mar\u00eda de la Paz Rodarte Ram\u00edrez","image":{"@type":"ImageObject","inLanguage":"es","@id":"https:\/\/secure.gravatar.com\/avatar\/1f38f8518b09a266af73da2bce78d69e7d1275299970134ed62f572e0487e1d0?s=96&d=mm&r=g","url":"https:\/\/secure.gravatar.com\/avatar\/1f38f8518b09a266af73da2bce78d69e7d1275299970134ed62f572e0487e1d0?s=96&d=mm&r=g","contentUrl":"https:\/\/secure.gravatar.com\/avatar\/1f38f8518b09a266af73da2bce78d69e7d1275299970134ed62f572e0487e1d0?s=96&d=mm&r=g","caption":"Mar\u00eda de la Paz Rodarte Ram\u00edrez"},"sameAs":["https:\/\/www.elhijodelllanero.mx"],"url":"https:\/\/elhijodelllanero.mx\/index.php\/author\/maricuas\/"}]}},"jetpack_featured_media_url":"https:\/\/i0.wp.com\/elhijodelllanero.mx\/wp-content\/uploads\/2026\/04\/IMG-20260406-WA0004-scaled.jpg?fit=2560%2C1734&ssl=1","jetpack-related-posts":[],"jetpack_sharing_enabled":true,"_links":{"self":[{"href":"https:\/\/elhijodelllanero.mx\/index.php\/wp-json\/wp\/v2\/posts\/13651","targetHints":{"allow":["GET"]}}],"collection":[{"href":"https:\/\/elhijodelllanero.mx\/index.php\/wp-json\/wp\/v2\/posts"}],"about":[{"href":"https:\/\/elhijodelllanero.mx\/index.php\/wp-json\/wp\/v2\/types\/post"}],"author":[{"embeddable":true,"href":"https:\/\/elhijodelllanero.mx\/index.php\/wp-json\/wp\/v2\/users\/3"}],"replies":[{"embeddable":true,"href":"https:\/\/elhijodelllanero.mx\/index.php\/wp-json\/wp\/v2\/comments?post=13651"}],"version-history":[{"count":1,"href":"https:\/\/elhijodelllanero.mx\/index.php\/wp-json\/wp\/v2\/posts\/13651\/revisions"}],"predecessor-version":[{"id":13653,"href":"https:\/\/elhijodelllanero.mx\/index.php\/wp-json\/wp\/v2\/posts\/13651\/revisions\/13653"}],"wp:featuredmedia":[{"embeddable":true,"href":"https:\/\/elhijodelllanero.mx\/index.php\/wp-json\/wp\/v2\/media\/13652"}],"wp:attachment":[{"href":"https:\/\/elhijodelllanero.mx\/index.php\/wp-json\/wp\/v2\/media?parent=13651"}],"wp:term":[{"taxonomy":"category","embeddable":true,"href":"https:\/\/elhijodelllanero.mx\/index.php\/wp-json\/wp\/v2\/categories?post=13651"},{"taxonomy":"post_tag","embeddable":true,"href":"https:\/\/elhijodelllanero.mx\/index.php\/wp-json\/wp\/v2\/tags?post=13651"}],"curies":[{"name":"wp","href":"https:\/\/api.w.org\/{rel}","templated":true}]}}