{"id":13654,"date":"2026-04-06T23:32:10","date_gmt":"2026-04-06T23:32:10","guid":{"rendered":"https:\/\/elhijodelllanero.mx\/?p=13654"},"modified":"2026-04-06T23:32:10","modified_gmt":"2026-04-06T23:32:10","slug":"semana-santa-cierra-con-saldo-blanco-en-apaseo-el-grande","status":"publish","type":"post","link":"https:\/\/elhijodelllanero.mx\/index.php\/2026\/04\/06\/semana-santa-cierra-con-saldo-blanco-en-apaseo-el-grande\/","title":{"rendered":"Semana Santa cierra con saldo blanco en Apaseo el Grande."},"content":{"rendered":"<p>Apaseo el Grande, Gto. 6 de abril del 2026.-Con una afluencia superior a 35 mil personas en actividades religiosas y recreativas, la Semana Santa concluy\u00f3 con saldo blanco en el municipio, inform\u00f3 el coordinador de Protecci\u00f3n Civil.<\/p>\n<p>Durante los d\u00edas santos se implementaron operativos en eventos como el Viacrucis, la Procesi\u00f3n del Silencio y la Vigilia Pascual, sin registrarse incidentes de relevancia, gracias a la coordinaci\u00f3n entre distintas corporaciones de seguridad y emergencia.<\/p>\n<p>En materia preventiva, se supervisaron cerca de 600 comercios semifijos, principalmente en el manejo de gas LP, donde solo se emitieron recomendaciones menores.<\/p>\n<p>Autoridades se\u00f1alaron que el operativo contin\u00faa durante la Semana de Pascua en balnearios y cuerpos de agua, donde ya se reporta la visita de m\u00e1s de 9 mil personas. Tambi\u00e9n reiteraron el llamado a evitar riesgos, especialmente en menores de edad, y a no conducir bajo los efectos del alcohol.<\/p>\n","protected":false},"excerpt":{"rendered":"<p>Apaseo el Grande, Gto. 6 de abril del 2026.-Con una afluencia superior a 35 mil personas en actividades religiosas y recreativas, la Semana Santa concluy\u00f3 con saldo blanco en el municipio, inform\u00f3 el coordinador de Protecci\u00f3n Civil. Durante los d\u00edas santos se implementaron operativos en eventos como el Viacrucis, la Procesi\u00f3n del Silencio y la [&hellip;]<\/p>\n","protected":false},"author":3,"featured_media":13655,"comment_status":"open","ping_status":"closed","sticky":false,"template":"","format":"standard","meta":{"_jetpack_newsletter_access":"","_jetpack_dont_email_post_to_subs":false,"_jetpack_newsletter_tier_id":0,"_jetpack_memberships_contains_paywalled_content":false,"_jetpack_memberships_contains_paid_content":false,"footnotes":""},"categories":[78,76],"tags":[],"class_list":{"0":"post-13654","1":"post","2":"type-post","3":"status-publish","4":"format-standard","5":"has-post-thumbnail","7":"category-apaseo-el-grande","8":"category-municipios"},"yoast_head":"<!-- This site is optimized with the Yoast SEO plugin v27.3 - https:\/\/yoast.com\/product\/yoast-seo-wordpress\/ -->\n<title>Semana Santa cierra con saldo blanco en Apaseo el Grande. - El Hijo del llanero solititito<\/title>\n<meta name=\"robots\" content=\"index, follow, max-snippet:-1, max-image-preview:large, max-video-preview:-1\" \/>\n<link rel=\"canonical\" href=\"https:\/\/elhijodelllanero.mx\/index.php\/2026\/04\/06\/semana-santa-cierra-con-saldo-blanco-en-apaseo-el-grande\/\" \/>\n<meta property=\"og:locale\" content=\"es_ES\" \/>\n<meta property=\"og:type\" content=\"article\" \/>\n<meta property=\"og:title\" content=\"Semana Santa cierra con saldo blanco en Apaseo el Grande. - El Hijo del llanero solititito\" \/>\n<meta property=\"og:description\" content=\"Apaseo el Grande, Gto. 6 de abril del 2026.-Con una afluencia superior a 35 mil personas en actividades religiosas y recreativas, la Semana Santa concluy\u00f3 con saldo blanco en el municipio, inform\u00f3 el coordinador de Protecci\u00f3n Civil. Durante los d\u00edas santos se implementaron operativos en eventos como el Viacrucis, la Procesi\u00f3n del Silencio y la [&hellip;]\" \/>\n<meta property=\"og:url\" content=\"https:\/\/elhijodelllanero.mx\/index.php\/2026\/04\/06\/semana-santa-cierra-con-saldo-blanco-en-apaseo-el-grande\/\" \/>\n<meta property=\"og:site_name\" content=\"El Hijo del llanero solititito\" \/>\n<meta property=\"article:published_time\" content=\"2026-04-06T23:32:10+00:00\" \/>\n<meta property=\"og:image\" content=\"https:\/\/elhijodelllanero.mx\/wp-content\/uploads\/2026\/04\/IMG-20260406-WA0001.jpg\" \/>\n\t<meta property=\"og:image:width\" content=\"1600\" \/>\n\t<meta property=\"og:image:height\" content=\"720\" \/>\n\t<meta property=\"og:image:type\" content=\"image\/jpeg\" \/>\n<meta name=\"author\" content=\"Mar\u00eda de la Paz Rodarte Ram\u00edrez\" \/>\n<meta name=\"twitter:card\" content=\"summary_large_image\" \/>\n<meta name=\"twitter:label1\" content=\"Escrito por\" \/>\n\t<meta name=\"twitter:data1\" content=\"Mar\u00eda de la Paz Rodarte Ram\u00edrez\" \/>\n\t<meta name=\"twitter:label2\" content=\"Tiempo de lectura\" \/>\n\t<meta name=\"twitter:data2\" content=\"1 minuto\" \/>\n<script type=\"application\/ld+json\" class=\"yoast-schema-graph\">{\"@context\":\"https:\\\/\\\/schema.org\",\"@graph\":[{\"@type\":\"Article\",\"@id\":\"https:\\\/\\\/elhijodelllanero.mx\\\/index.php\\\/2026\\\/04\\\/06\\\/semana-santa-cierra-con-saldo-blanco-en-apaseo-el-grande\\\/#article\",\"isPartOf\":{\"@id\":\"https:\\\/\\\/elhijodelllanero.mx\\\/index.php\\\/2026\\\/04\\\/06\\\/semana-santa-cierra-con-saldo-blanco-en-apaseo-el-grande\\\/\"},\"author\":{\"name\":\"Mar\u00eda de la Paz Rodarte Ram\u00edrez\",\"@id\":\"https:\\\/\\\/elhijodelllanero.mx\\\/#\\\/schema\\\/person\\\/c7f8c86c55c1eab44ae2b93a9628245f\"},\"headline\":\"Semana Santa cierra con saldo blanco en Apaseo el Grande.\",\"datePublished\":\"2026-04-06T23:32:10+00:00\",\"mainEntityOfPage\":{\"@id\":\"https:\\\/\\\/elhijodelllanero.mx\\\/index.php\\\/2026\\\/04\\\/06\\\/semana-santa-cierra-con-saldo-blanco-en-apaseo-el-grande\\\/\"},\"wordCount\":160,\"commentCount\":0,\"image\":{\"@id\":\"https:\\\/\\\/elhijodelllanero.mx\\\/index.php\\\/2026\\\/04\\\/06\\\/semana-santa-cierra-con-saldo-blanco-en-apaseo-el-grande\\\/#primaryimage\"},\"thumbnailUrl\":\"https:\\\/\\\/i0.wp.com\\\/elhijodelllanero.mx\\\/wp-content\\\/uploads\\\/2026\\\/04\\\/IMG-20260406-WA0001.jpg?fit=1600%2C720&ssl=1\",\"articleSection\":[\"APASEO EL GRANDE\",\"MUNICIPIOS\"],\"inLanguage\":\"es\",\"potentialAction\":[{\"@type\":\"CommentAction\",\"name\":\"Comment\",\"target\":[\"https:\\\/\\\/elhijodelllanero.mx\\\/index.php\\\/2026\\\/04\\\/06\\\/semana-santa-cierra-con-saldo-blanco-en-apaseo-el-grande\\\/#respond\"]}]},{\"@type\":\"WebPage\",\"@id\":\"https:\\\/\\\/elhijodelllanero.mx\\\/index.php\\\/2026\\\/04\\\/06\\\/semana-santa-cierra-con-saldo-blanco-en-apaseo-el-grande\\\/\",\"url\":\"https:\\\/\\\/elhijodelllanero.mx\\\/index.php\\\/2026\\\/04\\\/06\\\/semana-santa-cierra-con-saldo-blanco-en-apaseo-el-grande\\\/\",\"name\":\"Semana Santa cierra con saldo blanco en Apaseo el Grande. - El Hijo del llanero solititito\",\"isPartOf\":{\"@id\":\"https:\\\/\\\/elhijodelllanero.mx\\\/#website\"},\"primaryImageOfPage\":{\"@id\":\"https:\\\/\\\/elhijodelllanero.mx\\\/index.php\\\/2026\\\/04\\\/06\\\/semana-santa-cierra-con-saldo-blanco-en-apaseo-el-grande\\\/#primaryimage\"},\"image\":{\"@id\":\"https:\\\/\\\/elhijodelllanero.mx\\\/index.php\\\/2026\\\/04\\\/06\\\/semana-santa-cierra-con-saldo-blanco-en-apaseo-el-grande\\\/#primaryimage\"},\"thumbnailUrl\":\"https:\\\/\\\/i0.wp.com\\\/elhijodelllanero.mx\\\/wp-content\\\/uploads\\\/2026\\\/04\\\/IMG-20260406-WA0001.jpg?fit=1600%2C720&ssl=1\",\"datePublished\":\"2026-04-06T23:32:10+00:00\",\"author\":{\"@id\":\"https:\\\/\\\/elhijodelllanero.mx\\\/#\\\/schema\\\/person\\\/c7f8c86c55c1eab44ae2b93a9628245f\"},\"breadcrumb\":{\"@id\":\"https:\\\/\\\/elhijodelllanero.mx\\\/index.php\\\/2026\\\/04\\\/06\\\/semana-santa-cierra-con-saldo-blanco-en-apaseo-el-grande\\\/#breadcrumb\"},\"inLanguage\":\"es\",\"potentialAction\":[{\"@type\":\"ReadAction\",\"target\":[\"https:\\\/\\\/elhijodelllanero.mx\\\/index.php\\\/2026\\\/04\\\/06\\\/semana-santa-cierra-con-saldo-blanco-en-apaseo-el-grande\\\/\"]}]},{\"@type\":\"ImageObject\",\"inLanguage\":\"es\",\"@id\":\"https:\\\/\\\/elhijodelllanero.mx\\\/index.php\\\/2026\\\/04\\\/06\\\/semana-santa-cierra-con-saldo-blanco-en-apaseo-el-grande\\\/#primaryimage\",\"url\":\"https:\\\/\\\/i0.wp.com\\\/elhijodelllanero.mx\\\/wp-content\\\/uploads\\\/2026\\\/04\\\/IMG-20260406-WA0001.jpg?fit=1600%2C720&ssl=1\",\"contentUrl\":\"https:\\\/\\\/i0.wp.com\\\/elhijodelllanero.mx\\\/wp-content\\\/uploads\\\/2026\\\/04\\\/IMG-20260406-WA0001.jpg?fit=1600%2C720&ssl=1\",\"width\":1600,\"height\":720},{\"@type\":\"BreadcrumbList\",\"@id\":\"https:\\\/\\\/elhijodelllanero.mx\\\/index.php\\\/2026\\\/04\\\/06\\\/semana-santa-cierra-con-saldo-blanco-en-apaseo-el-grande\\\/#breadcrumb\",\"itemListElement\":[{\"@type\":\"ListItem\",\"position\":1,\"name\":\"Portada\",\"item\":\"https:\\\/\\\/elhijodelllanero.mx\\\/\"},{\"@type\":\"ListItem\",\"position\":2,\"name\":\"Semana Santa cierra con saldo blanco en Apaseo el Grande.\"}]},{\"@type\":\"WebSite\",\"@id\":\"https:\\\/\\\/elhijodelllanero.mx\\\/#website\",\"url\":\"https:\\\/\\\/elhijodelllanero.mx\\\/\",\"name\":\"El Hijo del llanero solititito\",\"description\":\"\",\"potentialAction\":[{\"@type\":\"SearchAction\",\"target\":{\"@type\":\"EntryPoint\",\"urlTemplate\":\"https:\\\/\\\/elhijodelllanero.mx\\\/?s={search_term_string}\"},\"query-input\":{\"@type\":\"PropertyValueSpecification\",\"valueRequired\":true,\"valueName\":\"search_term_string\"}}],\"inLanguage\":\"es\"},{\"@type\":\"Person\",\"@id\":\"https:\\\/\\\/elhijodelllanero.mx\\\/#\\\/schema\\\/person\\\/c7f8c86c55c1eab44ae2b93a9628245f\",\"name\":\"Mar\u00eda de la Paz Rodarte Ram\u00edrez\",\"image\":{\"@type\":\"ImageObject\",\"inLanguage\":\"es\",\"@id\":\"https:\\\/\\\/secure.gravatar.com\\\/avatar\\\/1f38f8518b09a266af73da2bce78d69e7d1275299970134ed62f572e0487e1d0?s=96&d=mm&r=g\",\"url\":\"https:\\\/\\\/secure.gravatar.com\\\/avatar\\\/1f38f8518b09a266af73da2bce78d69e7d1275299970134ed62f572e0487e1d0?s=96&d=mm&r=g\",\"contentUrl\":\"https:\\\/\\\/secure.gravatar.com\\\/avatar\\\/1f38f8518b09a266af73da2bce78d69e7d1275299970134ed62f572e0487e1d0?s=96&d=mm&r=g\",\"caption\":\"Mar\u00eda de la Paz Rodarte Ram\u00edrez\"},\"sameAs\":[\"https:\\\/\\\/www.elhijodelllanero.mx\"],\"url\":\"https:\\\/\\\/elhijodelllanero.mx\\\/index.php\\\/author\\\/maricuas\\\/\"}]}<\/script>\n<!-- \/ Yoast SEO plugin. -->","yoast_head_json":{"title":"Semana Santa cierra con saldo blanco en Apaseo el Grande. - El Hijo del llanero solititito","robots":{"index":"index","follow":"follow","max-snippet":"max-snippet:-1","max-image-preview":"max-image-preview:large","max-video-preview":"max-video-preview:-1"},"canonical":"https:\/\/elhijodelllanero.mx\/index.php\/2026\/04\/06\/semana-santa-cierra-con-saldo-blanco-en-apaseo-el-grande\/","og_locale":"es_ES","og_type":"article","og_title":"Semana Santa cierra con saldo blanco en Apaseo el Grande. - El Hijo del llanero solititito","og_description":"Apaseo el Grande, Gto. 6 de abril del 2026.-Con una afluencia superior a 35 mil personas en actividades religiosas y recreativas, la Semana Santa concluy\u00f3 con saldo blanco en el municipio, inform\u00f3 el coordinador de Protecci\u00f3n Civil. Durante los d\u00edas santos se implementaron operativos en eventos como el Viacrucis, la Procesi\u00f3n del Silencio y la [&hellip;]","og_url":"https:\/\/elhijodelllanero.mx\/index.php\/2026\/04\/06\/semana-santa-cierra-con-saldo-blanco-en-apaseo-el-grande\/","og_site_name":"El Hijo del llanero solititito","article_published_time":"2026-04-06T23:32:10+00:00","og_image":[{"width":1600,"height":720,"url":"https:\/\/elhijodelllanero.mx\/wp-content\/uploads\/2026\/04\/IMG-20260406-WA0001.jpg","type":"image\/jpeg"}],"author":"Mar\u00eda de la Paz Rodarte Ram\u00edrez","twitter_card":"summary_large_image","twitter_misc":{"Escrito por":"Mar\u00eda de la Paz Rodarte Ram\u00edrez","Tiempo de lectura":"1 minuto"},"schema":{"@context":"https:\/\/schema.org","@graph":[{"@type":"Article","@id":"https:\/\/elhijodelllanero.mx\/index.php\/2026\/04\/06\/semana-santa-cierra-con-saldo-blanco-en-apaseo-el-grande\/#article","isPartOf":{"@id":"https:\/\/elhijodelllanero.mx\/index.php\/2026\/04\/06\/semana-santa-cierra-con-saldo-blanco-en-apaseo-el-grande\/"},"author":{"name":"Mar\u00eda de la Paz Rodarte Ram\u00edrez","@id":"https:\/\/elhijodelllanero.mx\/#\/schema\/person\/c7f8c86c55c1eab44ae2b93a9628245f"},"headline":"Semana Santa cierra con saldo blanco en Apaseo el Grande.","datePublished":"2026-04-06T23:32:10+00:00","mainEntityOfPage":{"@id":"https:\/\/elhijodelllanero.mx\/index.php\/2026\/04\/06\/semana-santa-cierra-con-saldo-blanco-en-apaseo-el-grande\/"},"wordCount":160,"commentCount":0,"image":{"@id":"https:\/\/elhijodelllanero.mx\/index.php\/2026\/04\/06\/semana-santa-cierra-con-saldo-blanco-en-apaseo-el-grande\/#primaryimage"},"thumbnailUrl":"https:\/\/i0.wp.com\/elhijodelllanero.mx\/wp-content\/uploads\/2026\/04\/IMG-20260406-WA0001.jpg?fit=1600%2C720&ssl=1","articleSection":["APASEO EL GRANDE","MUNICIPIOS"],"inLanguage":"es","potentialAction":[{"@type":"CommentAction","name":"Comment","target":["https:\/\/elhijodelllanero.mx\/index.php\/2026\/04\/06\/semana-santa-cierra-con-saldo-blanco-en-apaseo-el-grande\/#respond"]}]},{"@type":"WebPage","@id":"https:\/\/elhijodelllanero.mx\/index.php\/2026\/04\/06\/semana-santa-cierra-con-saldo-blanco-en-apaseo-el-grande\/","url":"https:\/\/elhijodelllanero.mx\/index.php\/2026\/04\/06\/semana-santa-cierra-con-saldo-blanco-en-apaseo-el-grande\/","name":"Semana Santa cierra con saldo blanco en Apaseo el Grande. - El Hijo del llanero solititito","isPartOf":{"@id":"https:\/\/elhijodelllanero.mx\/#website"},"primaryImageOfPage":{"@id":"https:\/\/elhijodelllanero.mx\/index.php\/2026\/04\/06\/semana-santa-cierra-con-saldo-blanco-en-apaseo-el-grande\/#primaryimage"},"image":{"@id":"https:\/\/elhijodelllanero.mx\/index.php\/2026\/04\/06\/semana-santa-cierra-con-saldo-blanco-en-apaseo-el-grande\/#primaryimage"},"thumbnailUrl":"https:\/\/i0.wp.com\/elhijodelllanero.mx\/wp-content\/uploads\/2026\/04\/IMG-20260406-WA0001.jpg?fit=1600%2C720&ssl=1","datePublished":"2026-04-06T23:32:10+00:00","author":{"@id":"https:\/\/elhijodelllanero.mx\/#\/schema\/person\/c7f8c86c55c1eab44ae2b93a9628245f"},"breadcrumb":{"@id":"https:\/\/elhijodelllanero.mx\/index.php\/2026\/04\/06\/semana-santa-cierra-con-saldo-blanco-en-apaseo-el-grande\/#breadcrumb"},"inLanguage":"es","potentialAction":[{"@type":"ReadAction","target":["https:\/\/elhijodelllanero.mx\/index.php\/2026\/04\/06\/semana-santa-cierra-con-saldo-blanco-en-apaseo-el-grande\/"]}]},{"@type":"ImageObject","inLanguage":"es","@id":"https:\/\/elhijodelllanero.mx\/index.php\/2026\/04\/06\/semana-santa-cierra-con-saldo-blanco-en-apaseo-el-grande\/#primaryimage","url":"https:\/\/i0.wp.com\/elhijodelllanero.mx\/wp-content\/uploads\/2026\/04\/IMG-20260406-WA0001.jpg?fit=1600%2C720&ssl=1","contentUrl":"https:\/\/i0.wp.com\/elhijodelllanero.mx\/wp-content\/uploads\/2026\/04\/IMG-20260406-WA0001.jpg?fit=1600%2C720&ssl=1","width":1600,"height":720},{"@type":"BreadcrumbList","@id":"https:\/\/elhijodelllanero.mx\/index.php\/2026\/04\/06\/semana-santa-cierra-con-saldo-blanco-en-apaseo-el-grande\/#breadcrumb","itemListElement":[{"@type":"ListItem","position":1,"name":"Portada","item":"https:\/\/elhijodelllanero.mx\/"},{"@type":"ListItem","position":2,"name":"Semana Santa cierra con saldo blanco en Apaseo el Grande."}]},{"@type":"WebSite","@id":"https:\/\/elhijodelllanero.mx\/#website","url":"https:\/\/elhijodelllanero.mx\/","name":"El Hijo del llanero solititito","description":"","potentialAction":[{"@type":"SearchAction","target":{"@type":"EntryPoint","urlTemplate":"https:\/\/elhijodelllanero.mx\/?s={search_term_string}"},"query-input":{"@type":"PropertyValueSpecification","valueRequired":true,"valueName":"search_term_string"}}],"inLanguage":"es"},{"@type":"Person","@id":"https:\/\/elhijodelllanero.mx\/#\/schema\/person\/c7f8c86c55c1eab44ae2b93a9628245f","name":"Mar\u00eda de la Paz Rodarte Ram\u00edrez","image":{"@type":"ImageObject","inLanguage":"es","@id":"https:\/\/secure.gravatar.com\/avatar\/1f38f8518b09a266af73da2bce78d69e7d1275299970134ed62f572e0487e1d0?s=96&d=mm&r=g","url":"https:\/\/secure.gravatar.com\/avatar\/1f38f8518b09a266af73da2bce78d69e7d1275299970134ed62f572e0487e1d0?s=96&d=mm&r=g","contentUrl":"https:\/\/secure.gravatar.com\/avatar\/1f38f8518b09a266af73da2bce78d69e7d1275299970134ed62f572e0487e1d0?s=96&d=mm&r=g","caption":"Mar\u00eda de la Paz Rodarte Ram\u00edrez"},"sameAs":["https:\/\/www.elhijodelllanero.mx"],"url":"https:\/\/elhijodelllanero.mx\/index.php\/author\/maricuas\/"}]}},"jetpack_featured_media_url":"https:\/\/i0.wp.com\/elhijodelllanero.mx\/wp-content\/uploads\/2026\/04\/IMG-20260406-WA0001.jpg?fit=1600%2C720&ssl=1","jetpack-related-posts":[],"jetpack_sharing_enabled":true,"_links":{"self":[{"href":"https:\/\/elhijodelllanero.mx\/index.php\/wp-json\/wp\/v2\/posts\/13654","targetHints":{"allow":["GET"]}}],"collection":[{"href":"https:\/\/elhijodelllanero.mx\/index.php\/wp-json\/wp\/v2\/posts"}],"about":[{"href":"https:\/\/elhijodelllanero.mx\/index.php\/wp-json\/wp\/v2\/types\/post"}],"author":[{"embeddable":true,"href":"https:\/\/elhijodelllanero.mx\/index.php\/wp-json\/wp\/v2\/users\/3"}],"replies":[{"embeddable":true,"href":"https:\/\/elhijodelllanero.mx\/index.php\/wp-json\/wp\/v2\/comments?post=13654"}],"version-history":[{"count":1,"href":"https:\/\/elhijodelllanero.mx\/index.php\/wp-json\/wp\/v2\/posts\/13654\/revisions"}],"predecessor-version":[{"id":13656,"href":"https:\/\/elhijodelllanero.mx\/index.php\/wp-json\/wp\/v2\/posts\/13654\/revisions\/13656"}],"wp:featuredmedia":[{"embeddable":true,"href":"https:\/\/elhijodelllanero.mx\/index.php\/wp-json\/wp\/v2\/media\/13655"}],"wp:attachment":[{"href":"https:\/\/elhijodelllanero.mx\/index.php\/wp-json\/wp\/v2\/media?parent=13654"}],"wp:term":[{"taxonomy":"category","embeddable":true,"href":"https:\/\/elhijodelllanero.mx\/index.php\/wp-json\/wp\/v2\/categories?post=13654"},{"taxonomy":"post_tag","embeddable":true,"href":"https:\/\/elhijodelllanero.mx\/index.php\/wp-json\/wp\/v2\/tags?post=13654"}],"curies":[{"name":"wp","href":"https:\/\/api.w.org\/{rel}","templated":true}]}}